{"id":29007,"date":"2024-10-01T18:04:21","date_gmt":"2024-10-01T18:04:21","guid":{"rendered":"https:\/\/www.manabi.gob.ec\/?p=29007"},"modified":"2024-10-01T18:04:21","modified_gmt":"2024-10-01T18:04:21","slug":"prefectura-de-manabi-mejora-la-via-santa-maria-puerto-el-mate-en-el-carmen","status":"publish","type":"post","link":"https:\/\/www.manabi.gob.ec\/index.php\/prefectura-de-manabi-mejora-la-via-santa-maria-puerto-el-mate-en-el-carmen\/","title":{"rendered":"Prefectura de Manab\u00ed mejora la v\u00eda Santa Mar\u00eda &#8211; Puerto El Mate en El Carmen"},"content":{"rendered":"\n<p class=\"p1\">El prefecto de Manab\u00ed, Leonardo Orlando, entreg\u00f3 a la comunidad los trabajos terminados de reconformaci\u00f3n de la estructura existente y reposici\u00f3n, en tramos puntuales, con material de mejoramiento en 5,5 kil\u00f3metros de la v\u00eda Santa Mar\u00eda &#8211; Puerto El Mate. Esta v\u00eda da conectividad a El Carmen con Chone.&nbsp;<\/p>\n\n\n\n<p class=\"p1\">&nbsp;Esta obra mejora la transitabilidad y fortalecer la conectividad rural y reactivar la producci\u00f3n en esta importante zona de la provincia. La inversi\u00f3n supera los 170 mil d\u00f3lares.&nbsp;<\/p>\n\n\n\n<p class=\"p1\">\u201cSabemos que falta mucho por hacer, pero nunca se ha hecho tanto por Manab\u00ed como ahora.&nbsp; Estamos comprometidos con el desarrollo integral de las comunidades rurales y seguiremos trabajando por m\u00e1s obras que impulsen el progreso de nuestra provincia\u201d, expres\u00f3 el prefecto Leonardo Orlando durante la entrega.<\/p>\n\n\n\n<p class=\"p1\">Previo a la inauguraci\u00f3n de la v\u00eda, el Prefecto visit\u00f3 el centro de rehabilitaci\u00f3n f\u00edsica en la parroquia Santa Mar\u00eda, que tiene un mes de funcionamiento, donde se atiende alrededor de 18 personas por d\u00edas en medicina general y fisioterapia<\/p>\n\n\n\n<p><\/p>\n","protected":false},"excerpt":{"rendered":"<p>El prefecto de Manab\u00ed, Leonardo Orlando, entreg\u00f3 a la comunidad los trabajos terminados de reconformaci\u00f3n de la estructura existente y reposici\u00f3n, en tramos puntuales, con material de mejoramiento en 5,5 kil\u00f3metros de la v\u00eda Santa Mar\u00eda &#8211; Puerto El Mate. Esta v\u00eda da conectividad a El Carmen con Chone.&nbsp; &nbsp;Esta obra mejora la transitabilidad y [&hellip;]<\/p>\n","protected":false},"author":10,"featured_media":29006,"comment_status":"closed","ping_status":"","sticky":false,"template":"","format":"standard","meta":{"_joinchat":[],"footnotes":""},"categories":[150,343,142,183,92,181,91],"tags":[],"class_list":["post-29007","post","type-post","status-publish","format-standard","has-post-thumbnail","hentry","category-ambiente","category-bicentenario","category-desarrollo-social","category-el-carmen","category-noticias-manabi","category-obra-publica","category-todas"],"yoast_head":"<!-- This site is optimized with the Yoast SEO plugin v27.4 - https:\/\/yoast.com\/product\/yoast-seo-wordpress\/ -->\n<title>Prefectura de Manab\u00ed mejora la v\u00eda Santa Mar\u00eda - Puerto El Mate en El Carmen - Prefectura de Manab\u00ed<\/title>\n<meta name=\"robots\" content=\"index, follow, max-snippet:-1, max-image-preview:large, max-video-preview:-1\" \/>\n<link rel=\"canonical\" href=\"https:\/\/www.manabi.gob.ec\/index.php\/prefectura-de-manabi-mejora-la-via-santa-maria-puerto-el-mate-en-el-carmen\/\" \/>\n<meta property=\"og:locale\" content=\"es_ES\" \/>\n<meta property=\"og:type\" content=\"article\" \/>\n<meta property=\"og:title\" content=\"Prefectura de Manab\u00ed mejora la v\u00eda Santa Mar\u00eda - Puerto El Mate en El Carmen - Prefectura de Manab\u00ed\" \/>\n<meta property=\"og:description\" content=\"El prefecto de Manab\u00ed, Leonardo Orlando, entreg\u00f3 a la comunidad los trabajos terminados de reconformaci\u00f3n de la estructura existente y reposici\u00f3n, en tramos puntuales, con material de mejoramiento en 5,5 kil\u00f3metros de la v\u00eda Santa Mar\u00eda &#8211; Puerto El Mate. Esta v\u00eda da conectividad a El Carmen con Chone.&nbsp; &nbsp;Esta obra mejora la transitabilidad y [&hellip;]\" \/>\n<meta property=\"og:url\" content=\"https:\/\/www.manabi.gob.ec\/index.php\/prefectura-de-manabi-mejora-la-via-santa-maria-puerto-el-mate-en-el-carmen\/\" \/>\n<meta property=\"og:site_name\" content=\"Prefectura de Manab\u00ed\" \/>\n<meta property=\"article:published_time\" content=\"2024-10-01T18:04:21+00:00\" \/>\n<meta property=\"og:image\" content=\"https:\/\/www.manabi.gob.ec\/wp-content\/uploads\/2024\/10\/779c09ce-4fc8-4928-92f3-9da3944bce7f-1.jpg\" \/>\n\t<meta property=\"og:image:width\" content=\"2000\" \/>\n\t<meta property=\"og:image:height\" content=\"1334\" \/>\n\t<meta property=\"og:image:type\" content=\"image\/jpeg\" \/>\n<meta name=\"author\" content=\"Lui Ochoa\" \/>\n<meta name=\"twitter:card\" content=\"summary_large_image\" \/>\n<meta name=\"twitter:label1\" content=\"Escrito por\" \/>\n\t<meta name=\"twitter:data1\" content=\"Lui Ochoa\" \/>\n\t<meta name=\"twitter:label2\" content=\"Tiempo de lectura\" \/>\n\t<meta name=\"twitter:data2\" content=\"1 minuto\" \/>\n<script type=\"application\/ld+json\" class=\"yoast-schema-graph\">{\"@context\":\"https:\\\/\\\/schema.org\",\"@graph\":[{\"@type\":\"Article\",\"@id\":\"https:\\\/\\\/www.manabi.gob.ec\\\/index.php\\\/prefectura-de-manabi-mejora-la-via-santa-maria-puerto-el-mate-en-el-carmen\\\/#article\",\"isPartOf\":{\"@id\":\"https:\\\/\\\/www.manabi.gob.ec\\\/index.php\\\/prefectura-de-manabi-mejora-la-via-santa-maria-puerto-el-mate-en-el-carmen\\\/\"},\"author\":{\"name\":\"Lui Ochoa\",\"@id\":\"https:\\\/\\\/www.manabi.gob.ec\\\/#\\\/schema\\\/person\\\/c4f117989332ad723a6ced5994aa7d7a\"},\"headline\":\"Prefectura de Manab\u00ed mejora la v\u00eda Santa Mar\u00eda &#8211; Puerto El Mate en El Carmen\",\"datePublished\":\"2024-10-01T18:04:21+00:00\",\"mainEntityOfPage\":{\"@id\":\"https:\\\/\\\/www.manabi.gob.ec\\\/index.php\\\/prefectura-de-manabi-mejora-la-via-santa-maria-puerto-el-mate-en-el-carmen\\\/\"},\"wordCount\":198,\"image\":{\"@id\":\"https:\\\/\\\/www.manabi.gob.ec\\\/index.php\\\/prefectura-de-manabi-mejora-la-via-santa-maria-puerto-el-mate-en-el-carmen\\\/#primaryimage\"},\"thumbnailUrl\":\"https:\\\/\\\/www.manabi.gob.ec\\\/wp-content\\\/uploads\\\/2024\\\/10\\\/779c09ce-4fc8-4928-92f3-9da3944bce7f-1.jpg\",\"articleSection\":[\"Ambiente\",\"bicentenario\",\"Desarrollo Social\",\"El Carmen\",\"Noticias\",\"Obra P\u00fablica\",\"Todas\"],\"inLanguage\":\"es\"},{\"@type\":\"WebPage\",\"@id\":\"https:\\\/\\\/www.manabi.gob.ec\\\/index.php\\\/prefectura-de-manabi-mejora-la-via-santa-maria-puerto-el-mate-en-el-carmen\\\/\",\"url\":\"https:\\\/\\\/www.manabi.gob.ec\\\/index.php\\\/prefectura-de-manabi-mejora-la-via-santa-maria-puerto-el-mate-en-el-carmen\\\/\",\"name\":\"Prefectura de Manab\u00ed mejora la v\u00eda Santa Mar\u00eda - Puerto El Mate en El Carmen - Prefectura de Manab\u00ed\",\"isPartOf\":{\"@id\":\"https:\\\/\\\/www.manabi.gob.ec\\\/#website\"},\"primaryImageOfPage\":{\"@id\":\"https:\\\/\\\/www.manabi.gob.ec\\\/index.php\\\/prefectura-de-manabi-mejora-la-via-santa-maria-puerto-el-mate-en-el-carmen\\\/#primaryimage\"},\"image\":{\"@id\":\"https:\\\/\\\/www.manabi.gob.ec\\\/index.php\\\/prefectura-de-manabi-mejora-la-via-santa-maria-puerto-el-mate-en-el-carmen\\\/#primaryimage\"},\"thumbnailUrl\":\"https:\\\/\\\/www.manabi.gob.ec\\\/wp-content\\\/uploads\\\/2024\\\/10\\\/779c09ce-4fc8-4928-92f3-9da3944bce7f-1.jpg\",\"datePublished\":\"2024-10-01T18:04:21+00:00\",\"author\":{\"@id\":\"https:\\\/\\\/www.manabi.gob.ec\\\/#\\\/schema\\\/person\\\/c4f117989332ad723a6ced5994aa7d7a\"},\"breadcrumb\":{\"@id\":\"https:\\\/\\\/www.manabi.gob.ec\\\/index.php\\\/prefectura-de-manabi-mejora-la-via-santa-maria-puerto-el-mate-en-el-carmen\\\/#breadcrumb\"},\"inLanguage\":\"es\",\"potentialAction\":[{\"@type\":\"ReadAction\",\"target\":[\"https:\\\/\\\/www.manabi.gob.ec\\\/index.php\\\/prefectura-de-manabi-mejora-la-via-santa-maria-puerto-el-mate-en-el-carmen\\\/\"]}]},{\"@type\":\"ImageObject\",\"inLanguage\":\"es\",\"@id\":\"https:\\\/\\\/www.manabi.gob.ec\\\/index.php\\\/prefectura-de-manabi-mejora-la-via-santa-maria-puerto-el-mate-en-el-carmen\\\/#primaryimage\",\"url\":\"https:\\\/\\\/www.manabi.gob.ec\\\/wp-content\\\/uploads\\\/2024\\\/10\\\/779c09ce-4fc8-4928-92f3-9da3944bce7f-1.jpg\",\"contentUrl\":\"https:\\\/\\\/www.manabi.gob.ec\\\/wp-content\\\/uploads\\\/2024\\\/10\\\/779c09ce-4fc8-4928-92f3-9da3944bce7f-1.jpg\",\"width\":2000,\"height\":1334},{\"@type\":\"BreadcrumbList\",\"@id\":\"https:\\\/\\\/www.manabi.gob.ec\\\/index.php\\\/prefectura-de-manabi-mejora-la-via-santa-maria-puerto-el-mate-en-el-carmen\\\/#breadcrumb\",\"itemListElement\":[{\"@type\":\"ListItem\",\"position\":1,\"name\":\"Portada\",\"item\":\"https:\\\/\\\/www.manabi.gob.ec\\\/\"},{\"@type\":\"ListItem\",\"position\":2,\"name\":\"Prefectura de Manab\u00ed mejora la v\u00eda Santa Mar\u00eda &#8211; Puerto El Mate en El Carmen\"}]},{\"@type\":\"WebSite\",\"@id\":\"https:\\\/\\\/www.manabi.gob.ec\\\/#website\",\"url\":\"https:\\\/\\\/www.manabi.gob.ec\\\/\",\"name\":\"Prefectura de Manab\u00ed\",\"description\":\"P\u00e1gina web de la prefectura\",\"potentialAction\":[{\"@type\":\"SearchAction\",\"target\":{\"@type\":\"EntryPoint\",\"urlTemplate\":\"https:\\\/\\\/www.manabi.gob.ec\\\/?s={search_term_string}\"},\"query-input\":{\"@type\":\"PropertyValueSpecification\",\"valueRequired\":true,\"valueName\":\"search_term_string\"}}],\"inLanguage\":\"es\"},{\"@type\":\"Person\",\"@id\":\"https:\\\/\\\/www.manabi.gob.ec\\\/#\\\/schema\\\/person\\\/c4f117989332ad723a6ced5994aa7d7a\",\"name\":\"Lui Ochoa\",\"image\":{\"@type\":\"ImageObject\",\"inLanguage\":\"es\",\"@id\":\"https:\\\/\\\/secure.gravatar.com\\\/avatar\\\/6e8017d0fe69dead8a95864d2eb6e1e1d8bf8e01194ba49cf7b897ff038126ba?s=96&d=mm&r=g\",\"url\":\"https:\\\/\\\/secure.gravatar.com\\\/avatar\\\/6e8017d0fe69dead8a95864d2eb6e1e1d8bf8e01194ba49cf7b897ff038126ba?s=96&d=mm&r=g\",\"contentUrl\":\"https:\\\/\\\/secure.gravatar.com\\\/avatar\\\/6e8017d0fe69dead8a95864d2eb6e1e1d8bf8e01194ba49cf7b897ff038126ba?s=96&d=mm&r=g\",\"caption\":\"Lui Ochoa\"},\"url\":\"https:\\\/\\\/www.manabi.gob.ec\\\/index.php\\\/author\\\/lochoa\\\/\"}]}<\/script>\n<!-- \/ Yoast SEO plugin. -->","yoast_head_json":{"title":"Prefectura de Manab\u00ed mejora la v\u00eda Santa Mar\u00eda - Puerto El Mate en El Carmen - Prefectura de Manab\u00ed","robots":{"index":"index","follow":"follow","max-snippet":"max-snippet:-1","max-image-preview":"max-image-preview:large","max-video-preview":"max-video-preview:-1"},"canonical":"https:\/\/www.manabi.gob.ec\/index.php\/prefectura-de-manabi-mejora-la-via-santa-maria-puerto-el-mate-en-el-carmen\/","og_locale":"es_ES","og_type":"article","og_title":"Prefectura de Manab\u00ed mejora la v\u00eda Santa Mar\u00eda - Puerto El Mate en El Carmen - Prefectura de Manab\u00ed","og_description":"El prefecto de Manab\u00ed, Leonardo Orlando, entreg\u00f3 a la comunidad los trabajos terminados de reconformaci\u00f3n de la estructura existente y reposici\u00f3n, en tramos puntuales, con material de mejoramiento en 5,5 kil\u00f3metros de la v\u00eda Santa Mar\u00eda &#8211; Puerto El Mate. Esta v\u00eda da conectividad a El Carmen con Chone.&nbsp; &nbsp;Esta obra mejora la transitabilidad y [&hellip;]","og_url":"https:\/\/www.manabi.gob.ec\/index.php\/prefectura-de-manabi-mejora-la-via-santa-maria-puerto-el-mate-en-el-carmen\/","og_site_name":"Prefectura de Manab\u00ed","article_published_time":"2024-10-01T18:04:21+00:00","og_image":[{"width":2000,"height":1334,"url":"https:\/\/www.manabi.gob.ec\/wp-content\/uploads\/2024\/10\/779c09ce-4fc8-4928-92f3-9da3944bce7f-1.jpg","type":"image\/jpeg"}],"author":"Lui Ochoa","twitter_card":"summary_large_image","twitter_misc":{"Escrito por":"Lui Ochoa","Tiempo de lectura":"1 minuto"},"schema":{"@context":"https:\/\/schema.org","@graph":[{"@type":"Article","@id":"https:\/\/www.manabi.gob.ec\/index.php\/prefectura-de-manabi-mejora-la-via-santa-maria-puerto-el-mate-en-el-carmen\/#article","isPartOf":{"@id":"https:\/\/www.manabi.gob.ec\/index.php\/prefectura-de-manabi-mejora-la-via-santa-maria-puerto-el-mate-en-el-carmen\/"},"author":{"name":"Lui Ochoa","@id":"https:\/\/www.manabi.gob.ec\/#\/schema\/person\/c4f117989332ad723a6ced5994aa7d7a"},"headline":"Prefectura de Manab\u00ed mejora la v\u00eda Santa Mar\u00eda &#8211; Puerto El Mate en El Carmen","datePublished":"2024-10-01T18:04:21+00:00","mainEntityOfPage":{"@id":"https:\/\/www.manabi.gob.ec\/index.php\/prefectura-de-manabi-mejora-la-via-santa-maria-puerto-el-mate-en-el-carmen\/"},"wordCount":198,"image":{"@id":"https:\/\/www.manabi.gob.ec\/index.php\/prefectura-de-manabi-mejora-la-via-santa-maria-puerto-el-mate-en-el-carmen\/#primaryimage"},"thumbnailUrl":"https:\/\/www.manabi.gob.ec\/wp-content\/uploads\/2024\/10\/779c09ce-4fc8-4928-92f3-9da3944bce7f-1.jpg","articleSection":["Ambiente","bicentenario","Desarrollo Social","El Carmen","Noticias","Obra P\u00fablica","Todas"],"inLanguage":"es"},{"@type":"WebPage","@id":"https:\/\/www.manabi.gob.ec\/index.php\/prefectura-de-manabi-mejora-la-via-santa-maria-puerto-el-mate-en-el-carmen\/","url":"https:\/\/www.manabi.gob.ec\/index.php\/prefectura-de-manabi-mejora-la-via-santa-maria-puerto-el-mate-en-el-carmen\/","name":"Prefectura de Manab\u00ed mejora la v\u00eda Santa Mar\u00eda - Puerto El Mate en El Carmen - Prefectura de Manab\u00ed","isPartOf":{"@id":"https:\/\/www.manabi.gob.ec\/#website"},"primaryImageOfPage":{"@id":"https:\/\/www.manabi.gob.ec\/index.php\/prefectura-de-manabi-mejora-la-via-santa-maria-puerto-el-mate-en-el-carmen\/#primaryimage"},"image":{"@id":"https:\/\/www.manabi.gob.ec\/index.php\/prefectura-de-manabi-mejora-la-via-santa-maria-puerto-el-mate-en-el-carmen\/#primaryimage"},"thumbnailUrl":"https:\/\/www.manabi.gob.ec\/wp-content\/uploads\/2024\/10\/779c09ce-4fc8-4928-92f3-9da3944bce7f-1.jpg","datePublished":"2024-10-01T18:04:21+00:00","author":{"@id":"https:\/\/www.manabi.gob.ec\/#\/schema\/person\/c4f117989332ad723a6ced5994aa7d7a"},"breadcrumb":{"@id":"https:\/\/www.manabi.gob.ec\/index.php\/prefectura-de-manabi-mejora-la-via-santa-maria-puerto-el-mate-en-el-carmen\/#breadcrumb"},"inLanguage":"es","potentialAction":[{"@type":"ReadAction","target":["https:\/\/www.manabi.gob.ec\/index.php\/prefectura-de-manabi-mejora-la-via-santa-maria-puerto-el-mate-en-el-carmen\/"]}]},{"@type":"ImageObject","inLanguage":"es","@id":"https:\/\/www.manabi.gob.ec\/index.php\/prefectura-de-manabi-mejora-la-via-santa-maria-puerto-el-mate-en-el-carmen\/#primaryimage","url":"https:\/\/www.manabi.gob.ec\/wp-content\/uploads\/2024\/10\/779c09ce-4fc8-4928-92f3-9da3944bce7f-1.jpg","contentUrl":"https:\/\/www.manabi.gob.ec\/wp-content\/uploads\/2024\/10\/779c09ce-4fc8-4928-92f3-9da3944bce7f-1.jpg","width":2000,"height":1334},{"@type":"BreadcrumbList","@id":"https:\/\/www.manabi.gob.ec\/index.php\/prefectura-de-manabi-mejora-la-via-santa-maria-puerto-el-mate-en-el-carmen\/#breadcrumb","itemListElement":[{"@type":"ListItem","position":1,"name":"Portada","item":"https:\/\/www.manabi.gob.ec\/"},{"@type":"ListItem","position":2,"name":"Prefectura de Manab\u00ed mejora la v\u00eda Santa Mar\u00eda &#8211; Puerto El Mate en El Carmen"}]},{"@type":"WebSite","@id":"https:\/\/www.manabi.gob.ec\/#website","url":"https:\/\/www.manabi.gob.ec\/","name":"Prefectura de Manab\u00ed","description":"P\u00e1gina web de la prefectura","potentialAction":[{"@type":"SearchAction","target":{"@type":"EntryPoint","urlTemplate":"https:\/\/www.manabi.gob.ec\/?s={search_term_string}"},"query-input":{"@type":"PropertyValueSpecification","valueRequired":true,"valueName":"search_term_string"}}],"inLanguage":"es"},{"@type":"Person","@id":"https:\/\/www.manabi.gob.ec\/#\/schema\/person\/c4f117989332ad723a6ced5994aa7d7a","name":"Lui Ochoa","image":{"@type":"ImageObject","inLanguage":"es","@id":"https:\/\/secure.gravatar.com\/avatar\/6e8017d0fe69dead8a95864d2eb6e1e1d8bf8e01194ba49cf7b897ff038126ba?s=96&d=mm&r=g","url":"https:\/\/secure.gravatar.com\/avatar\/6e8017d0fe69dead8a95864d2eb6e1e1d8bf8e01194ba49cf7b897ff038126ba?s=96&d=mm&r=g","contentUrl":"https:\/\/secure.gravatar.com\/avatar\/6e8017d0fe69dead8a95864d2eb6e1e1d8bf8e01194ba49cf7b897ff038126ba?s=96&d=mm&r=g","caption":"Lui Ochoa"},"url":"https:\/\/www.manabi.gob.ec\/index.php\/author\/lochoa\/"}]}},"jetpack_featured_media_url":"https:\/\/www.manabi.gob.ec\/wp-content\/uploads\/2024\/10\/779c09ce-4fc8-4928-92f3-9da3944bce7f-1.jpg","_links":{"self":[{"href":"https:\/\/www.manabi.gob.ec\/index.php\/wp-json\/wp\/v2\/posts\/29007","targetHints":{"allow":["GET"]}}],"collection":[{"href":"https:\/\/www.manabi.gob.ec\/index.php\/wp-json\/wp\/v2\/posts"}],"about":[{"href":"https:\/\/www.manabi.gob.ec\/index.php\/wp-json\/wp\/v2\/types\/post"}],"author":[{"embeddable":true,"href":"https:\/\/www.manabi.gob.ec\/index.php\/wp-json\/wp\/v2\/users\/10"}],"replies":[{"embeddable":true,"href":"https:\/\/www.manabi.gob.ec\/index.php\/wp-json\/wp\/v2\/comments?post=29007"}],"version-history":[{"count":1,"href":"https:\/\/www.manabi.gob.ec\/index.php\/wp-json\/wp\/v2\/posts\/29007\/revisions"}],"predecessor-version":[{"id":29008,"href":"https:\/\/www.manabi.gob.ec\/index.php\/wp-json\/wp\/v2\/posts\/29007\/revisions\/29008"}],"wp:featuredmedia":[{"embeddable":true,"href":"https:\/\/www.manabi.gob.ec\/index.php\/wp-json\/wp\/v2\/media\/29006"}],"wp:attachment":[{"href":"https:\/\/www.manabi.gob.ec\/index.php\/wp-json\/wp\/v2\/media?parent=29007"}],"wp:term":[{"taxonomy":"category","embeddable":true,"href":"https:\/\/www.manabi.gob.ec\/index.php\/wp-json\/wp\/v2\/categories?post=29007"},{"taxonomy":"post_tag","embeddable":true,"href":"https:\/\/www.manabi.gob.ec\/index.php\/wp-json\/wp\/v2\/tags?post=29007"}],"curies":[{"name":"wp","href":"https:\/\/api.w.org\/{rel}","templated":true}]}}