{"id":29039,"date":"2024-10-07T20:24:33","date_gmt":"2024-10-07T20:24:33","guid":{"rendered":"https:\/\/www.manabi.gob.ec\/?p=29039"},"modified":"2024-10-07T20:24:34","modified_gmt":"2024-10-07T20:24:34","slug":"corporacion-autoriza-al-prefecto-suscribir-contrato-con-banco-central-y-ministerio-de-finanzas-para-respaldar-deuda-con-caf","status":"publish","type":"post","link":"https:\/\/www.manabi.gob.ec\/index.php\/corporacion-autoriza-al-prefecto-suscribir-contrato-con-banco-central-y-ministerio-de-finanzas-para-respaldar-deuda-con-caf\/","title":{"rendered":"Corporaci\u00f3n autoriza al Prefecto suscribir contrato con Banco Central y Ministerio de Finanzas para respaldar deuda con CAF"},"content":{"rendered":"\n<p>La corporaci\u00f3n Provincial autoriz\u00f3 al prefecto, Leonardo Orlando, suscribir un contrato con la Agencia Fiscal con el Banco Central del Ecuador y el Ministerio de Econom\u00eda y Finanzas, para afianzar el servicio de la deuda contra\u00edda por la Prefectura con la Corporaci\u00f3n Andina de Fomento, a trav\u00e9s del Contrato de Pr\u00e9stamo por el monto de hasta USD 43\u00b4417.880,00.<\/p>\n\n\n\n<p>Durante la sesi\u00f3n, desarrollada de manera ordinaria el 30 de septiembre, el Prefecto present\u00f3 al cuerpo legislativo un informe de actividades realizadas en beneficio de la vialidad de la provincia de Manab\u00ed.<\/p>\n\n\n\n<p>Se explic\u00f3 sobre los procesos de contrataci\u00f3n de las v\u00edas Col\u00f3n-Quim\u00eds; V\u00eda Calceta -Quiroga- El Desv\u00edo; Ayacucho-San Juan de Las Cucarachas, que son parte del programa de conectividad vial para el desarrollo productivo de la zona centro-sur de la provincia, y que son financiadas con cr\u00e9dito de la CAF.<\/p>\n\n\n\n<p>En otro de los puntos, se aprob\u00f3 en segundo y definitivo debate proyecto de \u201cOrdenanza para la Implementaci\u00f3n del Sistema de Ciudadana en la Provincia de Manab\u00ed para el Ejercicio de los Derechos y Avanzar en la Gesti\u00f3n Democr\u00e1tica de la Acci\u00f3n Provincial\u201d. Previamente la Comisi\u00f3n Legislativa present\u00f3 un informe con las observaciones y recomendaciones al texto.<\/p>\n\n\n\n<p>Este instrumento legislativo es un aporte fundamental para la acci\u00f3n ciudadana en la toma de<br>decisiones y coadyuva al fortalecimiento de la democracia representativa.<\/p>\n","protected":false},"excerpt":{"rendered":"<p>La corporaci\u00f3n Provincial autoriz\u00f3 al prefecto, Leonardo Orlando, suscribir un contrato con la Agencia Fiscal con el Banco Central del Ecuador y el Ministerio de Econom\u00eda y Finanzas, para afianzar el servicio de la deuda contra\u00edda por la Prefectura con la Corporaci\u00f3n Andina de Fomento, a trav\u00e9s del Contrato de Pr\u00e9stamo por el monto de [&hellip;]<\/p>\n","protected":false},"author":10,"featured_media":29040,"comment_status":"closed","ping_status":"closed","sticky":false,"template":"","format":"standard","meta":{"_joinchat":[],"footnotes":""},"categories":[150,142,92,91],"tags":[],"class_list":["post-29039","post","type-post","status-publish","format-standard","has-post-thumbnail","hentry","category-ambiente","category-desarrollo-social","category-noticias-manabi","category-todas"],"yoast_head":"<!-- This site is optimized with the Yoast SEO plugin v27.4 - https:\/\/yoast.com\/product\/yoast-seo-wordpress\/ -->\n<title>Corporaci\u00f3n autoriza al Prefecto suscribir contrato con Banco Central y Ministerio de Finanzas para respaldar deuda con CAF - Prefectura de Manab\u00ed<\/title>\n<meta name=\"robots\" content=\"index, follow, max-snippet:-1, max-image-preview:large, max-video-preview:-1\" \/>\n<link rel=\"canonical\" href=\"https:\/\/www.manabi.gob.ec\/index.php\/corporacion-autoriza-al-prefecto-suscribir-contrato-con-banco-central-y-ministerio-de-finanzas-para-respaldar-deuda-con-caf\/\" \/>\n<meta property=\"og:locale\" content=\"es_ES\" \/>\n<meta property=\"og:type\" content=\"article\" \/>\n<meta property=\"og:title\" content=\"Corporaci\u00f3n autoriza al Prefecto suscribir contrato con Banco Central y Ministerio de Finanzas para respaldar deuda con CAF - Prefectura de Manab\u00ed\" \/>\n<meta property=\"og:description\" content=\"La corporaci\u00f3n Provincial autoriz\u00f3 al prefecto, Leonardo Orlando, suscribir un contrato con la Agencia Fiscal con el Banco Central del Ecuador y el Ministerio de Econom\u00eda y Finanzas, para afianzar el servicio de la deuda contra\u00edda por la Prefectura con la Corporaci\u00f3n Andina de Fomento, a trav\u00e9s del Contrato de Pr\u00e9stamo por el monto de [&hellip;]\" \/>\n<meta property=\"og:url\" content=\"https:\/\/www.manabi.gob.ec\/index.php\/corporacion-autoriza-al-prefecto-suscribir-contrato-con-banco-central-y-ministerio-de-finanzas-para-respaldar-deuda-con-caf\/\" \/>\n<meta property=\"og:site_name\" content=\"Prefectura de Manab\u00ed\" \/>\n<meta property=\"article:published_time\" content=\"2024-10-07T20:24:33+00:00\" \/>\n<meta property=\"article:modified_time\" content=\"2024-10-07T20:24:34+00:00\" \/>\n<meta property=\"og:image\" content=\"https:\/\/www.manabi.gob.ec\/wp-content\/uploads\/2024\/10\/WhatsApp-Image-2024-10-02-at-10.47.58-AM-scaled.jpeg\" \/>\n\t<meta property=\"og:image:width\" content=\"2560\" \/>\n\t<meta property=\"og:image:height\" content=\"1707\" \/>\n\t<meta property=\"og:image:type\" content=\"image\/jpeg\" \/>\n<meta name=\"author\" content=\"Lui Ochoa\" \/>\n<meta name=\"twitter:card\" content=\"summary_large_image\" \/>\n<meta name=\"twitter:label1\" content=\"Escrito por\" \/>\n\t<meta name=\"twitter:data1\" content=\"Lui Ochoa\" \/>\n\t<meta name=\"twitter:label2\" content=\"Tiempo de lectura\" \/>\n\t<meta name=\"twitter:data2\" content=\"2 minutos\" \/>\n<script type=\"application\/ld+json\" class=\"yoast-schema-graph\">{\"@context\":\"https:\\\/\\\/schema.org\",\"@graph\":[{\"@type\":\"Article\",\"@id\":\"https:\\\/\\\/www.manabi.gob.ec\\\/index.php\\\/corporacion-autoriza-al-prefecto-suscribir-contrato-con-banco-central-y-ministerio-de-finanzas-para-respaldar-deuda-con-caf\\\/#article\",\"isPartOf\":{\"@id\":\"https:\\\/\\\/www.manabi.gob.ec\\\/index.php\\\/corporacion-autoriza-al-prefecto-suscribir-contrato-con-banco-central-y-ministerio-de-finanzas-para-respaldar-deuda-con-caf\\\/\"},\"author\":{\"name\":\"Lui Ochoa\",\"@id\":\"https:\\\/\\\/www.manabi.gob.ec\\\/#\\\/schema\\\/person\\\/c4f117989332ad723a6ced5994aa7d7a\"},\"headline\":\"Corporaci\u00f3n autoriza al Prefecto suscribir contrato con Banco Central y Ministerio de Finanzas para respaldar deuda con CAF\",\"datePublished\":\"2024-10-07T20:24:33+00:00\",\"dateModified\":\"2024-10-07T20:24:34+00:00\",\"mainEntityOfPage\":{\"@id\":\"https:\\\/\\\/www.manabi.gob.ec\\\/index.php\\\/corporacion-autoriza-al-prefecto-suscribir-contrato-con-banco-central-y-ministerio-de-finanzas-para-respaldar-deuda-con-caf\\\/\"},\"wordCount\":256,\"image\":{\"@id\":\"https:\\\/\\\/www.manabi.gob.ec\\\/index.php\\\/corporacion-autoriza-al-prefecto-suscribir-contrato-con-banco-central-y-ministerio-de-finanzas-para-respaldar-deuda-con-caf\\\/#primaryimage\"},\"thumbnailUrl\":\"https:\\\/\\\/www.manabi.gob.ec\\\/wp-content\\\/uploads\\\/2024\\\/10\\\/WhatsApp-Image-2024-10-02-at-10.47.58-AM-scaled.jpeg\",\"articleSection\":[\"Ambiente\",\"Desarrollo Social\",\"Noticias\",\"Todas\"],\"inLanguage\":\"es\"},{\"@type\":\"WebPage\",\"@id\":\"https:\\\/\\\/www.manabi.gob.ec\\\/index.php\\\/corporacion-autoriza-al-prefecto-suscribir-contrato-con-banco-central-y-ministerio-de-finanzas-para-respaldar-deuda-con-caf\\\/\",\"url\":\"https:\\\/\\\/www.manabi.gob.ec\\\/index.php\\\/corporacion-autoriza-al-prefecto-suscribir-contrato-con-banco-central-y-ministerio-de-finanzas-para-respaldar-deuda-con-caf\\\/\",\"name\":\"Corporaci\u00f3n autoriza al Prefecto suscribir contrato con Banco Central y Ministerio de Finanzas para respaldar deuda con CAF - Prefectura de Manab\u00ed\",\"isPartOf\":{\"@id\":\"https:\\\/\\\/www.manabi.gob.ec\\\/#website\"},\"primaryImageOfPage\":{\"@id\":\"https:\\\/\\\/www.manabi.gob.ec\\\/index.php\\\/corporacion-autoriza-al-prefecto-suscribir-contrato-con-banco-central-y-ministerio-de-finanzas-para-respaldar-deuda-con-caf\\\/#primaryimage\"},\"image\":{\"@id\":\"https:\\\/\\\/www.manabi.gob.ec\\\/index.php\\\/corporacion-autoriza-al-prefecto-suscribir-contrato-con-banco-central-y-ministerio-de-finanzas-para-respaldar-deuda-con-caf\\\/#primaryimage\"},\"thumbnailUrl\":\"https:\\\/\\\/www.manabi.gob.ec\\\/wp-content\\\/uploads\\\/2024\\\/10\\\/WhatsApp-Image-2024-10-02-at-10.47.58-AM-scaled.jpeg\",\"datePublished\":\"2024-10-07T20:24:33+00:00\",\"dateModified\":\"2024-10-07T20:24:34+00:00\",\"author\":{\"@id\":\"https:\\\/\\\/www.manabi.gob.ec\\\/#\\\/schema\\\/person\\\/c4f117989332ad723a6ced5994aa7d7a\"},\"breadcrumb\":{\"@id\":\"https:\\\/\\\/www.manabi.gob.ec\\\/index.php\\\/corporacion-autoriza-al-prefecto-suscribir-contrato-con-banco-central-y-ministerio-de-finanzas-para-respaldar-deuda-con-caf\\\/#breadcrumb\"},\"inLanguage\":\"es\",\"potentialAction\":[{\"@type\":\"ReadAction\",\"target\":[\"https:\\\/\\\/www.manabi.gob.ec\\\/index.php\\\/corporacion-autoriza-al-prefecto-suscribir-contrato-con-banco-central-y-ministerio-de-finanzas-para-respaldar-deuda-con-caf\\\/\"]}]},{\"@type\":\"ImageObject\",\"inLanguage\":\"es\",\"@id\":\"https:\\\/\\\/www.manabi.gob.ec\\\/index.php\\\/corporacion-autoriza-al-prefecto-suscribir-contrato-con-banco-central-y-ministerio-de-finanzas-para-respaldar-deuda-con-caf\\\/#primaryimage\",\"url\":\"https:\\\/\\\/www.manabi.gob.ec\\\/wp-content\\\/uploads\\\/2024\\\/10\\\/WhatsApp-Image-2024-10-02-at-10.47.58-AM-scaled.jpeg\",\"contentUrl\":\"https:\\\/\\\/www.manabi.gob.ec\\\/wp-content\\\/uploads\\\/2024\\\/10\\\/WhatsApp-Image-2024-10-02-at-10.47.58-AM-scaled.jpeg\",\"width\":2560,\"height\":1707},{\"@type\":\"BreadcrumbList\",\"@id\":\"https:\\\/\\\/www.manabi.gob.ec\\\/index.php\\\/corporacion-autoriza-al-prefecto-suscribir-contrato-con-banco-central-y-ministerio-de-finanzas-para-respaldar-deuda-con-caf\\\/#breadcrumb\",\"itemListElement\":[{\"@type\":\"ListItem\",\"position\":1,\"name\":\"Portada\",\"item\":\"https:\\\/\\\/www.manabi.gob.ec\\\/\"},{\"@type\":\"ListItem\",\"position\":2,\"name\":\"Corporaci\u00f3n autoriza al Prefecto suscribir contrato con Banco Central y Ministerio de Finanzas para respaldar deuda con CAF\"}]},{\"@type\":\"WebSite\",\"@id\":\"https:\\\/\\\/www.manabi.gob.ec\\\/#website\",\"url\":\"https:\\\/\\\/www.manabi.gob.ec\\\/\",\"name\":\"Prefectura de Manab\u00ed\",\"description\":\"P\u00e1gina web de la prefectura\",\"potentialAction\":[{\"@type\":\"SearchAction\",\"target\":{\"@type\":\"EntryPoint\",\"urlTemplate\":\"https:\\\/\\\/www.manabi.gob.ec\\\/?s={search_term_string}\"},\"query-input\":{\"@type\":\"PropertyValueSpecification\",\"valueRequired\":true,\"valueName\":\"search_term_string\"}}],\"inLanguage\":\"es\"},{\"@type\":\"Person\",\"@id\":\"https:\\\/\\\/www.manabi.gob.ec\\\/#\\\/schema\\\/person\\\/c4f117989332ad723a6ced5994aa7d7a\",\"name\":\"Lui Ochoa\",\"image\":{\"@type\":\"ImageObject\",\"inLanguage\":\"es\",\"@id\":\"https:\\\/\\\/secure.gravatar.com\\\/avatar\\\/6e8017d0fe69dead8a95864d2eb6e1e1d8bf8e01194ba49cf7b897ff038126ba?s=96&d=mm&r=g\",\"url\":\"https:\\\/\\\/secure.gravatar.com\\\/avatar\\\/6e8017d0fe69dead8a95864d2eb6e1e1d8bf8e01194ba49cf7b897ff038126ba?s=96&d=mm&r=g\",\"contentUrl\":\"https:\\\/\\\/secure.gravatar.com\\\/avatar\\\/6e8017d0fe69dead8a95864d2eb6e1e1d8bf8e01194ba49cf7b897ff038126ba?s=96&d=mm&r=g\",\"caption\":\"Lui Ochoa\"},\"url\":\"https:\\\/\\\/www.manabi.gob.ec\\\/index.php\\\/author\\\/lochoa\\\/\"}]}<\/script>\n<!-- \/ Yoast SEO plugin. -->","yoast_head_json":{"title":"Corporaci\u00f3n autoriza al Prefecto suscribir contrato con Banco Central y Ministerio de Finanzas para respaldar deuda con CAF - Prefectura de Manab\u00ed","robots":{"index":"index","follow":"follow","max-snippet":"max-snippet:-1","max-image-preview":"max-image-preview:large","max-video-preview":"max-video-preview:-1"},"canonical":"https:\/\/www.manabi.gob.ec\/index.php\/corporacion-autoriza-al-prefecto-suscribir-contrato-con-banco-central-y-ministerio-de-finanzas-para-respaldar-deuda-con-caf\/","og_locale":"es_ES","og_type":"article","og_title":"Corporaci\u00f3n autoriza al Prefecto suscribir contrato con Banco Central y Ministerio de Finanzas para respaldar deuda con CAF - Prefectura de Manab\u00ed","og_description":"La corporaci\u00f3n Provincial autoriz\u00f3 al prefecto, Leonardo Orlando, suscribir un contrato con la Agencia Fiscal con el Banco Central del Ecuador y el Ministerio de Econom\u00eda y Finanzas, para afianzar el servicio de la deuda contra\u00edda por la Prefectura con la Corporaci\u00f3n Andina de Fomento, a trav\u00e9s del Contrato de Pr\u00e9stamo por el monto de [&hellip;]","og_url":"https:\/\/www.manabi.gob.ec\/index.php\/corporacion-autoriza-al-prefecto-suscribir-contrato-con-banco-central-y-ministerio-de-finanzas-para-respaldar-deuda-con-caf\/","og_site_name":"Prefectura de Manab\u00ed","article_published_time":"2024-10-07T20:24:33+00:00","article_modified_time":"2024-10-07T20:24:34+00:00","og_image":[{"width":2560,"height":1707,"url":"https:\/\/www.manabi.gob.ec\/wp-content\/uploads\/2024\/10\/WhatsApp-Image-2024-10-02-at-10.47.58-AM-scaled.jpeg","type":"image\/jpeg"}],"author":"Lui Ochoa","twitter_card":"summary_large_image","twitter_misc":{"Escrito por":"Lui Ochoa","Tiempo de lectura":"2 minutos"},"schema":{"@context":"https:\/\/schema.org","@graph":[{"@type":"Article","@id":"https:\/\/www.manabi.gob.ec\/index.php\/corporacion-autoriza-al-prefecto-suscribir-contrato-con-banco-central-y-ministerio-de-finanzas-para-respaldar-deuda-con-caf\/#article","isPartOf":{"@id":"https:\/\/www.manabi.gob.ec\/index.php\/corporacion-autoriza-al-prefecto-suscribir-contrato-con-banco-central-y-ministerio-de-finanzas-para-respaldar-deuda-con-caf\/"},"author":{"name":"Lui Ochoa","@id":"https:\/\/www.manabi.gob.ec\/#\/schema\/person\/c4f117989332ad723a6ced5994aa7d7a"},"headline":"Corporaci\u00f3n autoriza al Prefecto suscribir contrato con Banco Central y Ministerio de Finanzas para respaldar deuda con CAF","datePublished":"2024-10-07T20:24:33+00:00","dateModified":"2024-10-07T20:24:34+00:00","mainEntityOfPage":{"@id":"https:\/\/www.manabi.gob.ec\/index.php\/corporacion-autoriza-al-prefecto-suscribir-contrato-con-banco-central-y-ministerio-de-finanzas-para-respaldar-deuda-con-caf\/"},"wordCount":256,"image":{"@id":"https:\/\/www.manabi.gob.ec\/index.php\/corporacion-autoriza-al-prefecto-suscribir-contrato-con-banco-central-y-ministerio-de-finanzas-para-respaldar-deuda-con-caf\/#primaryimage"},"thumbnailUrl":"https:\/\/www.manabi.gob.ec\/wp-content\/uploads\/2024\/10\/WhatsApp-Image-2024-10-02-at-10.47.58-AM-scaled.jpeg","articleSection":["Ambiente","Desarrollo Social","Noticias","Todas"],"inLanguage":"es"},{"@type":"WebPage","@id":"https:\/\/www.manabi.gob.ec\/index.php\/corporacion-autoriza-al-prefecto-suscribir-contrato-con-banco-central-y-ministerio-de-finanzas-para-respaldar-deuda-con-caf\/","url":"https:\/\/www.manabi.gob.ec\/index.php\/corporacion-autoriza-al-prefecto-suscribir-contrato-con-banco-central-y-ministerio-de-finanzas-para-respaldar-deuda-con-caf\/","name":"Corporaci\u00f3n autoriza al Prefecto suscribir contrato con Banco Central y Ministerio de Finanzas para respaldar deuda con CAF - Prefectura de Manab\u00ed","isPartOf":{"@id":"https:\/\/www.manabi.gob.ec\/#website"},"primaryImageOfPage":{"@id":"https:\/\/www.manabi.gob.ec\/index.php\/corporacion-autoriza-al-prefecto-suscribir-contrato-con-banco-central-y-ministerio-de-finanzas-para-respaldar-deuda-con-caf\/#primaryimage"},"image":{"@id":"https:\/\/www.manabi.gob.ec\/index.php\/corporacion-autoriza-al-prefecto-suscribir-contrato-con-banco-central-y-ministerio-de-finanzas-para-respaldar-deuda-con-caf\/#primaryimage"},"thumbnailUrl":"https:\/\/www.manabi.gob.ec\/wp-content\/uploads\/2024\/10\/WhatsApp-Image-2024-10-02-at-10.47.58-AM-scaled.jpeg","datePublished":"2024-10-07T20:24:33+00:00","dateModified":"2024-10-07T20:24:34+00:00","author":{"@id":"https:\/\/www.manabi.gob.ec\/#\/schema\/person\/c4f117989332ad723a6ced5994aa7d7a"},"breadcrumb":{"@id":"https:\/\/www.manabi.gob.ec\/index.php\/corporacion-autoriza-al-prefecto-suscribir-contrato-con-banco-central-y-ministerio-de-finanzas-para-respaldar-deuda-con-caf\/#breadcrumb"},"inLanguage":"es","potentialAction":[{"@type":"ReadAction","target":["https:\/\/www.manabi.gob.ec\/index.php\/corporacion-autoriza-al-prefecto-suscribir-contrato-con-banco-central-y-ministerio-de-finanzas-para-respaldar-deuda-con-caf\/"]}]},{"@type":"ImageObject","inLanguage":"es","@id":"https:\/\/www.manabi.gob.ec\/index.php\/corporacion-autoriza-al-prefecto-suscribir-contrato-con-banco-central-y-ministerio-de-finanzas-para-respaldar-deuda-con-caf\/#primaryimage","url":"https:\/\/www.manabi.gob.ec\/wp-content\/uploads\/2024\/10\/WhatsApp-Image-2024-10-02-at-10.47.58-AM-scaled.jpeg","contentUrl":"https:\/\/www.manabi.gob.ec\/wp-content\/uploads\/2024\/10\/WhatsApp-Image-2024-10-02-at-10.47.58-AM-scaled.jpeg","width":2560,"height":1707},{"@type":"BreadcrumbList","@id":"https:\/\/www.manabi.gob.ec\/index.php\/corporacion-autoriza-al-prefecto-suscribir-contrato-con-banco-central-y-ministerio-de-finanzas-para-respaldar-deuda-con-caf\/#breadcrumb","itemListElement":[{"@type":"ListItem","position":1,"name":"Portada","item":"https:\/\/www.manabi.gob.ec\/"},{"@type":"ListItem","position":2,"name":"Corporaci\u00f3n autoriza al Prefecto suscribir contrato con Banco Central y Ministerio de Finanzas para respaldar deuda con CAF"}]},{"@type":"WebSite","@id":"https:\/\/www.manabi.gob.ec\/#website","url":"https:\/\/www.manabi.gob.ec\/","name":"Prefectura de Manab\u00ed","description":"P\u00e1gina web de la prefectura","potentialAction":[{"@type":"SearchAction","target":{"@type":"EntryPoint","urlTemplate":"https:\/\/www.manabi.gob.ec\/?s={search_term_string}"},"query-input":{"@type":"PropertyValueSpecification","valueRequired":true,"valueName":"search_term_string"}}],"inLanguage":"es"},{"@type":"Person","@id":"https:\/\/www.manabi.gob.ec\/#\/schema\/person\/c4f117989332ad723a6ced5994aa7d7a","name":"Lui Ochoa","image":{"@type":"ImageObject","inLanguage":"es","@id":"https:\/\/secure.gravatar.com\/avatar\/6e8017d0fe69dead8a95864d2eb6e1e1d8bf8e01194ba49cf7b897ff038126ba?s=96&d=mm&r=g","url":"https:\/\/secure.gravatar.com\/avatar\/6e8017d0fe69dead8a95864d2eb6e1e1d8bf8e01194ba49cf7b897ff038126ba?s=96&d=mm&r=g","contentUrl":"https:\/\/secure.gravatar.com\/avatar\/6e8017d0fe69dead8a95864d2eb6e1e1d8bf8e01194ba49cf7b897ff038126ba?s=96&d=mm&r=g","caption":"Lui Ochoa"},"url":"https:\/\/www.manabi.gob.ec\/index.php\/author\/lochoa\/"}]}},"jetpack_featured_media_url":"https:\/\/www.manabi.gob.ec\/wp-content\/uploads\/2024\/10\/WhatsApp-Image-2024-10-02-at-10.47.58-AM-scaled.jpeg","_links":{"self":[{"href":"https:\/\/www.manabi.gob.ec\/index.php\/wp-json\/wp\/v2\/posts\/29039","targetHints":{"allow":["GET"]}}],"collection":[{"href":"https:\/\/www.manabi.gob.ec\/index.php\/wp-json\/wp\/v2\/posts"}],"about":[{"href":"https:\/\/www.manabi.gob.ec\/index.php\/wp-json\/wp\/v2\/types\/post"}],"author":[{"embeddable":true,"href":"https:\/\/www.manabi.gob.ec\/index.php\/wp-json\/wp\/v2\/users\/10"}],"replies":[{"embeddable":true,"href":"https:\/\/www.manabi.gob.ec\/index.php\/wp-json\/wp\/v2\/comments?post=29039"}],"version-history":[{"count":1,"href":"https:\/\/www.manabi.gob.ec\/index.php\/wp-json\/wp\/v2\/posts\/29039\/revisions"}],"predecessor-version":[{"id":29041,"href":"https:\/\/www.manabi.gob.ec\/index.php\/wp-json\/wp\/v2\/posts\/29039\/revisions\/29041"}],"wp:featuredmedia":[{"embeddable":true,"href":"https:\/\/www.manabi.gob.ec\/index.php\/wp-json\/wp\/v2\/media\/29040"}],"wp:attachment":[{"href":"https:\/\/www.manabi.gob.ec\/index.php\/wp-json\/wp\/v2\/media?parent=29039"}],"wp:term":[{"taxonomy":"category","embeddable":true,"href":"https:\/\/www.manabi.gob.ec\/index.php\/wp-json\/wp\/v2\/categories?post=29039"},{"taxonomy":"post_tag","embeddable":true,"href":"https:\/\/www.manabi.gob.ec\/index.php\/wp-json\/wp\/v2\/tags?post=29039"}],"curies":[{"name":"wp","href":"https:\/\/api.w.org\/{rel}","templated":true}]}}