{"id":29108,"date":"2024-10-20T15:56:23","date_gmt":"2024-10-20T15:56:23","guid":{"rendered":"https:\/\/www.manabi.gob.ec\/?p=29108"},"modified":"2024-10-20T15:56:24","modified_gmt":"2024-10-20T15:56:24","slug":"el-prefecto-asume-nuevos-compromisos-con-jipijapa-en-su-aniversario-204-de-independencia","status":"publish","type":"post","link":"https:\/\/www.manabi.gob.ec\/index.php\/el-prefecto-asume-nuevos-compromisos-con-jipijapa-en-su-aniversario-204-de-independencia\/","title":{"rendered":"El Prefecto asume nuevos compromisos con Jipijapa en su aniversario 204 de independencia"},"content":{"rendered":"\n<p>Durante la sesi\u00f3n solemne por la conmemoraci\u00f3n de los 204 de independencia pol\u00edtica del cant\u00f3n Jipijapa, este martes 15 de octubre, el prefecto, Leonardo Orlando, firm\u00f3 2 documentos para la ejecuci\u00f3n de nuevas obras y proyectos en conjunto con la Municipalidad de la Sultana del Caf\u00e9.<\/p>\n\n\n\n<p>El primero es un convenio de gesti\u00f3n concurrente de competencias entre el GAD Provincial de Manab\u00ed y el GAD Municipal de Jipijapa para el ejercicio de la competencia exclusiva de fomento de las actividades productivas y agropecuarias. El objetivo es la ejecuci\u00f3n de los proyectos: \u00a8Fortalecimiento de Unidades Productivas\u00a8 y \u00a8Adquisici\u00f3n de Herramientas para implementaci\u00f3n de huertos ecol\u00f3gicos para erradicar la desnutrici\u00f3n infantil cr\u00f3nica en la zona urbana y rural del cant\u00f3n Jipijapa\u00a8.<\/p>\n\n\n\n<p>El otro documento que firm\u00f3 Leonardo Orlando es una carta compromiso que tiene por objeto implementar el \u201cProyecto de Construccio\u0301n de un Corredor Gastrono\u0301mico y Adecuacio\u0301n Exterior en el Maleco\u0301n de la parroquia Puerto Cayo, Canto\u0301n Jipijapa\u201d. Tendr\u00e1 una inversi\u00f3n conjunta superior a 400 mil d\u00f3lares con el aporte de la Prefectura de un 70% y un aporte municipal de 30%.<\/p>\n\n\n\n<p>\u201cAs\u00ed juntos logramos llegar m\u00e1s lejos, porque para todos es conocido las restricciones presupuestarias que existen en todos los niveles de gobierno. Pero, es fundamental seguir promoviendo la reactivaci\u00f3n econ\u00f3mica\u201d, expres\u00f3 el Prefecto y que en medio de la crisis el\u00e9ctrica y de seguridad todos tenemos que poner de nuestra parte. \u201cY una de las formas de promover ese desarrollo sostenible y resiliente es a trav\u00e9s del turismo\u201d.<\/p>\n\n\n\n<p>Tambi\u00e9n resalt\u00f3 la riqueza gastron\u00f3mica de Jipijapa, y el proyecto emblem\u00e1tico V\u00edas del Bicentenario que integra a Jipijapa con otros cantones vecinos como Portoviejo, a trav\u00e9s de la v\u00eda Col\u00f3n-Quimis. Adem\u00e1s, Leonardo Orlando entreg\u00f3 un acuerdo de felicitaci\u00f3n al pueblo de Jipijapa y ratific\u00f3 el compromiso institucional para seguir trabajando articuladamente con sus autoridades.<\/p>\n","protected":false},"excerpt":{"rendered":"<p>Durante la sesi\u00f3n solemne por la conmemoraci\u00f3n de los 204 de independencia pol\u00edtica del cant\u00f3n Jipijapa, este martes 15 de octubre, el prefecto, Leonardo Orlando, firm\u00f3 2 documentos para la ejecuci\u00f3n de nuevas obras y proyectos en conjunto con la Municipalidad de la Sultana del Caf\u00e9. El primero es un convenio de gesti\u00f3n concurrente de [&hellip;]<\/p>\n","protected":false},"author":10,"featured_media":29109,"comment_status":"closed","ping_status":"closed","sticky":false,"template":"","format":"standard","meta":{"_joinchat":[],"footnotes":""},"categories":[150,343,123,92,91],"tags":[],"class_list":["post-29108","post","type-post","status-publish","format-standard","has-post-thumbnail","hentry","category-ambiente","category-bicentenario","category-jipijapa","category-noticias-manabi","category-todas"],"yoast_head":"<!-- This site is optimized with the Yoast SEO plugin v27.4 - https:\/\/yoast.com\/product\/yoast-seo-wordpress\/ -->\n<title>El Prefecto asume nuevos compromisos con Jipijapa en su aniversario 204 de independencia - Prefectura de Manab\u00ed<\/title>\n<meta name=\"robots\" content=\"index, follow, max-snippet:-1, max-image-preview:large, max-video-preview:-1\" \/>\n<link rel=\"canonical\" href=\"https:\/\/www.manabi.gob.ec\/index.php\/el-prefecto-asume-nuevos-compromisos-con-jipijapa-en-su-aniversario-204-de-independencia\/\" \/>\n<meta property=\"og:locale\" content=\"es_ES\" \/>\n<meta property=\"og:type\" content=\"article\" \/>\n<meta property=\"og:title\" content=\"El Prefecto asume nuevos compromisos con Jipijapa en su aniversario 204 de independencia - Prefectura de Manab\u00ed\" \/>\n<meta property=\"og:description\" content=\"Durante la sesi\u00f3n solemne por la conmemoraci\u00f3n de los 204 de independencia pol\u00edtica del cant\u00f3n Jipijapa, este martes 15 de octubre, el prefecto, Leonardo Orlando, firm\u00f3 2 documentos para la ejecuci\u00f3n de nuevas obras y proyectos en conjunto con la Municipalidad de la Sultana del Caf\u00e9. El primero es un convenio de gesti\u00f3n concurrente de [&hellip;]\" \/>\n<meta property=\"og:url\" content=\"https:\/\/www.manabi.gob.ec\/index.php\/el-prefecto-asume-nuevos-compromisos-con-jipijapa-en-su-aniversario-204-de-independencia\/\" \/>\n<meta property=\"og:site_name\" content=\"Prefectura de Manab\u00ed\" \/>\n<meta property=\"article:published_time\" content=\"2024-10-20T15:56:23+00:00\" \/>\n<meta property=\"article:modified_time\" content=\"2024-10-20T15:56:24+00:00\" \/>\n<meta property=\"og:image\" content=\"https:\/\/www.manabi.gob.ec\/wp-content\/uploads\/2024\/10\/WhatsApp-Image-2024-10-16-at-9.27.23-AM-scaled.jpeg\" \/>\n\t<meta property=\"og:image:width\" content=\"2560\" \/>\n\t<meta property=\"og:image:height\" content=\"1707\" \/>\n\t<meta property=\"og:image:type\" content=\"image\/jpeg\" \/>\n<meta name=\"author\" content=\"Lui Ochoa\" \/>\n<meta name=\"twitter:card\" content=\"summary_large_image\" \/>\n<meta name=\"twitter:label1\" content=\"Escrito por\" \/>\n\t<meta name=\"twitter:data1\" content=\"Lui Ochoa\" \/>\n\t<meta name=\"twitter:label2\" content=\"Tiempo de lectura\" \/>\n\t<meta name=\"twitter:data2\" content=\"2 minutos\" \/>\n<script type=\"application\/ld+json\" class=\"yoast-schema-graph\">{\"@context\":\"https:\\\/\\\/schema.org\",\"@graph\":[{\"@type\":\"Article\",\"@id\":\"https:\\\/\\\/www.manabi.gob.ec\\\/index.php\\\/el-prefecto-asume-nuevos-compromisos-con-jipijapa-en-su-aniversario-204-de-independencia\\\/#article\",\"isPartOf\":{\"@id\":\"https:\\\/\\\/www.manabi.gob.ec\\\/index.php\\\/el-prefecto-asume-nuevos-compromisos-con-jipijapa-en-su-aniversario-204-de-independencia\\\/\"},\"author\":{\"name\":\"Lui Ochoa\",\"@id\":\"https:\\\/\\\/www.manabi.gob.ec\\\/#\\\/schema\\\/person\\\/c4f117989332ad723a6ced5994aa7d7a\"},\"headline\":\"El Prefecto asume nuevos compromisos con Jipijapa en su aniversario 204 de independencia\",\"datePublished\":\"2024-10-20T15:56:23+00:00\",\"dateModified\":\"2024-10-20T15:56:24+00:00\",\"mainEntityOfPage\":{\"@id\":\"https:\\\/\\\/www.manabi.gob.ec\\\/index.php\\\/el-prefecto-asume-nuevos-compromisos-con-jipijapa-en-su-aniversario-204-de-independencia\\\/\"},\"wordCount\":342,\"image\":{\"@id\":\"https:\\\/\\\/www.manabi.gob.ec\\\/index.php\\\/el-prefecto-asume-nuevos-compromisos-con-jipijapa-en-su-aniversario-204-de-independencia\\\/#primaryimage\"},\"thumbnailUrl\":\"https:\\\/\\\/www.manabi.gob.ec\\\/wp-content\\\/uploads\\\/2024\\\/10\\\/WhatsApp-Image-2024-10-16-at-9.27.23-AM-scaled.jpeg\",\"articleSection\":[\"Ambiente\",\"bicentenario\",\"Jipijapa\",\"Noticias\",\"Todas\"],\"inLanguage\":\"es\"},{\"@type\":\"WebPage\",\"@id\":\"https:\\\/\\\/www.manabi.gob.ec\\\/index.php\\\/el-prefecto-asume-nuevos-compromisos-con-jipijapa-en-su-aniversario-204-de-independencia\\\/\",\"url\":\"https:\\\/\\\/www.manabi.gob.ec\\\/index.php\\\/el-prefecto-asume-nuevos-compromisos-con-jipijapa-en-su-aniversario-204-de-independencia\\\/\",\"name\":\"El Prefecto asume nuevos compromisos con Jipijapa en su aniversario 204 de independencia - Prefectura de Manab\u00ed\",\"isPartOf\":{\"@id\":\"https:\\\/\\\/www.manabi.gob.ec\\\/#website\"},\"primaryImageOfPage\":{\"@id\":\"https:\\\/\\\/www.manabi.gob.ec\\\/index.php\\\/el-prefecto-asume-nuevos-compromisos-con-jipijapa-en-su-aniversario-204-de-independencia\\\/#primaryimage\"},\"image\":{\"@id\":\"https:\\\/\\\/www.manabi.gob.ec\\\/index.php\\\/el-prefecto-asume-nuevos-compromisos-con-jipijapa-en-su-aniversario-204-de-independencia\\\/#primaryimage\"},\"thumbnailUrl\":\"https:\\\/\\\/www.manabi.gob.ec\\\/wp-content\\\/uploads\\\/2024\\\/10\\\/WhatsApp-Image-2024-10-16-at-9.27.23-AM-scaled.jpeg\",\"datePublished\":\"2024-10-20T15:56:23+00:00\",\"dateModified\":\"2024-10-20T15:56:24+00:00\",\"author\":{\"@id\":\"https:\\\/\\\/www.manabi.gob.ec\\\/#\\\/schema\\\/person\\\/c4f117989332ad723a6ced5994aa7d7a\"},\"breadcrumb\":{\"@id\":\"https:\\\/\\\/www.manabi.gob.ec\\\/index.php\\\/el-prefecto-asume-nuevos-compromisos-con-jipijapa-en-su-aniversario-204-de-independencia\\\/#breadcrumb\"},\"inLanguage\":\"es\",\"potentialAction\":[{\"@type\":\"ReadAction\",\"target\":[\"https:\\\/\\\/www.manabi.gob.ec\\\/index.php\\\/el-prefecto-asume-nuevos-compromisos-con-jipijapa-en-su-aniversario-204-de-independencia\\\/\"]}]},{\"@type\":\"ImageObject\",\"inLanguage\":\"es\",\"@id\":\"https:\\\/\\\/www.manabi.gob.ec\\\/index.php\\\/el-prefecto-asume-nuevos-compromisos-con-jipijapa-en-su-aniversario-204-de-independencia\\\/#primaryimage\",\"url\":\"https:\\\/\\\/www.manabi.gob.ec\\\/wp-content\\\/uploads\\\/2024\\\/10\\\/WhatsApp-Image-2024-10-16-at-9.27.23-AM-scaled.jpeg\",\"contentUrl\":\"https:\\\/\\\/www.manabi.gob.ec\\\/wp-content\\\/uploads\\\/2024\\\/10\\\/WhatsApp-Image-2024-10-16-at-9.27.23-AM-scaled.jpeg\",\"width\":2560,\"height\":1707},{\"@type\":\"BreadcrumbList\",\"@id\":\"https:\\\/\\\/www.manabi.gob.ec\\\/index.php\\\/el-prefecto-asume-nuevos-compromisos-con-jipijapa-en-su-aniversario-204-de-independencia\\\/#breadcrumb\",\"itemListElement\":[{\"@type\":\"ListItem\",\"position\":1,\"name\":\"Portada\",\"item\":\"https:\\\/\\\/www.manabi.gob.ec\\\/\"},{\"@type\":\"ListItem\",\"position\":2,\"name\":\"El Prefecto asume nuevos compromisos con Jipijapa en su aniversario 204 de independencia\"}]},{\"@type\":\"WebSite\",\"@id\":\"https:\\\/\\\/www.manabi.gob.ec\\\/#website\",\"url\":\"https:\\\/\\\/www.manabi.gob.ec\\\/\",\"name\":\"Prefectura de Manab\u00ed\",\"description\":\"P\u00e1gina web de la prefectura\",\"potentialAction\":[{\"@type\":\"SearchAction\",\"target\":{\"@type\":\"EntryPoint\",\"urlTemplate\":\"https:\\\/\\\/www.manabi.gob.ec\\\/?s={search_term_string}\"},\"query-input\":{\"@type\":\"PropertyValueSpecification\",\"valueRequired\":true,\"valueName\":\"search_term_string\"}}],\"inLanguage\":\"es\"},{\"@type\":\"Person\",\"@id\":\"https:\\\/\\\/www.manabi.gob.ec\\\/#\\\/schema\\\/person\\\/c4f117989332ad723a6ced5994aa7d7a\",\"name\":\"Lui Ochoa\",\"image\":{\"@type\":\"ImageObject\",\"inLanguage\":\"es\",\"@id\":\"https:\\\/\\\/secure.gravatar.com\\\/avatar\\\/6e8017d0fe69dead8a95864d2eb6e1e1d8bf8e01194ba49cf7b897ff038126ba?s=96&d=mm&r=g\",\"url\":\"https:\\\/\\\/secure.gravatar.com\\\/avatar\\\/6e8017d0fe69dead8a95864d2eb6e1e1d8bf8e01194ba49cf7b897ff038126ba?s=96&d=mm&r=g\",\"contentUrl\":\"https:\\\/\\\/secure.gravatar.com\\\/avatar\\\/6e8017d0fe69dead8a95864d2eb6e1e1d8bf8e01194ba49cf7b897ff038126ba?s=96&d=mm&r=g\",\"caption\":\"Lui Ochoa\"},\"url\":\"https:\\\/\\\/www.manabi.gob.ec\\\/index.php\\\/author\\\/lochoa\\\/\"}]}<\/script>\n<!-- \/ Yoast SEO plugin. -->","yoast_head_json":{"title":"El Prefecto asume nuevos compromisos con Jipijapa en su aniversario 204 de independencia - Prefectura de Manab\u00ed","robots":{"index":"index","follow":"follow","max-snippet":"max-snippet:-1","max-image-preview":"max-image-preview:large","max-video-preview":"max-video-preview:-1"},"canonical":"https:\/\/www.manabi.gob.ec\/index.php\/el-prefecto-asume-nuevos-compromisos-con-jipijapa-en-su-aniversario-204-de-independencia\/","og_locale":"es_ES","og_type":"article","og_title":"El Prefecto asume nuevos compromisos con Jipijapa en su aniversario 204 de independencia - Prefectura de Manab\u00ed","og_description":"Durante la sesi\u00f3n solemne por la conmemoraci\u00f3n de los 204 de independencia pol\u00edtica del cant\u00f3n Jipijapa, este martes 15 de octubre, el prefecto, Leonardo Orlando, firm\u00f3 2 documentos para la ejecuci\u00f3n de nuevas obras y proyectos en conjunto con la Municipalidad de la Sultana del Caf\u00e9. El primero es un convenio de gesti\u00f3n concurrente de [&hellip;]","og_url":"https:\/\/www.manabi.gob.ec\/index.php\/el-prefecto-asume-nuevos-compromisos-con-jipijapa-en-su-aniversario-204-de-independencia\/","og_site_name":"Prefectura de Manab\u00ed","article_published_time":"2024-10-20T15:56:23+00:00","article_modified_time":"2024-10-20T15:56:24+00:00","og_image":[{"width":2560,"height":1707,"url":"https:\/\/www.manabi.gob.ec\/wp-content\/uploads\/2024\/10\/WhatsApp-Image-2024-10-16-at-9.27.23-AM-scaled.jpeg","type":"image\/jpeg"}],"author":"Lui Ochoa","twitter_card":"summary_large_image","twitter_misc":{"Escrito por":"Lui Ochoa","Tiempo de lectura":"2 minutos"},"schema":{"@context":"https:\/\/schema.org","@graph":[{"@type":"Article","@id":"https:\/\/www.manabi.gob.ec\/index.php\/el-prefecto-asume-nuevos-compromisos-con-jipijapa-en-su-aniversario-204-de-independencia\/#article","isPartOf":{"@id":"https:\/\/www.manabi.gob.ec\/index.php\/el-prefecto-asume-nuevos-compromisos-con-jipijapa-en-su-aniversario-204-de-independencia\/"},"author":{"name":"Lui Ochoa","@id":"https:\/\/www.manabi.gob.ec\/#\/schema\/person\/c4f117989332ad723a6ced5994aa7d7a"},"headline":"El Prefecto asume nuevos compromisos con Jipijapa en su aniversario 204 de independencia","datePublished":"2024-10-20T15:56:23+00:00","dateModified":"2024-10-20T15:56:24+00:00","mainEntityOfPage":{"@id":"https:\/\/www.manabi.gob.ec\/index.php\/el-prefecto-asume-nuevos-compromisos-con-jipijapa-en-su-aniversario-204-de-independencia\/"},"wordCount":342,"image":{"@id":"https:\/\/www.manabi.gob.ec\/index.php\/el-prefecto-asume-nuevos-compromisos-con-jipijapa-en-su-aniversario-204-de-independencia\/#primaryimage"},"thumbnailUrl":"https:\/\/www.manabi.gob.ec\/wp-content\/uploads\/2024\/10\/WhatsApp-Image-2024-10-16-at-9.27.23-AM-scaled.jpeg","articleSection":["Ambiente","bicentenario","Jipijapa","Noticias","Todas"],"inLanguage":"es"},{"@type":"WebPage","@id":"https:\/\/www.manabi.gob.ec\/index.php\/el-prefecto-asume-nuevos-compromisos-con-jipijapa-en-su-aniversario-204-de-independencia\/","url":"https:\/\/www.manabi.gob.ec\/index.php\/el-prefecto-asume-nuevos-compromisos-con-jipijapa-en-su-aniversario-204-de-independencia\/","name":"El Prefecto asume nuevos compromisos con Jipijapa en su aniversario 204 de independencia - Prefectura de Manab\u00ed","isPartOf":{"@id":"https:\/\/www.manabi.gob.ec\/#website"},"primaryImageOfPage":{"@id":"https:\/\/www.manabi.gob.ec\/index.php\/el-prefecto-asume-nuevos-compromisos-con-jipijapa-en-su-aniversario-204-de-independencia\/#primaryimage"},"image":{"@id":"https:\/\/www.manabi.gob.ec\/index.php\/el-prefecto-asume-nuevos-compromisos-con-jipijapa-en-su-aniversario-204-de-independencia\/#primaryimage"},"thumbnailUrl":"https:\/\/www.manabi.gob.ec\/wp-content\/uploads\/2024\/10\/WhatsApp-Image-2024-10-16-at-9.27.23-AM-scaled.jpeg","datePublished":"2024-10-20T15:56:23+00:00","dateModified":"2024-10-20T15:56:24+00:00","author":{"@id":"https:\/\/www.manabi.gob.ec\/#\/schema\/person\/c4f117989332ad723a6ced5994aa7d7a"},"breadcrumb":{"@id":"https:\/\/www.manabi.gob.ec\/index.php\/el-prefecto-asume-nuevos-compromisos-con-jipijapa-en-su-aniversario-204-de-independencia\/#breadcrumb"},"inLanguage":"es","potentialAction":[{"@type":"ReadAction","target":["https:\/\/www.manabi.gob.ec\/index.php\/el-prefecto-asume-nuevos-compromisos-con-jipijapa-en-su-aniversario-204-de-independencia\/"]}]},{"@type":"ImageObject","inLanguage":"es","@id":"https:\/\/www.manabi.gob.ec\/index.php\/el-prefecto-asume-nuevos-compromisos-con-jipijapa-en-su-aniversario-204-de-independencia\/#primaryimage","url":"https:\/\/www.manabi.gob.ec\/wp-content\/uploads\/2024\/10\/WhatsApp-Image-2024-10-16-at-9.27.23-AM-scaled.jpeg","contentUrl":"https:\/\/www.manabi.gob.ec\/wp-content\/uploads\/2024\/10\/WhatsApp-Image-2024-10-16-at-9.27.23-AM-scaled.jpeg","width":2560,"height":1707},{"@type":"BreadcrumbList","@id":"https:\/\/www.manabi.gob.ec\/index.php\/el-prefecto-asume-nuevos-compromisos-con-jipijapa-en-su-aniversario-204-de-independencia\/#breadcrumb","itemListElement":[{"@type":"ListItem","position":1,"name":"Portada","item":"https:\/\/www.manabi.gob.ec\/"},{"@type":"ListItem","position":2,"name":"El Prefecto asume nuevos compromisos con Jipijapa en su aniversario 204 de independencia"}]},{"@type":"WebSite","@id":"https:\/\/www.manabi.gob.ec\/#website","url":"https:\/\/www.manabi.gob.ec\/","name":"Prefectura de Manab\u00ed","description":"P\u00e1gina web de la prefectura","potentialAction":[{"@type":"SearchAction","target":{"@type":"EntryPoint","urlTemplate":"https:\/\/www.manabi.gob.ec\/?s={search_term_string}"},"query-input":{"@type":"PropertyValueSpecification","valueRequired":true,"valueName":"search_term_string"}}],"inLanguage":"es"},{"@type":"Person","@id":"https:\/\/www.manabi.gob.ec\/#\/schema\/person\/c4f117989332ad723a6ced5994aa7d7a","name":"Lui Ochoa","image":{"@type":"ImageObject","inLanguage":"es","@id":"https:\/\/secure.gravatar.com\/avatar\/6e8017d0fe69dead8a95864d2eb6e1e1d8bf8e01194ba49cf7b897ff038126ba?s=96&d=mm&r=g","url":"https:\/\/secure.gravatar.com\/avatar\/6e8017d0fe69dead8a95864d2eb6e1e1d8bf8e01194ba49cf7b897ff038126ba?s=96&d=mm&r=g","contentUrl":"https:\/\/secure.gravatar.com\/avatar\/6e8017d0fe69dead8a95864d2eb6e1e1d8bf8e01194ba49cf7b897ff038126ba?s=96&d=mm&r=g","caption":"Lui Ochoa"},"url":"https:\/\/www.manabi.gob.ec\/index.php\/author\/lochoa\/"}]}},"jetpack_featured_media_url":"https:\/\/www.manabi.gob.ec\/wp-content\/uploads\/2024\/10\/WhatsApp-Image-2024-10-16-at-9.27.23-AM-scaled.jpeg","_links":{"self":[{"href":"https:\/\/www.manabi.gob.ec\/index.php\/wp-json\/wp\/v2\/posts\/29108","targetHints":{"allow":["GET"]}}],"collection":[{"href":"https:\/\/www.manabi.gob.ec\/index.php\/wp-json\/wp\/v2\/posts"}],"about":[{"href":"https:\/\/www.manabi.gob.ec\/index.php\/wp-json\/wp\/v2\/types\/post"}],"author":[{"embeddable":true,"href":"https:\/\/www.manabi.gob.ec\/index.php\/wp-json\/wp\/v2\/users\/10"}],"replies":[{"embeddable":true,"href":"https:\/\/www.manabi.gob.ec\/index.php\/wp-json\/wp\/v2\/comments?post=29108"}],"version-history":[{"count":1,"href":"https:\/\/www.manabi.gob.ec\/index.php\/wp-json\/wp\/v2\/posts\/29108\/revisions"}],"predecessor-version":[{"id":29110,"href":"https:\/\/www.manabi.gob.ec\/index.php\/wp-json\/wp\/v2\/posts\/29108\/revisions\/29110"}],"wp:featuredmedia":[{"embeddable":true,"href":"https:\/\/www.manabi.gob.ec\/index.php\/wp-json\/wp\/v2\/media\/29109"}],"wp:attachment":[{"href":"https:\/\/www.manabi.gob.ec\/index.php\/wp-json\/wp\/v2\/media?parent=29108"}],"wp:term":[{"taxonomy":"category","embeddable":true,"href":"https:\/\/www.manabi.gob.ec\/index.php\/wp-json\/wp\/v2\/categories?post=29108"},{"taxonomy":"post_tag","embeddable":true,"href":"https:\/\/www.manabi.gob.ec\/index.php\/wp-json\/wp\/v2\/tags?post=29108"}],"curies":[{"name":"wp","href":"https:\/\/api.w.org\/{rel}","templated":true}]}}