{"id":29124,"date":"2024-10-21T14:07:22","date_gmt":"2024-10-21T14:07:22","guid":{"rendered":"https:\/\/www.manabi.gob.ec\/?p=29124"},"modified":"2024-10-21T14:07:24","modified_gmt":"2024-10-21T14:07:24","slug":"el-avenidazo-por-independencia-de-portoviejo-puso-a-bailar-y-gozar-a-miles-de-ciudadanos","status":"publish","type":"post","link":"https:\/\/www.manabi.gob.ec\/index.php\/el-avenidazo-por-independencia-de-portoviejo-puso-a-bailar-y-gozar-a-miles-de-ciudadanos\/","title":{"rendered":"El Avenidazo por Independencia de Portoviejo puso a bailar y gozar a miles de ciudadanos"},"content":{"rendered":"\n<p>Con \u00e9xito se desarroll\u00f3, la noche del viernes 18 de octubre, el festival musical conocido como \u201cEl Avenidazo\u201d, en homenaje a los 204 a\u00f1os de independencia pol\u00edtica del cant\u00f3n Portoviejo, el cual es organizado, desde el a\u00f1o 2014, por el Club Social y Recreativo La Esquina de P\u00e9rez. En esta ocasi\u00f3n cont\u00f3 con el apoyo de la Prefectura de Manab\u00ed.<\/p>\n\n\n\n<p>\u201cNos complace apoyar y respaldar esta iniciativa como es El Avenidazo, que es parte de la cultura y la identidad de las festividades de Portoviejo. Y este a\u00f1o con m\u00e1s presencia del arte y la cultura manabita y tambi\u00e9n con una orquesta importante y tradicional como los Billo\u00b4s Caracas Boys\u201d, manifest\u00f3 el Prefecto Orlando, quien recibi\u00f3 una placa de reconocimiento de parte de los organizadores del evento.<\/p>\n\n\n\n<p>El Avenidazo congreg\u00f3 a miles de ciudadanos portovejenses y visitantes que llegaron procedentes de otros cantones de la provincia y del pa\u00eds, incluso extranjeros. Ellos disfrutaron y bailaron al ritmo de Don Medardo y sus Players, Robert Vera, Melomanos, Chinto Torres, Lat\u00edn Swing, Billo&#8217;s Caracas Boys, Los Diamantes, Jorge Celed\u00f3n, Rakym&amp; Ken, y Latin Drems.<\/p>\n\n\n\n<p>Los artistas se presentaron en 5 escenarios diferentes a lo largo de la avenida Manab\u00ed y calles como la Am\u00e9rica, Callej\u00f3n Robles, y Granda Centeno.<\/p>\n\n\n\n<p>Previo al festival musical se realiz\u00f3 la sesi\u00f3n solemne por los 54 a\u00f1os de creaci\u00f3n del Club Social y Recreativo La Esquina de P\u00e9rez, en la sede de la instituci\u00f3n, la cual cont\u00f3 con la presencia de autoridades provinciales y nacionales, entre ellos el prefecto de Manab\u00ed.<\/p>\n","protected":false},"excerpt":{"rendered":"<p>Con \u00e9xito se desarroll\u00f3, la noche del viernes 18 de octubre, el festival musical conocido como \u201cEl Avenidazo\u201d, en homenaje a los 204 a\u00f1os de independencia pol\u00edtica del cant\u00f3n Portoviejo, el cual es organizado, desde el a\u00f1o 2014, por el Club Social y Recreativo La Esquina de P\u00e9rez. En esta ocasi\u00f3n cont\u00f3 con el apoyo [&hellip;]<\/p>\n","protected":false},"author":10,"featured_media":29125,"comment_status":"closed","ping_status":"closed","sticky":false,"template":"","format":"standard","meta":{"_joinchat":[],"footnotes":""},"categories":[150,343,142,92,132,91],"tags":[],"class_list":["post-29124","post","type-post","status-publish","format-standard","has-post-thumbnail","hentry","category-ambiente","category-bicentenario","category-desarrollo-social","category-noticias-manabi","category-portoviejo","category-todas"],"yoast_head":"<!-- This site is optimized with the Yoast SEO plugin v27.4 - https:\/\/yoast.com\/product\/yoast-seo-wordpress\/ -->\n<title>El Avenidazo por Independencia de Portoviejo puso a bailar y gozar a miles de ciudadanos - Prefectura de Manab\u00ed<\/title>\n<meta name=\"robots\" content=\"index, follow, max-snippet:-1, max-image-preview:large, max-video-preview:-1\" \/>\n<link rel=\"canonical\" href=\"https:\/\/www.manabi.gob.ec\/index.php\/el-avenidazo-por-independencia-de-portoviejo-puso-a-bailar-y-gozar-a-miles-de-ciudadanos\/\" \/>\n<meta property=\"og:locale\" content=\"es_ES\" \/>\n<meta property=\"og:type\" content=\"article\" \/>\n<meta property=\"og:title\" content=\"El Avenidazo por Independencia de Portoviejo puso a bailar y gozar a miles de ciudadanos - Prefectura de Manab\u00ed\" \/>\n<meta property=\"og:description\" content=\"Con \u00e9xito se desarroll\u00f3, la noche del viernes 18 de octubre, el festival musical conocido como \u201cEl Avenidazo\u201d, en homenaje a los 204 a\u00f1os de independencia pol\u00edtica del cant\u00f3n Portoviejo, el cual es organizado, desde el a\u00f1o 2014, por el Club Social y Recreativo La Esquina de P\u00e9rez. En esta ocasi\u00f3n cont\u00f3 con el apoyo [&hellip;]\" \/>\n<meta property=\"og:url\" content=\"https:\/\/www.manabi.gob.ec\/index.php\/el-avenidazo-por-independencia-de-portoviejo-puso-a-bailar-y-gozar-a-miles-de-ciudadanos\/\" \/>\n<meta property=\"og:site_name\" content=\"Prefectura de Manab\u00ed\" \/>\n<meta property=\"article:published_time\" content=\"2024-10-21T14:07:22+00:00\" \/>\n<meta property=\"article:modified_time\" content=\"2024-10-21T14:07:24+00:00\" \/>\n<meta property=\"og:image\" content=\"https:\/\/www.manabi.gob.ec\/wp-content\/uploads\/2024\/10\/WhatsApp-Image-2024-10-21-at-9.02.10-AM.jpeg\" \/>\n\t<meta property=\"og:image:width\" content=\"1600\" \/>\n\t<meta property=\"og:image:height\" content=\"1066\" \/>\n\t<meta property=\"og:image:type\" content=\"image\/jpeg\" \/>\n<meta name=\"author\" content=\"Lui Ochoa\" \/>\n<meta name=\"twitter:card\" content=\"summary_large_image\" \/>\n<meta name=\"twitter:label1\" content=\"Escrito por\" \/>\n\t<meta name=\"twitter:data1\" content=\"Lui Ochoa\" \/>\n\t<meta name=\"twitter:label2\" content=\"Tiempo de lectura\" \/>\n\t<meta name=\"twitter:data2\" content=\"2 minutos\" \/>\n<script type=\"application\/ld+json\" class=\"yoast-schema-graph\">{\"@context\":\"https:\\\/\\\/schema.org\",\"@graph\":[{\"@type\":\"Article\",\"@id\":\"https:\\\/\\\/www.manabi.gob.ec\\\/index.php\\\/el-avenidazo-por-independencia-de-portoviejo-puso-a-bailar-y-gozar-a-miles-de-ciudadanos\\\/#article\",\"isPartOf\":{\"@id\":\"https:\\\/\\\/www.manabi.gob.ec\\\/index.php\\\/el-avenidazo-por-independencia-de-portoviejo-puso-a-bailar-y-gozar-a-miles-de-ciudadanos\\\/\"},\"author\":{\"name\":\"Lui Ochoa\",\"@id\":\"https:\\\/\\\/www.manabi.gob.ec\\\/#\\\/schema\\\/person\\\/c4f117989332ad723a6ced5994aa7d7a\"},\"headline\":\"El Avenidazo por Independencia de Portoviejo puso a bailar y gozar a miles de ciudadanos\",\"datePublished\":\"2024-10-21T14:07:22+00:00\",\"dateModified\":\"2024-10-21T14:07:24+00:00\",\"mainEntityOfPage\":{\"@id\":\"https:\\\/\\\/www.manabi.gob.ec\\\/index.php\\\/el-avenidazo-por-independencia-de-portoviejo-puso-a-bailar-y-gozar-a-miles-de-ciudadanos\\\/\"},\"wordCount\":285,\"image\":{\"@id\":\"https:\\\/\\\/www.manabi.gob.ec\\\/index.php\\\/el-avenidazo-por-independencia-de-portoviejo-puso-a-bailar-y-gozar-a-miles-de-ciudadanos\\\/#primaryimage\"},\"thumbnailUrl\":\"https:\\\/\\\/www.manabi.gob.ec\\\/wp-content\\\/uploads\\\/2024\\\/10\\\/WhatsApp-Image-2024-10-21-at-9.02.10-AM.jpeg\",\"articleSection\":[\"Ambiente\",\"bicentenario\",\"Desarrollo Social\",\"Noticias\",\"Portoviejo\",\"Todas\"],\"inLanguage\":\"es\"},{\"@type\":\"WebPage\",\"@id\":\"https:\\\/\\\/www.manabi.gob.ec\\\/index.php\\\/el-avenidazo-por-independencia-de-portoviejo-puso-a-bailar-y-gozar-a-miles-de-ciudadanos\\\/\",\"url\":\"https:\\\/\\\/www.manabi.gob.ec\\\/index.php\\\/el-avenidazo-por-independencia-de-portoviejo-puso-a-bailar-y-gozar-a-miles-de-ciudadanos\\\/\",\"name\":\"El Avenidazo por Independencia de Portoviejo puso a bailar y gozar a miles de ciudadanos - Prefectura de Manab\u00ed\",\"isPartOf\":{\"@id\":\"https:\\\/\\\/www.manabi.gob.ec\\\/#website\"},\"primaryImageOfPage\":{\"@id\":\"https:\\\/\\\/www.manabi.gob.ec\\\/index.php\\\/el-avenidazo-por-independencia-de-portoviejo-puso-a-bailar-y-gozar-a-miles-de-ciudadanos\\\/#primaryimage\"},\"image\":{\"@id\":\"https:\\\/\\\/www.manabi.gob.ec\\\/index.php\\\/el-avenidazo-por-independencia-de-portoviejo-puso-a-bailar-y-gozar-a-miles-de-ciudadanos\\\/#primaryimage\"},\"thumbnailUrl\":\"https:\\\/\\\/www.manabi.gob.ec\\\/wp-content\\\/uploads\\\/2024\\\/10\\\/WhatsApp-Image-2024-10-21-at-9.02.10-AM.jpeg\",\"datePublished\":\"2024-10-21T14:07:22+00:00\",\"dateModified\":\"2024-10-21T14:07:24+00:00\",\"author\":{\"@id\":\"https:\\\/\\\/www.manabi.gob.ec\\\/#\\\/schema\\\/person\\\/c4f117989332ad723a6ced5994aa7d7a\"},\"breadcrumb\":{\"@id\":\"https:\\\/\\\/www.manabi.gob.ec\\\/index.php\\\/el-avenidazo-por-independencia-de-portoviejo-puso-a-bailar-y-gozar-a-miles-de-ciudadanos\\\/#breadcrumb\"},\"inLanguage\":\"es\",\"potentialAction\":[{\"@type\":\"ReadAction\",\"target\":[\"https:\\\/\\\/www.manabi.gob.ec\\\/index.php\\\/el-avenidazo-por-independencia-de-portoviejo-puso-a-bailar-y-gozar-a-miles-de-ciudadanos\\\/\"]}]},{\"@type\":\"ImageObject\",\"inLanguage\":\"es\",\"@id\":\"https:\\\/\\\/www.manabi.gob.ec\\\/index.php\\\/el-avenidazo-por-independencia-de-portoviejo-puso-a-bailar-y-gozar-a-miles-de-ciudadanos\\\/#primaryimage\",\"url\":\"https:\\\/\\\/www.manabi.gob.ec\\\/wp-content\\\/uploads\\\/2024\\\/10\\\/WhatsApp-Image-2024-10-21-at-9.02.10-AM.jpeg\",\"contentUrl\":\"https:\\\/\\\/www.manabi.gob.ec\\\/wp-content\\\/uploads\\\/2024\\\/10\\\/WhatsApp-Image-2024-10-21-at-9.02.10-AM.jpeg\",\"width\":1600,\"height\":1066},{\"@type\":\"BreadcrumbList\",\"@id\":\"https:\\\/\\\/www.manabi.gob.ec\\\/index.php\\\/el-avenidazo-por-independencia-de-portoviejo-puso-a-bailar-y-gozar-a-miles-de-ciudadanos\\\/#breadcrumb\",\"itemListElement\":[{\"@type\":\"ListItem\",\"position\":1,\"name\":\"Portada\",\"item\":\"https:\\\/\\\/www.manabi.gob.ec\\\/\"},{\"@type\":\"ListItem\",\"position\":2,\"name\":\"El Avenidazo por Independencia de Portoviejo puso a bailar y gozar a miles de ciudadanos\"}]},{\"@type\":\"WebSite\",\"@id\":\"https:\\\/\\\/www.manabi.gob.ec\\\/#website\",\"url\":\"https:\\\/\\\/www.manabi.gob.ec\\\/\",\"name\":\"Prefectura de Manab\u00ed\",\"description\":\"P\u00e1gina web de la prefectura\",\"potentialAction\":[{\"@type\":\"SearchAction\",\"target\":{\"@type\":\"EntryPoint\",\"urlTemplate\":\"https:\\\/\\\/www.manabi.gob.ec\\\/?s={search_term_string}\"},\"query-input\":{\"@type\":\"PropertyValueSpecification\",\"valueRequired\":true,\"valueName\":\"search_term_string\"}}],\"inLanguage\":\"es\"},{\"@type\":\"Person\",\"@id\":\"https:\\\/\\\/www.manabi.gob.ec\\\/#\\\/schema\\\/person\\\/c4f117989332ad723a6ced5994aa7d7a\",\"name\":\"Lui Ochoa\",\"image\":{\"@type\":\"ImageObject\",\"inLanguage\":\"es\",\"@id\":\"https:\\\/\\\/secure.gravatar.com\\\/avatar\\\/6e8017d0fe69dead8a95864d2eb6e1e1d8bf8e01194ba49cf7b897ff038126ba?s=96&d=mm&r=g\",\"url\":\"https:\\\/\\\/secure.gravatar.com\\\/avatar\\\/6e8017d0fe69dead8a95864d2eb6e1e1d8bf8e01194ba49cf7b897ff038126ba?s=96&d=mm&r=g\",\"contentUrl\":\"https:\\\/\\\/secure.gravatar.com\\\/avatar\\\/6e8017d0fe69dead8a95864d2eb6e1e1d8bf8e01194ba49cf7b897ff038126ba?s=96&d=mm&r=g\",\"caption\":\"Lui Ochoa\"},\"url\":\"https:\\\/\\\/www.manabi.gob.ec\\\/index.php\\\/author\\\/lochoa\\\/\"}]}<\/script>\n<!-- \/ Yoast SEO plugin. -->","yoast_head_json":{"title":"El Avenidazo por Independencia de Portoviejo puso a bailar y gozar a miles de ciudadanos - Prefectura de Manab\u00ed","robots":{"index":"index","follow":"follow","max-snippet":"max-snippet:-1","max-image-preview":"max-image-preview:large","max-video-preview":"max-video-preview:-1"},"canonical":"https:\/\/www.manabi.gob.ec\/index.php\/el-avenidazo-por-independencia-de-portoviejo-puso-a-bailar-y-gozar-a-miles-de-ciudadanos\/","og_locale":"es_ES","og_type":"article","og_title":"El Avenidazo por Independencia de Portoviejo puso a bailar y gozar a miles de ciudadanos - Prefectura de Manab\u00ed","og_description":"Con \u00e9xito se desarroll\u00f3, la noche del viernes 18 de octubre, el festival musical conocido como \u201cEl Avenidazo\u201d, en homenaje a los 204 a\u00f1os de independencia pol\u00edtica del cant\u00f3n Portoviejo, el cual es organizado, desde el a\u00f1o 2014, por el Club Social y Recreativo La Esquina de P\u00e9rez. En esta ocasi\u00f3n cont\u00f3 con el apoyo [&hellip;]","og_url":"https:\/\/www.manabi.gob.ec\/index.php\/el-avenidazo-por-independencia-de-portoviejo-puso-a-bailar-y-gozar-a-miles-de-ciudadanos\/","og_site_name":"Prefectura de Manab\u00ed","article_published_time":"2024-10-21T14:07:22+00:00","article_modified_time":"2024-10-21T14:07:24+00:00","og_image":[{"width":1600,"height":1066,"url":"https:\/\/www.manabi.gob.ec\/wp-content\/uploads\/2024\/10\/WhatsApp-Image-2024-10-21-at-9.02.10-AM.jpeg","type":"image\/jpeg"}],"author":"Lui Ochoa","twitter_card":"summary_large_image","twitter_misc":{"Escrito por":"Lui Ochoa","Tiempo de lectura":"2 minutos"},"schema":{"@context":"https:\/\/schema.org","@graph":[{"@type":"Article","@id":"https:\/\/www.manabi.gob.ec\/index.php\/el-avenidazo-por-independencia-de-portoviejo-puso-a-bailar-y-gozar-a-miles-de-ciudadanos\/#article","isPartOf":{"@id":"https:\/\/www.manabi.gob.ec\/index.php\/el-avenidazo-por-independencia-de-portoviejo-puso-a-bailar-y-gozar-a-miles-de-ciudadanos\/"},"author":{"name":"Lui Ochoa","@id":"https:\/\/www.manabi.gob.ec\/#\/schema\/person\/c4f117989332ad723a6ced5994aa7d7a"},"headline":"El Avenidazo por Independencia de Portoviejo puso a bailar y gozar a miles de ciudadanos","datePublished":"2024-10-21T14:07:22+00:00","dateModified":"2024-10-21T14:07:24+00:00","mainEntityOfPage":{"@id":"https:\/\/www.manabi.gob.ec\/index.php\/el-avenidazo-por-independencia-de-portoviejo-puso-a-bailar-y-gozar-a-miles-de-ciudadanos\/"},"wordCount":285,"image":{"@id":"https:\/\/www.manabi.gob.ec\/index.php\/el-avenidazo-por-independencia-de-portoviejo-puso-a-bailar-y-gozar-a-miles-de-ciudadanos\/#primaryimage"},"thumbnailUrl":"https:\/\/www.manabi.gob.ec\/wp-content\/uploads\/2024\/10\/WhatsApp-Image-2024-10-21-at-9.02.10-AM.jpeg","articleSection":["Ambiente","bicentenario","Desarrollo Social","Noticias","Portoviejo","Todas"],"inLanguage":"es"},{"@type":"WebPage","@id":"https:\/\/www.manabi.gob.ec\/index.php\/el-avenidazo-por-independencia-de-portoviejo-puso-a-bailar-y-gozar-a-miles-de-ciudadanos\/","url":"https:\/\/www.manabi.gob.ec\/index.php\/el-avenidazo-por-independencia-de-portoviejo-puso-a-bailar-y-gozar-a-miles-de-ciudadanos\/","name":"El Avenidazo por Independencia de Portoviejo puso a bailar y gozar a miles de ciudadanos - Prefectura de Manab\u00ed","isPartOf":{"@id":"https:\/\/www.manabi.gob.ec\/#website"},"primaryImageOfPage":{"@id":"https:\/\/www.manabi.gob.ec\/index.php\/el-avenidazo-por-independencia-de-portoviejo-puso-a-bailar-y-gozar-a-miles-de-ciudadanos\/#primaryimage"},"image":{"@id":"https:\/\/www.manabi.gob.ec\/index.php\/el-avenidazo-por-independencia-de-portoviejo-puso-a-bailar-y-gozar-a-miles-de-ciudadanos\/#primaryimage"},"thumbnailUrl":"https:\/\/www.manabi.gob.ec\/wp-content\/uploads\/2024\/10\/WhatsApp-Image-2024-10-21-at-9.02.10-AM.jpeg","datePublished":"2024-10-21T14:07:22+00:00","dateModified":"2024-10-21T14:07:24+00:00","author":{"@id":"https:\/\/www.manabi.gob.ec\/#\/schema\/person\/c4f117989332ad723a6ced5994aa7d7a"},"breadcrumb":{"@id":"https:\/\/www.manabi.gob.ec\/index.php\/el-avenidazo-por-independencia-de-portoviejo-puso-a-bailar-y-gozar-a-miles-de-ciudadanos\/#breadcrumb"},"inLanguage":"es","potentialAction":[{"@type":"ReadAction","target":["https:\/\/www.manabi.gob.ec\/index.php\/el-avenidazo-por-independencia-de-portoviejo-puso-a-bailar-y-gozar-a-miles-de-ciudadanos\/"]}]},{"@type":"ImageObject","inLanguage":"es","@id":"https:\/\/www.manabi.gob.ec\/index.php\/el-avenidazo-por-independencia-de-portoviejo-puso-a-bailar-y-gozar-a-miles-de-ciudadanos\/#primaryimage","url":"https:\/\/www.manabi.gob.ec\/wp-content\/uploads\/2024\/10\/WhatsApp-Image-2024-10-21-at-9.02.10-AM.jpeg","contentUrl":"https:\/\/www.manabi.gob.ec\/wp-content\/uploads\/2024\/10\/WhatsApp-Image-2024-10-21-at-9.02.10-AM.jpeg","width":1600,"height":1066},{"@type":"BreadcrumbList","@id":"https:\/\/www.manabi.gob.ec\/index.php\/el-avenidazo-por-independencia-de-portoviejo-puso-a-bailar-y-gozar-a-miles-de-ciudadanos\/#breadcrumb","itemListElement":[{"@type":"ListItem","position":1,"name":"Portada","item":"https:\/\/www.manabi.gob.ec\/"},{"@type":"ListItem","position":2,"name":"El Avenidazo por Independencia de Portoviejo puso a bailar y gozar a miles de ciudadanos"}]},{"@type":"WebSite","@id":"https:\/\/www.manabi.gob.ec\/#website","url":"https:\/\/www.manabi.gob.ec\/","name":"Prefectura de Manab\u00ed","description":"P\u00e1gina web de la prefectura","potentialAction":[{"@type":"SearchAction","target":{"@type":"EntryPoint","urlTemplate":"https:\/\/www.manabi.gob.ec\/?s={search_term_string}"},"query-input":{"@type":"PropertyValueSpecification","valueRequired":true,"valueName":"search_term_string"}}],"inLanguage":"es"},{"@type":"Person","@id":"https:\/\/www.manabi.gob.ec\/#\/schema\/person\/c4f117989332ad723a6ced5994aa7d7a","name":"Lui Ochoa","image":{"@type":"ImageObject","inLanguage":"es","@id":"https:\/\/secure.gravatar.com\/avatar\/6e8017d0fe69dead8a95864d2eb6e1e1d8bf8e01194ba49cf7b897ff038126ba?s=96&d=mm&r=g","url":"https:\/\/secure.gravatar.com\/avatar\/6e8017d0fe69dead8a95864d2eb6e1e1d8bf8e01194ba49cf7b897ff038126ba?s=96&d=mm&r=g","contentUrl":"https:\/\/secure.gravatar.com\/avatar\/6e8017d0fe69dead8a95864d2eb6e1e1d8bf8e01194ba49cf7b897ff038126ba?s=96&d=mm&r=g","caption":"Lui Ochoa"},"url":"https:\/\/www.manabi.gob.ec\/index.php\/author\/lochoa\/"}]}},"jetpack_featured_media_url":"https:\/\/www.manabi.gob.ec\/wp-content\/uploads\/2024\/10\/WhatsApp-Image-2024-10-21-at-9.02.10-AM.jpeg","_links":{"self":[{"href":"https:\/\/www.manabi.gob.ec\/index.php\/wp-json\/wp\/v2\/posts\/29124","targetHints":{"allow":["GET"]}}],"collection":[{"href":"https:\/\/www.manabi.gob.ec\/index.php\/wp-json\/wp\/v2\/posts"}],"about":[{"href":"https:\/\/www.manabi.gob.ec\/index.php\/wp-json\/wp\/v2\/types\/post"}],"author":[{"embeddable":true,"href":"https:\/\/www.manabi.gob.ec\/index.php\/wp-json\/wp\/v2\/users\/10"}],"replies":[{"embeddable":true,"href":"https:\/\/www.manabi.gob.ec\/index.php\/wp-json\/wp\/v2\/comments?post=29124"}],"version-history":[{"count":1,"href":"https:\/\/www.manabi.gob.ec\/index.php\/wp-json\/wp\/v2\/posts\/29124\/revisions"}],"predecessor-version":[{"id":29126,"href":"https:\/\/www.manabi.gob.ec\/index.php\/wp-json\/wp\/v2\/posts\/29124\/revisions\/29126"}],"wp:featuredmedia":[{"embeddable":true,"href":"https:\/\/www.manabi.gob.ec\/index.php\/wp-json\/wp\/v2\/media\/29125"}],"wp:attachment":[{"href":"https:\/\/www.manabi.gob.ec\/index.php\/wp-json\/wp\/v2\/media?parent=29124"}],"wp:term":[{"taxonomy":"category","embeddable":true,"href":"https:\/\/www.manabi.gob.ec\/index.php\/wp-json\/wp\/v2\/categories?post=29124"},{"taxonomy":"post_tag","embeddable":true,"href":"https:\/\/www.manabi.gob.ec\/index.php\/wp-json\/wp\/v2\/tags?post=29124"}],"curies":[{"name":"wp","href":"https:\/\/api.w.org\/{rel}","templated":true}]}}