{"id":29127,"date":"2024-10-21T17:08:19","date_gmt":"2024-10-21T17:08:19","guid":{"rendered":"https:\/\/www.manabi.gob.ec\/?p=29127"},"modified":"2024-10-21T17:08:21","modified_gmt":"2024-10-21T17:08:21","slug":"felicidades-rutas-portovejenses","status":"publish","type":"post","link":"https:\/\/www.manabi.gob.ec\/index.php\/felicidades-rutas-portovejenses\/","title":{"rendered":"\u00a1Felicidades Rutas Portovejenses!"},"content":{"rendered":"\n<p><\/p>\n\n\n\n<p> Rutas Portovejenses, han contribuido decidida y positivamente al desarrollo no solo de Portoviejo, sino de Manab\u00ed, y, su integraci\u00f3n con la hermana provincia del Guayas, manifest\u00f3 el prefecto, Leonardo Orlando, durante la sesi\u00f3n solemne por el trig\u00e9simo aniversario de la Cooperativa de Transporte Rutas Portovejenses.<\/p>\n\n\n\n<p>El Prefecto, dijo que est\u00e1 realizado el proceso de socializaci\u00f3n de las v\u00edas del Bicentenario, un proyecto in\u00e9dito, con una inversi\u00f3n hist\u00f3rica de 53.4 millones de d\u00f3lares. Adem\u00e1s, indic\u00f3 que existen dos proyectos m\u00e1s que se van a implementar en Manab\u00ed, gracias a la Cooperaci\u00f3n Internacional, como la Primera Ruta Log\u00edstica del Ecuador y el Primer Sistema de Transporte Inteligente.<\/p>\n\n\n\n<p>Francisco Sabando Centeno, presidente de la Cooperativa de Transporte Rutas Portovejenses, reconoci\u00f3 y valor\u00f3 el esfuerzo de todos los socios, y de quienes son parte fundamental de la Cooperativa de Transporte.<\/p>\n\n\n\n<p>Hoy conmemoramos el esfuerzo de todos, con uni\u00f3n y determinaci\u00f3n seguiremos transportando sue\u00f1os y esperanza. La misi\u00f3n es seguir sirviendo a los manabitas, indic\u00f3 Sabando.<\/p>\n\n\n\n<p>Como reconocimiento y gratitud, el prefecto Leonardo Orlando, la presidenta de la Asamblea, Viviana Veloz, y varios asamble\u00edstas recibieron un bot\u00f3n con el logo de Rutas Portovejenses.<\/p>\n\n\n\n<p><\/p>\n","protected":false},"excerpt":{"rendered":"<p>Rutas Portovejenses, han contribuido decidida y positivamente al desarrollo no solo de Portoviejo, sino de Manab\u00ed, y, su integraci\u00f3n con la hermana provincia del Guayas, manifest\u00f3 el prefecto, Leonardo Orlando, durante la sesi\u00f3n solemne por el trig\u00e9simo aniversario de la Cooperativa de Transporte Rutas Portovejenses. El Prefecto, dijo que est\u00e1 realizado el proceso de socializaci\u00f3n [&hellip;]<\/p>\n","protected":false},"author":10,"featured_media":29128,"comment_status":"closed","ping_status":"closed","sticky":false,"template":"","format":"standard","meta":{"_joinchat":[],"footnotes":""},"categories":[150,343,142,92,132,91],"tags":[],"class_list":["post-29127","post","type-post","status-publish","format-standard","has-post-thumbnail","hentry","category-ambiente","category-bicentenario","category-desarrollo-social","category-noticias-manabi","category-portoviejo","category-todas"],"yoast_head":"<!-- This site is optimized with the Yoast SEO plugin v27.4 - https:\/\/yoast.com\/product\/yoast-seo-wordpress\/ -->\n<title>\u00a1Felicidades Rutas Portovejenses! - Prefectura de Manab\u00ed<\/title>\n<meta name=\"robots\" content=\"index, follow, max-snippet:-1, max-image-preview:large, max-video-preview:-1\" \/>\n<link rel=\"canonical\" href=\"https:\/\/www.manabi.gob.ec\/index.php\/felicidades-rutas-portovejenses\/\" \/>\n<meta property=\"og:locale\" content=\"es_ES\" \/>\n<meta property=\"og:type\" content=\"article\" \/>\n<meta property=\"og:title\" content=\"\u00a1Felicidades Rutas Portovejenses! - Prefectura de Manab\u00ed\" \/>\n<meta property=\"og:description\" content=\"Rutas Portovejenses, han contribuido decidida y positivamente al desarrollo no solo de Portoviejo, sino de Manab\u00ed, y, su integraci\u00f3n con la hermana provincia del Guayas, manifest\u00f3 el prefecto, Leonardo Orlando, durante la sesi\u00f3n solemne por el trig\u00e9simo aniversario de la Cooperativa de Transporte Rutas Portovejenses. El Prefecto, dijo que est\u00e1 realizado el proceso de socializaci\u00f3n [&hellip;]\" \/>\n<meta property=\"og:url\" content=\"https:\/\/www.manabi.gob.ec\/index.php\/felicidades-rutas-portovejenses\/\" \/>\n<meta property=\"og:site_name\" content=\"Prefectura de Manab\u00ed\" \/>\n<meta property=\"article:published_time\" content=\"2024-10-21T17:08:19+00:00\" \/>\n<meta property=\"article:modified_time\" content=\"2024-10-21T17:08:21+00:00\" \/>\n<meta property=\"og:image\" content=\"https:\/\/www.manabi.gob.ec\/wp-content\/uploads\/2024\/10\/WhatsApp-Image-2024-10-21-at-9.16.11-AM.jpeg\" \/>\n\t<meta property=\"og:image:width\" content=\"1600\" \/>\n\t<meta property=\"og:image:height\" content=\"1066\" \/>\n\t<meta property=\"og:image:type\" content=\"image\/jpeg\" \/>\n<meta name=\"author\" content=\"Lui Ochoa\" \/>\n<meta name=\"twitter:card\" content=\"summary_large_image\" \/>\n<meta name=\"twitter:label1\" content=\"Escrito por\" \/>\n\t<meta name=\"twitter:data1\" content=\"Lui Ochoa\" \/>\n\t<meta name=\"twitter:label2\" content=\"Tiempo de lectura\" \/>\n\t<meta name=\"twitter:data2\" content=\"2 minutos\" \/>\n<script type=\"application\/ld+json\" class=\"yoast-schema-graph\">{\"@context\":\"https:\\\/\\\/schema.org\",\"@graph\":[{\"@type\":\"Article\",\"@id\":\"https:\\\/\\\/www.manabi.gob.ec\\\/index.php\\\/felicidades-rutas-portovejenses\\\/#article\",\"isPartOf\":{\"@id\":\"https:\\\/\\\/www.manabi.gob.ec\\\/index.php\\\/felicidades-rutas-portovejenses\\\/\"},\"author\":{\"name\":\"Lui Ochoa\",\"@id\":\"https:\\\/\\\/www.manabi.gob.ec\\\/#\\\/schema\\\/person\\\/c4f117989332ad723a6ced5994aa7d7a\"},\"headline\":\"\u00a1Felicidades Rutas Portovejenses!\",\"datePublished\":\"2024-10-21T17:08:19+00:00\",\"dateModified\":\"2024-10-21T17:08:21+00:00\",\"mainEntityOfPage\":{\"@id\":\"https:\\\/\\\/www.manabi.gob.ec\\\/index.php\\\/felicidades-rutas-portovejenses\\\/\"},\"wordCount\":209,\"image\":{\"@id\":\"https:\\\/\\\/www.manabi.gob.ec\\\/index.php\\\/felicidades-rutas-portovejenses\\\/#primaryimage\"},\"thumbnailUrl\":\"https:\\\/\\\/www.manabi.gob.ec\\\/wp-content\\\/uploads\\\/2024\\\/10\\\/WhatsApp-Image-2024-10-21-at-9.16.11-AM.jpeg\",\"articleSection\":[\"Ambiente\",\"bicentenario\",\"Desarrollo Social\",\"Noticias\",\"Portoviejo\",\"Todas\"],\"inLanguage\":\"es\"},{\"@type\":\"WebPage\",\"@id\":\"https:\\\/\\\/www.manabi.gob.ec\\\/index.php\\\/felicidades-rutas-portovejenses\\\/\",\"url\":\"https:\\\/\\\/www.manabi.gob.ec\\\/index.php\\\/felicidades-rutas-portovejenses\\\/\",\"name\":\"\u00a1Felicidades Rutas Portovejenses! - Prefectura de Manab\u00ed\",\"isPartOf\":{\"@id\":\"https:\\\/\\\/www.manabi.gob.ec\\\/#website\"},\"primaryImageOfPage\":{\"@id\":\"https:\\\/\\\/www.manabi.gob.ec\\\/index.php\\\/felicidades-rutas-portovejenses\\\/#primaryimage\"},\"image\":{\"@id\":\"https:\\\/\\\/www.manabi.gob.ec\\\/index.php\\\/felicidades-rutas-portovejenses\\\/#primaryimage\"},\"thumbnailUrl\":\"https:\\\/\\\/www.manabi.gob.ec\\\/wp-content\\\/uploads\\\/2024\\\/10\\\/WhatsApp-Image-2024-10-21-at-9.16.11-AM.jpeg\",\"datePublished\":\"2024-10-21T17:08:19+00:00\",\"dateModified\":\"2024-10-21T17:08:21+00:00\",\"author\":{\"@id\":\"https:\\\/\\\/www.manabi.gob.ec\\\/#\\\/schema\\\/person\\\/c4f117989332ad723a6ced5994aa7d7a\"},\"breadcrumb\":{\"@id\":\"https:\\\/\\\/www.manabi.gob.ec\\\/index.php\\\/felicidades-rutas-portovejenses\\\/#breadcrumb\"},\"inLanguage\":\"es\",\"potentialAction\":[{\"@type\":\"ReadAction\",\"target\":[\"https:\\\/\\\/www.manabi.gob.ec\\\/index.php\\\/felicidades-rutas-portovejenses\\\/\"]}]},{\"@type\":\"ImageObject\",\"inLanguage\":\"es\",\"@id\":\"https:\\\/\\\/www.manabi.gob.ec\\\/index.php\\\/felicidades-rutas-portovejenses\\\/#primaryimage\",\"url\":\"https:\\\/\\\/www.manabi.gob.ec\\\/wp-content\\\/uploads\\\/2024\\\/10\\\/WhatsApp-Image-2024-10-21-at-9.16.11-AM.jpeg\",\"contentUrl\":\"https:\\\/\\\/www.manabi.gob.ec\\\/wp-content\\\/uploads\\\/2024\\\/10\\\/WhatsApp-Image-2024-10-21-at-9.16.11-AM.jpeg\",\"width\":1600,\"height\":1066},{\"@type\":\"BreadcrumbList\",\"@id\":\"https:\\\/\\\/www.manabi.gob.ec\\\/index.php\\\/felicidades-rutas-portovejenses\\\/#breadcrumb\",\"itemListElement\":[{\"@type\":\"ListItem\",\"position\":1,\"name\":\"Portada\",\"item\":\"https:\\\/\\\/www.manabi.gob.ec\\\/\"},{\"@type\":\"ListItem\",\"position\":2,\"name\":\"\u00a1Felicidades Rutas Portovejenses!\"}]},{\"@type\":\"WebSite\",\"@id\":\"https:\\\/\\\/www.manabi.gob.ec\\\/#website\",\"url\":\"https:\\\/\\\/www.manabi.gob.ec\\\/\",\"name\":\"Prefectura de Manab\u00ed\",\"description\":\"P\u00e1gina web de la prefectura\",\"potentialAction\":[{\"@type\":\"SearchAction\",\"target\":{\"@type\":\"EntryPoint\",\"urlTemplate\":\"https:\\\/\\\/www.manabi.gob.ec\\\/?s={search_term_string}\"},\"query-input\":{\"@type\":\"PropertyValueSpecification\",\"valueRequired\":true,\"valueName\":\"search_term_string\"}}],\"inLanguage\":\"es\"},{\"@type\":\"Person\",\"@id\":\"https:\\\/\\\/www.manabi.gob.ec\\\/#\\\/schema\\\/person\\\/c4f117989332ad723a6ced5994aa7d7a\",\"name\":\"Lui Ochoa\",\"image\":{\"@type\":\"ImageObject\",\"inLanguage\":\"es\",\"@id\":\"https:\\\/\\\/secure.gravatar.com\\\/avatar\\\/6e8017d0fe69dead8a95864d2eb6e1e1d8bf8e01194ba49cf7b897ff038126ba?s=96&d=mm&r=g\",\"url\":\"https:\\\/\\\/secure.gravatar.com\\\/avatar\\\/6e8017d0fe69dead8a95864d2eb6e1e1d8bf8e01194ba49cf7b897ff038126ba?s=96&d=mm&r=g\",\"contentUrl\":\"https:\\\/\\\/secure.gravatar.com\\\/avatar\\\/6e8017d0fe69dead8a95864d2eb6e1e1d8bf8e01194ba49cf7b897ff038126ba?s=96&d=mm&r=g\",\"caption\":\"Lui Ochoa\"},\"url\":\"https:\\\/\\\/www.manabi.gob.ec\\\/index.php\\\/author\\\/lochoa\\\/\"}]}<\/script>\n<!-- \/ Yoast SEO plugin. -->","yoast_head_json":{"title":"\u00a1Felicidades Rutas Portovejenses! - Prefectura de Manab\u00ed","robots":{"index":"index","follow":"follow","max-snippet":"max-snippet:-1","max-image-preview":"max-image-preview:large","max-video-preview":"max-video-preview:-1"},"canonical":"https:\/\/www.manabi.gob.ec\/index.php\/felicidades-rutas-portovejenses\/","og_locale":"es_ES","og_type":"article","og_title":"\u00a1Felicidades Rutas Portovejenses! - Prefectura de Manab\u00ed","og_description":"Rutas Portovejenses, han contribuido decidida y positivamente al desarrollo no solo de Portoviejo, sino de Manab\u00ed, y, su integraci\u00f3n con la hermana provincia del Guayas, manifest\u00f3 el prefecto, Leonardo Orlando, durante la sesi\u00f3n solemne por el trig\u00e9simo aniversario de la Cooperativa de Transporte Rutas Portovejenses. El Prefecto, dijo que est\u00e1 realizado el proceso de socializaci\u00f3n [&hellip;]","og_url":"https:\/\/www.manabi.gob.ec\/index.php\/felicidades-rutas-portovejenses\/","og_site_name":"Prefectura de Manab\u00ed","article_published_time":"2024-10-21T17:08:19+00:00","article_modified_time":"2024-10-21T17:08:21+00:00","og_image":[{"width":1600,"height":1066,"url":"https:\/\/www.manabi.gob.ec\/wp-content\/uploads\/2024\/10\/WhatsApp-Image-2024-10-21-at-9.16.11-AM.jpeg","type":"image\/jpeg"}],"author":"Lui Ochoa","twitter_card":"summary_large_image","twitter_misc":{"Escrito por":"Lui Ochoa","Tiempo de lectura":"2 minutos"},"schema":{"@context":"https:\/\/schema.org","@graph":[{"@type":"Article","@id":"https:\/\/www.manabi.gob.ec\/index.php\/felicidades-rutas-portovejenses\/#article","isPartOf":{"@id":"https:\/\/www.manabi.gob.ec\/index.php\/felicidades-rutas-portovejenses\/"},"author":{"name":"Lui Ochoa","@id":"https:\/\/www.manabi.gob.ec\/#\/schema\/person\/c4f117989332ad723a6ced5994aa7d7a"},"headline":"\u00a1Felicidades Rutas Portovejenses!","datePublished":"2024-10-21T17:08:19+00:00","dateModified":"2024-10-21T17:08:21+00:00","mainEntityOfPage":{"@id":"https:\/\/www.manabi.gob.ec\/index.php\/felicidades-rutas-portovejenses\/"},"wordCount":209,"image":{"@id":"https:\/\/www.manabi.gob.ec\/index.php\/felicidades-rutas-portovejenses\/#primaryimage"},"thumbnailUrl":"https:\/\/www.manabi.gob.ec\/wp-content\/uploads\/2024\/10\/WhatsApp-Image-2024-10-21-at-9.16.11-AM.jpeg","articleSection":["Ambiente","bicentenario","Desarrollo Social","Noticias","Portoviejo","Todas"],"inLanguage":"es"},{"@type":"WebPage","@id":"https:\/\/www.manabi.gob.ec\/index.php\/felicidades-rutas-portovejenses\/","url":"https:\/\/www.manabi.gob.ec\/index.php\/felicidades-rutas-portovejenses\/","name":"\u00a1Felicidades Rutas Portovejenses! - Prefectura de Manab\u00ed","isPartOf":{"@id":"https:\/\/www.manabi.gob.ec\/#website"},"primaryImageOfPage":{"@id":"https:\/\/www.manabi.gob.ec\/index.php\/felicidades-rutas-portovejenses\/#primaryimage"},"image":{"@id":"https:\/\/www.manabi.gob.ec\/index.php\/felicidades-rutas-portovejenses\/#primaryimage"},"thumbnailUrl":"https:\/\/www.manabi.gob.ec\/wp-content\/uploads\/2024\/10\/WhatsApp-Image-2024-10-21-at-9.16.11-AM.jpeg","datePublished":"2024-10-21T17:08:19+00:00","dateModified":"2024-10-21T17:08:21+00:00","author":{"@id":"https:\/\/www.manabi.gob.ec\/#\/schema\/person\/c4f117989332ad723a6ced5994aa7d7a"},"breadcrumb":{"@id":"https:\/\/www.manabi.gob.ec\/index.php\/felicidades-rutas-portovejenses\/#breadcrumb"},"inLanguage":"es","potentialAction":[{"@type":"ReadAction","target":["https:\/\/www.manabi.gob.ec\/index.php\/felicidades-rutas-portovejenses\/"]}]},{"@type":"ImageObject","inLanguage":"es","@id":"https:\/\/www.manabi.gob.ec\/index.php\/felicidades-rutas-portovejenses\/#primaryimage","url":"https:\/\/www.manabi.gob.ec\/wp-content\/uploads\/2024\/10\/WhatsApp-Image-2024-10-21-at-9.16.11-AM.jpeg","contentUrl":"https:\/\/www.manabi.gob.ec\/wp-content\/uploads\/2024\/10\/WhatsApp-Image-2024-10-21-at-9.16.11-AM.jpeg","width":1600,"height":1066},{"@type":"BreadcrumbList","@id":"https:\/\/www.manabi.gob.ec\/index.php\/felicidades-rutas-portovejenses\/#breadcrumb","itemListElement":[{"@type":"ListItem","position":1,"name":"Portada","item":"https:\/\/www.manabi.gob.ec\/"},{"@type":"ListItem","position":2,"name":"\u00a1Felicidades Rutas Portovejenses!"}]},{"@type":"WebSite","@id":"https:\/\/www.manabi.gob.ec\/#website","url":"https:\/\/www.manabi.gob.ec\/","name":"Prefectura de Manab\u00ed","description":"P\u00e1gina web de la prefectura","potentialAction":[{"@type":"SearchAction","target":{"@type":"EntryPoint","urlTemplate":"https:\/\/www.manabi.gob.ec\/?s={search_term_string}"},"query-input":{"@type":"PropertyValueSpecification","valueRequired":true,"valueName":"search_term_string"}}],"inLanguage":"es"},{"@type":"Person","@id":"https:\/\/www.manabi.gob.ec\/#\/schema\/person\/c4f117989332ad723a6ced5994aa7d7a","name":"Lui Ochoa","image":{"@type":"ImageObject","inLanguage":"es","@id":"https:\/\/secure.gravatar.com\/avatar\/6e8017d0fe69dead8a95864d2eb6e1e1d8bf8e01194ba49cf7b897ff038126ba?s=96&d=mm&r=g","url":"https:\/\/secure.gravatar.com\/avatar\/6e8017d0fe69dead8a95864d2eb6e1e1d8bf8e01194ba49cf7b897ff038126ba?s=96&d=mm&r=g","contentUrl":"https:\/\/secure.gravatar.com\/avatar\/6e8017d0fe69dead8a95864d2eb6e1e1d8bf8e01194ba49cf7b897ff038126ba?s=96&d=mm&r=g","caption":"Lui Ochoa"},"url":"https:\/\/www.manabi.gob.ec\/index.php\/author\/lochoa\/"}]}},"jetpack_featured_media_url":"https:\/\/www.manabi.gob.ec\/wp-content\/uploads\/2024\/10\/WhatsApp-Image-2024-10-21-at-9.16.11-AM.jpeg","_links":{"self":[{"href":"https:\/\/www.manabi.gob.ec\/index.php\/wp-json\/wp\/v2\/posts\/29127","targetHints":{"allow":["GET"]}}],"collection":[{"href":"https:\/\/www.manabi.gob.ec\/index.php\/wp-json\/wp\/v2\/posts"}],"about":[{"href":"https:\/\/www.manabi.gob.ec\/index.php\/wp-json\/wp\/v2\/types\/post"}],"author":[{"embeddable":true,"href":"https:\/\/www.manabi.gob.ec\/index.php\/wp-json\/wp\/v2\/users\/10"}],"replies":[{"embeddable":true,"href":"https:\/\/www.manabi.gob.ec\/index.php\/wp-json\/wp\/v2\/comments?post=29127"}],"version-history":[{"count":1,"href":"https:\/\/www.manabi.gob.ec\/index.php\/wp-json\/wp\/v2\/posts\/29127\/revisions"}],"predecessor-version":[{"id":29129,"href":"https:\/\/www.manabi.gob.ec\/index.php\/wp-json\/wp\/v2\/posts\/29127\/revisions\/29129"}],"wp:featuredmedia":[{"embeddable":true,"href":"https:\/\/www.manabi.gob.ec\/index.php\/wp-json\/wp\/v2\/media\/29128"}],"wp:attachment":[{"href":"https:\/\/www.manabi.gob.ec\/index.php\/wp-json\/wp\/v2\/media?parent=29127"}],"wp:term":[{"taxonomy":"category","embeddable":true,"href":"https:\/\/www.manabi.gob.ec\/index.php\/wp-json\/wp\/v2\/categories?post=29127"},{"taxonomy":"post_tag","embeddable":true,"href":"https:\/\/www.manabi.gob.ec\/index.php\/wp-json\/wp\/v2\/tags?post=29127"}],"curies":[{"name":"wp","href":"https:\/\/api.w.org\/{rel}","templated":true}]}}