{"id":29158,"date":"2024-10-26T15:31:29","date_gmt":"2024-10-26T15:31:29","guid":{"rendered":"https:\/\/www.manabi.gob.ec\/?p=29158"},"modified":"2024-10-26T15:31:29","modified_gmt":"2024-10-26T15:31:29","slug":"el-plan-bicentenario-de-una-gastronomia-milenaria-se-presento-al-jurado-internacional-del-igcat","status":"publish","type":"post","link":"https:\/\/www.manabi.gob.ec\/index.php\/el-plan-bicentenario-de-una-gastronomia-milenaria-se-presento-al-jurado-internacional-del-igcat\/","title":{"rendered":"El Plan Bicentenario de una Gastronom\u00eda Milenaria se present\u00f3 al jurado internacional del IGCAT"},"content":{"rendered":"\n<p class=\"p1\">\u00abLa gastronom\u00eda es arte, cultura, producci\u00f3n, naturaleza, y el mayor catalizador e impulsador del turismo sostenible\u00bb, sostuvo el prefecto Leonardo Orlando,&nbsp; durante la presentaci\u00f3n del Plan Bicentenario de una Gastronom\u00eda Milenaria que se realiz\u00f3 en la Universidad Laica Eloy Alfaro de Manta, el jueves 24 de octubre.<\/p>\n\n\n\n<p class=\"p1\">Orazio Belletini, director ejecutivo de Fuegos, fue el encargado de presentar el plan al jurado calificador.<\/p>\n\n\n\n<p class=\"p1\">\u00abEs&nbsp; importante tener este reconocimiento a nivel internacional, porque el mundo viene a Manab\u00ed, se abren los mercados, se expanden y crean m\u00e1s oportunidades para los j\u00f3venes,&nbsp; el efecto de dignidad y autoestima colectiva ser\u00e1 notorio y mucho m\u00e1s grande\u00bb, enfatiz\u00f3 Belletine.<\/p>\n\n\n\n<p class=\"p1\">Ha sido muy bien explicado el plan. Es un sue\u00f1o que compartimos en muchas regiones. Es un sue\u00f1o de una vida sana para nuestros cuerpos y el medio ambiente, dijo Diane Dodd, presidenta de IGCAT.<\/p>\n\n\n\n<p class=\"p1\">\u00abNuestros ancestros han sido muy sabios, debemos mirar hacia atr\u00e1s para ir a un futuro m\u00e1s sostenible y regenerativo\u00bb, precis\u00f3 Dodd.<\/p>\n\n\n\n<p class=\"p1\">El Plan Bicentenario de una Gastronom\u00eda Milenaria, contiene 8 programas y 19 proyectos, y cinco a\u00f1os para su&nbsp; ejecuci\u00f3n.<\/p>\n","protected":false},"excerpt":{"rendered":"<p>\u00abLa gastronom\u00eda es arte, cultura, producci\u00f3n, naturaleza, y el mayor catalizador e impulsador del turismo sostenible\u00bb, sostuvo el prefecto Leonardo Orlando,&nbsp; durante la presentaci\u00f3n del Plan Bicentenario de una Gastronom\u00eda Milenaria que se realiz\u00f3 en la Universidad Laica Eloy Alfaro de Manta, el jueves 24 de octubre. Orazio Belletini, director ejecutivo de Fuegos, fue el [&hellip;]<\/p>\n","protected":false},"author":10,"featured_media":29157,"comment_status":"closed","ping_status":"","sticky":false,"template":"","format":"standard","meta":{"_joinchat":[],"footnotes":""},"categories":[150,343,142,156,92,91],"tags":[],"class_list":["post-29158","post","type-post","status-publish","format-standard","has-post-thumbnail","hentry","category-ambiente","category-bicentenario","category-desarrollo-social","category-manta","category-noticias-manabi","category-todas"],"yoast_head":"<!-- This site is optimized with the Yoast SEO plugin v27.4 - https:\/\/yoast.com\/product\/yoast-seo-wordpress\/ -->\n<title>El Plan Bicentenario de una Gastronom\u00eda Milenaria se present\u00f3 al jurado internacional del IGCAT - Prefectura de Manab\u00ed<\/title>\n<meta name=\"robots\" content=\"index, follow, max-snippet:-1, max-image-preview:large, max-video-preview:-1\" \/>\n<link rel=\"canonical\" href=\"https:\/\/www.manabi.gob.ec\/index.php\/el-plan-bicentenario-de-una-gastronomia-milenaria-se-presento-al-jurado-internacional-del-igcat\/\" \/>\n<meta property=\"og:locale\" content=\"es_ES\" \/>\n<meta property=\"og:type\" content=\"article\" \/>\n<meta property=\"og:title\" content=\"El Plan Bicentenario de una Gastronom\u00eda Milenaria se present\u00f3 al jurado internacional del IGCAT - Prefectura de Manab\u00ed\" \/>\n<meta property=\"og:description\" content=\"\u00abLa gastronom\u00eda es arte, cultura, producci\u00f3n, naturaleza, y el mayor catalizador e impulsador del turismo sostenible\u00bb, sostuvo el prefecto Leonardo Orlando,&nbsp; durante la presentaci\u00f3n del Plan Bicentenario de una Gastronom\u00eda Milenaria que se realiz\u00f3 en la Universidad Laica Eloy Alfaro de Manta, el jueves 24 de octubre. Orazio Belletini, director ejecutivo de Fuegos, fue el [&hellip;]\" \/>\n<meta property=\"og:url\" content=\"https:\/\/www.manabi.gob.ec\/index.php\/el-plan-bicentenario-de-una-gastronomia-milenaria-se-presento-al-jurado-internacional-del-igcat\/\" \/>\n<meta property=\"og:site_name\" content=\"Prefectura de Manab\u00ed\" \/>\n<meta property=\"article:published_time\" content=\"2024-10-26T15:31:29+00:00\" \/>\n<meta property=\"og:image\" content=\"https:\/\/www.manabi.gob.ec\/wp-content\/uploads\/2024\/10\/e79dc298-5748-4798-b9b0-23d14eed015c-1.jpg\" \/>\n\t<meta property=\"og:image:width\" content=\"2000\" \/>\n\t<meta property=\"og:image:height\" content=\"1333\" \/>\n\t<meta property=\"og:image:type\" content=\"image\/jpeg\" \/>\n<meta name=\"author\" content=\"Lui Ochoa\" \/>\n<meta name=\"twitter:card\" content=\"summary_large_image\" \/>\n<meta name=\"twitter:label1\" content=\"Escrito por\" \/>\n\t<meta name=\"twitter:data1\" content=\"Lui Ochoa\" \/>\n\t<meta name=\"twitter:label2\" content=\"Tiempo de lectura\" \/>\n\t<meta name=\"twitter:data2\" content=\"1 minuto\" \/>\n<script type=\"application\/ld+json\" class=\"yoast-schema-graph\">{\"@context\":\"https:\\\/\\\/schema.org\",\"@graph\":[{\"@type\":\"Article\",\"@id\":\"https:\\\/\\\/www.manabi.gob.ec\\\/index.php\\\/el-plan-bicentenario-de-una-gastronomia-milenaria-se-presento-al-jurado-internacional-del-igcat\\\/#article\",\"isPartOf\":{\"@id\":\"https:\\\/\\\/www.manabi.gob.ec\\\/index.php\\\/el-plan-bicentenario-de-una-gastronomia-milenaria-se-presento-al-jurado-internacional-del-igcat\\\/\"},\"author\":{\"name\":\"Lui Ochoa\",\"@id\":\"https:\\\/\\\/www.manabi.gob.ec\\\/#\\\/schema\\\/person\\\/c4f117989332ad723a6ced5994aa7d7a\"},\"headline\":\"El Plan Bicentenario de una Gastronom\u00eda Milenaria se present\u00f3 al jurado internacional del IGCAT\",\"datePublished\":\"2024-10-26T15:31:29+00:00\",\"mainEntityOfPage\":{\"@id\":\"https:\\\/\\\/www.manabi.gob.ec\\\/index.php\\\/el-plan-bicentenario-de-una-gastronomia-milenaria-se-presento-al-jurado-internacional-del-igcat\\\/\"},\"wordCount\":210,\"image\":{\"@id\":\"https:\\\/\\\/www.manabi.gob.ec\\\/index.php\\\/el-plan-bicentenario-de-una-gastronomia-milenaria-se-presento-al-jurado-internacional-del-igcat\\\/#primaryimage\"},\"thumbnailUrl\":\"https:\\\/\\\/www.manabi.gob.ec\\\/wp-content\\\/uploads\\\/2024\\\/10\\\/e79dc298-5748-4798-b9b0-23d14eed015c-1.jpg\",\"articleSection\":[\"Ambiente\",\"bicentenario\",\"Desarrollo Social\",\"Manta\",\"Noticias\",\"Todas\"],\"inLanguage\":\"es\"},{\"@type\":\"WebPage\",\"@id\":\"https:\\\/\\\/www.manabi.gob.ec\\\/index.php\\\/el-plan-bicentenario-de-una-gastronomia-milenaria-se-presento-al-jurado-internacional-del-igcat\\\/\",\"url\":\"https:\\\/\\\/www.manabi.gob.ec\\\/index.php\\\/el-plan-bicentenario-de-una-gastronomia-milenaria-se-presento-al-jurado-internacional-del-igcat\\\/\",\"name\":\"El Plan Bicentenario de una Gastronom\u00eda Milenaria se present\u00f3 al jurado internacional del IGCAT - Prefectura de Manab\u00ed\",\"isPartOf\":{\"@id\":\"https:\\\/\\\/www.manabi.gob.ec\\\/#website\"},\"primaryImageOfPage\":{\"@id\":\"https:\\\/\\\/www.manabi.gob.ec\\\/index.php\\\/el-plan-bicentenario-de-una-gastronomia-milenaria-se-presento-al-jurado-internacional-del-igcat\\\/#primaryimage\"},\"image\":{\"@id\":\"https:\\\/\\\/www.manabi.gob.ec\\\/index.php\\\/el-plan-bicentenario-de-una-gastronomia-milenaria-se-presento-al-jurado-internacional-del-igcat\\\/#primaryimage\"},\"thumbnailUrl\":\"https:\\\/\\\/www.manabi.gob.ec\\\/wp-content\\\/uploads\\\/2024\\\/10\\\/e79dc298-5748-4798-b9b0-23d14eed015c-1.jpg\",\"datePublished\":\"2024-10-26T15:31:29+00:00\",\"author\":{\"@id\":\"https:\\\/\\\/www.manabi.gob.ec\\\/#\\\/schema\\\/person\\\/c4f117989332ad723a6ced5994aa7d7a\"},\"breadcrumb\":{\"@id\":\"https:\\\/\\\/www.manabi.gob.ec\\\/index.php\\\/el-plan-bicentenario-de-una-gastronomia-milenaria-se-presento-al-jurado-internacional-del-igcat\\\/#breadcrumb\"},\"inLanguage\":\"es\",\"potentialAction\":[{\"@type\":\"ReadAction\",\"target\":[\"https:\\\/\\\/www.manabi.gob.ec\\\/index.php\\\/el-plan-bicentenario-de-una-gastronomia-milenaria-se-presento-al-jurado-internacional-del-igcat\\\/\"]}]},{\"@type\":\"ImageObject\",\"inLanguage\":\"es\",\"@id\":\"https:\\\/\\\/www.manabi.gob.ec\\\/index.php\\\/el-plan-bicentenario-de-una-gastronomia-milenaria-se-presento-al-jurado-internacional-del-igcat\\\/#primaryimage\",\"url\":\"https:\\\/\\\/www.manabi.gob.ec\\\/wp-content\\\/uploads\\\/2024\\\/10\\\/e79dc298-5748-4798-b9b0-23d14eed015c-1.jpg\",\"contentUrl\":\"https:\\\/\\\/www.manabi.gob.ec\\\/wp-content\\\/uploads\\\/2024\\\/10\\\/e79dc298-5748-4798-b9b0-23d14eed015c-1.jpg\",\"width\":2000,\"height\":1333},{\"@type\":\"BreadcrumbList\",\"@id\":\"https:\\\/\\\/www.manabi.gob.ec\\\/index.php\\\/el-plan-bicentenario-de-una-gastronomia-milenaria-se-presento-al-jurado-internacional-del-igcat\\\/#breadcrumb\",\"itemListElement\":[{\"@type\":\"ListItem\",\"position\":1,\"name\":\"Portada\",\"item\":\"https:\\\/\\\/www.manabi.gob.ec\\\/\"},{\"@type\":\"ListItem\",\"position\":2,\"name\":\"El Plan Bicentenario de una Gastronom\u00eda Milenaria se present\u00f3 al jurado internacional del IGCAT\"}]},{\"@type\":\"WebSite\",\"@id\":\"https:\\\/\\\/www.manabi.gob.ec\\\/#website\",\"url\":\"https:\\\/\\\/www.manabi.gob.ec\\\/\",\"name\":\"Prefectura de Manab\u00ed\",\"description\":\"P\u00e1gina web de la prefectura\",\"potentialAction\":[{\"@type\":\"SearchAction\",\"target\":{\"@type\":\"EntryPoint\",\"urlTemplate\":\"https:\\\/\\\/www.manabi.gob.ec\\\/?s={search_term_string}\"},\"query-input\":{\"@type\":\"PropertyValueSpecification\",\"valueRequired\":true,\"valueName\":\"search_term_string\"}}],\"inLanguage\":\"es\"},{\"@type\":\"Person\",\"@id\":\"https:\\\/\\\/www.manabi.gob.ec\\\/#\\\/schema\\\/person\\\/c4f117989332ad723a6ced5994aa7d7a\",\"name\":\"Lui Ochoa\",\"image\":{\"@type\":\"ImageObject\",\"inLanguage\":\"es\",\"@id\":\"https:\\\/\\\/secure.gravatar.com\\\/avatar\\\/6e8017d0fe69dead8a95864d2eb6e1e1d8bf8e01194ba49cf7b897ff038126ba?s=96&d=mm&r=g\",\"url\":\"https:\\\/\\\/secure.gravatar.com\\\/avatar\\\/6e8017d0fe69dead8a95864d2eb6e1e1d8bf8e01194ba49cf7b897ff038126ba?s=96&d=mm&r=g\",\"contentUrl\":\"https:\\\/\\\/secure.gravatar.com\\\/avatar\\\/6e8017d0fe69dead8a95864d2eb6e1e1d8bf8e01194ba49cf7b897ff038126ba?s=96&d=mm&r=g\",\"caption\":\"Lui Ochoa\"},\"url\":\"https:\\\/\\\/www.manabi.gob.ec\\\/index.php\\\/author\\\/lochoa\\\/\"}]}<\/script>\n<!-- \/ Yoast SEO plugin. -->","yoast_head_json":{"title":"El Plan Bicentenario de una Gastronom\u00eda Milenaria se present\u00f3 al jurado internacional del IGCAT - Prefectura de Manab\u00ed","robots":{"index":"index","follow":"follow","max-snippet":"max-snippet:-1","max-image-preview":"max-image-preview:large","max-video-preview":"max-video-preview:-1"},"canonical":"https:\/\/www.manabi.gob.ec\/index.php\/el-plan-bicentenario-de-una-gastronomia-milenaria-se-presento-al-jurado-internacional-del-igcat\/","og_locale":"es_ES","og_type":"article","og_title":"El Plan Bicentenario de una Gastronom\u00eda Milenaria se present\u00f3 al jurado internacional del IGCAT - Prefectura de Manab\u00ed","og_description":"\u00abLa gastronom\u00eda es arte, cultura, producci\u00f3n, naturaleza, y el mayor catalizador e impulsador del turismo sostenible\u00bb, sostuvo el prefecto Leonardo Orlando,&nbsp; durante la presentaci\u00f3n del Plan Bicentenario de una Gastronom\u00eda Milenaria que se realiz\u00f3 en la Universidad Laica Eloy Alfaro de Manta, el jueves 24 de octubre. Orazio Belletini, director ejecutivo de Fuegos, fue el [&hellip;]","og_url":"https:\/\/www.manabi.gob.ec\/index.php\/el-plan-bicentenario-de-una-gastronomia-milenaria-se-presento-al-jurado-internacional-del-igcat\/","og_site_name":"Prefectura de Manab\u00ed","article_published_time":"2024-10-26T15:31:29+00:00","og_image":[{"width":2000,"height":1333,"url":"https:\/\/www.manabi.gob.ec\/wp-content\/uploads\/2024\/10\/e79dc298-5748-4798-b9b0-23d14eed015c-1.jpg","type":"image\/jpeg"}],"author":"Lui Ochoa","twitter_card":"summary_large_image","twitter_misc":{"Escrito por":"Lui Ochoa","Tiempo de lectura":"1 minuto"},"schema":{"@context":"https:\/\/schema.org","@graph":[{"@type":"Article","@id":"https:\/\/www.manabi.gob.ec\/index.php\/el-plan-bicentenario-de-una-gastronomia-milenaria-se-presento-al-jurado-internacional-del-igcat\/#article","isPartOf":{"@id":"https:\/\/www.manabi.gob.ec\/index.php\/el-plan-bicentenario-de-una-gastronomia-milenaria-se-presento-al-jurado-internacional-del-igcat\/"},"author":{"name":"Lui Ochoa","@id":"https:\/\/www.manabi.gob.ec\/#\/schema\/person\/c4f117989332ad723a6ced5994aa7d7a"},"headline":"El Plan Bicentenario de una Gastronom\u00eda Milenaria se present\u00f3 al jurado internacional del IGCAT","datePublished":"2024-10-26T15:31:29+00:00","mainEntityOfPage":{"@id":"https:\/\/www.manabi.gob.ec\/index.php\/el-plan-bicentenario-de-una-gastronomia-milenaria-se-presento-al-jurado-internacional-del-igcat\/"},"wordCount":210,"image":{"@id":"https:\/\/www.manabi.gob.ec\/index.php\/el-plan-bicentenario-de-una-gastronomia-milenaria-se-presento-al-jurado-internacional-del-igcat\/#primaryimage"},"thumbnailUrl":"https:\/\/www.manabi.gob.ec\/wp-content\/uploads\/2024\/10\/e79dc298-5748-4798-b9b0-23d14eed015c-1.jpg","articleSection":["Ambiente","bicentenario","Desarrollo Social","Manta","Noticias","Todas"],"inLanguage":"es"},{"@type":"WebPage","@id":"https:\/\/www.manabi.gob.ec\/index.php\/el-plan-bicentenario-de-una-gastronomia-milenaria-se-presento-al-jurado-internacional-del-igcat\/","url":"https:\/\/www.manabi.gob.ec\/index.php\/el-plan-bicentenario-de-una-gastronomia-milenaria-se-presento-al-jurado-internacional-del-igcat\/","name":"El Plan Bicentenario de una Gastronom\u00eda Milenaria se present\u00f3 al jurado internacional del IGCAT - Prefectura de Manab\u00ed","isPartOf":{"@id":"https:\/\/www.manabi.gob.ec\/#website"},"primaryImageOfPage":{"@id":"https:\/\/www.manabi.gob.ec\/index.php\/el-plan-bicentenario-de-una-gastronomia-milenaria-se-presento-al-jurado-internacional-del-igcat\/#primaryimage"},"image":{"@id":"https:\/\/www.manabi.gob.ec\/index.php\/el-plan-bicentenario-de-una-gastronomia-milenaria-se-presento-al-jurado-internacional-del-igcat\/#primaryimage"},"thumbnailUrl":"https:\/\/www.manabi.gob.ec\/wp-content\/uploads\/2024\/10\/e79dc298-5748-4798-b9b0-23d14eed015c-1.jpg","datePublished":"2024-10-26T15:31:29+00:00","author":{"@id":"https:\/\/www.manabi.gob.ec\/#\/schema\/person\/c4f117989332ad723a6ced5994aa7d7a"},"breadcrumb":{"@id":"https:\/\/www.manabi.gob.ec\/index.php\/el-plan-bicentenario-de-una-gastronomia-milenaria-se-presento-al-jurado-internacional-del-igcat\/#breadcrumb"},"inLanguage":"es","potentialAction":[{"@type":"ReadAction","target":["https:\/\/www.manabi.gob.ec\/index.php\/el-plan-bicentenario-de-una-gastronomia-milenaria-se-presento-al-jurado-internacional-del-igcat\/"]}]},{"@type":"ImageObject","inLanguage":"es","@id":"https:\/\/www.manabi.gob.ec\/index.php\/el-plan-bicentenario-de-una-gastronomia-milenaria-se-presento-al-jurado-internacional-del-igcat\/#primaryimage","url":"https:\/\/www.manabi.gob.ec\/wp-content\/uploads\/2024\/10\/e79dc298-5748-4798-b9b0-23d14eed015c-1.jpg","contentUrl":"https:\/\/www.manabi.gob.ec\/wp-content\/uploads\/2024\/10\/e79dc298-5748-4798-b9b0-23d14eed015c-1.jpg","width":2000,"height":1333},{"@type":"BreadcrumbList","@id":"https:\/\/www.manabi.gob.ec\/index.php\/el-plan-bicentenario-de-una-gastronomia-milenaria-se-presento-al-jurado-internacional-del-igcat\/#breadcrumb","itemListElement":[{"@type":"ListItem","position":1,"name":"Portada","item":"https:\/\/www.manabi.gob.ec\/"},{"@type":"ListItem","position":2,"name":"El Plan Bicentenario de una Gastronom\u00eda Milenaria se present\u00f3 al jurado internacional del IGCAT"}]},{"@type":"WebSite","@id":"https:\/\/www.manabi.gob.ec\/#website","url":"https:\/\/www.manabi.gob.ec\/","name":"Prefectura de Manab\u00ed","description":"P\u00e1gina web de la prefectura","potentialAction":[{"@type":"SearchAction","target":{"@type":"EntryPoint","urlTemplate":"https:\/\/www.manabi.gob.ec\/?s={search_term_string}"},"query-input":{"@type":"PropertyValueSpecification","valueRequired":true,"valueName":"search_term_string"}}],"inLanguage":"es"},{"@type":"Person","@id":"https:\/\/www.manabi.gob.ec\/#\/schema\/person\/c4f117989332ad723a6ced5994aa7d7a","name":"Lui Ochoa","image":{"@type":"ImageObject","inLanguage":"es","@id":"https:\/\/secure.gravatar.com\/avatar\/6e8017d0fe69dead8a95864d2eb6e1e1d8bf8e01194ba49cf7b897ff038126ba?s=96&d=mm&r=g","url":"https:\/\/secure.gravatar.com\/avatar\/6e8017d0fe69dead8a95864d2eb6e1e1d8bf8e01194ba49cf7b897ff038126ba?s=96&d=mm&r=g","contentUrl":"https:\/\/secure.gravatar.com\/avatar\/6e8017d0fe69dead8a95864d2eb6e1e1d8bf8e01194ba49cf7b897ff038126ba?s=96&d=mm&r=g","caption":"Lui Ochoa"},"url":"https:\/\/www.manabi.gob.ec\/index.php\/author\/lochoa\/"}]}},"jetpack_featured_media_url":"https:\/\/www.manabi.gob.ec\/wp-content\/uploads\/2024\/10\/e79dc298-5748-4798-b9b0-23d14eed015c-1.jpg","_links":{"self":[{"href":"https:\/\/www.manabi.gob.ec\/index.php\/wp-json\/wp\/v2\/posts\/29158","targetHints":{"allow":["GET"]}}],"collection":[{"href":"https:\/\/www.manabi.gob.ec\/index.php\/wp-json\/wp\/v2\/posts"}],"about":[{"href":"https:\/\/www.manabi.gob.ec\/index.php\/wp-json\/wp\/v2\/types\/post"}],"author":[{"embeddable":true,"href":"https:\/\/www.manabi.gob.ec\/index.php\/wp-json\/wp\/v2\/users\/10"}],"replies":[{"embeddable":true,"href":"https:\/\/www.manabi.gob.ec\/index.php\/wp-json\/wp\/v2\/comments?post=29158"}],"version-history":[{"count":1,"href":"https:\/\/www.manabi.gob.ec\/index.php\/wp-json\/wp\/v2\/posts\/29158\/revisions"}],"predecessor-version":[{"id":29159,"href":"https:\/\/www.manabi.gob.ec\/index.php\/wp-json\/wp\/v2\/posts\/29158\/revisions\/29159"}],"wp:featuredmedia":[{"embeddable":true,"href":"https:\/\/www.manabi.gob.ec\/index.php\/wp-json\/wp\/v2\/media\/29157"}],"wp:attachment":[{"href":"https:\/\/www.manabi.gob.ec\/index.php\/wp-json\/wp\/v2\/media?parent=29158"}],"wp:term":[{"taxonomy":"category","embeddable":true,"href":"https:\/\/www.manabi.gob.ec\/index.php\/wp-json\/wp\/v2\/categories?post=29158"},{"taxonomy":"post_tag","embeddable":true,"href":"https:\/\/www.manabi.gob.ec\/index.php\/wp-json\/wp\/v2\/tags?post=29158"}],"curies":[{"name":"wp","href":"https:\/\/api.w.org\/{rel}","templated":true}]}}