{"id":29394,"date":"2024-11-25T21:58:47","date_gmt":"2024-11-25T21:58:47","guid":{"rendered":"https:\/\/www.manabi.gob.ec\/?p=29394"},"modified":"2024-11-25T21:58:52","modified_gmt":"2024-11-25T21:58:52","slug":"continuan-trabajos-para-proteger-a-chone-de-temporada-invernal","status":"publish","type":"post","link":"https:\/\/www.manabi.gob.ec\/index.php\/continuan-trabajos-para-proteger-a-chone-de-temporada-invernal\/","title":{"rendered":"Contin\u00faan trabajos para proteger a Chone de temporada invernal\u00a0"},"content":{"rendered":"\n<p>El prefecto de Manab\u00ed, Leonardo Orlando, y la ministra de Ambiente, Agua y Transici\u00f3n Ecol\u00f3gica, In\u00e9s Manzano, supervisaron los avances del Plan de Obras de Prevenci\u00f3n y Mitigaci\u00f3n de Inundaciones del cant\u00f3n Chone.<\/p>\n\n\n\n<p>Durante la jornada, que se desarroll\u00f3 al s\u00e1bado, 23 de noviembre, se inspeccionaron dos tramos de este plan. Se recorri\u00f3 el tramo del canal de encauzamiento del r\u00edo Chone, donde las labores incluyen la limpieza, desazolve y reconformaci\u00f3n del muro, de 6 kil\u00f3metros, que abarca desde el puente El Bejuco hasta el puente Cativo. Se prev\u00e9 que los trabajos en este tramo concluyan en los pr\u00f3ximos d\u00edas.<\/p>\n\n\n\n<p>El segundo tramo supervisado comprende la limpieza, desazolve, reconformaci\u00f3n de taludes y protecci\u00f3n de muros del r\u00edo Chone, de 9,96 kil\u00f3metros, desde el puente El Bejuco hasta el puente El Olimpo.<\/p>\n\n\n\n<p>Desde el pasado 15 de junio, este plan estrat\u00e9gico de 31,41 kil\u00f3metros est\u00e1 siendo ejecutado distribuidos en tres frentes de trabajo:<\/p>\n\n\n\n<p>1. Limpieza y desazolve del r\u00edo Garrapata, desde el sector del puente Garrapata hasta el sector Dos Bocas (15,45 kil\u00f3metros).<\/p>\n\n\n\n<p>2. Limpieza y desazolve del canal de encauzamiento del r\u00edo Chone, desde el puente El Bejuco hasta el puente Cativo (6 kil\u00f3metros).<\/p>\n\n\n\n<p>3. \u2060Limpieza y desazolve del r\u00edo Chone, desde el puente El Bejuco hasta el puente El Olimpo (9,96 kil\u00f3metros).<\/p>\n\n\n\n<p>El monto autorizado del Plan de obras en Chone acorde al Convenio Espec\u00edfico entre el Ministerio de Ambiente, Agua y Transici\u00f3n Ecol\u00f3gica y el GAD Provincial de Manab\u00ed es de $ 11.296.992,51 USD.<\/p>\n","protected":false},"excerpt":{"rendered":"<p>El prefecto de Manab\u00ed, Leonardo Orlando, y la ministra de Ambiente, Agua y Transici\u00f3n Ecol\u00f3gica, In\u00e9s Manzano, supervisaron los avances del Plan de Obras de Prevenci\u00f3n y Mitigaci\u00f3n de Inundaciones del cant\u00f3n Chone. Durante la jornada, que se desarroll\u00f3 al s\u00e1bado, 23 de noviembre, se inspeccionaron dos tramos de este plan. Se recorri\u00f3 el tramo [&hellip;]<\/p>\n","protected":false},"author":10,"featured_media":29395,"comment_status":"closed","ping_status":"closed","sticky":false,"template":"","format":"standard","meta":{"_joinchat":[],"footnotes":""},"categories":[150,343,141,142,92,339,340,89,91],"tags":[],"class_list":["post-29394","post","type-post","status-publish","format-standard","has-post-thumbnail","hentry","category-ambiente","category-bicentenario","category-chone","category-desarrollo-social","category-noticias-manabi","category-plan-invernal","category-plan-invernal-plan-invernal","category-riego-drenaje","category-todas"],"yoast_head":"<!-- This site is optimized with the Yoast SEO plugin v27.4 - https:\/\/yoast.com\/product\/yoast-seo-wordpress\/ -->\n<title>Contin\u00faan trabajos para proteger a Chone de temporada invernal\u00a0 - Prefectura de Manab\u00ed<\/title>\n<meta name=\"robots\" content=\"index, follow, max-snippet:-1, max-image-preview:large, max-video-preview:-1\" \/>\n<link rel=\"canonical\" href=\"https:\/\/www.manabi.gob.ec\/index.php\/continuan-trabajos-para-proteger-a-chone-de-temporada-invernal\/\" \/>\n<meta property=\"og:locale\" content=\"es_ES\" \/>\n<meta property=\"og:type\" content=\"article\" \/>\n<meta property=\"og:title\" content=\"Contin\u00faan trabajos para proteger a Chone de temporada invernal\u00a0 - Prefectura de Manab\u00ed\" \/>\n<meta property=\"og:description\" content=\"El prefecto de Manab\u00ed, Leonardo Orlando, y la ministra de Ambiente, Agua y Transici\u00f3n Ecol\u00f3gica, In\u00e9s Manzano, supervisaron los avances del Plan de Obras de Prevenci\u00f3n y Mitigaci\u00f3n de Inundaciones del cant\u00f3n Chone. Durante la jornada, que se desarroll\u00f3 al s\u00e1bado, 23 de noviembre, se inspeccionaron dos tramos de este plan. Se recorri\u00f3 el tramo [&hellip;]\" \/>\n<meta property=\"og:url\" content=\"https:\/\/www.manabi.gob.ec\/index.php\/continuan-trabajos-para-proteger-a-chone-de-temporada-invernal\/\" \/>\n<meta property=\"og:site_name\" content=\"Prefectura de Manab\u00ed\" \/>\n<meta property=\"article:published_time\" content=\"2024-11-25T21:58:47+00:00\" \/>\n<meta property=\"article:modified_time\" content=\"2024-11-25T21:58:52+00:00\" \/>\n<meta property=\"og:image\" content=\"https:\/\/www.manabi.gob.ec\/wp-content\/uploads\/2024\/11\/WhatsApp-Image-2024-11-25-at-4.40.09-PM.jpeg\" \/>\n\t<meta property=\"og:image:width\" content=\"2560\" \/>\n\t<meta property=\"og:image:height\" content=\"1706\" \/>\n\t<meta property=\"og:image:type\" content=\"image\/jpeg\" \/>\n<meta name=\"author\" content=\"Lui Ochoa\" \/>\n<meta name=\"twitter:card\" content=\"summary_large_image\" \/>\n<meta name=\"twitter:label1\" content=\"Escrito por\" \/>\n\t<meta name=\"twitter:data1\" content=\"Lui Ochoa\" \/>\n\t<meta name=\"twitter:label2\" content=\"Tiempo de lectura\" \/>\n\t<meta name=\"twitter:data2\" content=\"2 minutos\" \/>\n<script type=\"application\/ld+json\" class=\"yoast-schema-graph\">{\"@context\":\"https:\\\/\\\/schema.org\",\"@graph\":[{\"@type\":\"Article\",\"@id\":\"https:\\\/\\\/www.manabi.gob.ec\\\/index.php\\\/continuan-trabajos-para-proteger-a-chone-de-temporada-invernal\\\/#article\",\"isPartOf\":{\"@id\":\"https:\\\/\\\/www.manabi.gob.ec\\\/index.php\\\/continuan-trabajos-para-proteger-a-chone-de-temporada-invernal\\\/\"},\"author\":{\"name\":\"Lui Ochoa\",\"@id\":\"https:\\\/\\\/www.manabi.gob.ec\\\/#\\\/schema\\\/person\\\/c4f117989332ad723a6ced5994aa7d7a\"},\"headline\":\"Contin\u00faan trabajos para proteger a Chone de temporada invernal\u00a0\",\"datePublished\":\"2024-11-25T21:58:47+00:00\",\"dateModified\":\"2024-11-25T21:58:52+00:00\",\"mainEntityOfPage\":{\"@id\":\"https:\\\/\\\/www.manabi.gob.ec\\\/index.php\\\/continuan-trabajos-para-proteger-a-chone-de-temporada-invernal\\\/\"},\"wordCount\":270,\"image\":{\"@id\":\"https:\\\/\\\/www.manabi.gob.ec\\\/index.php\\\/continuan-trabajos-para-proteger-a-chone-de-temporada-invernal\\\/#primaryimage\"},\"thumbnailUrl\":\"https:\\\/\\\/www.manabi.gob.ec\\\/wp-content\\\/uploads\\\/2024\\\/11\\\/WhatsApp-Image-2024-11-25-at-4.40.09-PM.jpeg\",\"articleSection\":[\"Ambiente\",\"bicentenario\",\"Chone\",\"Desarrollo Social\",\"Noticias\",\"Plan Invernal\",\"PLAN INVERNAL\",\"Riego y drenaje\",\"Todas\"],\"inLanguage\":\"es\"},{\"@type\":\"WebPage\",\"@id\":\"https:\\\/\\\/www.manabi.gob.ec\\\/index.php\\\/continuan-trabajos-para-proteger-a-chone-de-temporada-invernal\\\/\",\"url\":\"https:\\\/\\\/www.manabi.gob.ec\\\/index.php\\\/continuan-trabajos-para-proteger-a-chone-de-temporada-invernal\\\/\",\"name\":\"Contin\u00faan trabajos para proteger a Chone de temporada invernal\u00a0 - Prefectura de Manab\u00ed\",\"isPartOf\":{\"@id\":\"https:\\\/\\\/www.manabi.gob.ec\\\/#website\"},\"primaryImageOfPage\":{\"@id\":\"https:\\\/\\\/www.manabi.gob.ec\\\/index.php\\\/continuan-trabajos-para-proteger-a-chone-de-temporada-invernal\\\/#primaryimage\"},\"image\":{\"@id\":\"https:\\\/\\\/www.manabi.gob.ec\\\/index.php\\\/continuan-trabajos-para-proteger-a-chone-de-temporada-invernal\\\/#primaryimage\"},\"thumbnailUrl\":\"https:\\\/\\\/www.manabi.gob.ec\\\/wp-content\\\/uploads\\\/2024\\\/11\\\/WhatsApp-Image-2024-11-25-at-4.40.09-PM.jpeg\",\"datePublished\":\"2024-11-25T21:58:47+00:00\",\"dateModified\":\"2024-11-25T21:58:52+00:00\",\"author\":{\"@id\":\"https:\\\/\\\/www.manabi.gob.ec\\\/#\\\/schema\\\/person\\\/c4f117989332ad723a6ced5994aa7d7a\"},\"breadcrumb\":{\"@id\":\"https:\\\/\\\/www.manabi.gob.ec\\\/index.php\\\/continuan-trabajos-para-proteger-a-chone-de-temporada-invernal\\\/#breadcrumb\"},\"inLanguage\":\"es\",\"potentialAction\":[{\"@type\":\"ReadAction\",\"target\":[\"https:\\\/\\\/www.manabi.gob.ec\\\/index.php\\\/continuan-trabajos-para-proteger-a-chone-de-temporada-invernal\\\/\"]}]},{\"@type\":\"ImageObject\",\"inLanguage\":\"es\",\"@id\":\"https:\\\/\\\/www.manabi.gob.ec\\\/index.php\\\/continuan-trabajos-para-proteger-a-chone-de-temporada-invernal\\\/#primaryimage\",\"url\":\"https:\\\/\\\/www.manabi.gob.ec\\\/wp-content\\\/uploads\\\/2024\\\/11\\\/WhatsApp-Image-2024-11-25-at-4.40.09-PM.jpeg\",\"contentUrl\":\"https:\\\/\\\/www.manabi.gob.ec\\\/wp-content\\\/uploads\\\/2024\\\/11\\\/WhatsApp-Image-2024-11-25-at-4.40.09-PM.jpeg\",\"width\":2560,\"height\":1706},{\"@type\":\"BreadcrumbList\",\"@id\":\"https:\\\/\\\/www.manabi.gob.ec\\\/index.php\\\/continuan-trabajos-para-proteger-a-chone-de-temporada-invernal\\\/#breadcrumb\",\"itemListElement\":[{\"@type\":\"ListItem\",\"position\":1,\"name\":\"Portada\",\"item\":\"https:\\\/\\\/www.manabi.gob.ec\\\/\"},{\"@type\":\"ListItem\",\"position\":2,\"name\":\"Contin\u00faan trabajos para proteger a Chone de temporada invernal\u00a0\"}]},{\"@type\":\"WebSite\",\"@id\":\"https:\\\/\\\/www.manabi.gob.ec\\\/#website\",\"url\":\"https:\\\/\\\/www.manabi.gob.ec\\\/\",\"name\":\"Prefectura de Manab\u00ed\",\"description\":\"P\u00e1gina web de la prefectura\",\"potentialAction\":[{\"@type\":\"SearchAction\",\"target\":{\"@type\":\"EntryPoint\",\"urlTemplate\":\"https:\\\/\\\/www.manabi.gob.ec\\\/?s={search_term_string}\"},\"query-input\":{\"@type\":\"PropertyValueSpecification\",\"valueRequired\":true,\"valueName\":\"search_term_string\"}}],\"inLanguage\":\"es\"},{\"@type\":\"Person\",\"@id\":\"https:\\\/\\\/www.manabi.gob.ec\\\/#\\\/schema\\\/person\\\/c4f117989332ad723a6ced5994aa7d7a\",\"name\":\"Lui Ochoa\",\"image\":{\"@type\":\"ImageObject\",\"inLanguage\":\"es\",\"@id\":\"https:\\\/\\\/secure.gravatar.com\\\/avatar\\\/6e8017d0fe69dead8a95864d2eb6e1e1d8bf8e01194ba49cf7b897ff038126ba?s=96&d=mm&r=g\",\"url\":\"https:\\\/\\\/secure.gravatar.com\\\/avatar\\\/6e8017d0fe69dead8a95864d2eb6e1e1d8bf8e01194ba49cf7b897ff038126ba?s=96&d=mm&r=g\",\"contentUrl\":\"https:\\\/\\\/secure.gravatar.com\\\/avatar\\\/6e8017d0fe69dead8a95864d2eb6e1e1d8bf8e01194ba49cf7b897ff038126ba?s=96&d=mm&r=g\",\"caption\":\"Lui Ochoa\"},\"url\":\"https:\\\/\\\/www.manabi.gob.ec\\\/index.php\\\/author\\\/lochoa\\\/\"}]}<\/script>\n<!-- \/ Yoast SEO plugin. -->","yoast_head_json":{"title":"Contin\u00faan trabajos para proteger a Chone de temporada invernal\u00a0 - Prefectura de Manab\u00ed","robots":{"index":"index","follow":"follow","max-snippet":"max-snippet:-1","max-image-preview":"max-image-preview:large","max-video-preview":"max-video-preview:-1"},"canonical":"https:\/\/www.manabi.gob.ec\/index.php\/continuan-trabajos-para-proteger-a-chone-de-temporada-invernal\/","og_locale":"es_ES","og_type":"article","og_title":"Contin\u00faan trabajos para proteger a Chone de temporada invernal\u00a0 - Prefectura de Manab\u00ed","og_description":"El prefecto de Manab\u00ed, Leonardo Orlando, y la ministra de Ambiente, Agua y Transici\u00f3n Ecol\u00f3gica, In\u00e9s Manzano, supervisaron los avances del Plan de Obras de Prevenci\u00f3n y Mitigaci\u00f3n de Inundaciones del cant\u00f3n Chone. Durante la jornada, que se desarroll\u00f3 al s\u00e1bado, 23 de noviembre, se inspeccionaron dos tramos de este plan. Se recorri\u00f3 el tramo [&hellip;]","og_url":"https:\/\/www.manabi.gob.ec\/index.php\/continuan-trabajos-para-proteger-a-chone-de-temporada-invernal\/","og_site_name":"Prefectura de Manab\u00ed","article_published_time":"2024-11-25T21:58:47+00:00","article_modified_time":"2024-11-25T21:58:52+00:00","og_image":[{"width":2560,"height":1706,"url":"https:\/\/www.manabi.gob.ec\/wp-content\/uploads\/2024\/11\/WhatsApp-Image-2024-11-25-at-4.40.09-PM.jpeg","type":"image\/jpeg"}],"author":"Lui Ochoa","twitter_card":"summary_large_image","twitter_misc":{"Escrito por":"Lui Ochoa","Tiempo de lectura":"2 minutos"},"schema":{"@context":"https:\/\/schema.org","@graph":[{"@type":"Article","@id":"https:\/\/www.manabi.gob.ec\/index.php\/continuan-trabajos-para-proteger-a-chone-de-temporada-invernal\/#article","isPartOf":{"@id":"https:\/\/www.manabi.gob.ec\/index.php\/continuan-trabajos-para-proteger-a-chone-de-temporada-invernal\/"},"author":{"name":"Lui Ochoa","@id":"https:\/\/www.manabi.gob.ec\/#\/schema\/person\/c4f117989332ad723a6ced5994aa7d7a"},"headline":"Contin\u00faan trabajos para proteger a Chone de temporada invernal\u00a0","datePublished":"2024-11-25T21:58:47+00:00","dateModified":"2024-11-25T21:58:52+00:00","mainEntityOfPage":{"@id":"https:\/\/www.manabi.gob.ec\/index.php\/continuan-trabajos-para-proteger-a-chone-de-temporada-invernal\/"},"wordCount":270,"image":{"@id":"https:\/\/www.manabi.gob.ec\/index.php\/continuan-trabajos-para-proteger-a-chone-de-temporada-invernal\/#primaryimage"},"thumbnailUrl":"https:\/\/www.manabi.gob.ec\/wp-content\/uploads\/2024\/11\/WhatsApp-Image-2024-11-25-at-4.40.09-PM.jpeg","articleSection":["Ambiente","bicentenario","Chone","Desarrollo Social","Noticias","Plan Invernal","PLAN INVERNAL","Riego y drenaje","Todas"],"inLanguage":"es"},{"@type":"WebPage","@id":"https:\/\/www.manabi.gob.ec\/index.php\/continuan-trabajos-para-proteger-a-chone-de-temporada-invernal\/","url":"https:\/\/www.manabi.gob.ec\/index.php\/continuan-trabajos-para-proteger-a-chone-de-temporada-invernal\/","name":"Contin\u00faan trabajos para proteger a Chone de temporada invernal\u00a0 - Prefectura de Manab\u00ed","isPartOf":{"@id":"https:\/\/www.manabi.gob.ec\/#website"},"primaryImageOfPage":{"@id":"https:\/\/www.manabi.gob.ec\/index.php\/continuan-trabajos-para-proteger-a-chone-de-temporada-invernal\/#primaryimage"},"image":{"@id":"https:\/\/www.manabi.gob.ec\/index.php\/continuan-trabajos-para-proteger-a-chone-de-temporada-invernal\/#primaryimage"},"thumbnailUrl":"https:\/\/www.manabi.gob.ec\/wp-content\/uploads\/2024\/11\/WhatsApp-Image-2024-11-25-at-4.40.09-PM.jpeg","datePublished":"2024-11-25T21:58:47+00:00","dateModified":"2024-11-25T21:58:52+00:00","author":{"@id":"https:\/\/www.manabi.gob.ec\/#\/schema\/person\/c4f117989332ad723a6ced5994aa7d7a"},"breadcrumb":{"@id":"https:\/\/www.manabi.gob.ec\/index.php\/continuan-trabajos-para-proteger-a-chone-de-temporada-invernal\/#breadcrumb"},"inLanguage":"es","potentialAction":[{"@type":"ReadAction","target":["https:\/\/www.manabi.gob.ec\/index.php\/continuan-trabajos-para-proteger-a-chone-de-temporada-invernal\/"]}]},{"@type":"ImageObject","inLanguage":"es","@id":"https:\/\/www.manabi.gob.ec\/index.php\/continuan-trabajos-para-proteger-a-chone-de-temporada-invernal\/#primaryimage","url":"https:\/\/www.manabi.gob.ec\/wp-content\/uploads\/2024\/11\/WhatsApp-Image-2024-11-25-at-4.40.09-PM.jpeg","contentUrl":"https:\/\/www.manabi.gob.ec\/wp-content\/uploads\/2024\/11\/WhatsApp-Image-2024-11-25-at-4.40.09-PM.jpeg","width":2560,"height":1706},{"@type":"BreadcrumbList","@id":"https:\/\/www.manabi.gob.ec\/index.php\/continuan-trabajos-para-proteger-a-chone-de-temporada-invernal\/#breadcrumb","itemListElement":[{"@type":"ListItem","position":1,"name":"Portada","item":"https:\/\/www.manabi.gob.ec\/"},{"@type":"ListItem","position":2,"name":"Contin\u00faan trabajos para proteger a Chone de temporada invernal\u00a0"}]},{"@type":"WebSite","@id":"https:\/\/www.manabi.gob.ec\/#website","url":"https:\/\/www.manabi.gob.ec\/","name":"Prefectura de Manab\u00ed","description":"P\u00e1gina web de la prefectura","potentialAction":[{"@type":"SearchAction","target":{"@type":"EntryPoint","urlTemplate":"https:\/\/www.manabi.gob.ec\/?s={search_term_string}"},"query-input":{"@type":"PropertyValueSpecification","valueRequired":true,"valueName":"search_term_string"}}],"inLanguage":"es"},{"@type":"Person","@id":"https:\/\/www.manabi.gob.ec\/#\/schema\/person\/c4f117989332ad723a6ced5994aa7d7a","name":"Lui Ochoa","image":{"@type":"ImageObject","inLanguage":"es","@id":"https:\/\/secure.gravatar.com\/avatar\/6e8017d0fe69dead8a95864d2eb6e1e1d8bf8e01194ba49cf7b897ff038126ba?s=96&d=mm&r=g","url":"https:\/\/secure.gravatar.com\/avatar\/6e8017d0fe69dead8a95864d2eb6e1e1d8bf8e01194ba49cf7b897ff038126ba?s=96&d=mm&r=g","contentUrl":"https:\/\/secure.gravatar.com\/avatar\/6e8017d0fe69dead8a95864d2eb6e1e1d8bf8e01194ba49cf7b897ff038126ba?s=96&d=mm&r=g","caption":"Lui Ochoa"},"url":"https:\/\/www.manabi.gob.ec\/index.php\/author\/lochoa\/"}]}},"jetpack_featured_media_url":"https:\/\/www.manabi.gob.ec\/wp-content\/uploads\/2024\/11\/WhatsApp-Image-2024-11-25-at-4.40.09-PM.jpeg","_links":{"self":[{"href":"https:\/\/www.manabi.gob.ec\/index.php\/wp-json\/wp\/v2\/posts\/29394","targetHints":{"allow":["GET"]}}],"collection":[{"href":"https:\/\/www.manabi.gob.ec\/index.php\/wp-json\/wp\/v2\/posts"}],"about":[{"href":"https:\/\/www.manabi.gob.ec\/index.php\/wp-json\/wp\/v2\/types\/post"}],"author":[{"embeddable":true,"href":"https:\/\/www.manabi.gob.ec\/index.php\/wp-json\/wp\/v2\/users\/10"}],"replies":[{"embeddable":true,"href":"https:\/\/www.manabi.gob.ec\/index.php\/wp-json\/wp\/v2\/comments?post=29394"}],"version-history":[{"count":1,"href":"https:\/\/www.manabi.gob.ec\/index.php\/wp-json\/wp\/v2\/posts\/29394\/revisions"}],"predecessor-version":[{"id":29396,"href":"https:\/\/www.manabi.gob.ec\/index.php\/wp-json\/wp\/v2\/posts\/29394\/revisions\/29396"}],"wp:featuredmedia":[{"embeddable":true,"href":"https:\/\/www.manabi.gob.ec\/index.php\/wp-json\/wp\/v2\/media\/29395"}],"wp:attachment":[{"href":"https:\/\/www.manabi.gob.ec\/index.php\/wp-json\/wp\/v2\/media?parent=29394"}],"wp:term":[{"taxonomy":"category","embeddable":true,"href":"https:\/\/www.manabi.gob.ec\/index.php\/wp-json\/wp\/v2\/categories?post=29394"},{"taxonomy":"post_tag","embeddable":true,"href":"https:\/\/www.manabi.gob.ec\/index.php\/wp-json\/wp\/v2\/tags?post=29394"}],"curies":[{"name":"wp","href":"https:\/\/api.w.org\/{rel}","templated":true}]}}