{"id":29461,"date":"2024-12-02T16:36:24","date_gmt":"2024-12-02T16:36:24","guid":{"rendered":"https:\/\/www.manabi.gob.ec\/?p=29461"},"modified":"2024-12-02T17:04:17","modified_gmt":"2024-12-02T17:04:17","slug":"seguimos-uniendo-esfuerzos-para-promover-la-inclusion-y-la-prosperidad-de-nuestros-emprendedores","status":"publish","type":"post","link":"https:\/\/www.manabi.gob.ec\/index.php\/seguimos-uniendo-esfuerzos-para-promover-la-inclusion-y-la-prosperidad-de-nuestros-emprendedores\/","title":{"rendered":"Seguimos uniendo esfuerzos para promover la inclusi\u00f3n y la prosperidad de nuestros emprendedores"},"content":{"rendered":"\n<p>EL 29 de noviembre, se firm\u00f3 una Carta Compromiso entre la Prefectura de Manab\u00ed y la Agencia Nacional de Regulaci\u00f3n, Control y Vigilancia Sanitaria, ARCSA, que formaliza un acuerdo de colaboraci\u00f3n para garantizar el cumplimiento de las normativas sanitarias en productos y servicios vinculados a la salud p\u00fablica, la seguridad alimentaria, y otros aspectos de control sanitario en la provincia.<\/p>\n\n\n\n<p>El documento fue suscrito por el prefecto, Leonardo Orlando, y la Coordinadora Zonal 4 de la ARCSA, Mar\u00eda Jos\u00e9 Meza. El mismo tiene como fin promover el desarrollo de emprendimientos sostenibles en Manab\u00ed, beneficiar a los sectores de la econom\u00eda popular y solidaria, con enfoque especial en personas de bajos recursos, madres de hogar y j\u00f3venes.<\/p>\n\n\n\n<p>\u201cEs grato seguir uniendo esfuerzos y sumando voluntades para promover la inclusi\u00f3n econ\u00f3mica y social y la prosperidad de nuestros emprendedores\u201d, dijo el Prefecto y que es fundamental esta unidad de esfuerzos, que se viene realizando desde hace varios a\u00f1os con \u00e9sta y otras instituciones, para que los emprendedores tengan un proceso de formalizaci\u00f3n transparente, claro, \u00e1gil y seguro, se\u00f1al\u00f3.<\/p>\n\n\n\n<p>En base a esta nueva alianza se retomar\u00e1n las acciones de colaboraci\u00f3n entre las 2 instituciones para brindar asesor\u00eda t\u00e9cnica y legal a las unidades productivas de la provincia. Adem\u00e1s, se ofrecer\u00e1n capacitaciones espec\u00edficas seg\u00fan las necesidades detectadas, y se dar\u00e1n facilidades a los productores en la obtenci\u00f3n de la Notificaci\u00f3n Sanitaria.<\/p>\n\n\n\n<p>La firma del Acta Compromiso se realiz\u00f3 en el marco de un evento denominado \u201cARCSA FEST\u201d, organizado por la ARCSA, que cont\u00f3 con la participaci\u00f3n de 60 emprendedores de la provincia. El acuerdo tendr\u00e1 un periodo de vigencia de 12 meses.<\/p>\n","protected":false},"excerpt":{"rendered":"<p>EL 29 de noviembre, se firm\u00f3 una Carta Compromiso entre la Prefectura de Manab\u00ed y la Agencia Nacional de Regulaci\u00f3n, Control y Vigilancia Sanitaria, ARCSA, que formaliza un acuerdo de colaboraci\u00f3n para garantizar el cumplimiento de las normativas sanitarias en productos y servicios vinculados a la salud p\u00fablica, la seguridad alimentaria, y otros aspectos de [&hellip;]<\/p>\n","protected":false},"author":10,"featured_media":29462,"comment_status":"closed","ping_status":"closed","sticky":false,"template":"","format":"standard","meta":{"_joinchat":[],"footnotes":""},"categories":[150,343,142,92,140,91],"tags":[],"class_list":["post-29461","post","type-post","status-publish","format-standard","has-post-thumbnail","hentry","category-ambiente","category-bicentenario","category-desarrollo-social","category-noticias-manabi","category-produccion","category-todas"],"yoast_head":"<!-- This site is optimized with the Yoast SEO plugin v27.4 - https:\/\/yoast.com\/product\/yoast-seo-wordpress\/ -->\n<title>Seguimos uniendo esfuerzos para promover la inclusi\u00f3n y la prosperidad de nuestros emprendedores - Prefectura de Manab\u00ed<\/title>\n<meta name=\"robots\" content=\"index, follow, max-snippet:-1, max-image-preview:large, max-video-preview:-1\" \/>\n<link rel=\"canonical\" href=\"https:\/\/www.manabi.gob.ec\/index.php\/seguimos-uniendo-esfuerzos-para-promover-la-inclusion-y-la-prosperidad-de-nuestros-emprendedores\/\" \/>\n<meta property=\"og:locale\" content=\"es_ES\" \/>\n<meta property=\"og:type\" content=\"article\" \/>\n<meta property=\"og:title\" content=\"Seguimos uniendo esfuerzos para promover la inclusi\u00f3n y la prosperidad de nuestros emprendedores - Prefectura de Manab\u00ed\" \/>\n<meta property=\"og:description\" content=\"EL 29 de noviembre, se firm\u00f3 una Carta Compromiso entre la Prefectura de Manab\u00ed y la Agencia Nacional de Regulaci\u00f3n, Control y Vigilancia Sanitaria, ARCSA, que formaliza un acuerdo de colaboraci\u00f3n para garantizar el cumplimiento de las normativas sanitarias en productos y servicios vinculados a la salud p\u00fablica, la seguridad alimentaria, y otros aspectos de [&hellip;]\" \/>\n<meta property=\"og:url\" content=\"https:\/\/www.manabi.gob.ec\/index.php\/seguimos-uniendo-esfuerzos-para-promover-la-inclusion-y-la-prosperidad-de-nuestros-emprendedores\/\" \/>\n<meta property=\"og:site_name\" content=\"Prefectura de Manab\u00ed\" \/>\n<meta property=\"article:published_time\" content=\"2024-12-02T16:36:24+00:00\" \/>\n<meta property=\"article:modified_time\" content=\"2024-12-02T17:04:17+00:00\" \/>\n<meta property=\"og:image\" content=\"https:\/\/www.manabi.gob.ec\/wp-content\/uploads\/2024\/12\/WhatsApp-Image-2024-12-02-at-11.35.17-AM.jpeg\" \/>\n\t<meta property=\"og:image:width\" content=\"1600\" \/>\n\t<meta property=\"og:image:height\" content=\"1066\" \/>\n\t<meta property=\"og:image:type\" content=\"image\/jpeg\" \/>\n<meta name=\"author\" content=\"Lui Ochoa\" \/>\n<meta name=\"twitter:card\" content=\"summary_large_image\" \/>\n<meta name=\"twitter:label1\" content=\"Escrito por\" \/>\n\t<meta name=\"twitter:data1\" content=\"Lui Ochoa\" \/>\n\t<meta name=\"twitter:label2\" content=\"Tiempo de lectura\" \/>\n\t<meta name=\"twitter:data2\" content=\"2 minutos\" \/>\n<script type=\"application\/ld+json\" class=\"yoast-schema-graph\">{\"@context\":\"https:\\\/\\\/schema.org\",\"@graph\":[{\"@type\":\"Article\",\"@id\":\"https:\\\/\\\/www.manabi.gob.ec\\\/index.php\\\/seguimos-uniendo-esfuerzos-para-promover-la-inclusion-y-la-prosperidad-de-nuestros-emprendedores\\\/#article\",\"isPartOf\":{\"@id\":\"https:\\\/\\\/www.manabi.gob.ec\\\/index.php\\\/seguimos-uniendo-esfuerzos-para-promover-la-inclusion-y-la-prosperidad-de-nuestros-emprendedores\\\/\"},\"author\":{\"name\":\"Lui Ochoa\",\"@id\":\"https:\\\/\\\/www.manabi.gob.ec\\\/#\\\/schema\\\/person\\\/c4f117989332ad723a6ced5994aa7d7a\"},\"headline\":\"Seguimos uniendo esfuerzos para promover la inclusi\u00f3n y la prosperidad de nuestros emprendedores\",\"datePublished\":\"2024-12-02T16:36:24+00:00\",\"dateModified\":\"2024-12-02T17:04:17+00:00\",\"mainEntityOfPage\":{\"@id\":\"https:\\\/\\\/www.manabi.gob.ec\\\/index.php\\\/seguimos-uniendo-esfuerzos-para-promover-la-inclusion-y-la-prosperidad-de-nuestros-emprendedores\\\/\"},\"wordCount\":301,\"image\":{\"@id\":\"https:\\\/\\\/www.manabi.gob.ec\\\/index.php\\\/seguimos-uniendo-esfuerzos-para-promover-la-inclusion-y-la-prosperidad-de-nuestros-emprendedores\\\/#primaryimage\"},\"thumbnailUrl\":\"https:\\\/\\\/www.manabi.gob.ec\\\/wp-content\\\/uploads\\\/2024\\\/12\\\/WhatsApp-Image-2024-12-02-at-11.35.17-AM.jpeg\",\"articleSection\":[\"Ambiente\",\"bicentenario\",\"Desarrollo Social\",\"Noticias\",\"Producci\u00f3n\",\"Todas\"],\"inLanguage\":\"es\"},{\"@type\":\"WebPage\",\"@id\":\"https:\\\/\\\/www.manabi.gob.ec\\\/index.php\\\/seguimos-uniendo-esfuerzos-para-promover-la-inclusion-y-la-prosperidad-de-nuestros-emprendedores\\\/\",\"url\":\"https:\\\/\\\/www.manabi.gob.ec\\\/index.php\\\/seguimos-uniendo-esfuerzos-para-promover-la-inclusion-y-la-prosperidad-de-nuestros-emprendedores\\\/\",\"name\":\"Seguimos uniendo esfuerzos para promover la inclusi\u00f3n y la prosperidad de nuestros emprendedores - Prefectura de Manab\u00ed\",\"isPartOf\":{\"@id\":\"https:\\\/\\\/www.manabi.gob.ec\\\/#website\"},\"primaryImageOfPage\":{\"@id\":\"https:\\\/\\\/www.manabi.gob.ec\\\/index.php\\\/seguimos-uniendo-esfuerzos-para-promover-la-inclusion-y-la-prosperidad-de-nuestros-emprendedores\\\/#primaryimage\"},\"image\":{\"@id\":\"https:\\\/\\\/www.manabi.gob.ec\\\/index.php\\\/seguimos-uniendo-esfuerzos-para-promover-la-inclusion-y-la-prosperidad-de-nuestros-emprendedores\\\/#primaryimage\"},\"thumbnailUrl\":\"https:\\\/\\\/www.manabi.gob.ec\\\/wp-content\\\/uploads\\\/2024\\\/12\\\/WhatsApp-Image-2024-12-02-at-11.35.17-AM.jpeg\",\"datePublished\":\"2024-12-02T16:36:24+00:00\",\"dateModified\":\"2024-12-02T17:04:17+00:00\",\"author\":{\"@id\":\"https:\\\/\\\/www.manabi.gob.ec\\\/#\\\/schema\\\/person\\\/c4f117989332ad723a6ced5994aa7d7a\"},\"breadcrumb\":{\"@id\":\"https:\\\/\\\/www.manabi.gob.ec\\\/index.php\\\/seguimos-uniendo-esfuerzos-para-promover-la-inclusion-y-la-prosperidad-de-nuestros-emprendedores\\\/#breadcrumb\"},\"inLanguage\":\"es\",\"potentialAction\":[{\"@type\":\"ReadAction\",\"target\":[\"https:\\\/\\\/www.manabi.gob.ec\\\/index.php\\\/seguimos-uniendo-esfuerzos-para-promover-la-inclusion-y-la-prosperidad-de-nuestros-emprendedores\\\/\"]}]},{\"@type\":\"ImageObject\",\"inLanguage\":\"es\",\"@id\":\"https:\\\/\\\/www.manabi.gob.ec\\\/index.php\\\/seguimos-uniendo-esfuerzos-para-promover-la-inclusion-y-la-prosperidad-de-nuestros-emprendedores\\\/#primaryimage\",\"url\":\"https:\\\/\\\/www.manabi.gob.ec\\\/wp-content\\\/uploads\\\/2024\\\/12\\\/WhatsApp-Image-2024-12-02-at-11.35.17-AM.jpeg\",\"contentUrl\":\"https:\\\/\\\/www.manabi.gob.ec\\\/wp-content\\\/uploads\\\/2024\\\/12\\\/WhatsApp-Image-2024-12-02-at-11.35.17-AM.jpeg\",\"width\":1600,\"height\":1066},{\"@type\":\"BreadcrumbList\",\"@id\":\"https:\\\/\\\/www.manabi.gob.ec\\\/index.php\\\/seguimos-uniendo-esfuerzos-para-promover-la-inclusion-y-la-prosperidad-de-nuestros-emprendedores\\\/#breadcrumb\",\"itemListElement\":[{\"@type\":\"ListItem\",\"position\":1,\"name\":\"Portada\",\"item\":\"https:\\\/\\\/www.manabi.gob.ec\\\/\"},{\"@type\":\"ListItem\",\"position\":2,\"name\":\"Seguimos uniendo esfuerzos para promover la inclusi\u00f3n y la prosperidad de nuestros emprendedores\"}]},{\"@type\":\"WebSite\",\"@id\":\"https:\\\/\\\/www.manabi.gob.ec\\\/#website\",\"url\":\"https:\\\/\\\/www.manabi.gob.ec\\\/\",\"name\":\"Prefectura de Manab\u00ed\",\"description\":\"P\u00e1gina web de la prefectura\",\"potentialAction\":[{\"@type\":\"SearchAction\",\"target\":{\"@type\":\"EntryPoint\",\"urlTemplate\":\"https:\\\/\\\/www.manabi.gob.ec\\\/?s={search_term_string}\"},\"query-input\":{\"@type\":\"PropertyValueSpecification\",\"valueRequired\":true,\"valueName\":\"search_term_string\"}}],\"inLanguage\":\"es\"},{\"@type\":\"Person\",\"@id\":\"https:\\\/\\\/www.manabi.gob.ec\\\/#\\\/schema\\\/person\\\/c4f117989332ad723a6ced5994aa7d7a\",\"name\":\"Lui Ochoa\",\"image\":{\"@type\":\"ImageObject\",\"inLanguage\":\"es\",\"@id\":\"https:\\\/\\\/secure.gravatar.com\\\/avatar\\\/6e8017d0fe69dead8a95864d2eb6e1e1d8bf8e01194ba49cf7b897ff038126ba?s=96&d=mm&r=g\",\"url\":\"https:\\\/\\\/secure.gravatar.com\\\/avatar\\\/6e8017d0fe69dead8a95864d2eb6e1e1d8bf8e01194ba49cf7b897ff038126ba?s=96&d=mm&r=g\",\"contentUrl\":\"https:\\\/\\\/secure.gravatar.com\\\/avatar\\\/6e8017d0fe69dead8a95864d2eb6e1e1d8bf8e01194ba49cf7b897ff038126ba?s=96&d=mm&r=g\",\"caption\":\"Lui Ochoa\"},\"url\":\"https:\\\/\\\/www.manabi.gob.ec\\\/index.php\\\/author\\\/lochoa\\\/\"}]}<\/script>\n<!-- \/ Yoast SEO plugin. -->","yoast_head_json":{"title":"Seguimos uniendo esfuerzos para promover la inclusi\u00f3n y la prosperidad de nuestros emprendedores - Prefectura de Manab\u00ed","robots":{"index":"index","follow":"follow","max-snippet":"max-snippet:-1","max-image-preview":"max-image-preview:large","max-video-preview":"max-video-preview:-1"},"canonical":"https:\/\/www.manabi.gob.ec\/index.php\/seguimos-uniendo-esfuerzos-para-promover-la-inclusion-y-la-prosperidad-de-nuestros-emprendedores\/","og_locale":"es_ES","og_type":"article","og_title":"Seguimos uniendo esfuerzos para promover la inclusi\u00f3n y la prosperidad de nuestros emprendedores - Prefectura de Manab\u00ed","og_description":"EL 29 de noviembre, se firm\u00f3 una Carta Compromiso entre la Prefectura de Manab\u00ed y la Agencia Nacional de Regulaci\u00f3n, Control y Vigilancia Sanitaria, ARCSA, que formaliza un acuerdo de colaboraci\u00f3n para garantizar el cumplimiento de las normativas sanitarias en productos y servicios vinculados a la salud p\u00fablica, la seguridad alimentaria, y otros aspectos de [&hellip;]","og_url":"https:\/\/www.manabi.gob.ec\/index.php\/seguimos-uniendo-esfuerzos-para-promover-la-inclusion-y-la-prosperidad-de-nuestros-emprendedores\/","og_site_name":"Prefectura de Manab\u00ed","article_published_time":"2024-12-02T16:36:24+00:00","article_modified_time":"2024-12-02T17:04:17+00:00","og_image":[{"width":1600,"height":1066,"url":"https:\/\/www.manabi.gob.ec\/wp-content\/uploads\/2024\/12\/WhatsApp-Image-2024-12-02-at-11.35.17-AM.jpeg","type":"image\/jpeg"}],"author":"Lui Ochoa","twitter_card":"summary_large_image","twitter_misc":{"Escrito por":"Lui Ochoa","Tiempo de lectura":"2 minutos"},"schema":{"@context":"https:\/\/schema.org","@graph":[{"@type":"Article","@id":"https:\/\/www.manabi.gob.ec\/index.php\/seguimos-uniendo-esfuerzos-para-promover-la-inclusion-y-la-prosperidad-de-nuestros-emprendedores\/#article","isPartOf":{"@id":"https:\/\/www.manabi.gob.ec\/index.php\/seguimos-uniendo-esfuerzos-para-promover-la-inclusion-y-la-prosperidad-de-nuestros-emprendedores\/"},"author":{"name":"Lui Ochoa","@id":"https:\/\/www.manabi.gob.ec\/#\/schema\/person\/c4f117989332ad723a6ced5994aa7d7a"},"headline":"Seguimos uniendo esfuerzos para promover la inclusi\u00f3n y la prosperidad de nuestros emprendedores","datePublished":"2024-12-02T16:36:24+00:00","dateModified":"2024-12-02T17:04:17+00:00","mainEntityOfPage":{"@id":"https:\/\/www.manabi.gob.ec\/index.php\/seguimos-uniendo-esfuerzos-para-promover-la-inclusion-y-la-prosperidad-de-nuestros-emprendedores\/"},"wordCount":301,"image":{"@id":"https:\/\/www.manabi.gob.ec\/index.php\/seguimos-uniendo-esfuerzos-para-promover-la-inclusion-y-la-prosperidad-de-nuestros-emprendedores\/#primaryimage"},"thumbnailUrl":"https:\/\/www.manabi.gob.ec\/wp-content\/uploads\/2024\/12\/WhatsApp-Image-2024-12-02-at-11.35.17-AM.jpeg","articleSection":["Ambiente","bicentenario","Desarrollo Social","Noticias","Producci\u00f3n","Todas"],"inLanguage":"es"},{"@type":"WebPage","@id":"https:\/\/www.manabi.gob.ec\/index.php\/seguimos-uniendo-esfuerzos-para-promover-la-inclusion-y-la-prosperidad-de-nuestros-emprendedores\/","url":"https:\/\/www.manabi.gob.ec\/index.php\/seguimos-uniendo-esfuerzos-para-promover-la-inclusion-y-la-prosperidad-de-nuestros-emprendedores\/","name":"Seguimos uniendo esfuerzos para promover la inclusi\u00f3n y la prosperidad de nuestros emprendedores - Prefectura de Manab\u00ed","isPartOf":{"@id":"https:\/\/www.manabi.gob.ec\/#website"},"primaryImageOfPage":{"@id":"https:\/\/www.manabi.gob.ec\/index.php\/seguimos-uniendo-esfuerzos-para-promover-la-inclusion-y-la-prosperidad-de-nuestros-emprendedores\/#primaryimage"},"image":{"@id":"https:\/\/www.manabi.gob.ec\/index.php\/seguimos-uniendo-esfuerzos-para-promover-la-inclusion-y-la-prosperidad-de-nuestros-emprendedores\/#primaryimage"},"thumbnailUrl":"https:\/\/www.manabi.gob.ec\/wp-content\/uploads\/2024\/12\/WhatsApp-Image-2024-12-02-at-11.35.17-AM.jpeg","datePublished":"2024-12-02T16:36:24+00:00","dateModified":"2024-12-02T17:04:17+00:00","author":{"@id":"https:\/\/www.manabi.gob.ec\/#\/schema\/person\/c4f117989332ad723a6ced5994aa7d7a"},"breadcrumb":{"@id":"https:\/\/www.manabi.gob.ec\/index.php\/seguimos-uniendo-esfuerzos-para-promover-la-inclusion-y-la-prosperidad-de-nuestros-emprendedores\/#breadcrumb"},"inLanguage":"es","potentialAction":[{"@type":"ReadAction","target":["https:\/\/www.manabi.gob.ec\/index.php\/seguimos-uniendo-esfuerzos-para-promover-la-inclusion-y-la-prosperidad-de-nuestros-emprendedores\/"]}]},{"@type":"ImageObject","inLanguage":"es","@id":"https:\/\/www.manabi.gob.ec\/index.php\/seguimos-uniendo-esfuerzos-para-promover-la-inclusion-y-la-prosperidad-de-nuestros-emprendedores\/#primaryimage","url":"https:\/\/www.manabi.gob.ec\/wp-content\/uploads\/2024\/12\/WhatsApp-Image-2024-12-02-at-11.35.17-AM.jpeg","contentUrl":"https:\/\/www.manabi.gob.ec\/wp-content\/uploads\/2024\/12\/WhatsApp-Image-2024-12-02-at-11.35.17-AM.jpeg","width":1600,"height":1066},{"@type":"BreadcrumbList","@id":"https:\/\/www.manabi.gob.ec\/index.php\/seguimos-uniendo-esfuerzos-para-promover-la-inclusion-y-la-prosperidad-de-nuestros-emprendedores\/#breadcrumb","itemListElement":[{"@type":"ListItem","position":1,"name":"Portada","item":"https:\/\/www.manabi.gob.ec\/"},{"@type":"ListItem","position":2,"name":"Seguimos uniendo esfuerzos para promover la inclusi\u00f3n y la prosperidad de nuestros emprendedores"}]},{"@type":"WebSite","@id":"https:\/\/www.manabi.gob.ec\/#website","url":"https:\/\/www.manabi.gob.ec\/","name":"Prefectura de Manab\u00ed","description":"P\u00e1gina web de la prefectura","potentialAction":[{"@type":"SearchAction","target":{"@type":"EntryPoint","urlTemplate":"https:\/\/www.manabi.gob.ec\/?s={search_term_string}"},"query-input":{"@type":"PropertyValueSpecification","valueRequired":true,"valueName":"search_term_string"}}],"inLanguage":"es"},{"@type":"Person","@id":"https:\/\/www.manabi.gob.ec\/#\/schema\/person\/c4f117989332ad723a6ced5994aa7d7a","name":"Lui Ochoa","image":{"@type":"ImageObject","inLanguage":"es","@id":"https:\/\/secure.gravatar.com\/avatar\/6e8017d0fe69dead8a95864d2eb6e1e1d8bf8e01194ba49cf7b897ff038126ba?s=96&d=mm&r=g","url":"https:\/\/secure.gravatar.com\/avatar\/6e8017d0fe69dead8a95864d2eb6e1e1d8bf8e01194ba49cf7b897ff038126ba?s=96&d=mm&r=g","contentUrl":"https:\/\/secure.gravatar.com\/avatar\/6e8017d0fe69dead8a95864d2eb6e1e1d8bf8e01194ba49cf7b897ff038126ba?s=96&d=mm&r=g","caption":"Lui Ochoa"},"url":"https:\/\/www.manabi.gob.ec\/index.php\/author\/lochoa\/"}]}},"jetpack_featured_media_url":"https:\/\/www.manabi.gob.ec\/wp-content\/uploads\/2024\/12\/WhatsApp-Image-2024-12-02-at-11.35.17-AM.jpeg","_links":{"self":[{"href":"https:\/\/www.manabi.gob.ec\/index.php\/wp-json\/wp\/v2\/posts\/29461","targetHints":{"allow":["GET"]}}],"collection":[{"href":"https:\/\/www.manabi.gob.ec\/index.php\/wp-json\/wp\/v2\/posts"}],"about":[{"href":"https:\/\/www.manabi.gob.ec\/index.php\/wp-json\/wp\/v2\/types\/post"}],"author":[{"embeddable":true,"href":"https:\/\/www.manabi.gob.ec\/index.php\/wp-json\/wp\/v2\/users\/10"}],"replies":[{"embeddable":true,"href":"https:\/\/www.manabi.gob.ec\/index.php\/wp-json\/wp\/v2\/comments?post=29461"}],"version-history":[{"count":1,"href":"https:\/\/www.manabi.gob.ec\/index.php\/wp-json\/wp\/v2\/posts\/29461\/revisions"}],"predecessor-version":[{"id":29463,"href":"https:\/\/www.manabi.gob.ec\/index.php\/wp-json\/wp\/v2\/posts\/29461\/revisions\/29463"}],"wp:featuredmedia":[{"embeddable":true,"href":"https:\/\/www.manabi.gob.ec\/index.php\/wp-json\/wp\/v2\/media\/29462"}],"wp:attachment":[{"href":"https:\/\/www.manabi.gob.ec\/index.php\/wp-json\/wp\/v2\/media?parent=29461"}],"wp:term":[{"taxonomy":"category","embeddable":true,"href":"https:\/\/www.manabi.gob.ec\/index.php\/wp-json\/wp\/v2\/categories?post=29461"},{"taxonomy":"post_tag","embeddable":true,"href":"https:\/\/www.manabi.gob.ec\/index.php\/wp-json\/wp\/v2\/tags?post=29461"}],"curies":[{"name":"wp","href":"https:\/\/api.w.org\/{rel}","templated":true}]}}