{"id":29476,"date":"2024-12-05T14:08:52","date_gmt":"2024-12-05T14:08:52","guid":{"rendered":"https:\/\/www.manabi.gob.ec\/?p=29476"},"modified":"2024-12-05T14:11:03","modified_gmt":"2024-12-05T14:11:03","slug":"manabi-revela-sus-sabores-milenarios-el-libro-que-rescata-el-alma-de-la-cocina-ecuatoriana","status":"publish","type":"post","link":"https:\/\/www.manabi.gob.ec\/index.php\/manabi-revela-sus-sabores-milenarios-el-libro-que-rescata-el-alma-de-la-cocina-ecuatoriana\/","title":{"rendered":"Manab\u00ed Revela Sus Sabores Milenarios: El libro que rescata el alma de la cocina ecuatoriana"},"content":{"rendered":"\n<p>La riqueza y tradici\u00f3n de la cocina manabita brillaron en Quito, durante la presentaci\u00f3n oficial del libro Manab\u00ed Gastronom\u00eda Milenaria: 200 Recetas, Sus Relatos y Secretos. El lanzamiento, liderado por el prefecto de Manab\u00ed, Leonardo Orlando, se desarroll\u00f3 en dos instituciones de educaci\u00f3n superior: la Universidad Tecnol\u00f3gica Equinoccial (UTE) y la Universidad de Las Am\u00e9ricas (UDLA).<\/p>\n\n\n\n<p>En un gesto de agradecimiento, el libro fue entregado a estudiantes, docentes y decanos de las carreras de gastronom\u00eda de ambas universidades, reconociendo su valioso aporte en la producci\u00f3n de esta obra.<\/p>\n\n\n\n<p>El libro, considerado una joya literaria y culinaria, re\u00fane 200 recetas ancestrales que han sido transmitidas de generaci\u00f3n en generaci\u00f3n. Adem\u00e1s captura los sabores \u00fanicos de Manab\u00ed, incluye historias, secretos y tradiciones que enriquecen cada plato, desde el caldo de gallina criolla y el ceviche en sus diversas presentaciones, hasta el viche, la tonga y el bollo. La obra ofrece un recorrido por los sabores que reflejan el orgullo e identidad de esta provincia ecuatoriana.<\/p>\n\n\n\n<p>\u201cQueremos rendir homenaje a Quito y sus fiestas con el lanzamiento de este libro que recoge siglos de nuestra gastronom\u00eda milenaria. Manab\u00ed tiene un patrimonio culinario inmensamente rico y a trav\u00e9s de estas 200 recetas, sus relatos y secretos, buscamos posicionar nuestra cocina como una insignia nacional e internacional\u201d. expres\u00f3 el prefecto Orlando.<\/p>\n\n\n\n<p>indic\u00f3 adem\u00e1s, \u201cqueremos ser un referente para otras provincias, porque el siguiente paso ser\u00e1 que la gastronom\u00eda ecuatoriana sea reconocida por la UNESCO como patrimonio inmaterial, cultura de la humanidad\u201d.<\/p>\n\n\n\n<p>El lanzamiento del libro fue un encuentro de acad\u00e9micos, chefs, estudiantes, autoridades y apasionados por la gastronom\u00eda, quienes celebraron la importancia de este proyecto como una ventana al mundo para la cocina manabita.<\/p>\n\n\n\n<p>Con el objetivo fortalecer y articular acciones de posicionamiento de la gastronom\u00eda manabita, &nbsp;firm\u00f3 un convenio internacional entre la Prefectura de Manab\u00ed y la UDLA.<\/p>\n","protected":false},"excerpt":{"rendered":"<p>La riqueza y tradici\u00f3n de la cocina manabita brillaron en Quito, durante la presentaci\u00f3n oficial del libro Manab\u00ed Gastronom\u00eda Milenaria: 200 Recetas, Sus Relatos y Secretos. El lanzamiento, liderado por el prefecto de Manab\u00ed, Leonardo Orlando, se desarroll\u00f3 en dos instituciones de educaci\u00f3n superior: la Universidad Tecnol\u00f3gica Equinoccial (UTE) y la Universidad de Las Am\u00e9ricas [&hellip;]<\/p>\n","protected":false},"author":10,"featured_media":29479,"comment_status":"closed","ping_status":"closed","sticky":false,"template":"","format":"standard","meta":{"_joinchat":[],"footnotes":""},"categories":[150,343,92,91],"tags":[],"class_list":["post-29476","post","type-post","status-publish","format-standard","has-post-thumbnail","hentry","category-ambiente","category-bicentenario","category-noticias-manabi","category-todas"],"yoast_head":"<!-- This site is optimized with the Yoast SEO plugin v27.4 - https:\/\/yoast.com\/product\/yoast-seo-wordpress\/ -->\n<title>Manab\u00ed Revela Sus Sabores Milenarios: El libro que rescata el alma de la cocina ecuatoriana - Prefectura de Manab\u00ed<\/title>\n<meta name=\"robots\" content=\"index, follow, max-snippet:-1, max-image-preview:large, max-video-preview:-1\" \/>\n<link rel=\"canonical\" href=\"https:\/\/www.manabi.gob.ec\/index.php\/manabi-revela-sus-sabores-milenarios-el-libro-que-rescata-el-alma-de-la-cocina-ecuatoriana\/\" \/>\n<meta property=\"og:locale\" content=\"es_ES\" \/>\n<meta property=\"og:type\" content=\"article\" \/>\n<meta property=\"og:title\" content=\"Manab\u00ed Revela Sus Sabores Milenarios: El libro que rescata el alma de la cocina ecuatoriana - Prefectura de Manab\u00ed\" \/>\n<meta property=\"og:description\" content=\"La riqueza y tradici\u00f3n de la cocina manabita brillaron en Quito, durante la presentaci\u00f3n oficial del libro Manab\u00ed Gastronom\u00eda Milenaria: 200 Recetas, Sus Relatos y Secretos. El lanzamiento, liderado por el prefecto de Manab\u00ed, Leonardo Orlando, se desarroll\u00f3 en dos instituciones de educaci\u00f3n superior: la Universidad Tecnol\u00f3gica Equinoccial (UTE) y la Universidad de Las Am\u00e9ricas [&hellip;]\" \/>\n<meta property=\"og:url\" content=\"https:\/\/www.manabi.gob.ec\/index.php\/manabi-revela-sus-sabores-milenarios-el-libro-que-rescata-el-alma-de-la-cocina-ecuatoriana\/\" \/>\n<meta property=\"og:site_name\" content=\"Prefectura de Manab\u00ed\" \/>\n<meta property=\"article:published_time\" content=\"2024-12-05T14:08:52+00:00\" \/>\n<meta property=\"article:modified_time\" content=\"2024-12-05T14:11:03+00:00\" \/>\n<meta property=\"og:image\" content=\"https:\/\/www.manabi.gob.ec\/wp-content\/uploads\/2024\/12\/WhatsApp-Image-2024-12-05-at-8.34.16-AM.jpeg\" \/>\n\t<meta property=\"og:image:width\" content=\"2560\" \/>\n\t<meta property=\"og:image:height\" content=\"1706\" \/>\n\t<meta property=\"og:image:type\" content=\"image\/jpeg\" \/>\n<meta name=\"author\" content=\"Lui Ochoa\" \/>\n<meta name=\"twitter:card\" content=\"summary_large_image\" \/>\n<meta name=\"twitter:label1\" content=\"Escrito por\" \/>\n\t<meta name=\"twitter:data1\" content=\"Lui Ochoa\" \/>\n\t<meta name=\"twitter:label2\" content=\"Tiempo de lectura\" \/>\n\t<meta name=\"twitter:data2\" content=\"2 minutos\" \/>\n<script type=\"application\/ld+json\" class=\"yoast-schema-graph\">{\"@context\":\"https:\\\/\\\/schema.org\",\"@graph\":[{\"@type\":\"Article\",\"@id\":\"https:\\\/\\\/www.manabi.gob.ec\\\/index.php\\\/manabi-revela-sus-sabores-milenarios-el-libro-que-rescata-el-alma-de-la-cocina-ecuatoriana\\\/#article\",\"isPartOf\":{\"@id\":\"https:\\\/\\\/www.manabi.gob.ec\\\/index.php\\\/manabi-revela-sus-sabores-milenarios-el-libro-que-rescata-el-alma-de-la-cocina-ecuatoriana\\\/\"},\"author\":{\"name\":\"Lui Ochoa\",\"@id\":\"https:\\\/\\\/www.manabi.gob.ec\\\/#\\\/schema\\\/person\\\/c4f117989332ad723a6ced5994aa7d7a\"},\"headline\":\"Manab\u00ed Revela Sus Sabores Milenarios: El libro que rescata el alma de la cocina ecuatoriana\",\"datePublished\":\"2024-12-05T14:08:52+00:00\",\"dateModified\":\"2024-12-05T14:11:03+00:00\",\"mainEntityOfPage\":{\"@id\":\"https:\\\/\\\/www.manabi.gob.ec\\\/index.php\\\/manabi-revela-sus-sabores-milenarios-el-libro-que-rescata-el-alma-de-la-cocina-ecuatoriana\\\/\"},\"wordCount\":336,\"image\":{\"@id\":\"https:\\\/\\\/www.manabi.gob.ec\\\/index.php\\\/manabi-revela-sus-sabores-milenarios-el-libro-que-rescata-el-alma-de-la-cocina-ecuatoriana\\\/#primaryimage\"},\"thumbnailUrl\":\"https:\\\/\\\/www.manabi.gob.ec\\\/wp-content\\\/uploads\\\/2024\\\/12\\\/WhatsApp-Image-2024-12-05-at-8.34.16-AM.jpeg\",\"articleSection\":[\"Ambiente\",\"bicentenario\",\"Noticias\",\"Todas\"],\"inLanguage\":\"es\"},{\"@type\":\"WebPage\",\"@id\":\"https:\\\/\\\/www.manabi.gob.ec\\\/index.php\\\/manabi-revela-sus-sabores-milenarios-el-libro-que-rescata-el-alma-de-la-cocina-ecuatoriana\\\/\",\"url\":\"https:\\\/\\\/www.manabi.gob.ec\\\/index.php\\\/manabi-revela-sus-sabores-milenarios-el-libro-que-rescata-el-alma-de-la-cocina-ecuatoriana\\\/\",\"name\":\"Manab\u00ed Revela Sus Sabores Milenarios: El libro que rescata el alma de la cocina ecuatoriana - Prefectura de Manab\u00ed\",\"isPartOf\":{\"@id\":\"https:\\\/\\\/www.manabi.gob.ec\\\/#website\"},\"primaryImageOfPage\":{\"@id\":\"https:\\\/\\\/www.manabi.gob.ec\\\/index.php\\\/manabi-revela-sus-sabores-milenarios-el-libro-que-rescata-el-alma-de-la-cocina-ecuatoriana\\\/#primaryimage\"},\"image\":{\"@id\":\"https:\\\/\\\/www.manabi.gob.ec\\\/index.php\\\/manabi-revela-sus-sabores-milenarios-el-libro-que-rescata-el-alma-de-la-cocina-ecuatoriana\\\/#primaryimage\"},\"thumbnailUrl\":\"https:\\\/\\\/www.manabi.gob.ec\\\/wp-content\\\/uploads\\\/2024\\\/12\\\/WhatsApp-Image-2024-12-05-at-8.34.16-AM.jpeg\",\"datePublished\":\"2024-12-05T14:08:52+00:00\",\"dateModified\":\"2024-12-05T14:11:03+00:00\",\"author\":{\"@id\":\"https:\\\/\\\/www.manabi.gob.ec\\\/#\\\/schema\\\/person\\\/c4f117989332ad723a6ced5994aa7d7a\"},\"breadcrumb\":{\"@id\":\"https:\\\/\\\/www.manabi.gob.ec\\\/index.php\\\/manabi-revela-sus-sabores-milenarios-el-libro-que-rescata-el-alma-de-la-cocina-ecuatoriana\\\/#breadcrumb\"},\"inLanguage\":\"es\",\"potentialAction\":[{\"@type\":\"ReadAction\",\"target\":[\"https:\\\/\\\/www.manabi.gob.ec\\\/index.php\\\/manabi-revela-sus-sabores-milenarios-el-libro-que-rescata-el-alma-de-la-cocina-ecuatoriana\\\/\"]}]},{\"@type\":\"ImageObject\",\"inLanguage\":\"es\",\"@id\":\"https:\\\/\\\/www.manabi.gob.ec\\\/index.php\\\/manabi-revela-sus-sabores-milenarios-el-libro-que-rescata-el-alma-de-la-cocina-ecuatoriana\\\/#primaryimage\",\"url\":\"https:\\\/\\\/www.manabi.gob.ec\\\/wp-content\\\/uploads\\\/2024\\\/12\\\/WhatsApp-Image-2024-12-05-at-8.34.16-AM.jpeg\",\"contentUrl\":\"https:\\\/\\\/www.manabi.gob.ec\\\/wp-content\\\/uploads\\\/2024\\\/12\\\/WhatsApp-Image-2024-12-05-at-8.34.16-AM.jpeg\",\"width\":2560,\"height\":1706},{\"@type\":\"BreadcrumbList\",\"@id\":\"https:\\\/\\\/www.manabi.gob.ec\\\/index.php\\\/manabi-revela-sus-sabores-milenarios-el-libro-que-rescata-el-alma-de-la-cocina-ecuatoriana\\\/#breadcrumb\",\"itemListElement\":[{\"@type\":\"ListItem\",\"position\":1,\"name\":\"Portada\",\"item\":\"https:\\\/\\\/www.manabi.gob.ec\\\/\"},{\"@type\":\"ListItem\",\"position\":2,\"name\":\"Manab\u00ed Revela Sus Sabores Milenarios: El libro que rescata el alma de la cocina ecuatoriana\"}]},{\"@type\":\"WebSite\",\"@id\":\"https:\\\/\\\/www.manabi.gob.ec\\\/#website\",\"url\":\"https:\\\/\\\/www.manabi.gob.ec\\\/\",\"name\":\"Prefectura de Manab\u00ed\",\"description\":\"P\u00e1gina web de la prefectura\",\"potentialAction\":[{\"@type\":\"SearchAction\",\"target\":{\"@type\":\"EntryPoint\",\"urlTemplate\":\"https:\\\/\\\/www.manabi.gob.ec\\\/?s={search_term_string}\"},\"query-input\":{\"@type\":\"PropertyValueSpecification\",\"valueRequired\":true,\"valueName\":\"search_term_string\"}}],\"inLanguage\":\"es\"},{\"@type\":\"Person\",\"@id\":\"https:\\\/\\\/www.manabi.gob.ec\\\/#\\\/schema\\\/person\\\/c4f117989332ad723a6ced5994aa7d7a\",\"name\":\"Lui Ochoa\",\"image\":{\"@type\":\"ImageObject\",\"inLanguage\":\"es\",\"@id\":\"https:\\\/\\\/secure.gravatar.com\\\/avatar\\\/6e8017d0fe69dead8a95864d2eb6e1e1d8bf8e01194ba49cf7b897ff038126ba?s=96&d=mm&r=g\",\"url\":\"https:\\\/\\\/secure.gravatar.com\\\/avatar\\\/6e8017d0fe69dead8a95864d2eb6e1e1d8bf8e01194ba49cf7b897ff038126ba?s=96&d=mm&r=g\",\"contentUrl\":\"https:\\\/\\\/secure.gravatar.com\\\/avatar\\\/6e8017d0fe69dead8a95864d2eb6e1e1d8bf8e01194ba49cf7b897ff038126ba?s=96&d=mm&r=g\",\"caption\":\"Lui Ochoa\"},\"url\":\"https:\\\/\\\/www.manabi.gob.ec\\\/index.php\\\/author\\\/lochoa\\\/\"}]}<\/script>\n<!-- \/ Yoast SEO plugin. -->","yoast_head_json":{"title":"Manab\u00ed Revela Sus Sabores Milenarios: El libro que rescata el alma de la cocina ecuatoriana - Prefectura de Manab\u00ed","robots":{"index":"index","follow":"follow","max-snippet":"max-snippet:-1","max-image-preview":"max-image-preview:large","max-video-preview":"max-video-preview:-1"},"canonical":"https:\/\/www.manabi.gob.ec\/index.php\/manabi-revela-sus-sabores-milenarios-el-libro-que-rescata-el-alma-de-la-cocina-ecuatoriana\/","og_locale":"es_ES","og_type":"article","og_title":"Manab\u00ed Revela Sus Sabores Milenarios: El libro que rescata el alma de la cocina ecuatoriana - Prefectura de Manab\u00ed","og_description":"La riqueza y tradici\u00f3n de la cocina manabita brillaron en Quito, durante la presentaci\u00f3n oficial del libro Manab\u00ed Gastronom\u00eda Milenaria: 200 Recetas, Sus Relatos y Secretos. El lanzamiento, liderado por el prefecto de Manab\u00ed, Leonardo Orlando, se desarroll\u00f3 en dos instituciones de educaci\u00f3n superior: la Universidad Tecnol\u00f3gica Equinoccial (UTE) y la Universidad de Las Am\u00e9ricas [&hellip;]","og_url":"https:\/\/www.manabi.gob.ec\/index.php\/manabi-revela-sus-sabores-milenarios-el-libro-que-rescata-el-alma-de-la-cocina-ecuatoriana\/","og_site_name":"Prefectura de Manab\u00ed","article_published_time":"2024-12-05T14:08:52+00:00","article_modified_time":"2024-12-05T14:11:03+00:00","og_image":[{"width":2560,"height":1706,"url":"https:\/\/www.manabi.gob.ec\/wp-content\/uploads\/2024\/12\/WhatsApp-Image-2024-12-05-at-8.34.16-AM.jpeg","type":"image\/jpeg"}],"author":"Lui Ochoa","twitter_card":"summary_large_image","twitter_misc":{"Escrito por":"Lui Ochoa","Tiempo de lectura":"2 minutos"},"schema":{"@context":"https:\/\/schema.org","@graph":[{"@type":"Article","@id":"https:\/\/www.manabi.gob.ec\/index.php\/manabi-revela-sus-sabores-milenarios-el-libro-que-rescata-el-alma-de-la-cocina-ecuatoriana\/#article","isPartOf":{"@id":"https:\/\/www.manabi.gob.ec\/index.php\/manabi-revela-sus-sabores-milenarios-el-libro-que-rescata-el-alma-de-la-cocina-ecuatoriana\/"},"author":{"name":"Lui Ochoa","@id":"https:\/\/www.manabi.gob.ec\/#\/schema\/person\/c4f117989332ad723a6ced5994aa7d7a"},"headline":"Manab\u00ed Revela Sus Sabores Milenarios: El libro que rescata el alma de la cocina ecuatoriana","datePublished":"2024-12-05T14:08:52+00:00","dateModified":"2024-12-05T14:11:03+00:00","mainEntityOfPage":{"@id":"https:\/\/www.manabi.gob.ec\/index.php\/manabi-revela-sus-sabores-milenarios-el-libro-que-rescata-el-alma-de-la-cocina-ecuatoriana\/"},"wordCount":336,"image":{"@id":"https:\/\/www.manabi.gob.ec\/index.php\/manabi-revela-sus-sabores-milenarios-el-libro-que-rescata-el-alma-de-la-cocina-ecuatoriana\/#primaryimage"},"thumbnailUrl":"https:\/\/www.manabi.gob.ec\/wp-content\/uploads\/2024\/12\/WhatsApp-Image-2024-12-05-at-8.34.16-AM.jpeg","articleSection":["Ambiente","bicentenario","Noticias","Todas"],"inLanguage":"es"},{"@type":"WebPage","@id":"https:\/\/www.manabi.gob.ec\/index.php\/manabi-revela-sus-sabores-milenarios-el-libro-que-rescata-el-alma-de-la-cocina-ecuatoriana\/","url":"https:\/\/www.manabi.gob.ec\/index.php\/manabi-revela-sus-sabores-milenarios-el-libro-que-rescata-el-alma-de-la-cocina-ecuatoriana\/","name":"Manab\u00ed Revela Sus Sabores Milenarios: El libro que rescata el alma de la cocina ecuatoriana - Prefectura de Manab\u00ed","isPartOf":{"@id":"https:\/\/www.manabi.gob.ec\/#website"},"primaryImageOfPage":{"@id":"https:\/\/www.manabi.gob.ec\/index.php\/manabi-revela-sus-sabores-milenarios-el-libro-que-rescata-el-alma-de-la-cocina-ecuatoriana\/#primaryimage"},"image":{"@id":"https:\/\/www.manabi.gob.ec\/index.php\/manabi-revela-sus-sabores-milenarios-el-libro-que-rescata-el-alma-de-la-cocina-ecuatoriana\/#primaryimage"},"thumbnailUrl":"https:\/\/www.manabi.gob.ec\/wp-content\/uploads\/2024\/12\/WhatsApp-Image-2024-12-05-at-8.34.16-AM.jpeg","datePublished":"2024-12-05T14:08:52+00:00","dateModified":"2024-12-05T14:11:03+00:00","author":{"@id":"https:\/\/www.manabi.gob.ec\/#\/schema\/person\/c4f117989332ad723a6ced5994aa7d7a"},"breadcrumb":{"@id":"https:\/\/www.manabi.gob.ec\/index.php\/manabi-revela-sus-sabores-milenarios-el-libro-que-rescata-el-alma-de-la-cocina-ecuatoriana\/#breadcrumb"},"inLanguage":"es","potentialAction":[{"@type":"ReadAction","target":["https:\/\/www.manabi.gob.ec\/index.php\/manabi-revela-sus-sabores-milenarios-el-libro-que-rescata-el-alma-de-la-cocina-ecuatoriana\/"]}]},{"@type":"ImageObject","inLanguage":"es","@id":"https:\/\/www.manabi.gob.ec\/index.php\/manabi-revela-sus-sabores-milenarios-el-libro-que-rescata-el-alma-de-la-cocina-ecuatoriana\/#primaryimage","url":"https:\/\/www.manabi.gob.ec\/wp-content\/uploads\/2024\/12\/WhatsApp-Image-2024-12-05-at-8.34.16-AM.jpeg","contentUrl":"https:\/\/www.manabi.gob.ec\/wp-content\/uploads\/2024\/12\/WhatsApp-Image-2024-12-05-at-8.34.16-AM.jpeg","width":2560,"height":1706},{"@type":"BreadcrumbList","@id":"https:\/\/www.manabi.gob.ec\/index.php\/manabi-revela-sus-sabores-milenarios-el-libro-que-rescata-el-alma-de-la-cocina-ecuatoriana\/#breadcrumb","itemListElement":[{"@type":"ListItem","position":1,"name":"Portada","item":"https:\/\/www.manabi.gob.ec\/"},{"@type":"ListItem","position":2,"name":"Manab\u00ed Revela Sus Sabores Milenarios: El libro que rescata el alma de la cocina ecuatoriana"}]},{"@type":"WebSite","@id":"https:\/\/www.manabi.gob.ec\/#website","url":"https:\/\/www.manabi.gob.ec\/","name":"Prefectura de Manab\u00ed","description":"P\u00e1gina web de la prefectura","potentialAction":[{"@type":"SearchAction","target":{"@type":"EntryPoint","urlTemplate":"https:\/\/www.manabi.gob.ec\/?s={search_term_string}"},"query-input":{"@type":"PropertyValueSpecification","valueRequired":true,"valueName":"search_term_string"}}],"inLanguage":"es"},{"@type":"Person","@id":"https:\/\/www.manabi.gob.ec\/#\/schema\/person\/c4f117989332ad723a6ced5994aa7d7a","name":"Lui Ochoa","image":{"@type":"ImageObject","inLanguage":"es","@id":"https:\/\/secure.gravatar.com\/avatar\/6e8017d0fe69dead8a95864d2eb6e1e1d8bf8e01194ba49cf7b897ff038126ba?s=96&d=mm&r=g","url":"https:\/\/secure.gravatar.com\/avatar\/6e8017d0fe69dead8a95864d2eb6e1e1d8bf8e01194ba49cf7b897ff038126ba?s=96&d=mm&r=g","contentUrl":"https:\/\/secure.gravatar.com\/avatar\/6e8017d0fe69dead8a95864d2eb6e1e1d8bf8e01194ba49cf7b897ff038126ba?s=96&d=mm&r=g","caption":"Lui Ochoa"},"url":"https:\/\/www.manabi.gob.ec\/index.php\/author\/lochoa\/"}]}},"jetpack_featured_media_url":"https:\/\/www.manabi.gob.ec\/wp-content\/uploads\/2024\/12\/WhatsApp-Image-2024-12-05-at-8.34.16-AM.jpeg","_links":{"self":[{"href":"https:\/\/www.manabi.gob.ec\/index.php\/wp-json\/wp\/v2\/posts\/29476","targetHints":{"allow":["GET"]}}],"collection":[{"href":"https:\/\/www.manabi.gob.ec\/index.php\/wp-json\/wp\/v2\/posts"}],"about":[{"href":"https:\/\/www.manabi.gob.ec\/index.php\/wp-json\/wp\/v2\/types\/post"}],"author":[{"embeddable":true,"href":"https:\/\/www.manabi.gob.ec\/index.php\/wp-json\/wp\/v2\/users\/10"}],"replies":[{"embeddable":true,"href":"https:\/\/www.manabi.gob.ec\/index.php\/wp-json\/wp\/v2\/comments?post=29476"}],"version-history":[{"count":1,"href":"https:\/\/www.manabi.gob.ec\/index.php\/wp-json\/wp\/v2\/posts\/29476\/revisions"}],"predecessor-version":[{"id":29478,"href":"https:\/\/www.manabi.gob.ec\/index.php\/wp-json\/wp\/v2\/posts\/29476\/revisions\/29478"}],"wp:featuredmedia":[{"embeddable":true,"href":"https:\/\/www.manabi.gob.ec\/index.php\/wp-json\/wp\/v2\/media\/29479"}],"wp:attachment":[{"href":"https:\/\/www.manabi.gob.ec\/index.php\/wp-json\/wp\/v2\/media?parent=29476"}],"wp:term":[{"taxonomy":"category","embeddable":true,"href":"https:\/\/www.manabi.gob.ec\/index.php\/wp-json\/wp\/v2\/categories?post=29476"},{"taxonomy":"post_tag","embeddable":true,"href":"https:\/\/www.manabi.gob.ec\/index.php\/wp-json\/wp\/v2\/tags?post=29476"}],"curies":[{"name":"wp","href":"https:\/\/api.w.org\/{rel}","templated":true}]}}