{"id":29547,"date":"2024-12-11T19:10:14","date_gmt":"2024-12-11T19:10:14","guid":{"rendered":"https:\/\/www.manabi.gob.ec\/?p=29547"},"modified":"2024-12-11T19:10:20","modified_gmt":"2024-12-11T19:10:20","slug":"somos-el-sabor-del-mundo","status":"publish","type":"post","link":"https:\/\/www.manabi.gob.ec\/index.php\/somos-el-sabor-del-mundo\/","title":{"rendered":"\u00a1SOMOS EL SABOR DEL MUNDO!"},"content":{"rendered":"\n<p><strong>Manab\u00ed es la primera Regi\u00f3n Gastron\u00f3mica Mundial de Am\u00e9rica<\/strong><\/p>\n\n\n\n<p>\u00abHoy la gastronom\u00eda manabita se pone en el sitial m\u00e1s alto que haya tenido un territorio del Ecuador, al ser designada como la nueva Regi\u00f3n Gastron\u00f3mica Mundial 2026\u00bb, expres\u00f3 el prefecto Leonardo Orlando, durante la rueda de prensa que convoc\u00f3 el&nbsp;Comit\u00e9 Promotor&nbsp;de Manab\u00ed Gastronom\u00eda Milenaria luego de conocer la declaratoria.<\/p>\n\n\n\n<p>Los representantes del Comit\u00e9, que lo integra&nbsp; la Prefectura de Manab\u00ed, la Universidad Laica Eloy Alfaro de Manab\u00ed, Fundaci\u00f3n Fuegos y la C\u00e1mara de Industrias y Comercio, comparten&nbsp; iguales emociones por el logro alcanzado.&nbsp; Coinciden en se\u00f1alar &nbsp;que la designaci\u00f3n otorgada a Manab\u00ed por&nbsp;el&nbsp;Instituto Internacional de Gastronom\u00eda, Cultura, Artes y Turismo (IGCAT),&nbsp;es un sue\u00f1o colectivo hecho realidad, gracias a la unidad&nbsp; y compromiso de todos los manabitas.<\/p>\n\n\n\n<p>\u00abManab\u00ed, es uno solo por su historia, presente y futuro, la idea es que otras personas vengan a estudiar nuestra gastronom\u00eda\u00bb, manifesto Marcos Zambrano, Rector de la ULEAM y dijo que como Universidad los compromete a seguir mejorando la oferta acad\u00e9mica.<\/p>\n\n\n\n<p>\u201cTodos los ecuatorianos estamos de acuerdo que la gastronom\u00eda manabita es la mejor del pa\u00eds, por eso este reconocimiento que nos otorga&nbsp; el IGCAT, que nos abre un mundo de oportunidades a nuestros productos que van a ser valorados nacional e internacionalmente\u00bb, destac\u00f3 Orazio Belletine, presidente de Fundaci\u00f3n Fuegos.<\/p>\n\n\n\n<p>La candidatura de Manab\u00ed como Regi\u00f3n Gastron\u00f3mica fue presentada formalmente al IGCAT, y evaluada a trav\u00e9s de un proceso&nbsp; exhaustivo, que incluy\u00f3 la presencia de un jurado de expertos internacionales que visit\u00f3&nbsp; la provincial,&nbsp; entre el 20 y el 26 de octubre de 2024 para evaluar&nbsp; la gastronom\u00eda manabita,&nbsp; en todo su proceso; que concluy\u00f3 con la recomendaci\u00f3n favorable a esta&nbsp; postulaci\u00f3n.<\/p>\n\n\n\n<p>En esa ocasi\u00f3n, el Jurado destac\u00f3 la sostenibilidad y la excelencia de los alimentos locales; el enfoque colaborativo con diversos actores locales; \u00e9nfasis en la cooperaci\u00f3n internacional a trav\u00e9s de los proyectos de IGCAT; y la riqueza en patrimonio culinario, productos de alta calidad y hospitalidad excepcional.<\/p>\n\n\n\n<p>No obstante, recomendaron tres condiciones espec\u00edficas:<\/p>\n\n\n\n<ul class=\"wp-block-list\">\n<li>Presentar una lista de instituciones comprometidas para asignar recursos para los proyectos y programas planificados, con montos anuales claramente definidos.<\/li>\n\n\n\n<li>Crear un fondo mixto para gestionar negocios de sectores p\u00fablicos, privados, acad\u00e9micos, sociales e internacionales.<\/li>\n\n\n\n<li>Seleccionar \u00a0y contratar un coordinador responsable que lidere la implementaci\u00f3n del plan de acci\u00f3n y actividades asociadas.<\/li>\n<\/ul>\n\n\n\n<p>Estas recomendaciones fueron trabajadas por el Comit\u00e9 Promotor, que&nbsp; el 2 de diciembre envi\u00f3 al IGCAT los respaldos de los avances de implementaci\u00f3n en cada una de las 3&nbsp; recomendaciones&nbsp; lo que permiti\u00f3 que el organismo gastron\u00f3mico internacional, durante la 35\u00aa Reuni\u00f3n del Foro Asesor,&nbsp; aproabara de forma un\u00e1nime a Manab\u00ed como la nueva Regi\u00f3n Gastron\u00f3mica Mundial 2026&#8243;, y reafirm\u00f3 su compromiso de apoyar el desarrollo y \u00e9xito de la provincia como Regi\u00f3n Gastron\u00f3mica Mundial.<\/p>\n\n\n\n<p>Pr\u00f3ximos pasos<\/p>\n\n\n\n<p>La designaci\u00f3n de Manab\u00ed como Regi\u00f3n Mundial de Gastronom\u00eda 2026 se celebrar\u00e1 en una ceremonia oficial que marcar\u00e1 el inicio de un a\u00f1o lleno de actividades y programas dise\u00f1ados para destacar el patrimonio culinario y cultural de la regi\u00f3n.<\/p>\n","protected":false},"excerpt":{"rendered":"<p>Manab\u00ed es la primera Regi\u00f3n Gastron\u00f3mica Mundial de Am\u00e9rica \u00abHoy la gastronom\u00eda manabita se pone en el sitial m\u00e1s alto que haya tenido un territorio del Ecuador, al ser designada como la nueva Regi\u00f3n Gastron\u00f3mica Mundial 2026\u00bb, expres\u00f3 el prefecto Leonardo Orlando, durante la rueda de prensa que convoc\u00f3 el&nbsp;Comit\u00e9 Promotor&nbsp;de Manab\u00ed Gastronom\u00eda Milenaria luego [&hellip;]<\/p>\n","protected":false},"author":10,"featured_media":29548,"comment_status":"closed","ping_status":"closed","sticky":false,"template":"","format":"standard","meta":{"_joinchat":[],"footnotes":""},"categories":[150,343,142,92,349,91,81],"tags":[],"class_list":["post-29547","post","type-post","status-publish","format-standard","has-post-thumbnail","hentry","category-ambiente","category-bicentenario","category-desarrollo-social","category-noticias-manabi","category-region-gastronomica","category-todas","category-turismo"],"yoast_head":"<!-- This site is optimized with the Yoast SEO plugin v27.4 - https:\/\/yoast.com\/product\/yoast-seo-wordpress\/ -->\n<title>\u00a1SOMOS EL SABOR DEL MUNDO! - Prefectura de Manab\u00ed<\/title>\n<meta name=\"robots\" content=\"index, follow, max-snippet:-1, max-image-preview:large, max-video-preview:-1\" \/>\n<link rel=\"canonical\" href=\"https:\/\/www.manabi.gob.ec\/index.php\/somos-el-sabor-del-mundo\/\" \/>\n<meta property=\"og:locale\" content=\"es_ES\" \/>\n<meta property=\"og:type\" content=\"article\" \/>\n<meta property=\"og:title\" content=\"\u00a1SOMOS EL SABOR DEL MUNDO! - Prefectura de Manab\u00ed\" \/>\n<meta property=\"og:description\" content=\"Manab\u00ed es la primera Regi\u00f3n Gastron\u00f3mica Mundial de Am\u00e9rica \u00abHoy la gastronom\u00eda manabita se pone en el sitial m\u00e1s alto que haya tenido un territorio del Ecuador, al ser designada como la nueva Regi\u00f3n Gastron\u00f3mica Mundial 2026\u00bb, expres\u00f3 el prefecto Leonardo Orlando, durante la rueda de prensa que convoc\u00f3 el&nbsp;Comit\u00e9 Promotor&nbsp;de Manab\u00ed Gastronom\u00eda Milenaria luego [&hellip;]\" \/>\n<meta property=\"og:url\" content=\"https:\/\/www.manabi.gob.ec\/index.php\/somos-el-sabor-del-mundo\/\" \/>\n<meta property=\"og:site_name\" content=\"Prefectura de Manab\u00ed\" \/>\n<meta property=\"article:published_time\" content=\"2024-12-11T19:10:14+00:00\" \/>\n<meta property=\"article:modified_time\" content=\"2024-12-11T19:10:20+00:00\" \/>\n<meta property=\"og:image\" content=\"https:\/\/www.manabi.gob.ec\/wp-content\/uploads\/2024\/12\/WhatsApp-Image-2024-12-10-at-10.01.57-PM.jpeg\" \/>\n\t<meta property=\"og:image:width\" content=\"1600\" \/>\n\t<meta property=\"og:image:height\" content=\"1066\" \/>\n\t<meta property=\"og:image:type\" content=\"image\/jpeg\" \/>\n<meta name=\"author\" content=\"Lui Ochoa\" \/>\n<meta name=\"twitter:card\" content=\"summary_large_image\" \/>\n<meta name=\"twitter:label1\" content=\"Escrito por\" \/>\n\t<meta name=\"twitter:data1\" content=\"Lui Ochoa\" \/>\n\t<meta name=\"twitter:label2\" content=\"Tiempo de lectura\" \/>\n\t<meta name=\"twitter:data2\" content=\"3 minutos\" \/>\n<script type=\"application\/ld+json\" class=\"yoast-schema-graph\">{\"@context\":\"https:\\\/\\\/schema.org\",\"@graph\":[{\"@type\":\"Article\",\"@id\":\"https:\\\/\\\/www.manabi.gob.ec\\\/index.php\\\/somos-el-sabor-del-mundo\\\/#article\",\"isPartOf\":{\"@id\":\"https:\\\/\\\/www.manabi.gob.ec\\\/index.php\\\/somos-el-sabor-del-mundo\\\/\"},\"author\":{\"name\":\"Lui Ochoa\",\"@id\":\"https:\\\/\\\/www.manabi.gob.ec\\\/#\\\/schema\\\/person\\\/c4f117989332ad723a6ced5994aa7d7a\"},\"headline\":\"\u00a1SOMOS EL SABOR DEL MUNDO!\",\"datePublished\":\"2024-12-11T19:10:14+00:00\",\"dateModified\":\"2024-12-11T19:10:20+00:00\",\"mainEntityOfPage\":{\"@id\":\"https:\\\/\\\/www.manabi.gob.ec\\\/index.php\\\/somos-el-sabor-del-mundo\\\/\"},\"wordCount\":569,\"image\":{\"@id\":\"https:\\\/\\\/www.manabi.gob.ec\\\/index.php\\\/somos-el-sabor-del-mundo\\\/#primaryimage\"},\"thumbnailUrl\":\"https:\\\/\\\/www.manabi.gob.ec\\\/wp-content\\\/uploads\\\/2024\\\/12\\\/WhatsApp-Image-2024-12-10-at-10.01.57-PM.jpeg\",\"articleSection\":[\"Ambiente\",\"bicentenario\",\"Desarrollo Social\",\"Noticias\",\"Regi\u00f3n Gastron\u00f3mica\",\"Todas\",\"Turismo\"],\"inLanguage\":\"es\"},{\"@type\":\"WebPage\",\"@id\":\"https:\\\/\\\/www.manabi.gob.ec\\\/index.php\\\/somos-el-sabor-del-mundo\\\/\",\"url\":\"https:\\\/\\\/www.manabi.gob.ec\\\/index.php\\\/somos-el-sabor-del-mundo\\\/\",\"name\":\"\u00a1SOMOS EL SABOR DEL MUNDO! - Prefectura de Manab\u00ed\",\"isPartOf\":{\"@id\":\"https:\\\/\\\/www.manabi.gob.ec\\\/#website\"},\"primaryImageOfPage\":{\"@id\":\"https:\\\/\\\/www.manabi.gob.ec\\\/index.php\\\/somos-el-sabor-del-mundo\\\/#primaryimage\"},\"image\":{\"@id\":\"https:\\\/\\\/www.manabi.gob.ec\\\/index.php\\\/somos-el-sabor-del-mundo\\\/#primaryimage\"},\"thumbnailUrl\":\"https:\\\/\\\/www.manabi.gob.ec\\\/wp-content\\\/uploads\\\/2024\\\/12\\\/WhatsApp-Image-2024-12-10-at-10.01.57-PM.jpeg\",\"datePublished\":\"2024-12-11T19:10:14+00:00\",\"dateModified\":\"2024-12-11T19:10:20+00:00\",\"author\":{\"@id\":\"https:\\\/\\\/www.manabi.gob.ec\\\/#\\\/schema\\\/person\\\/c4f117989332ad723a6ced5994aa7d7a\"},\"breadcrumb\":{\"@id\":\"https:\\\/\\\/www.manabi.gob.ec\\\/index.php\\\/somos-el-sabor-del-mundo\\\/#breadcrumb\"},\"inLanguage\":\"es\",\"potentialAction\":[{\"@type\":\"ReadAction\",\"target\":[\"https:\\\/\\\/www.manabi.gob.ec\\\/index.php\\\/somos-el-sabor-del-mundo\\\/\"]}]},{\"@type\":\"ImageObject\",\"inLanguage\":\"es\",\"@id\":\"https:\\\/\\\/www.manabi.gob.ec\\\/index.php\\\/somos-el-sabor-del-mundo\\\/#primaryimage\",\"url\":\"https:\\\/\\\/www.manabi.gob.ec\\\/wp-content\\\/uploads\\\/2024\\\/12\\\/WhatsApp-Image-2024-12-10-at-10.01.57-PM.jpeg\",\"contentUrl\":\"https:\\\/\\\/www.manabi.gob.ec\\\/wp-content\\\/uploads\\\/2024\\\/12\\\/WhatsApp-Image-2024-12-10-at-10.01.57-PM.jpeg\",\"width\":1600,\"height\":1066},{\"@type\":\"BreadcrumbList\",\"@id\":\"https:\\\/\\\/www.manabi.gob.ec\\\/index.php\\\/somos-el-sabor-del-mundo\\\/#breadcrumb\",\"itemListElement\":[{\"@type\":\"ListItem\",\"position\":1,\"name\":\"Portada\",\"item\":\"https:\\\/\\\/www.manabi.gob.ec\\\/\"},{\"@type\":\"ListItem\",\"position\":2,\"name\":\"\u00a1SOMOS EL SABOR DEL MUNDO!\"}]},{\"@type\":\"WebSite\",\"@id\":\"https:\\\/\\\/www.manabi.gob.ec\\\/#website\",\"url\":\"https:\\\/\\\/www.manabi.gob.ec\\\/\",\"name\":\"Prefectura de Manab\u00ed\",\"description\":\"P\u00e1gina web de la prefectura\",\"potentialAction\":[{\"@type\":\"SearchAction\",\"target\":{\"@type\":\"EntryPoint\",\"urlTemplate\":\"https:\\\/\\\/www.manabi.gob.ec\\\/?s={search_term_string}\"},\"query-input\":{\"@type\":\"PropertyValueSpecification\",\"valueRequired\":true,\"valueName\":\"search_term_string\"}}],\"inLanguage\":\"es\"},{\"@type\":\"Person\",\"@id\":\"https:\\\/\\\/www.manabi.gob.ec\\\/#\\\/schema\\\/person\\\/c4f117989332ad723a6ced5994aa7d7a\",\"name\":\"Lui Ochoa\",\"image\":{\"@type\":\"ImageObject\",\"inLanguage\":\"es\",\"@id\":\"https:\\\/\\\/secure.gravatar.com\\\/avatar\\\/6e8017d0fe69dead8a95864d2eb6e1e1d8bf8e01194ba49cf7b897ff038126ba?s=96&d=mm&r=g\",\"url\":\"https:\\\/\\\/secure.gravatar.com\\\/avatar\\\/6e8017d0fe69dead8a95864d2eb6e1e1d8bf8e01194ba49cf7b897ff038126ba?s=96&d=mm&r=g\",\"contentUrl\":\"https:\\\/\\\/secure.gravatar.com\\\/avatar\\\/6e8017d0fe69dead8a95864d2eb6e1e1d8bf8e01194ba49cf7b897ff038126ba?s=96&d=mm&r=g\",\"caption\":\"Lui Ochoa\"},\"url\":\"https:\\\/\\\/www.manabi.gob.ec\\\/index.php\\\/author\\\/lochoa\\\/\"}]}<\/script>\n<!-- \/ Yoast SEO plugin. -->","yoast_head_json":{"title":"\u00a1SOMOS EL SABOR DEL MUNDO! - Prefectura de Manab\u00ed","robots":{"index":"index","follow":"follow","max-snippet":"max-snippet:-1","max-image-preview":"max-image-preview:large","max-video-preview":"max-video-preview:-1"},"canonical":"https:\/\/www.manabi.gob.ec\/index.php\/somos-el-sabor-del-mundo\/","og_locale":"es_ES","og_type":"article","og_title":"\u00a1SOMOS EL SABOR DEL MUNDO! - Prefectura de Manab\u00ed","og_description":"Manab\u00ed es la primera Regi\u00f3n Gastron\u00f3mica Mundial de Am\u00e9rica \u00abHoy la gastronom\u00eda manabita se pone en el sitial m\u00e1s alto que haya tenido un territorio del Ecuador, al ser designada como la nueva Regi\u00f3n Gastron\u00f3mica Mundial 2026\u00bb, expres\u00f3 el prefecto Leonardo Orlando, durante la rueda de prensa que convoc\u00f3 el&nbsp;Comit\u00e9 Promotor&nbsp;de Manab\u00ed Gastronom\u00eda Milenaria luego [&hellip;]","og_url":"https:\/\/www.manabi.gob.ec\/index.php\/somos-el-sabor-del-mundo\/","og_site_name":"Prefectura de Manab\u00ed","article_published_time":"2024-12-11T19:10:14+00:00","article_modified_time":"2024-12-11T19:10:20+00:00","og_image":[{"width":1600,"height":1066,"url":"https:\/\/www.manabi.gob.ec\/wp-content\/uploads\/2024\/12\/WhatsApp-Image-2024-12-10-at-10.01.57-PM.jpeg","type":"image\/jpeg"}],"author":"Lui Ochoa","twitter_card":"summary_large_image","twitter_misc":{"Escrito por":"Lui Ochoa","Tiempo de lectura":"3 minutos"},"schema":{"@context":"https:\/\/schema.org","@graph":[{"@type":"Article","@id":"https:\/\/www.manabi.gob.ec\/index.php\/somos-el-sabor-del-mundo\/#article","isPartOf":{"@id":"https:\/\/www.manabi.gob.ec\/index.php\/somos-el-sabor-del-mundo\/"},"author":{"name":"Lui Ochoa","@id":"https:\/\/www.manabi.gob.ec\/#\/schema\/person\/c4f117989332ad723a6ced5994aa7d7a"},"headline":"\u00a1SOMOS EL SABOR DEL MUNDO!","datePublished":"2024-12-11T19:10:14+00:00","dateModified":"2024-12-11T19:10:20+00:00","mainEntityOfPage":{"@id":"https:\/\/www.manabi.gob.ec\/index.php\/somos-el-sabor-del-mundo\/"},"wordCount":569,"image":{"@id":"https:\/\/www.manabi.gob.ec\/index.php\/somos-el-sabor-del-mundo\/#primaryimage"},"thumbnailUrl":"https:\/\/www.manabi.gob.ec\/wp-content\/uploads\/2024\/12\/WhatsApp-Image-2024-12-10-at-10.01.57-PM.jpeg","articleSection":["Ambiente","bicentenario","Desarrollo Social","Noticias","Regi\u00f3n Gastron\u00f3mica","Todas","Turismo"],"inLanguage":"es"},{"@type":"WebPage","@id":"https:\/\/www.manabi.gob.ec\/index.php\/somos-el-sabor-del-mundo\/","url":"https:\/\/www.manabi.gob.ec\/index.php\/somos-el-sabor-del-mundo\/","name":"\u00a1SOMOS EL SABOR DEL MUNDO! - Prefectura de Manab\u00ed","isPartOf":{"@id":"https:\/\/www.manabi.gob.ec\/#website"},"primaryImageOfPage":{"@id":"https:\/\/www.manabi.gob.ec\/index.php\/somos-el-sabor-del-mundo\/#primaryimage"},"image":{"@id":"https:\/\/www.manabi.gob.ec\/index.php\/somos-el-sabor-del-mundo\/#primaryimage"},"thumbnailUrl":"https:\/\/www.manabi.gob.ec\/wp-content\/uploads\/2024\/12\/WhatsApp-Image-2024-12-10-at-10.01.57-PM.jpeg","datePublished":"2024-12-11T19:10:14+00:00","dateModified":"2024-12-11T19:10:20+00:00","author":{"@id":"https:\/\/www.manabi.gob.ec\/#\/schema\/person\/c4f117989332ad723a6ced5994aa7d7a"},"breadcrumb":{"@id":"https:\/\/www.manabi.gob.ec\/index.php\/somos-el-sabor-del-mundo\/#breadcrumb"},"inLanguage":"es","potentialAction":[{"@type":"ReadAction","target":["https:\/\/www.manabi.gob.ec\/index.php\/somos-el-sabor-del-mundo\/"]}]},{"@type":"ImageObject","inLanguage":"es","@id":"https:\/\/www.manabi.gob.ec\/index.php\/somos-el-sabor-del-mundo\/#primaryimage","url":"https:\/\/www.manabi.gob.ec\/wp-content\/uploads\/2024\/12\/WhatsApp-Image-2024-12-10-at-10.01.57-PM.jpeg","contentUrl":"https:\/\/www.manabi.gob.ec\/wp-content\/uploads\/2024\/12\/WhatsApp-Image-2024-12-10-at-10.01.57-PM.jpeg","width":1600,"height":1066},{"@type":"BreadcrumbList","@id":"https:\/\/www.manabi.gob.ec\/index.php\/somos-el-sabor-del-mundo\/#breadcrumb","itemListElement":[{"@type":"ListItem","position":1,"name":"Portada","item":"https:\/\/www.manabi.gob.ec\/"},{"@type":"ListItem","position":2,"name":"\u00a1SOMOS EL SABOR DEL MUNDO!"}]},{"@type":"WebSite","@id":"https:\/\/www.manabi.gob.ec\/#website","url":"https:\/\/www.manabi.gob.ec\/","name":"Prefectura de Manab\u00ed","description":"P\u00e1gina web de la prefectura","potentialAction":[{"@type":"SearchAction","target":{"@type":"EntryPoint","urlTemplate":"https:\/\/www.manabi.gob.ec\/?s={search_term_string}"},"query-input":{"@type":"PropertyValueSpecification","valueRequired":true,"valueName":"search_term_string"}}],"inLanguage":"es"},{"@type":"Person","@id":"https:\/\/www.manabi.gob.ec\/#\/schema\/person\/c4f117989332ad723a6ced5994aa7d7a","name":"Lui Ochoa","image":{"@type":"ImageObject","inLanguage":"es","@id":"https:\/\/secure.gravatar.com\/avatar\/6e8017d0fe69dead8a95864d2eb6e1e1d8bf8e01194ba49cf7b897ff038126ba?s=96&d=mm&r=g","url":"https:\/\/secure.gravatar.com\/avatar\/6e8017d0fe69dead8a95864d2eb6e1e1d8bf8e01194ba49cf7b897ff038126ba?s=96&d=mm&r=g","contentUrl":"https:\/\/secure.gravatar.com\/avatar\/6e8017d0fe69dead8a95864d2eb6e1e1d8bf8e01194ba49cf7b897ff038126ba?s=96&d=mm&r=g","caption":"Lui Ochoa"},"url":"https:\/\/www.manabi.gob.ec\/index.php\/author\/lochoa\/"}]}},"jetpack_featured_media_url":"https:\/\/www.manabi.gob.ec\/wp-content\/uploads\/2024\/12\/WhatsApp-Image-2024-12-10-at-10.01.57-PM.jpeg","_links":{"self":[{"href":"https:\/\/www.manabi.gob.ec\/index.php\/wp-json\/wp\/v2\/posts\/29547","targetHints":{"allow":["GET"]}}],"collection":[{"href":"https:\/\/www.manabi.gob.ec\/index.php\/wp-json\/wp\/v2\/posts"}],"about":[{"href":"https:\/\/www.manabi.gob.ec\/index.php\/wp-json\/wp\/v2\/types\/post"}],"author":[{"embeddable":true,"href":"https:\/\/www.manabi.gob.ec\/index.php\/wp-json\/wp\/v2\/users\/10"}],"replies":[{"embeddable":true,"href":"https:\/\/www.manabi.gob.ec\/index.php\/wp-json\/wp\/v2\/comments?post=29547"}],"version-history":[{"count":1,"href":"https:\/\/www.manabi.gob.ec\/index.php\/wp-json\/wp\/v2\/posts\/29547\/revisions"}],"predecessor-version":[{"id":29549,"href":"https:\/\/www.manabi.gob.ec\/index.php\/wp-json\/wp\/v2\/posts\/29547\/revisions\/29549"}],"wp:featuredmedia":[{"embeddable":true,"href":"https:\/\/www.manabi.gob.ec\/index.php\/wp-json\/wp\/v2\/media\/29548"}],"wp:attachment":[{"href":"https:\/\/www.manabi.gob.ec\/index.php\/wp-json\/wp\/v2\/media?parent=29547"}],"wp:term":[{"taxonomy":"category","embeddable":true,"href":"https:\/\/www.manabi.gob.ec\/index.php\/wp-json\/wp\/v2\/categories?post=29547"},{"taxonomy":"post_tag","embeddable":true,"href":"https:\/\/www.manabi.gob.ec\/index.php\/wp-json\/wp\/v2\/tags?post=29547"}],"curies":[{"name":"wp","href":"https:\/\/api.w.org\/{rel}","templated":true}]}}