{"id":29586,"date":"2024-12-16T20:45:05","date_gmt":"2024-12-16T20:45:05","guid":{"rendered":"https:\/\/www.manabi.gob.ec\/?p=29586"},"modified":"2024-12-16T20:45:10","modified_gmt":"2024-12-16T20:45:10","slug":"construccion-de-la-via-higueron-adentro-presenta-el-85-de-avance","status":"publish","type":"post","link":"https:\/\/www.manabi.gob.ec\/index.php\/construccion-de-la-via-higueron-adentro-presenta-el-85-de-avance\/","title":{"rendered":"Construcci\u00f3n de la v\u00eda Higuer\u00f3n Adentro presenta\u00a0 el 85% de avance"},"content":{"rendered":"\n<p>El prefecto de Manab\u00ed, Leonardo Orlando, supervis\u00f3 este s\u00e1bado 14 de diciembre los trabajos de construcci\u00f3n &nbsp;de la v\u00eda que conecta las comunidades de Mej\u00eda, Higuer\u00f3n Adentro y San Jos\u00e9, en la parroquia Picoaz\u00e1 de Portoviejo.<\/p>\n\n\n\n<p>Durante el recorrido, constat\u00f3 un avance del 85% en la obra, al momento se est\u00e1 colocando una carpeta asf\u00e1ltica de dos pulgadas de espesor. Este proyecto ha generado grandes expectativas de cambio entre las familias de este sector productivo.<\/p>\n\n\n\n<p>La Prefectura de Manab\u00ed ejecuta este proyecto vial para impulsar el desarrollo del cant\u00f3n. La autoridad provincial reafirm\u00f3 su firme compromiso de continuar con los trabajos en esta v\u00eda.<\/p>\n\n\n\n<p>Detalles de la obra<\/p>\n\n\n\n<p>El proyecto contempla la rehabilitaci\u00f3n&nbsp; de la v\u00eda con una carpeta asf\u00e1ltica de 2 pulgadas de espesor, a lo largo de una distancia de 3.7 kil\u00f3metros, con un ancho de 7.20 metros. Adem\u00e1s, incluye la construcci\u00f3n de bordillos, cinta gotera y varios ductos cajones.<\/p>\n","protected":false},"excerpt":{"rendered":"<p>El prefecto de Manab\u00ed, Leonardo Orlando, supervis\u00f3 este s\u00e1bado 14 de diciembre los trabajos de construcci\u00f3n &nbsp;de la v\u00eda que conecta las comunidades de Mej\u00eda, Higuer\u00f3n Adentro y San Jos\u00e9, en la parroquia Picoaz\u00e1 de Portoviejo. Durante el recorrido, constat\u00f3 un avance del 85% en la obra, al momento se est\u00e1 colocando una carpeta asf\u00e1ltica [&hellip;]<\/p>\n","protected":false},"author":10,"featured_media":29587,"comment_status":"closed","ping_status":"closed","sticky":false,"template":"","format":"standard","meta":{"_joinchat":[],"footnotes":""},"categories":[150,343,142,92,181,91],"tags":[],"class_list":["post-29586","post","type-post","status-publish","format-standard","has-post-thumbnail","hentry","category-ambiente","category-bicentenario","category-desarrollo-social","category-noticias-manabi","category-obra-publica","category-todas"],"yoast_head":"<!-- This site is optimized with the Yoast SEO plugin v27.4 - https:\/\/yoast.com\/product\/yoast-seo-wordpress\/ -->\n<title>Construcci\u00f3n de la v\u00eda Higuer\u00f3n Adentro presenta\u00a0 el 85% de avance - Prefectura de Manab\u00ed<\/title>\n<meta name=\"robots\" content=\"index, follow, max-snippet:-1, max-image-preview:large, max-video-preview:-1\" \/>\n<link rel=\"canonical\" href=\"https:\/\/www.manabi.gob.ec\/index.php\/construccion-de-la-via-higueron-adentro-presenta-el-85-de-avance\/\" \/>\n<meta property=\"og:locale\" content=\"es_ES\" \/>\n<meta property=\"og:type\" content=\"article\" \/>\n<meta property=\"og:title\" content=\"Construcci\u00f3n de la v\u00eda Higuer\u00f3n Adentro presenta\u00a0 el 85% de avance - Prefectura de Manab\u00ed\" \/>\n<meta property=\"og:description\" content=\"El prefecto de Manab\u00ed, Leonardo Orlando, supervis\u00f3 este s\u00e1bado 14 de diciembre los trabajos de construcci\u00f3n &nbsp;de la v\u00eda que conecta las comunidades de Mej\u00eda, Higuer\u00f3n Adentro y San Jos\u00e9, en la parroquia Picoaz\u00e1 de Portoviejo. Durante el recorrido, constat\u00f3 un avance del 85% en la obra, al momento se est\u00e1 colocando una carpeta asf\u00e1ltica [&hellip;]\" \/>\n<meta property=\"og:url\" content=\"https:\/\/www.manabi.gob.ec\/index.php\/construccion-de-la-via-higueron-adentro-presenta-el-85-de-avance\/\" \/>\n<meta property=\"og:site_name\" content=\"Prefectura de Manab\u00ed\" \/>\n<meta property=\"article:published_time\" content=\"2024-12-16T20:45:05+00:00\" \/>\n<meta property=\"article:modified_time\" content=\"2024-12-16T20:45:10+00:00\" \/>\n<meta property=\"og:image\" content=\"https:\/\/www.manabi.gob.ec\/wp-content\/uploads\/2024\/12\/d00995bb-141c-4b50-be05-a8619d5ce7f5.jpg\" \/>\n\t<meta property=\"og:image:width\" content=\"1280\" \/>\n\t<meta property=\"og:image:height\" content=\"853\" \/>\n\t<meta property=\"og:image:type\" content=\"image\/jpeg\" \/>\n<meta name=\"author\" content=\"Lui Ochoa\" \/>\n<meta name=\"twitter:card\" content=\"summary_large_image\" \/>\n<meta name=\"twitter:label1\" content=\"Escrito por\" \/>\n\t<meta name=\"twitter:data1\" content=\"Lui Ochoa\" \/>\n\t<meta name=\"twitter:label2\" content=\"Tiempo de lectura\" \/>\n\t<meta name=\"twitter:data2\" content=\"1 minuto\" \/>\n<script type=\"application\/ld+json\" class=\"yoast-schema-graph\">{\"@context\":\"https:\\\/\\\/schema.org\",\"@graph\":[{\"@type\":\"Article\",\"@id\":\"https:\\\/\\\/www.manabi.gob.ec\\\/index.php\\\/construccion-de-la-via-higueron-adentro-presenta-el-85-de-avance\\\/#article\",\"isPartOf\":{\"@id\":\"https:\\\/\\\/www.manabi.gob.ec\\\/index.php\\\/construccion-de-la-via-higueron-adentro-presenta-el-85-de-avance\\\/\"},\"author\":{\"name\":\"Lui Ochoa\",\"@id\":\"https:\\\/\\\/www.manabi.gob.ec\\\/#\\\/schema\\\/person\\\/c4f117989332ad723a6ced5994aa7d7a\"},\"headline\":\"Construcci\u00f3n de la v\u00eda Higuer\u00f3n Adentro presenta\u00a0 el 85% de avance\",\"datePublished\":\"2024-12-16T20:45:05+00:00\",\"dateModified\":\"2024-12-16T20:45:10+00:00\",\"mainEntityOfPage\":{\"@id\":\"https:\\\/\\\/www.manabi.gob.ec\\\/index.php\\\/construccion-de-la-via-higueron-adentro-presenta-el-85-de-avance\\\/\"},\"wordCount\":176,\"image\":{\"@id\":\"https:\\\/\\\/www.manabi.gob.ec\\\/index.php\\\/construccion-de-la-via-higueron-adentro-presenta-el-85-de-avance\\\/#primaryimage\"},\"thumbnailUrl\":\"https:\\\/\\\/www.manabi.gob.ec\\\/wp-content\\\/uploads\\\/2024\\\/12\\\/d00995bb-141c-4b50-be05-a8619d5ce7f5.jpg\",\"articleSection\":[\"Ambiente\",\"bicentenario\",\"Desarrollo Social\",\"Noticias\",\"Obra P\u00fablica\",\"Todas\"],\"inLanguage\":\"es\"},{\"@type\":\"WebPage\",\"@id\":\"https:\\\/\\\/www.manabi.gob.ec\\\/index.php\\\/construccion-de-la-via-higueron-adentro-presenta-el-85-de-avance\\\/\",\"url\":\"https:\\\/\\\/www.manabi.gob.ec\\\/index.php\\\/construccion-de-la-via-higueron-adentro-presenta-el-85-de-avance\\\/\",\"name\":\"Construcci\u00f3n de la v\u00eda Higuer\u00f3n Adentro presenta\u00a0 el 85% de avance - Prefectura de Manab\u00ed\",\"isPartOf\":{\"@id\":\"https:\\\/\\\/www.manabi.gob.ec\\\/#website\"},\"primaryImageOfPage\":{\"@id\":\"https:\\\/\\\/www.manabi.gob.ec\\\/index.php\\\/construccion-de-la-via-higueron-adentro-presenta-el-85-de-avance\\\/#primaryimage\"},\"image\":{\"@id\":\"https:\\\/\\\/www.manabi.gob.ec\\\/index.php\\\/construccion-de-la-via-higueron-adentro-presenta-el-85-de-avance\\\/#primaryimage\"},\"thumbnailUrl\":\"https:\\\/\\\/www.manabi.gob.ec\\\/wp-content\\\/uploads\\\/2024\\\/12\\\/d00995bb-141c-4b50-be05-a8619d5ce7f5.jpg\",\"datePublished\":\"2024-12-16T20:45:05+00:00\",\"dateModified\":\"2024-12-16T20:45:10+00:00\",\"author\":{\"@id\":\"https:\\\/\\\/www.manabi.gob.ec\\\/#\\\/schema\\\/person\\\/c4f117989332ad723a6ced5994aa7d7a\"},\"breadcrumb\":{\"@id\":\"https:\\\/\\\/www.manabi.gob.ec\\\/index.php\\\/construccion-de-la-via-higueron-adentro-presenta-el-85-de-avance\\\/#breadcrumb\"},\"inLanguage\":\"es\",\"potentialAction\":[{\"@type\":\"ReadAction\",\"target\":[\"https:\\\/\\\/www.manabi.gob.ec\\\/index.php\\\/construccion-de-la-via-higueron-adentro-presenta-el-85-de-avance\\\/\"]}]},{\"@type\":\"ImageObject\",\"inLanguage\":\"es\",\"@id\":\"https:\\\/\\\/www.manabi.gob.ec\\\/index.php\\\/construccion-de-la-via-higueron-adentro-presenta-el-85-de-avance\\\/#primaryimage\",\"url\":\"https:\\\/\\\/www.manabi.gob.ec\\\/wp-content\\\/uploads\\\/2024\\\/12\\\/d00995bb-141c-4b50-be05-a8619d5ce7f5.jpg\",\"contentUrl\":\"https:\\\/\\\/www.manabi.gob.ec\\\/wp-content\\\/uploads\\\/2024\\\/12\\\/d00995bb-141c-4b50-be05-a8619d5ce7f5.jpg\",\"width\":1280,\"height\":853},{\"@type\":\"BreadcrumbList\",\"@id\":\"https:\\\/\\\/www.manabi.gob.ec\\\/index.php\\\/construccion-de-la-via-higueron-adentro-presenta-el-85-de-avance\\\/#breadcrumb\",\"itemListElement\":[{\"@type\":\"ListItem\",\"position\":1,\"name\":\"Portada\",\"item\":\"https:\\\/\\\/www.manabi.gob.ec\\\/\"},{\"@type\":\"ListItem\",\"position\":2,\"name\":\"Construcci\u00f3n de la v\u00eda Higuer\u00f3n Adentro presenta\u00a0 el 85% de avance\"}]},{\"@type\":\"WebSite\",\"@id\":\"https:\\\/\\\/www.manabi.gob.ec\\\/#website\",\"url\":\"https:\\\/\\\/www.manabi.gob.ec\\\/\",\"name\":\"Prefectura de Manab\u00ed\",\"description\":\"P\u00e1gina web de la prefectura\",\"potentialAction\":[{\"@type\":\"SearchAction\",\"target\":{\"@type\":\"EntryPoint\",\"urlTemplate\":\"https:\\\/\\\/www.manabi.gob.ec\\\/?s={search_term_string}\"},\"query-input\":{\"@type\":\"PropertyValueSpecification\",\"valueRequired\":true,\"valueName\":\"search_term_string\"}}],\"inLanguage\":\"es\"},{\"@type\":\"Person\",\"@id\":\"https:\\\/\\\/www.manabi.gob.ec\\\/#\\\/schema\\\/person\\\/c4f117989332ad723a6ced5994aa7d7a\",\"name\":\"Lui Ochoa\",\"image\":{\"@type\":\"ImageObject\",\"inLanguage\":\"es\",\"@id\":\"https:\\\/\\\/secure.gravatar.com\\\/avatar\\\/6e8017d0fe69dead8a95864d2eb6e1e1d8bf8e01194ba49cf7b897ff038126ba?s=96&d=mm&r=g\",\"url\":\"https:\\\/\\\/secure.gravatar.com\\\/avatar\\\/6e8017d0fe69dead8a95864d2eb6e1e1d8bf8e01194ba49cf7b897ff038126ba?s=96&d=mm&r=g\",\"contentUrl\":\"https:\\\/\\\/secure.gravatar.com\\\/avatar\\\/6e8017d0fe69dead8a95864d2eb6e1e1d8bf8e01194ba49cf7b897ff038126ba?s=96&d=mm&r=g\",\"caption\":\"Lui Ochoa\"},\"url\":\"https:\\\/\\\/www.manabi.gob.ec\\\/index.php\\\/author\\\/lochoa\\\/\"}]}<\/script>\n<!-- \/ Yoast SEO plugin. -->","yoast_head_json":{"title":"Construcci\u00f3n de la v\u00eda Higuer\u00f3n Adentro presenta\u00a0 el 85% de avance - Prefectura de Manab\u00ed","robots":{"index":"index","follow":"follow","max-snippet":"max-snippet:-1","max-image-preview":"max-image-preview:large","max-video-preview":"max-video-preview:-1"},"canonical":"https:\/\/www.manabi.gob.ec\/index.php\/construccion-de-la-via-higueron-adentro-presenta-el-85-de-avance\/","og_locale":"es_ES","og_type":"article","og_title":"Construcci\u00f3n de la v\u00eda Higuer\u00f3n Adentro presenta\u00a0 el 85% de avance - Prefectura de Manab\u00ed","og_description":"El prefecto de Manab\u00ed, Leonardo Orlando, supervis\u00f3 este s\u00e1bado 14 de diciembre los trabajos de construcci\u00f3n &nbsp;de la v\u00eda que conecta las comunidades de Mej\u00eda, Higuer\u00f3n Adentro y San Jos\u00e9, en la parroquia Picoaz\u00e1 de Portoviejo. Durante el recorrido, constat\u00f3 un avance del 85% en la obra, al momento se est\u00e1 colocando una carpeta asf\u00e1ltica [&hellip;]","og_url":"https:\/\/www.manabi.gob.ec\/index.php\/construccion-de-la-via-higueron-adentro-presenta-el-85-de-avance\/","og_site_name":"Prefectura de Manab\u00ed","article_published_time":"2024-12-16T20:45:05+00:00","article_modified_time":"2024-12-16T20:45:10+00:00","og_image":[{"width":1280,"height":853,"url":"https:\/\/www.manabi.gob.ec\/wp-content\/uploads\/2024\/12\/d00995bb-141c-4b50-be05-a8619d5ce7f5.jpg","type":"image\/jpeg"}],"author":"Lui Ochoa","twitter_card":"summary_large_image","twitter_misc":{"Escrito por":"Lui Ochoa","Tiempo de lectura":"1 minuto"},"schema":{"@context":"https:\/\/schema.org","@graph":[{"@type":"Article","@id":"https:\/\/www.manabi.gob.ec\/index.php\/construccion-de-la-via-higueron-adentro-presenta-el-85-de-avance\/#article","isPartOf":{"@id":"https:\/\/www.manabi.gob.ec\/index.php\/construccion-de-la-via-higueron-adentro-presenta-el-85-de-avance\/"},"author":{"name":"Lui Ochoa","@id":"https:\/\/www.manabi.gob.ec\/#\/schema\/person\/c4f117989332ad723a6ced5994aa7d7a"},"headline":"Construcci\u00f3n de la v\u00eda Higuer\u00f3n Adentro presenta\u00a0 el 85% de avance","datePublished":"2024-12-16T20:45:05+00:00","dateModified":"2024-12-16T20:45:10+00:00","mainEntityOfPage":{"@id":"https:\/\/www.manabi.gob.ec\/index.php\/construccion-de-la-via-higueron-adentro-presenta-el-85-de-avance\/"},"wordCount":176,"image":{"@id":"https:\/\/www.manabi.gob.ec\/index.php\/construccion-de-la-via-higueron-adentro-presenta-el-85-de-avance\/#primaryimage"},"thumbnailUrl":"https:\/\/www.manabi.gob.ec\/wp-content\/uploads\/2024\/12\/d00995bb-141c-4b50-be05-a8619d5ce7f5.jpg","articleSection":["Ambiente","bicentenario","Desarrollo Social","Noticias","Obra P\u00fablica","Todas"],"inLanguage":"es"},{"@type":"WebPage","@id":"https:\/\/www.manabi.gob.ec\/index.php\/construccion-de-la-via-higueron-adentro-presenta-el-85-de-avance\/","url":"https:\/\/www.manabi.gob.ec\/index.php\/construccion-de-la-via-higueron-adentro-presenta-el-85-de-avance\/","name":"Construcci\u00f3n de la v\u00eda Higuer\u00f3n Adentro presenta\u00a0 el 85% de avance - Prefectura de Manab\u00ed","isPartOf":{"@id":"https:\/\/www.manabi.gob.ec\/#website"},"primaryImageOfPage":{"@id":"https:\/\/www.manabi.gob.ec\/index.php\/construccion-de-la-via-higueron-adentro-presenta-el-85-de-avance\/#primaryimage"},"image":{"@id":"https:\/\/www.manabi.gob.ec\/index.php\/construccion-de-la-via-higueron-adentro-presenta-el-85-de-avance\/#primaryimage"},"thumbnailUrl":"https:\/\/www.manabi.gob.ec\/wp-content\/uploads\/2024\/12\/d00995bb-141c-4b50-be05-a8619d5ce7f5.jpg","datePublished":"2024-12-16T20:45:05+00:00","dateModified":"2024-12-16T20:45:10+00:00","author":{"@id":"https:\/\/www.manabi.gob.ec\/#\/schema\/person\/c4f117989332ad723a6ced5994aa7d7a"},"breadcrumb":{"@id":"https:\/\/www.manabi.gob.ec\/index.php\/construccion-de-la-via-higueron-adentro-presenta-el-85-de-avance\/#breadcrumb"},"inLanguage":"es","potentialAction":[{"@type":"ReadAction","target":["https:\/\/www.manabi.gob.ec\/index.php\/construccion-de-la-via-higueron-adentro-presenta-el-85-de-avance\/"]}]},{"@type":"ImageObject","inLanguage":"es","@id":"https:\/\/www.manabi.gob.ec\/index.php\/construccion-de-la-via-higueron-adentro-presenta-el-85-de-avance\/#primaryimage","url":"https:\/\/www.manabi.gob.ec\/wp-content\/uploads\/2024\/12\/d00995bb-141c-4b50-be05-a8619d5ce7f5.jpg","contentUrl":"https:\/\/www.manabi.gob.ec\/wp-content\/uploads\/2024\/12\/d00995bb-141c-4b50-be05-a8619d5ce7f5.jpg","width":1280,"height":853},{"@type":"BreadcrumbList","@id":"https:\/\/www.manabi.gob.ec\/index.php\/construccion-de-la-via-higueron-adentro-presenta-el-85-de-avance\/#breadcrumb","itemListElement":[{"@type":"ListItem","position":1,"name":"Portada","item":"https:\/\/www.manabi.gob.ec\/"},{"@type":"ListItem","position":2,"name":"Construcci\u00f3n de la v\u00eda Higuer\u00f3n Adentro presenta\u00a0 el 85% de avance"}]},{"@type":"WebSite","@id":"https:\/\/www.manabi.gob.ec\/#website","url":"https:\/\/www.manabi.gob.ec\/","name":"Prefectura de Manab\u00ed","description":"P\u00e1gina web de la prefectura","potentialAction":[{"@type":"SearchAction","target":{"@type":"EntryPoint","urlTemplate":"https:\/\/www.manabi.gob.ec\/?s={search_term_string}"},"query-input":{"@type":"PropertyValueSpecification","valueRequired":true,"valueName":"search_term_string"}}],"inLanguage":"es"},{"@type":"Person","@id":"https:\/\/www.manabi.gob.ec\/#\/schema\/person\/c4f117989332ad723a6ced5994aa7d7a","name":"Lui Ochoa","image":{"@type":"ImageObject","inLanguage":"es","@id":"https:\/\/secure.gravatar.com\/avatar\/6e8017d0fe69dead8a95864d2eb6e1e1d8bf8e01194ba49cf7b897ff038126ba?s=96&d=mm&r=g","url":"https:\/\/secure.gravatar.com\/avatar\/6e8017d0fe69dead8a95864d2eb6e1e1d8bf8e01194ba49cf7b897ff038126ba?s=96&d=mm&r=g","contentUrl":"https:\/\/secure.gravatar.com\/avatar\/6e8017d0fe69dead8a95864d2eb6e1e1d8bf8e01194ba49cf7b897ff038126ba?s=96&d=mm&r=g","caption":"Lui Ochoa"},"url":"https:\/\/www.manabi.gob.ec\/index.php\/author\/lochoa\/"}]}},"jetpack_featured_media_url":"https:\/\/www.manabi.gob.ec\/wp-content\/uploads\/2024\/12\/d00995bb-141c-4b50-be05-a8619d5ce7f5.jpg","_links":{"self":[{"href":"https:\/\/www.manabi.gob.ec\/index.php\/wp-json\/wp\/v2\/posts\/29586","targetHints":{"allow":["GET"]}}],"collection":[{"href":"https:\/\/www.manabi.gob.ec\/index.php\/wp-json\/wp\/v2\/posts"}],"about":[{"href":"https:\/\/www.manabi.gob.ec\/index.php\/wp-json\/wp\/v2\/types\/post"}],"author":[{"embeddable":true,"href":"https:\/\/www.manabi.gob.ec\/index.php\/wp-json\/wp\/v2\/users\/10"}],"replies":[{"embeddable":true,"href":"https:\/\/www.manabi.gob.ec\/index.php\/wp-json\/wp\/v2\/comments?post=29586"}],"version-history":[{"count":1,"href":"https:\/\/www.manabi.gob.ec\/index.php\/wp-json\/wp\/v2\/posts\/29586\/revisions"}],"predecessor-version":[{"id":29588,"href":"https:\/\/www.manabi.gob.ec\/index.php\/wp-json\/wp\/v2\/posts\/29586\/revisions\/29588"}],"wp:featuredmedia":[{"embeddable":true,"href":"https:\/\/www.manabi.gob.ec\/index.php\/wp-json\/wp\/v2\/media\/29587"}],"wp:attachment":[{"href":"https:\/\/www.manabi.gob.ec\/index.php\/wp-json\/wp\/v2\/media?parent=29586"}],"wp:term":[{"taxonomy":"category","embeddable":true,"href":"https:\/\/www.manabi.gob.ec\/index.php\/wp-json\/wp\/v2\/categories?post=29586"},{"taxonomy":"post_tag","embeddable":true,"href":"https:\/\/www.manabi.gob.ec\/index.php\/wp-json\/wp\/v2\/tags?post=29586"}],"curies":[{"name":"wp","href":"https:\/\/api.w.org\/{rel}","templated":true}]}}