{"id":29646,"date":"2024-12-23T18:53:21","date_gmt":"2024-12-23T18:53:21","guid":{"rendered":"https:\/\/www.manabi.gob.ec\/?p=29646"},"modified":"2024-12-23T18:53:28","modified_gmt":"2024-12-23T18:53:28","slug":"copa-bicentenario-2024-fdm-ya-tiene-su-campeon","status":"publish","type":"post","link":"https:\/\/www.manabi.gob.ec\/index.php\/copa-bicentenario-2024-fdm-ya-tiene-su-campeon\/","title":{"rendered":"Copa Bicentenario 2024 FDM\u00a0 ya tiene su campe\u00f3n"},"content":{"rendered":"\n<p>El equipo de Manta se alz\u00f3 con el t\u00edtulo de campe\u00f3n de la Copa Bicentenario 2024 FDM Sub-13 este domingo 22 de diciembre,&nbsp; en el estadio Reales Tamarindos, tras enfrentarse al equipo de Rocafuerte en una emocionante final y un resultado de 5 a 1.&nbsp;<\/p>\n\n\n\n<p>En el partido por el tercer puesto, el equipo de Bol\u00edvar se impuso a Tosagua, obteniendo la medalla de bronce, y gran final se di\u00f3 entre Manta y Rocafuerte, en un encuentro vibrante y lleno de talento, el equipo que representa a la &#8216;Capital del At\u00fan&#8217; se convirti\u00f3 en el primer campe\u00f3n de esta edici\u00f3n hist\u00f3rica de la Copa Bicentenario 2024, torneo&nbsp; organizado conjuntamente por la Prefectura de Manab\u00ed y la Federaci\u00f3n Deportiva de Manab\u00ed.&nbsp;<\/p>\n\n\n\n<p>La competici\u00f3n de la semifinal y la gran final se celebr\u00f3 los d\u00edas 21 y 22 de diciembre.&nbsp;&nbsp;<\/p>\n\n\n\n<p>El prefecto de Manab\u00ed, Leonardo Orlando, estuvo presente durante los encuentros y destac\u00f3 la alegr\u00eda y uni\u00f3n familiar que se vivi\u00f3 en el evento. Adem\u00e1s, resalt\u00f3 que el f\u00fatbol es sin\u00f3nimo de salud y bienestar para los j\u00f3venes manabitas.<\/p>\n\n\n\n<p>La autoridad provincial felicit\u00f3 a todas las ligas cantonales que participaron y demostraron su gran talento en este deporte.<\/p>\n\n\n\n<p>DATO:&nbsp;<\/p>\n\n\n\n<p>En esta primera edici\u00f3n de la Copa Bicentenario 2024 FDM sub -13, participaron un total de 22 ligas cantonales y 440 ni\u00f1os.<\/p>\n","protected":false},"excerpt":{"rendered":"<p>El equipo de Manta se alz\u00f3 con el t\u00edtulo de campe\u00f3n de la Copa Bicentenario 2024 FDM Sub-13 este domingo 22 de diciembre,&nbsp; en el estadio Reales Tamarindos, tras enfrentarse al equipo de Rocafuerte en una emocionante final y un resultado de 5 a 1.&nbsp; En el partido por el tercer puesto, el equipo de [&hellip;]<\/p>\n","protected":false},"author":10,"featured_media":29647,"comment_status":"closed","ping_status":"closed","sticky":false,"template":"","format":"standard","meta":{"_joinchat":[],"footnotes":""},"categories":[150,343,142,92,91],"tags":[],"class_list":["post-29646","post","type-post","status-publish","format-standard","has-post-thumbnail","hentry","category-ambiente","category-bicentenario","category-desarrollo-social","category-noticias-manabi","category-todas"],"yoast_head":"<!-- This site is optimized with the Yoast SEO plugin v27.4 - https:\/\/yoast.com\/product\/yoast-seo-wordpress\/ -->\n<title>Copa Bicentenario 2024 FDM\u00a0 ya tiene su campe\u00f3n - Prefectura de Manab\u00ed<\/title>\n<meta name=\"robots\" content=\"index, follow, max-snippet:-1, max-image-preview:large, max-video-preview:-1\" \/>\n<link rel=\"canonical\" href=\"https:\/\/www.manabi.gob.ec\/index.php\/copa-bicentenario-2024-fdm-ya-tiene-su-campeon\/\" \/>\n<meta property=\"og:locale\" content=\"es_ES\" \/>\n<meta property=\"og:type\" content=\"article\" \/>\n<meta property=\"og:title\" content=\"Copa Bicentenario 2024 FDM\u00a0 ya tiene su campe\u00f3n - Prefectura de Manab\u00ed\" \/>\n<meta property=\"og:description\" content=\"El equipo de Manta se alz\u00f3 con el t\u00edtulo de campe\u00f3n de la Copa Bicentenario 2024 FDM Sub-13 este domingo 22 de diciembre,&nbsp; en el estadio Reales Tamarindos, tras enfrentarse al equipo de Rocafuerte en una emocionante final y un resultado de 5 a 1.&nbsp; En el partido por el tercer puesto, el equipo de [&hellip;]\" \/>\n<meta property=\"og:url\" content=\"https:\/\/www.manabi.gob.ec\/index.php\/copa-bicentenario-2024-fdm-ya-tiene-su-campeon\/\" \/>\n<meta property=\"og:site_name\" content=\"Prefectura de Manab\u00ed\" \/>\n<meta property=\"article:published_time\" content=\"2024-12-23T18:53:21+00:00\" \/>\n<meta property=\"article:modified_time\" content=\"2024-12-23T18:53:28+00:00\" \/>\n<meta property=\"og:image\" content=\"https:\/\/www.manabi.gob.ec\/wp-content\/uploads\/2024\/12\/WhatsApp-Image-2024-12-23-at-1.17.35-PM.jpeg\" \/>\n\t<meta property=\"og:image:width\" content=\"1600\" \/>\n\t<meta property=\"og:image:height\" content=\"1066\" \/>\n\t<meta property=\"og:image:type\" content=\"image\/jpeg\" \/>\n<meta name=\"author\" content=\"Lui Ochoa\" \/>\n<meta name=\"twitter:card\" content=\"summary_large_image\" \/>\n<meta name=\"twitter:label1\" content=\"Escrito por\" \/>\n\t<meta name=\"twitter:data1\" content=\"Lui Ochoa\" \/>\n\t<meta name=\"twitter:label2\" content=\"Tiempo de lectura\" \/>\n\t<meta name=\"twitter:data2\" content=\"2 minutos\" \/>\n<script type=\"application\/ld+json\" class=\"yoast-schema-graph\">{\"@context\":\"https:\\\/\\\/schema.org\",\"@graph\":[{\"@type\":\"Article\",\"@id\":\"https:\\\/\\\/www.manabi.gob.ec\\\/index.php\\\/copa-bicentenario-2024-fdm-ya-tiene-su-campeon\\\/#article\",\"isPartOf\":{\"@id\":\"https:\\\/\\\/www.manabi.gob.ec\\\/index.php\\\/copa-bicentenario-2024-fdm-ya-tiene-su-campeon\\\/\"},\"author\":{\"name\":\"Lui Ochoa\",\"@id\":\"https:\\\/\\\/www.manabi.gob.ec\\\/#\\\/schema\\\/person\\\/c4f117989332ad723a6ced5994aa7d7a\"},\"headline\":\"Copa Bicentenario 2024 FDM\u00a0 ya tiene su campe\u00f3n\",\"datePublished\":\"2024-12-23T18:53:21+00:00\",\"dateModified\":\"2024-12-23T18:53:28+00:00\",\"mainEntityOfPage\":{\"@id\":\"https:\\\/\\\/www.manabi.gob.ec\\\/index.php\\\/copa-bicentenario-2024-fdm-ya-tiene-su-campeon\\\/\"},\"wordCount\":242,\"image\":{\"@id\":\"https:\\\/\\\/www.manabi.gob.ec\\\/index.php\\\/copa-bicentenario-2024-fdm-ya-tiene-su-campeon\\\/#primaryimage\"},\"thumbnailUrl\":\"https:\\\/\\\/www.manabi.gob.ec\\\/wp-content\\\/uploads\\\/2024\\\/12\\\/WhatsApp-Image-2024-12-23-at-1.17.35-PM.jpeg\",\"articleSection\":[\"Ambiente\",\"bicentenario\",\"Desarrollo Social\",\"Noticias\",\"Todas\"],\"inLanguage\":\"es\"},{\"@type\":\"WebPage\",\"@id\":\"https:\\\/\\\/www.manabi.gob.ec\\\/index.php\\\/copa-bicentenario-2024-fdm-ya-tiene-su-campeon\\\/\",\"url\":\"https:\\\/\\\/www.manabi.gob.ec\\\/index.php\\\/copa-bicentenario-2024-fdm-ya-tiene-su-campeon\\\/\",\"name\":\"Copa Bicentenario 2024 FDM\u00a0 ya tiene su campe\u00f3n - Prefectura de Manab\u00ed\",\"isPartOf\":{\"@id\":\"https:\\\/\\\/www.manabi.gob.ec\\\/#website\"},\"primaryImageOfPage\":{\"@id\":\"https:\\\/\\\/www.manabi.gob.ec\\\/index.php\\\/copa-bicentenario-2024-fdm-ya-tiene-su-campeon\\\/#primaryimage\"},\"image\":{\"@id\":\"https:\\\/\\\/www.manabi.gob.ec\\\/index.php\\\/copa-bicentenario-2024-fdm-ya-tiene-su-campeon\\\/#primaryimage\"},\"thumbnailUrl\":\"https:\\\/\\\/www.manabi.gob.ec\\\/wp-content\\\/uploads\\\/2024\\\/12\\\/WhatsApp-Image-2024-12-23-at-1.17.35-PM.jpeg\",\"datePublished\":\"2024-12-23T18:53:21+00:00\",\"dateModified\":\"2024-12-23T18:53:28+00:00\",\"author\":{\"@id\":\"https:\\\/\\\/www.manabi.gob.ec\\\/#\\\/schema\\\/person\\\/c4f117989332ad723a6ced5994aa7d7a\"},\"breadcrumb\":{\"@id\":\"https:\\\/\\\/www.manabi.gob.ec\\\/index.php\\\/copa-bicentenario-2024-fdm-ya-tiene-su-campeon\\\/#breadcrumb\"},\"inLanguage\":\"es\",\"potentialAction\":[{\"@type\":\"ReadAction\",\"target\":[\"https:\\\/\\\/www.manabi.gob.ec\\\/index.php\\\/copa-bicentenario-2024-fdm-ya-tiene-su-campeon\\\/\"]}]},{\"@type\":\"ImageObject\",\"inLanguage\":\"es\",\"@id\":\"https:\\\/\\\/www.manabi.gob.ec\\\/index.php\\\/copa-bicentenario-2024-fdm-ya-tiene-su-campeon\\\/#primaryimage\",\"url\":\"https:\\\/\\\/www.manabi.gob.ec\\\/wp-content\\\/uploads\\\/2024\\\/12\\\/WhatsApp-Image-2024-12-23-at-1.17.35-PM.jpeg\",\"contentUrl\":\"https:\\\/\\\/www.manabi.gob.ec\\\/wp-content\\\/uploads\\\/2024\\\/12\\\/WhatsApp-Image-2024-12-23-at-1.17.35-PM.jpeg\",\"width\":1600,\"height\":1066},{\"@type\":\"BreadcrumbList\",\"@id\":\"https:\\\/\\\/www.manabi.gob.ec\\\/index.php\\\/copa-bicentenario-2024-fdm-ya-tiene-su-campeon\\\/#breadcrumb\",\"itemListElement\":[{\"@type\":\"ListItem\",\"position\":1,\"name\":\"Portada\",\"item\":\"https:\\\/\\\/www.manabi.gob.ec\\\/\"},{\"@type\":\"ListItem\",\"position\":2,\"name\":\"Copa Bicentenario 2024 FDM\u00a0 ya tiene su campe\u00f3n\"}]},{\"@type\":\"WebSite\",\"@id\":\"https:\\\/\\\/www.manabi.gob.ec\\\/#website\",\"url\":\"https:\\\/\\\/www.manabi.gob.ec\\\/\",\"name\":\"Prefectura de Manab\u00ed\",\"description\":\"P\u00e1gina web de la prefectura\",\"potentialAction\":[{\"@type\":\"SearchAction\",\"target\":{\"@type\":\"EntryPoint\",\"urlTemplate\":\"https:\\\/\\\/www.manabi.gob.ec\\\/?s={search_term_string}\"},\"query-input\":{\"@type\":\"PropertyValueSpecification\",\"valueRequired\":true,\"valueName\":\"search_term_string\"}}],\"inLanguage\":\"es\"},{\"@type\":\"Person\",\"@id\":\"https:\\\/\\\/www.manabi.gob.ec\\\/#\\\/schema\\\/person\\\/c4f117989332ad723a6ced5994aa7d7a\",\"name\":\"Lui Ochoa\",\"image\":{\"@type\":\"ImageObject\",\"inLanguage\":\"es\",\"@id\":\"https:\\\/\\\/secure.gravatar.com\\\/avatar\\\/6e8017d0fe69dead8a95864d2eb6e1e1d8bf8e01194ba49cf7b897ff038126ba?s=96&d=mm&r=g\",\"url\":\"https:\\\/\\\/secure.gravatar.com\\\/avatar\\\/6e8017d0fe69dead8a95864d2eb6e1e1d8bf8e01194ba49cf7b897ff038126ba?s=96&d=mm&r=g\",\"contentUrl\":\"https:\\\/\\\/secure.gravatar.com\\\/avatar\\\/6e8017d0fe69dead8a95864d2eb6e1e1d8bf8e01194ba49cf7b897ff038126ba?s=96&d=mm&r=g\",\"caption\":\"Lui Ochoa\"},\"url\":\"https:\\\/\\\/www.manabi.gob.ec\\\/index.php\\\/author\\\/lochoa\\\/\"}]}<\/script>\n<!-- \/ Yoast SEO plugin. -->","yoast_head_json":{"title":"Copa Bicentenario 2024 FDM\u00a0 ya tiene su campe\u00f3n - Prefectura de Manab\u00ed","robots":{"index":"index","follow":"follow","max-snippet":"max-snippet:-1","max-image-preview":"max-image-preview:large","max-video-preview":"max-video-preview:-1"},"canonical":"https:\/\/www.manabi.gob.ec\/index.php\/copa-bicentenario-2024-fdm-ya-tiene-su-campeon\/","og_locale":"es_ES","og_type":"article","og_title":"Copa Bicentenario 2024 FDM\u00a0 ya tiene su campe\u00f3n - Prefectura de Manab\u00ed","og_description":"El equipo de Manta se alz\u00f3 con el t\u00edtulo de campe\u00f3n de la Copa Bicentenario 2024 FDM Sub-13 este domingo 22 de diciembre,&nbsp; en el estadio Reales Tamarindos, tras enfrentarse al equipo de Rocafuerte en una emocionante final y un resultado de 5 a 1.&nbsp; En el partido por el tercer puesto, el equipo de [&hellip;]","og_url":"https:\/\/www.manabi.gob.ec\/index.php\/copa-bicentenario-2024-fdm-ya-tiene-su-campeon\/","og_site_name":"Prefectura de Manab\u00ed","article_published_time":"2024-12-23T18:53:21+00:00","article_modified_time":"2024-12-23T18:53:28+00:00","og_image":[{"width":1600,"height":1066,"url":"https:\/\/www.manabi.gob.ec\/wp-content\/uploads\/2024\/12\/WhatsApp-Image-2024-12-23-at-1.17.35-PM.jpeg","type":"image\/jpeg"}],"author":"Lui Ochoa","twitter_card":"summary_large_image","twitter_misc":{"Escrito por":"Lui Ochoa","Tiempo de lectura":"2 minutos"},"schema":{"@context":"https:\/\/schema.org","@graph":[{"@type":"Article","@id":"https:\/\/www.manabi.gob.ec\/index.php\/copa-bicentenario-2024-fdm-ya-tiene-su-campeon\/#article","isPartOf":{"@id":"https:\/\/www.manabi.gob.ec\/index.php\/copa-bicentenario-2024-fdm-ya-tiene-su-campeon\/"},"author":{"name":"Lui Ochoa","@id":"https:\/\/www.manabi.gob.ec\/#\/schema\/person\/c4f117989332ad723a6ced5994aa7d7a"},"headline":"Copa Bicentenario 2024 FDM\u00a0 ya tiene su campe\u00f3n","datePublished":"2024-12-23T18:53:21+00:00","dateModified":"2024-12-23T18:53:28+00:00","mainEntityOfPage":{"@id":"https:\/\/www.manabi.gob.ec\/index.php\/copa-bicentenario-2024-fdm-ya-tiene-su-campeon\/"},"wordCount":242,"image":{"@id":"https:\/\/www.manabi.gob.ec\/index.php\/copa-bicentenario-2024-fdm-ya-tiene-su-campeon\/#primaryimage"},"thumbnailUrl":"https:\/\/www.manabi.gob.ec\/wp-content\/uploads\/2024\/12\/WhatsApp-Image-2024-12-23-at-1.17.35-PM.jpeg","articleSection":["Ambiente","bicentenario","Desarrollo Social","Noticias","Todas"],"inLanguage":"es"},{"@type":"WebPage","@id":"https:\/\/www.manabi.gob.ec\/index.php\/copa-bicentenario-2024-fdm-ya-tiene-su-campeon\/","url":"https:\/\/www.manabi.gob.ec\/index.php\/copa-bicentenario-2024-fdm-ya-tiene-su-campeon\/","name":"Copa Bicentenario 2024 FDM\u00a0 ya tiene su campe\u00f3n - Prefectura de Manab\u00ed","isPartOf":{"@id":"https:\/\/www.manabi.gob.ec\/#website"},"primaryImageOfPage":{"@id":"https:\/\/www.manabi.gob.ec\/index.php\/copa-bicentenario-2024-fdm-ya-tiene-su-campeon\/#primaryimage"},"image":{"@id":"https:\/\/www.manabi.gob.ec\/index.php\/copa-bicentenario-2024-fdm-ya-tiene-su-campeon\/#primaryimage"},"thumbnailUrl":"https:\/\/www.manabi.gob.ec\/wp-content\/uploads\/2024\/12\/WhatsApp-Image-2024-12-23-at-1.17.35-PM.jpeg","datePublished":"2024-12-23T18:53:21+00:00","dateModified":"2024-12-23T18:53:28+00:00","author":{"@id":"https:\/\/www.manabi.gob.ec\/#\/schema\/person\/c4f117989332ad723a6ced5994aa7d7a"},"breadcrumb":{"@id":"https:\/\/www.manabi.gob.ec\/index.php\/copa-bicentenario-2024-fdm-ya-tiene-su-campeon\/#breadcrumb"},"inLanguage":"es","potentialAction":[{"@type":"ReadAction","target":["https:\/\/www.manabi.gob.ec\/index.php\/copa-bicentenario-2024-fdm-ya-tiene-su-campeon\/"]}]},{"@type":"ImageObject","inLanguage":"es","@id":"https:\/\/www.manabi.gob.ec\/index.php\/copa-bicentenario-2024-fdm-ya-tiene-su-campeon\/#primaryimage","url":"https:\/\/www.manabi.gob.ec\/wp-content\/uploads\/2024\/12\/WhatsApp-Image-2024-12-23-at-1.17.35-PM.jpeg","contentUrl":"https:\/\/www.manabi.gob.ec\/wp-content\/uploads\/2024\/12\/WhatsApp-Image-2024-12-23-at-1.17.35-PM.jpeg","width":1600,"height":1066},{"@type":"BreadcrumbList","@id":"https:\/\/www.manabi.gob.ec\/index.php\/copa-bicentenario-2024-fdm-ya-tiene-su-campeon\/#breadcrumb","itemListElement":[{"@type":"ListItem","position":1,"name":"Portada","item":"https:\/\/www.manabi.gob.ec\/"},{"@type":"ListItem","position":2,"name":"Copa Bicentenario 2024 FDM\u00a0 ya tiene su campe\u00f3n"}]},{"@type":"WebSite","@id":"https:\/\/www.manabi.gob.ec\/#website","url":"https:\/\/www.manabi.gob.ec\/","name":"Prefectura de Manab\u00ed","description":"P\u00e1gina web de la prefectura","potentialAction":[{"@type":"SearchAction","target":{"@type":"EntryPoint","urlTemplate":"https:\/\/www.manabi.gob.ec\/?s={search_term_string}"},"query-input":{"@type":"PropertyValueSpecification","valueRequired":true,"valueName":"search_term_string"}}],"inLanguage":"es"},{"@type":"Person","@id":"https:\/\/www.manabi.gob.ec\/#\/schema\/person\/c4f117989332ad723a6ced5994aa7d7a","name":"Lui Ochoa","image":{"@type":"ImageObject","inLanguage":"es","@id":"https:\/\/secure.gravatar.com\/avatar\/6e8017d0fe69dead8a95864d2eb6e1e1d8bf8e01194ba49cf7b897ff038126ba?s=96&d=mm&r=g","url":"https:\/\/secure.gravatar.com\/avatar\/6e8017d0fe69dead8a95864d2eb6e1e1d8bf8e01194ba49cf7b897ff038126ba?s=96&d=mm&r=g","contentUrl":"https:\/\/secure.gravatar.com\/avatar\/6e8017d0fe69dead8a95864d2eb6e1e1d8bf8e01194ba49cf7b897ff038126ba?s=96&d=mm&r=g","caption":"Lui Ochoa"},"url":"https:\/\/www.manabi.gob.ec\/index.php\/author\/lochoa\/"}]}},"jetpack_featured_media_url":"https:\/\/www.manabi.gob.ec\/wp-content\/uploads\/2024\/12\/WhatsApp-Image-2024-12-23-at-1.17.35-PM.jpeg","_links":{"self":[{"href":"https:\/\/www.manabi.gob.ec\/index.php\/wp-json\/wp\/v2\/posts\/29646","targetHints":{"allow":["GET"]}}],"collection":[{"href":"https:\/\/www.manabi.gob.ec\/index.php\/wp-json\/wp\/v2\/posts"}],"about":[{"href":"https:\/\/www.manabi.gob.ec\/index.php\/wp-json\/wp\/v2\/types\/post"}],"author":[{"embeddable":true,"href":"https:\/\/www.manabi.gob.ec\/index.php\/wp-json\/wp\/v2\/users\/10"}],"replies":[{"embeddable":true,"href":"https:\/\/www.manabi.gob.ec\/index.php\/wp-json\/wp\/v2\/comments?post=29646"}],"version-history":[{"count":1,"href":"https:\/\/www.manabi.gob.ec\/index.php\/wp-json\/wp\/v2\/posts\/29646\/revisions"}],"predecessor-version":[{"id":29648,"href":"https:\/\/www.manabi.gob.ec\/index.php\/wp-json\/wp\/v2\/posts\/29646\/revisions\/29648"}],"wp:featuredmedia":[{"embeddable":true,"href":"https:\/\/www.manabi.gob.ec\/index.php\/wp-json\/wp\/v2\/media\/29647"}],"wp:attachment":[{"href":"https:\/\/www.manabi.gob.ec\/index.php\/wp-json\/wp\/v2\/media?parent=29646"}],"wp:term":[{"taxonomy":"category","embeddable":true,"href":"https:\/\/www.manabi.gob.ec\/index.php\/wp-json\/wp\/v2\/categories?post=29646"},{"taxonomy":"post_tag","embeddable":true,"href":"https:\/\/www.manabi.gob.ec\/index.php\/wp-json\/wp\/v2\/tags?post=29646"}],"curies":[{"name":"wp","href":"https:\/\/api.w.org\/{rel}","templated":true}]}}