{"id":29660,"date":"2024-12-27T00:48:39","date_gmt":"2024-12-27T00:48:39","guid":{"rendered":"https:\/\/www.manabi.gob.ec\/?p=29660"},"modified":"2024-12-27T00:48:45","modified_gmt":"2024-12-27T00:48:45","slug":"recta-final-en-la-construccion-de-los-puentes-boyaca-de-chone-y-cerro-verde-de-tosagua","status":"publish","type":"post","link":"https:\/\/www.manabi.gob.ec\/index.php\/recta-final-en-la-construccion-de-los-puentes-boyaca-de-chone-y-cerro-verde-de-tosagua\/","title":{"rendered":"Recta final en\u00a0 la construcci\u00f3n de los puentes Boyac\u00e1 de Chone y Cerro Verde de Tosagua"},"content":{"rendered":"\n<p>\u201cLa situaci\u00f3n aqu\u00ed era cr\u00edtica, porque cuando sal\u00eda este estero no se pod\u00eda transitar. Pero, hoy en d\u00eda los agricultores de estas comunidades estamos tranquilos porque ya no vamos a tener inconvenientes y, as\u00ed llueva, vamos a poder transitar a cualquier hora del d\u00eda o de la noche\u201d, manifest\u00f3 Antonio Delgado, habitante de la comunidad El Viento, sobre el puente de hormig\u00f3n que construye&nbsp; la Prefectura de Manab\u00ed en el sector de Cerro Verde del cant\u00f3n Tosagua.<\/p>\n\n\n\n<p>El prefecto, Leonardo Orlando, visit\u00f3 el lugar, este jueves 26 de diciembre, para supervisar el avance de esta obra de 18 metros de longitud, que ya est\u00e1 prestando servicio a la comunidad, con un avance del 93%. \u201cQuedan peque\u00f1os detalles de iluminaci\u00f3n, se\u00f1al\u00e9tica, pintura, pero lo m\u00e1s importante es que ya pueden utilizar este puente\u201d, resalt\u00f3 el Prefecto.<\/p>\n\n\n\n<p>La autoridad provincial tambi\u00e9n lleg\u00f3 a la parroquia Boyac\u00e1 del cant\u00f3n Chone, donde inspeccion\u00f3&nbsp; los trabajos de construcci\u00f3n del puente de hormig\u00f3n de 16 metros de longitud sobre el r\u00edo Boyac\u00e1, ubicado en la v\u00eda Boyac\u00e1 \u2013 El Capricho \u2013 San Agust\u00edn. La obra tiene un avance del 74% y beneficiar\u00e1 a m\u00e1s de 3.500 personas de comunidades como Buenos Aires, Pav\u00f3n, Boyac\u00e1, San Agust\u00edn, Los Tamarindos, Brice\u00f1o y otras.<\/p>\n\n\n\n<p>Financiamiento<\/p>\n\n\n\n<p>Ambos&nbsp; puentes se financian mediante un cr\u00e9dito del Banco de Desarrollo del Ecuador. La inversi\u00f3n en el puente de Cerro Verde supera los 286 mil d\u00f3lares,&nbsp; mientras que el de Boyac\u00e1 tiene un costo superior&nbsp; a los&nbsp; 485 mil d\u00f3lares. En ambos casos, los trabajos incluyen obras de protecci\u00f3n de los afluentes.<\/p>\n\n\n\n<p>Estas obras, esperadas por d\u00e9cadas, impulsan la productividad y la reactivaci\u00f3n econ\u00f3mica de zonas ricas en producci\u00f3n agr\u00edcola, ganader\u00eda, turismo y pesca. El nuevo viaducto en Cerro Verde mejorar\u00e1 la integraci\u00f3n entre los cantones Tosagua y Sucre; mientras que en Boyac\u00e1, el puente permitir\u00e1 una mejor conexi\u00f3n de Chone con los cantones San Vicente y Sucre.<\/p>\n","protected":false},"excerpt":{"rendered":"<p>\u201cLa situaci\u00f3n aqu\u00ed era cr\u00edtica, porque cuando sal\u00eda este estero no se pod\u00eda transitar. Pero, hoy en d\u00eda los agricultores de estas comunidades estamos tranquilos porque ya no vamos a tener inconvenientes y, as\u00ed llueva, vamos a poder transitar a cualquier hora del d\u00eda o de la noche\u201d, manifest\u00f3 Antonio Delgado, habitante de la comunidad [&hellip;]<\/p>\n","protected":false},"author":10,"featured_media":29661,"comment_status":"closed","ping_status":"closed","sticky":false,"template":"","format":"standard","meta":{"_joinchat":[],"footnotes":""},"categories":[343,141,142,92,181,91,130,127],"tags":[],"class_list":["post-29660","post","type-post","status-publish","format-standard","has-post-thumbnail","hentry","category-bicentenario","category-chone","category-desarrollo-social","category-noticias-manabi","category-obra-publica","category-todas","category-tosagua","category-vialidad"],"yoast_head":"<!-- This site is optimized with the Yoast SEO plugin v27.4 - https:\/\/yoast.com\/product\/yoast-seo-wordpress\/ -->\n<title>Recta final en\u00a0 la construcci\u00f3n de los puentes Boyac\u00e1 de Chone y Cerro Verde de Tosagua - Prefectura de Manab\u00ed<\/title>\n<meta name=\"robots\" content=\"index, follow, max-snippet:-1, max-image-preview:large, max-video-preview:-1\" \/>\n<link rel=\"canonical\" href=\"https:\/\/www.manabi.gob.ec\/index.php\/recta-final-en-la-construccion-de-los-puentes-boyaca-de-chone-y-cerro-verde-de-tosagua\/\" \/>\n<meta property=\"og:locale\" content=\"es_ES\" \/>\n<meta property=\"og:type\" content=\"article\" \/>\n<meta property=\"og:title\" content=\"Recta final en\u00a0 la construcci\u00f3n de los puentes Boyac\u00e1 de Chone y Cerro Verde de Tosagua - Prefectura de Manab\u00ed\" \/>\n<meta property=\"og:description\" content=\"\u201cLa situaci\u00f3n aqu\u00ed era cr\u00edtica, porque cuando sal\u00eda este estero no se pod\u00eda transitar. Pero, hoy en d\u00eda los agricultores de estas comunidades estamos tranquilos porque ya no vamos a tener inconvenientes y, as\u00ed llueva, vamos a poder transitar a cualquier hora del d\u00eda o de la noche\u201d, manifest\u00f3 Antonio Delgado, habitante de la comunidad [&hellip;]\" \/>\n<meta property=\"og:url\" content=\"https:\/\/www.manabi.gob.ec\/index.php\/recta-final-en-la-construccion-de-los-puentes-boyaca-de-chone-y-cerro-verde-de-tosagua\/\" \/>\n<meta property=\"og:site_name\" content=\"Prefectura de Manab\u00ed\" \/>\n<meta property=\"article:published_time\" content=\"2024-12-27T00:48:39+00:00\" \/>\n<meta property=\"article:modified_time\" content=\"2024-12-27T00:48:45+00:00\" \/>\n<meta property=\"og:image\" content=\"https:\/\/www.manabi.gob.ec\/wp-content\/uploads\/2024\/12\/WhatsApp-Image-2024-12-26-at-7.21.47-PM-1024x751.png\" \/>\n\t<meta property=\"og:image:width\" content=\"1024\" \/>\n\t<meta property=\"og:image:height\" content=\"751\" \/>\n\t<meta property=\"og:image:type\" content=\"image\/png\" \/>\n<meta name=\"author\" content=\"Lui Ochoa\" \/>\n<meta name=\"twitter:card\" content=\"summary_large_image\" \/>\n<meta name=\"twitter:label1\" content=\"Escrito por\" \/>\n\t<meta name=\"twitter:data1\" content=\"Lui Ochoa\" \/>\n\t<meta name=\"twitter:label2\" content=\"Tiempo de lectura\" \/>\n\t<meta name=\"twitter:data2\" content=\"2 minutos\" \/>\n<script type=\"application\/ld+json\" class=\"yoast-schema-graph\">{\"@context\":\"https:\\\/\\\/schema.org\",\"@graph\":[{\"@type\":\"Article\",\"@id\":\"https:\\\/\\\/www.manabi.gob.ec\\\/index.php\\\/recta-final-en-la-construccion-de-los-puentes-boyaca-de-chone-y-cerro-verde-de-tosagua\\\/#article\",\"isPartOf\":{\"@id\":\"https:\\\/\\\/www.manabi.gob.ec\\\/index.php\\\/recta-final-en-la-construccion-de-los-puentes-boyaca-de-chone-y-cerro-verde-de-tosagua\\\/\"},\"author\":{\"name\":\"Lui Ochoa\",\"@id\":\"https:\\\/\\\/www.manabi.gob.ec\\\/#\\\/schema\\\/person\\\/c4f117989332ad723a6ced5994aa7d7a\"},\"headline\":\"Recta final en\u00a0 la construcci\u00f3n de los puentes Boyac\u00e1 de Chone y Cerro Verde de Tosagua\",\"datePublished\":\"2024-12-27T00:48:39+00:00\",\"dateModified\":\"2024-12-27T00:48:45+00:00\",\"mainEntityOfPage\":{\"@id\":\"https:\\\/\\\/www.manabi.gob.ec\\\/index.php\\\/recta-final-en-la-construccion-de-los-puentes-boyaca-de-chone-y-cerro-verde-de-tosagua\\\/\"},\"wordCount\":364,\"image\":{\"@id\":\"https:\\\/\\\/www.manabi.gob.ec\\\/index.php\\\/recta-final-en-la-construccion-de-los-puentes-boyaca-de-chone-y-cerro-verde-de-tosagua\\\/#primaryimage\"},\"thumbnailUrl\":\"https:\\\/\\\/www.manabi.gob.ec\\\/wp-content\\\/uploads\\\/2024\\\/12\\\/WhatsApp-Image-2024-12-26-at-7.21.47-PM.png\",\"articleSection\":[\"bicentenario\",\"Chone\",\"Desarrollo Social\",\"Noticias\",\"Obra P\u00fablica\",\"Todas\",\"Tosagua\",\"Vialidad\"],\"inLanguage\":\"es\"},{\"@type\":\"WebPage\",\"@id\":\"https:\\\/\\\/www.manabi.gob.ec\\\/index.php\\\/recta-final-en-la-construccion-de-los-puentes-boyaca-de-chone-y-cerro-verde-de-tosagua\\\/\",\"url\":\"https:\\\/\\\/www.manabi.gob.ec\\\/index.php\\\/recta-final-en-la-construccion-de-los-puentes-boyaca-de-chone-y-cerro-verde-de-tosagua\\\/\",\"name\":\"Recta final en\u00a0 la construcci\u00f3n de los puentes Boyac\u00e1 de Chone y Cerro Verde de Tosagua - Prefectura de Manab\u00ed\",\"isPartOf\":{\"@id\":\"https:\\\/\\\/www.manabi.gob.ec\\\/#website\"},\"primaryImageOfPage\":{\"@id\":\"https:\\\/\\\/www.manabi.gob.ec\\\/index.php\\\/recta-final-en-la-construccion-de-los-puentes-boyaca-de-chone-y-cerro-verde-de-tosagua\\\/#primaryimage\"},\"image\":{\"@id\":\"https:\\\/\\\/www.manabi.gob.ec\\\/index.php\\\/recta-final-en-la-construccion-de-los-puentes-boyaca-de-chone-y-cerro-verde-de-tosagua\\\/#primaryimage\"},\"thumbnailUrl\":\"https:\\\/\\\/www.manabi.gob.ec\\\/wp-content\\\/uploads\\\/2024\\\/12\\\/WhatsApp-Image-2024-12-26-at-7.21.47-PM.png\",\"datePublished\":\"2024-12-27T00:48:39+00:00\",\"dateModified\":\"2024-12-27T00:48:45+00:00\",\"author\":{\"@id\":\"https:\\\/\\\/www.manabi.gob.ec\\\/#\\\/schema\\\/person\\\/c4f117989332ad723a6ced5994aa7d7a\"},\"breadcrumb\":{\"@id\":\"https:\\\/\\\/www.manabi.gob.ec\\\/index.php\\\/recta-final-en-la-construccion-de-los-puentes-boyaca-de-chone-y-cerro-verde-de-tosagua\\\/#breadcrumb\"},\"inLanguage\":\"es\",\"potentialAction\":[{\"@type\":\"ReadAction\",\"target\":[\"https:\\\/\\\/www.manabi.gob.ec\\\/index.php\\\/recta-final-en-la-construccion-de-los-puentes-boyaca-de-chone-y-cerro-verde-de-tosagua\\\/\"]}]},{\"@type\":\"ImageObject\",\"inLanguage\":\"es\",\"@id\":\"https:\\\/\\\/www.manabi.gob.ec\\\/index.php\\\/recta-final-en-la-construccion-de-los-puentes-boyaca-de-chone-y-cerro-verde-de-tosagua\\\/#primaryimage\",\"url\":\"https:\\\/\\\/www.manabi.gob.ec\\\/wp-content\\\/uploads\\\/2024\\\/12\\\/WhatsApp-Image-2024-12-26-at-7.21.47-PM.png\",\"contentUrl\":\"https:\\\/\\\/www.manabi.gob.ec\\\/wp-content\\\/uploads\\\/2024\\\/12\\\/WhatsApp-Image-2024-12-26-at-7.21.47-PM.png\",\"width\":1453,\"height\":1066},{\"@type\":\"BreadcrumbList\",\"@id\":\"https:\\\/\\\/www.manabi.gob.ec\\\/index.php\\\/recta-final-en-la-construccion-de-los-puentes-boyaca-de-chone-y-cerro-verde-de-tosagua\\\/#breadcrumb\",\"itemListElement\":[{\"@type\":\"ListItem\",\"position\":1,\"name\":\"Portada\",\"item\":\"https:\\\/\\\/www.manabi.gob.ec\\\/\"},{\"@type\":\"ListItem\",\"position\":2,\"name\":\"Recta final en\u00a0 la construcci\u00f3n de los puentes Boyac\u00e1 de Chone y Cerro Verde de Tosagua\"}]},{\"@type\":\"WebSite\",\"@id\":\"https:\\\/\\\/www.manabi.gob.ec\\\/#website\",\"url\":\"https:\\\/\\\/www.manabi.gob.ec\\\/\",\"name\":\"Prefectura de Manab\u00ed\",\"description\":\"P\u00e1gina web de la prefectura\",\"potentialAction\":[{\"@type\":\"SearchAction\",\"target\":{\"@type\":\"EntryPoint\",\"urlTemplate\":\"https:\\\/\\\/www.manabi.gob.ec\\\/?s={search_term_string}\"},\"query-input\":{\"@type\":\"PropertyValueSpecification\",\"valueRequired\":true,\"valueName\":\"search_term_string\"}}],\"inLanguage\":\"es\"},{\"@type\":\"Person\",\"@id\":\"https:\\\/\\\/www.manabi.gob.ec\\\/#\\\/schema\\\/person\\\/c4f117989332ad723a6ced5994aa7d7a\",\"name\":\"Lui Ochoa\",\"image\":{\"@type\":\"ImageObject\",\"inLanguage\":\"es\",\"@id\":\"https:\\\/\\\/secure.gravatar.com\\\/avatar\\\/6e8017d0fe69dead8a95864d2eb6e1e1d8bf8e01194ba49cf7b897ff038126ba?s=96&d=mm&r=g\",\"url\":\"https:\\\/\\\/secure.gravatar.com\\\/avatar\\\/6e8017d0fe69dead8a95864d2eb6e1e1d8bf8e01194ba49cf7b897ff038126ba?s=96&d=mm&r=g\",\"contentUrl\":\"https:\\\/\\\/secure.gravatar.com\\\/avatar\\\/6e8017d0fe69dead8a95864d2eb6e1e1d8bf8e01194ba49cf7b897ff038126ba?s=96&d=mm&r=g\",\"caption\":\"Lui Ochoa\"},\"url\":\"https:\\\/\\\/www.manabi.gob.ec\\\/index.php\\\/author\\\/lochoa\\\/\"}]}<\/script>\n<!-- \/ Yoast SEO plugin. -->","yoast_head_json":{"title":"Recta final en\u00a0 la construcci\u00f3n de los puentes Boyac\u00e1 de Chone y Cerro Verde de Tosagua - Prefectura de Manab\u00ed","robots":{"index":"index","follow":"follow","max-snippet":"max-snippet:-1","max-image-preview":"max-image-preview:large","max-video-preview":"max-video-preview:-1"},"canonical":"https:\/\/www.manabi.gob.ec\/index.php\/recta-final-en-la-construccion-de-los-puentes-boyaca-de-chone-y-cerro-verde-de-tosagua\/","og_locale":"es_ES","og_type":"article","og_title":"Recta final en\u00a0 la construcci\u00f3n de los puentes Boyac\u00e1 de Chone y Cerro Verde de Tosagua - Prefectura de Manab\u00ed","og_description":"\u201cLa situaci\u00f3n aqu\u00ed era cr\u00edtica, porque cuando sal\u00eda este estero no se pod\u00eda transitar. Pero, hoy en d\u00eda los agricultores de estas comunidades estamos tranquilos porque ya no vamos a tener inconvenientes y, as\u00ed llueva, vamos a poder transitar a cualquier hora del d\u00eda o de la noche\u201d, manifest\u00f3 Antonio Delgado, habitante de la comunidad [&hellip;]","og_url":"https:\/\/www.manabi.gob.ec\/index.php\/recta-final-en-la-construccion-de-los-puentes-boyaca-de-chone-y-cerro-verde-de-tosagua\/","og_site_name":"Prefectura de Manab\u00ed","article_published_time":"2024-12-27T00:48:39+00:00","article_modified_time":"2024-12-27T00:48:45+00:00","og_image":[{"width":1024,"height":751,"url":"https:\/\/www.manabi.gob.ec\/wp-content\/uploads\/2024\/12\/WhatsApp-Image-2024-12-26-at-7.21.47-PM-1024x751.png","type":"image\/png"}],"author":"Lui Ochoa","twitter_card":"summary_large_image","twitter_misc":{"Escrito por":"Lui Ochoa","Tiempo de lectura":"2 minutos"},"schema":{"@context":"https:\/\/schema.org","@graph":[{"@type":"Article","@id":"https:\/\/www.manabi.gob.ec\/index.php\/recta-final-en-la-construccion-de-los-puentes-boyaca-de-chone-y-cerro-verde-de-tosagua\/#article","isPartOf":{"@id":"https:\/\/www.manabi.gob.ec\/index.php\/recta-final-en-la-construccion-de-los-puentes-boyaca-de-chone-y-cerro-verde-de-tosagua\/"},"author":{"name":"Lui Ochoa","@id":"https:\/\/www.manabi.gob.ec\/#\/schema\/person\/c4f117989332ad723a6ced5994aa7d7a"},"headline":"Recta final en\u00a0 la construcci\u00f3n de los puentes Boyac\u00e1 de Chone y Cerro Verde de Tosagua","datePublished":"2024-12-27T00:48:39+00:00","dateModified":"2024-12-27T00:48:45+00:00","mainEntityOfPage":{"@id":"https:\/\/www.manabi.gob.ec\/index.php\/recta-final-en-la-construccion-de-los-puentes-boyaca-de-chone-y-cerro-verde-de-tosagua\/"},"wordCount":364,"image":{"@id":"https:\/\/www.manabi.gob.ec\/index.php\/recta-final-en-la-construccion-de-los-puentes-boyaca-de-chone-y-cerro-verde-de-tosagua\/#primaryimage"},"thumbnailUrl":"https:\/\/www.manabi.gob.ec\/wp-content\/uploads\/2024\/12\/WhatsApp-Image-2024-12-26-at-7.21.47-PM.png","articleSection":["bicentenario","Chone","Desarrollo Social","Noticias","Obra P\u00fablica","Todas","Tosagua","Vialidad"],"inLanguage":"es"},{"@type":"WebPage","@id":"https:\/\/www.manabi.gob.ec\/index.php\/recta-final-en-la-construccion-de-los-puentes-boyaca-de-chone-y-cerro-verde-de-tosagua\/","url":"https:\/\/www.manabi.gob.ec\/index.php\/recta-final-en-la-construccion-de-los-puentes-boyaca-de-chone-y-cerro-verde-de-tosagua\/","name":"Recta final en\u00a0 la construcci\u00f3n de los puentes Boyac\u00e1 de Chone y Cerro Verde de Tosagua - Prefectura de Manab\u00ed","isPartOf":{"@id":"https:\/\/www.manabi.gob.ec\/#website"},"primaryImageOfPage":{"@id":"https:\/\/www.manabi.gob.ec\/index.php\/recta-final-en-la-construccion-de-los-puentes-boyaca-de-chone-y-cerro-verde-de-tosagua\/#primaryimage"},"image":{"@id":"https:\/\/www.manabi.gob.ec\/index.php\/recta-final-en-la-construccion-de-los-puentes-boyaca-de-chone-y-cerro-verde-de-tosagua\/#primaryimage"},"thumbnailUrl":"https:\/\/www.manabi.gob.ec\/wp-content\/uploads\/2024\/12\/WhatsApp-Image-2024-12-26-at-7.21.47-PM.png","datePublished":"2024-12-27T00:48:39+00:00","dateModified":"2024-12-27T00:48:45+00:00","author":{"@id":"https:\/\/www.manabi.gob.ec\/#\/schema\/person\/c4f117989332ad723a6ced5994aa7d7a"},"breadcrumb":{"@id":"https:\/\/www.manabi.gob.ec\/index.php\/recta-final-en-la-construccion-de-los-puentes-boyaca-de-chone-y-cerro-verde-de-tosagua\/#breadcrumb"},"inLanguage":"es","potentialAction":[{"@type":"ReadAction","target":["https:\/\/www.manabi.gob.ec\/index.php\/recta-final-en-la-construccion-de-los-puentes-boyaca-de-chone-y-cerro-verde-de-tosagua\/"]}]},{"@type":"ImageObject","inLanguage":"es","@id":"https:\/\/www.manabi.gob.ec\/index.php\/recta-final-en-la-construccion-de-los-puentes-boyaca-de-chone-y-cerro-verde-de-tosagua\/#primaryimage","url":"https:\/\/www.manabi.gob.ec\/wp-content\/uploads\/2024\/12\/WhatsApp-Image-2024-12-26-at-7.21.47-PM.png","contentUrl":"https:\/\/www.manabi.gob.ec\/wp-content\/uploads\/2024\/12\/WhatsApp-Image-2024-12-26-at-7.21.47-PM.png","width":1453,"height":1066},{"@type":"BreadcrumbList","@id":"https:\/\/www.manabi.gob.ec\/index.php\/recta-final-en-la-construccion-de-los-puentes-boyaca-de-chone-y-cerro-verde-de-tosagua\/#breadcrumb","itemListElement":[{"@type":"ListItem","position":1,"name":"Portada","item":"https:\/\/www.manabi.gob.ec\/"},{"@type":"ListItem","position":2,"name":"Recta final en\u00a0 la construcci\u00f3n de los puentes Boyac\u00e1 de Chone y Cerro Verde de Tosagua"}]},{"@type":"WebSite","@id":"https:\/\/www.manabi.gob.ec\/#website","url":"https:\/\/www.manabi.gob.ec\/","name":"Prefectura de Manab\u00ed","description":"P\u00e1gina web de la prefectura","potentialAction":[{"@type":"SearchAction","target":{"@type":"EntryPoint","urlTemplate":"https:\/\/www.manabi.gob.ec\/?s={search_term_string}"},"query-input":{"@type":"PropertyValueSpecification","valueRequired":true,"valueName":"search_term_string"}}],"inLanguage":"es"},{"@type":"Person","@id":"https:\/\/www.manabi.gob.ec\/#\/schema\/person\/c4f117989332ad723a6ced5994aa7d7a","name":"Lui Ochoa","image":{"@type":"ImageObject","inLanguage":"es","@id":"https:\/\/secure.gravatar.com\/avatar\/6e8017d0fe69dead8a95864d2eb6e1e1d8bf8e01194ba49cf7b897ff038126ba?s=96&d=mm&r=g","url":"https:\/\/secure.gravatar.com\/avatar\/6e8017d0fe69dead8a95864d2eb6e1e1d8bf8e01194ba49cf7b897ff038126ba?s=96&d=mm&r=g","contentUrl":"https:\/\/secure.gravatar.com\/avatar\/6e8017d0fe69dead8a95864d2eb6e1e1d8bf8e01194ba49cf7b897ff038126ba?s=96&d=mm&r=g","caption":"Lui Ochoa"},"url":"https:\/\/www.manabi.gob.ec\/index.php\/author\/lochoa\/"}]}},"jetpack_featured_media_url":"https:\/\/www.manabi.gob.ec\/wp-content\/uploads\/2024\/12\/WhatsApp-Image-2024-12-26-at-7.21.47-PM.png","_links":{"self":[{"href":"https:\/\/www.manabi.gob.ec\/index.php\/wp-json\/wp\/v2\/posts\/29660","targetHints":{"allow":["GET"]}}],"collection":[{"href":"https:\/\/www.manabi.gob.ec\/index.php\/wp-json\/wp\/v2\/posts"}],"about":[{"href":"https:\/\/www.manabi.gob.ec\/index.php\/wp-json\/wp\/v2\/types\/post"}],"author":[{"embeddable":true,"href":"https:\/\/www.manabi.gob.ec\/index.php\/wp-json\/wp\/v2\/users\/10"}],"replies":[{"embeddable":true,"href":"https:\/\/www.manabi.gob.ec\/index.php\/wp-json\/wp\/v2\/comments?post=29660"}],"version-history":[{"count":1,"href":"https:\/\/www.manabi.gob.ec\/index.php\/wp-json\/wp\/v2\/posts\/29660\/revisions"}],"predecessor-version":[{"id":29662,"href":"https:\/\/www.manabi.gob.ec\/index.php\/wp-json\/wp\/v2\/posts\/29660\/revisions\/29662"}],"wp:featuredmedia":[{"embeddable":true,"href":"https:\/\/www.manabi.gob.ec\/index.php\/wp-json\/wp\/v2\/media\/29661"}],"wp:attachment":[{"href":"https:\/\/www.manabi.gob.ec\/index.php\/wp-json\/wp\/v2\/media?parent=29660"}],"wp:term":[{"taxonomy":"category","embeddable":true,"href":"https:\/\/www.manabi.gob.ec\/index.php\/wp-json\/wp\/v2\/categories?post=29660"},{"taxonomy":"post_tag","embeddable":true,"href":"https:\/\/www.manabi.gob.ec\/index.php\/wp-json\/wp\/v2\/tags?post=29660"}],"curies":[{"name":"wp","href":"https:\/\/api.w.org\/{rel}","templated":true}]}}