{"id":29663,"date":"2024-12-27T20:20:16","date_gmt":"2024-12-27T20:20:16","guid":{"rendered":"https:\/\/www.manabi.gob.ec\/?p=29663"},"modified":"2024-12-27T20:20:22","modified_gmt":"2024-12-27T20:20:22","slug":"manabi-se-convierte-en-la-primera-ruta-cultural-del-pais","status":"publish","type":"post","link":"https:\/\/www.manabi.gob.ec\/index.php\/manabi-se-convierte-en-la-primera-ruta-cultural-del-pais\/","title":{"rendered":"Manab\u00ed se convierte en la Primera Ruta Cultural del Pa\u00eds"},"content":{"rendered":"\n<p>\u201cHoy es un d\u00eda hist\u00f3rico para Manab\u00ed. Nos une un compromiso compartido con el desarrollo cultural integral de nuestra provincia, materializado en la firma de un convenio que fortalecer\u00e1 nuestras capacidades y nos proyectar\u00e1 hacia el futuro\u201d, expres\u00f3 el prefecto de Manab\u00ed, Leonardo Orlando, durante el evento cultural en el que la Prefectura de Manab\u00ed y el Ministerio de Cultura y Patrimonio suscribieron un convenio de cooperaci\u00f3n interinstitucional.<\/p>\n\n\n\n<p>Este acuerdo tiene como objetivo ejecutar acciones conjuntas orientadas al desarrollo cultural integral de la provincia, con \u00e9nfasis en la promoci\u00f3n y preservaci\u00f3n del patrimonio hist\u00f3rico y arqueol\u00f3gico.<\/p>\n\n\n\n<p>Adem\u00e1s, se present\u00f3 el innovador proyecto \u201cRutas Culturales y Creativas\u201d, y se oficializ\u00f3 que Manab\u00ed se convierte en la primera Ruta Cultural en el pa\u00eds, con el fin de promover el turismo cultural y educativo en la provincia.&nbsp;<\/p>\n\n\n\n<p>La ministra de Cultura y Patrimonio, Romina Mu\u00f1oz, resalt\u00f3 la importancia de este acuerdo para fortalecer las capacidades culturales de Manab\u00ed.<\/p>\n\n\n\n<p>El evento se llev\u00f3 a cabo el viernes 27 de diciembre en el Arqueo Museo Cerro Hojas Jaboncillo de Portoviejo, un espacio emblem\u00e1tico de la historia y cultura manabita.&nbsp;<\/p>\n\n\n\n<p>Al finalizar el acto, las autoridades realizaron un recorrido por el parque Cerro Jaboncillo, reafirmando su compromiso con la valorizaci\u00f3n y difusi\u00f3n del patrimonio cultural de la provincia.<\/p>\n","protected":false},"excerpt":{"rendered":"<p>\u201cHoy es un d\u00eda hist\u00f3rico para Manab\u00ed. Nos une un compromiso compartido con el desarrollo cultural integral de nuestra provincia, materializado en la firma de un convenio que fortalecer\u00e1 nuestras capacidades y nos proyectar\u00e1 hacia el futuro\u201d, expres\u00f3 el prefecto de Manab\u00ed, Leonardo Orlando, durante el evento cultural en el que la Prefectura de Manab\u00ed [&hellip;]<\/p>\n","protected":false},"author":10,"featured_media":29665,"comment_status":"closed","ping_status":"closed","sticky":false,"template":"","format":"standard","meta":{"_joinchat":[],"footnotes":""},"categories":[150,343,142,92,132,91],"tags":[],"class_list":["post-29663","post","type-post","status-publish","format-standard","has-post-thumbnail","hentry","category-ambiente","category-bicentenario","category-desarrollo-social","category-noticias-manabi","category-portoviejo","category-todas"],"yoast_head":"<!-- This site is optimized with the Yoast SEO plugin v27.4 - https:\/\/yoast.com\/product\/yoast-seo-wordpress\/ -->\n<title>Manab\u00ed se convierte en la Primera Ruta Cultural del Pa\u00eds - Prefectura de Manab\u00ed<\/title>\n<meta name=\"robots\" content=\"index, follow, max-snippet:-1, max-image-preview:large, max-video-preview:-1\" \/>\n<link rel=\"canonical\" href=\"https:\/\/www.manabi.gob.ec\/index.php\/manabi-se-convierte-en-la-primera-ruta-cultural-del-pais\/\" \/>\n<meta property=\"og:locale\" content=\"es_ES\" \/>\n<meta property=\"og:type\" content=\"article\" \/>\n<meta property=\"og:title\" content=\"Manab\u00ed se convierte en la Primera Ruta Cultural del Pa\u00eds - Prefectura de Manab\u00ed\" \/>\n<meta property=\"og:description\" content=\"\u201cHoy es un d\u00eda hist\u00f3rico para Manab\u00ed. Nos une un compromiso compartido con el desarrollo cultural integral de nuestra provincia, materializado en la firma de un convenio que fortalecer\u00e1 nuestras capacidades y nos proyectar\u00e1 hacia el futuro\u201d, expres\u00f3 el prefecto de Manab\u00ed, Leonardo Orlando, durante el evento cultural en el que la Prefectura de Manab\u00ed [&hellip;]\" \/>\n<meta property=\"og:url\" content=\"https:\/\/www.manabi.gob.ec\/index.php\/manabi-se-convierte-en-la-primera-ruta-cultural-del-pais\/\" \/>\n<meta property=\"og:site_name\" content=\"Prefectura de Manab\u00ed\" \/>\n<meta property=\"article:published_time\" content=\"2024-12-27T20:20:16+00:00\" \/>\n<meta property=\"article:modified_time\" content=\"2024-12-27T20:20:22+00:00\" \/>\n<meta property=\"og:image\" content=\"https:\/\/www.manabi.gob.ec\/wp-content\/uploads\/2024\/12\/WhatsApp-Image-2024-12-27-at-2.57.43-PM-1-scaled.jpeg\" \/>\n\t<meta property=\"og:image:width\" content=\"2560\" \/>\n\t<meta property=\"og:image:height\" content=\"1706\" \/>\n\t<meta property=\"og:image:type\" content=\"image\/jpeg\" \/>\n<meta name=\"author\" content=\"Lui Ochoa\" \/>\n<meta name=\"twitter:card\" content=\"summary_large_image\" \/>\n<meta name=\"twitter:label1\" content=\"Escrito por\" \/>\n\t<meta name=\"twitter:data1\" content=\"Lui Ochoa\" \/>\n\t<meta name=\"twitter:label2\" content=\"Tiempo de lectura\" \/>\n\t<meta name=\"twitter:data2\" content=\"2 minutos\" \/>\n<script type=\"application\/ld+json\" class=\"yoast-schema-graph\">{\"@context\":\"https:\\\/\\\/schema.org\",\"@graph\":[{\"@type\":\"Article\",\"@id\":\"https:\\\/\\\/www.manabi.gob.ec\\\/index.php\\\/manabi-se-convierte-en-la-primera-ruta-cultural-del-pais\\\/#article\",\"isPartOf\":{\"@id\":\"https:\\\/\\\/www.manabi.gob.ec\\\/index.php\\\/manabi-se-convierte-en-la-primera-ruta-cultural-del-pais\\\/\"},\"author\":{\"name\":\"Lui Ochoa\",\"@id\":\"https:\\\/\\\/www.manabi.gob.ec\\\/#\\\/schema\\\/person\\\/c4f117989332ad723a6ced5994aa7d7a\"},\"headline\":\"Manab\u00ed se convierte en la Primera Ruta Cultural del Pa\u00eds\",\"datePublished\":\"2024-12-27T20:20:16+00:00\",\"dateModified\":\"2024-12-27T20:20:22+00:00\",\"mainEntityOfPage\":{\"@id\":\"https:\\\/\\\/www.manabi.gob.ec\\\/index.php\\\/manabi-se-convierte-en-la-primera-ruta-cultural-del-pais\\\/\"},\"wordCount\":237,\"image\":{\"@id\":\"https:\\\/\\\/www.manabi.gob.ec\\\/index.php\\\/manabi-se-convierte-en-la-primera-ruta-cultural-del-pais\\\/#primaryimage\"},\"thumbnailUrl\":\"https:\\\/\\\/www.manabi.gob.ec\\\/wp-content\\\/uploads\\\/2024\\\/12\\\/WhatsApp-Image-2024-12-27-at-2.57.43-PM-1-scaled.jpeg\",\"articleSection\":[\"Ambiente\",\"bicentenario\",\"Desarrollo Social\",\"Noticias\",\"Portoviejo\",\"Todas\"],\"inLanguage\":\"es\"},{\"@type\":\"WebPage\",\"@id\":\"https:\\\/\\\/www.manabi.gob.ec\\\/index.php\\\/manabi-se-convierte-en-la-primera-ruta-cultural-del-pais\\\/\",\"url\":\"https:\\\/\\\/www.manabi.gob.ec\\\/index.php\\\/manabi-se-convierte-en-la-primera-ruta-cultural-del-pais\\\/\",\"name\":\"Manab\u00ed se convierte en la Primera Ruta Cultural del Pa\u00eds - Prefectura de Manab\u00ed\",\"isPartOf\":{\"@id\":\"https:\\\/\\\/www.manabi.gob.ec\\\/#website\"},\"primaryImageOfPage\":{\"@id\":\"https:\\\/\\\/www.manabi.gob.ec\\\/index.php\\\/manabi-se-convierte-en-la-primera-ruta-cultural-del-pais\\\/#primaryimage\"},\"image\":{\"@id\":\"https:\\\/\\\/www.manabi.gob.ec\\\/index.php\\\/manabi-se-convierte-en-la-primera-ruta-cultural-del-pais\\\/#primaryimage\"},\"thumbnailUrl\":\"https:\\\/\\\/www.manabi.gob.ec\\\/wp-content\\\/uploads\\\/2024\\\/12\\\/WhatsApp-Image-2024-12-27-at-2.57.43-PM-1-scaled.jpeg\",\"datePublished\":\"2024-12-27T20:20:16+00:00\",\"dateModified\":\"2024-12-27T20:20:22+00:00\",\"author\":{\"@id\":\"https:\\\/\\\/www.manabi.gob.ec\\\/#\\\/schema\\\/person\\\/c4f117989332ad723a6ced5994aa7d7a\"},\"breadcrumb\":{\"@id\":\"https:\\\/\\\/www.manabi.gob.ec\\\/index.php\\\/manabi-se-convierte-en-la-primera-ruta-cultural-del-pais\\\/#breadcrumb\"},\"inLanguage\":\"es\",\"potentialAction\":[{\"@type\":\"ReadAction\",\"target\":[\"https:\\\/\\\/www.manabi.gob.ec\\\/index.php\\\/manabi-se-convierte-en-la-primera-ruta-cultural-del-pais\\\/\"]}]},{\"@type\":\"ImageObject\",\"inLanguage\":\"es\",\"@id\":\"https:\\\/\\\/www.manabi.gob.ec\\\/index.php\\\/manabi-se-convierte-en-la-primera-ruta-cultural-del-pais\\\/#primaryimage\",\"url\":\"https:\\\/\\\/www.manabi.gob.ec\\\/wp-content\\\/uploads\\\/2024\\\/12\\\/WhatsApp-Image-2024-12-27-at-2.57.43-PM-1-scaled.jpeg\",\"contentUrl\":\"https:\\\/\\\/www.manabi.gob.ec\\\/wp-content\\\/uploads\\\/2024\\\/12\\\/WhatsApp-Image-2024-12-27-at-2.57.43-PM-1-scaled.jpeg\",\"width\":2560,\"height\":1706},{\"@type\":\"BreadcrumbList\",\"@id\":\"https:\\\/\\\/www.manabi.gob.ec\\\/index.php\\\/manabi-se-convierte-en-la-primera-ruta-cultural-del-pais\\\/#breadcrumb\",\"itemListElement\":[{\"@type\":\"ListItem\",\"position\":1,\"name\":\"Portada\",\"item\":\"https:\\\/\\\/www.manabi.gob.ec\\\/\"},{\"@type\":\"ListItem\",\"position\":2,\"name\":\"Manab\u00ed se convierte en la Primera Ruta Cultural del Pa\u00eds\"}]},{\"@type\":\"WebSite\",\"@id\":\"https:\\\/\\\/www.manabi.gob.ec\\\/#website\",\"url\":\"https:\\\/\\\/www.manabi.gob.ec\\\/\",\"name\":\"Prefectura de Manab\u00ed\",\"description\":\"P\u00e1gina web de la prefectura\",\"potentialAction\":[{\"@type\":\"SearchAction\",\"target\":{\"@type\":\"EntryPoint\",\"urlTemplate\":\"https:\\\/\\\/www.manabi.gob.ec\\\/?s={search_term_string}\"},\"query-input\":{\"@type\":\"PropertyValueSpecification\",\"valueRequired\":true,\"valueName\":\"search_term_string\"}}],\"inLanguage\":\"es\"},{\"@type\":\"Person\",\"@id\":\"https:\\\/\\\/www.manabi.gob.ec\\\/#\\\/schema\\\/person\\\/c4f117989332ad723a6ced5994aa7d7a\",\"name\":\"Lui Ochoa\",\"image\":{\"@type\":\"ImageObject\",\"inLanguage\":\"es\",\"@id\":\"https:\\\/\\\/secure.gravatar.com\\\/avatar\\\/6e8017d0fe69dead8a95864d2eb6e1e1d8bf8e01194ba49cf7b897ff038126ba?s=96&d=mm&r=g\",\"url\":\"https:\\\/\\\/secure.gravatar.com\\\/avatar\\\/6e8017d0fe69dead8a95864d2eb6e1e1d8bf8e01194ba49cf7b897ff038126ba?s=96&d=mm&r=g\",\"contentUrl\":\"https:\\\/\\\/secure.gravatar.com\\\/avatar\\\/6e8017d0fe69dead8a95864d2eb6e1e1d8bf8e01194ba49cf7b897ff038126ba?s=96&d=mm&r=g\",\"caption\":\"Lui Ochoa\"},\"url\":\"https:\\\/\\\/www.manabi.gob.ec\\\/index.php\\\/author\\\/lochoa\\\/\"}]}<\/script>\n<!-- \/ Yoast SEO plugin. -->","yoast_head_json":{"title":"Manab\u00ed se convierte en la Primera Ruta Cultural del Pa\u00eds - Prefectura de Manab\u00ed","robots":{"index":"index","follow":"follow","max-snippet":"max-snippet:-1","max-image-preview":"max-image-preview:large","max-video-preview":"max-video-preview:-1"},"canonical":"https:\/\/www.manabi.gob.ec\/index.php\/manabi-se-convierte-en-la-primera-ruta-cultural-del-pais\/","og_locale":"es_ES","og_type":"article","og_title":"Manab\u00ed se convierte en la Primera Ruta Cultural del Pa\u00eds - Prefectura de Manab\u00ed","og_description":"\u201cHoy es un d\u00eda hist\u00f3rico para Manab\u00ed. Nos une un compromiso compartido con el desarrollo cultural integral de nuestra provincia, materializado en la firma de un convenio que fortalecer\u00e1 nuestras capacidades y nos proyectar\u00e1 hacia el futuro\u201d, expres\u00f3 el prefecto de Manab\u00ed, Leonardo Orlando, durante el evento cultural en el que la Prefectura de Manab\u00ed [&hellip;]","og_url":"https:\/\/www.manabi.gob.ec\/index.php\/manabi-se-convierte-en-la-primera-ruta-cultural-del-pais\/","og_site_name":"Prefectura de Manab\u00ed","article_published_time":"2024-12-27T20:20:16+00:00","article_modified_time":"2024-12-27T20:20:22+00:00","og_image":[{"width":2560,"height":1706,"url":"https:\/\/www.manabi.gob.ec\/wp-content\/uploads\/2024\/12\/WhatsApp-Image-2024-12-27-at-2.57.43-PM-1-scaled.jpeg","type":"image\/jpeg"}],"author":"Lui Ochoa","twitter_card":"summary_large_image","twitter_misc":{"Escrito por":"Lui Ochoa","Tiempo de lectura":"2 minutos"},"schema":{"@context":"https:\/\/schema.org","@graph":[{"@type":"Article","@id":"https:\/\/www.manabi.gob.ec\/index.php\/manabi-se-convierte-en-la-primera-ruta-cultural-del-pais\/#article","isPartOf":{"@id":"https:\/\/www.manabi.gob.ec\/index.php\/manabi-se-convierte-en-la-primera-ruta-cultural-del-pais\/"},"author":{"name":"Lui Ochoa","@id":"https:\/\/www.manabi.gob.ec\/#\/schema\/person\/c4f117989332ad723a6ced5994aa7d7a"},"headline":"Manab\u00ed se convierte en la Primera Ruta Cultural del Pa\u00eds","datePublished":"2024-12-27T20:20:16+00:00","dateModified":"2024-12-27T20:20:22+00:00","mainEntityOfPage":{"@id":"https:\/\/www.manabi.gob.ec\/index.php\/manabi-se-convierte-en-la-primera-ruta-cultural-del-pais\/"},"wordCount":237,"image":{"@id":"https:\/\/www.manabi.gob.ec\/index.php\/manabi-se-convierte-en-la-primera-ruta-cultural-del-pais\/#primaryimage"},"thumbnailUrl":"https:\/\/www.manabi.gob.ec\/wp-content\/uploads\/2024\/12\/WhatsApp-Image-2024-12-27-at-2.57.43-PM-1-scaled.jpeg","articleSection":["Ambiente","bicentenario","Desarrollo Social","Noticias","Portoviejo","Todas"],"inLanguage":"es"},{"@type":"WebPage","@id":"https:\/\/www.manabi.gob.ec\/index.php\/manabi-se-convierte-en-la-primera-ruta-cultural-del-pais\/","url":"https:\/\/www.manabi.gob.ec\/index.php\/manabi-se-convierte-en-la-primera-ruta-cultural-del-pais\/","name":"Manab\u00ed se convierte en la Primera Ruta Cultural del Pa\u00eds - Prefectura de Manab\u00ed","isPartOf":{"@id":"https:\/\/www.manabi.gob.ec\/#website"},"primaryImageOfPage":{"@id":"https:\/\/www.manabi.gob.ec\/index.php\/manabi-se-convierte-en-la-primera-ruta-cultural-del-pais\/#primaryimage"},"image":{"@id":"https:\/\/www.manabi.gob.ec\/index.php\/manabi-se-convierte-en-la-primera-ruta-cultural-del-pais\/#primaryimage"},"thumbnailUrl":"https:\/\/www.manabi.gob.ec\/wp-content\/uploads\/2024\/12\/WhatsApp-Image-2024-12-27-at-2.57.43-PM-1-scaled.jpeg","datePublished":"2024-12-27T20:20:16+00:00","dateModified":"2024-12-27T20:20:22+00:00","author":{"@id":"https:\/\/www.manabi.gob.ec\/#\/schema\/person\/c4f117989332ad723a6ced5994aa7d7a"},"breadcrumb":{"@id":"https:\/\/www.manabi.gob.ec\/index.php\/manabi-se-convierte-en-la-primera-ruta-cultural-del-pais\/#breadcrumb"},"inLanguage":"es","potentialAction":[{"@type":"ReadAction","target":["https:\/\/www.manabi.gob.ec\/index.php\/manabi-se-convierte-en-la-primera-ruta-cultural-del-pais\/"]}]},{"@type":"ImageObject","inLanguage":"es","@id":"https:\/\/www.manabi.gob.ec\/index.php\/manabi-se-convierte-en-la-primera-ruta-cultural-del-pais\/#primaryimage","url":"https:\/\/www.manabi.gob.ec\/wp-content\/uploads\/2024\/12\/WhatsApp-Image-2024-12-27-at-2.57.43-PM-1-scaled.jpeg","contentUrl":"https:\/\/www.manabi.gob.ec\/wp-content\/uploads\/2024\/12\/WhatsApp-Image-2024-12-27-at-2.57.43-PM-1-scaled.jpeg","width":2560,"height":1706},{"@type":"BreadcrumbList","@id":"https:\/\/www.manabi.gob.ec\/index.php\/manabi-se-convierte-en-la-primera-ruta-cultural-del-pais\/#breadcrumb","itemListElement":[{"@type":"ListItem","position":1,"name":"Portada","item":"https:\/\/www.manabi.gob.ec\/"},{"@type":"ListItem","position":2,"name":"Manab\u00ed se convierte en la Primera Ruta Cultural del Pa\u00eds"}]},{"@type":"WebSite","@id":"https:\/\/www.manabi.gob.ec\/#website","url":"https:\/\/www.manabi.gob.ec\/","name":"Prefectura de Manab\u00ed","description":"P\u00e1gina web de la prefectura","potentialAction":[{"@type":"SearchAction","target":{"@type":"EntryPoint","urlTemplate":"https:\/\/www.manabi.gob.ec\/?s={search_term_string}"},"query-input":{"@type":"PropertyValueSpecification","valueRequired":true,"valueName":"search_term_string"}}],"inLanguage":"es"},{"@type":"Person","@id":"https:\/\/www.manabi.gob.ec\/#\/schema\/person\/c4f117989332ad723a6ced5994aa7d7a","name":"Lui Ochoa","image":{"@type":"ImageObject","inLanguage":"es","@id":"https:\/\/secure.gravatar.com\/avatar\/6e8017d0fe69dead8a95864d2eb6e1e1d8bf8e01194ba49cf7b897ff038126ba?s=96&d=mm&r=g","url":"https:\/\/secure.gravatar.com\/avatar\/6e8017d0fe69dead8a95864d2eb6e1e1d8bf8e01194ba49cf7b897ff038126ba?s=96&d=mm&r=g","contentUrl":"https:\/\/secure.gravatar.com\/avatar\/6e8017d0fe69dead8a95864d2eb6e1e1d8bf8e01194ba49cf7b897ff038126ba?s=96&d=mm&r=g","caption":"Lui Ochoa"},"url":"https:\/\/www.manabi.gob.ec\/index.php\/author\/lochoa\/"}]}},"jetpack_featured_media_url":"https:\/\/www.manabi.gob.ec\/wp-content\/uploads\/2024\/12\/WhatsApp-Image-2024-12-27-at-2.57.43-PM-1-scaled.jpeg","_links":{"self":[{"href":"https:\/\/www.manabi.gob.ec\/index.php\/wp-json\/wp\/v2\/posts\/29663","targetHints":{"allow":["GET"]}}],"collection":[{"href":"https:\/\/www.manabi.gob.ec\/index.php\/wp-json\/wp\/v2\/posts"}],"about":[{"href":"https:\/\/www.manabi.gob.ec\/index.php\/wp-json\/wp\/v2\/types\/post"}],"author":[{"embeddable":true,"href":"https:\/\/www.manabi.gob.ec\/index.php\/wp-json\/wp\/v2\/users\/10"}],"replies":[{"embeddable":true,"href":"https:\/\/www.manabi.gob.ec\/index.php\/wp-json\/wp\/v2\/comments?post=29663"}],"version-history":[{"count":1,"href":"https:\/\/www.manabi.gob.ec\/index.php\/wp-json\/wp\/v2\/posts\/29663\/revisions"}],"predecessor-version":[{"id":29666,"href":"https:\/\/www.manabi.gob.ec\/index.php\/wp-json\/wp\/v2\/posts\/29663\/revisions\/29666"}],"wp:featuredmedia":[{"embeddable":true,"href":"https:\/\/www.manabi.gob.ec\/index.php\/wp-json\/wp\/v2\/media\/29665"}],"wp:attachment":[{"href":"https:\/\/www.manabi.gob.ec\/index.php\/wp-json\/wp\/v2\/media?parent=29663"}],"wp:term":[{"taxonomy":"category","embeddable":true,"href":"https:\/\/www.manabi.gob.ec\/index.php\/wp-json\/wp\/v2\/categories?post=29663"},{"taxonomy":"post_tag","embeddable":true,"href":"https:\/\/www.manabi.gob.ec\/index.php\/wp-json\/wp\/v2\/tags?post=29663"}],"curies":[{"name":"wp","href":"https:\/\/api.w.org\/{rel}","templated":true}]}}