{"id":29798,"date":"2025-01-18T00:50:54","date_gmt":"2025-01-18T00:50:54","guid":{"rendered":"https:\/\/www.manabi.gob.ec\/?p=29798"},"modified":"2025-01-18T00:50:59","modified_gmt":"2025-01-18T00:50:59","slug":"el-prefecto-orlando-coordina-acciones-con-presidentes-de-juntas-parroquiales-de-varios-cantones-manabitas","status":"publish","type":"post","link":"https:\/\/www.manabi.gob.ec\/index.php\/el-prefecto-orlando-coordina-acciones-con-presidentes-de-juntas-parroquiales-de-varios-cantones-manabitas\/","title":{"rendered":"El Prefecto Orlando coordina acciones con presidentes de juntas parroquiales de varios cantones manabitas."},"content":{"rendered":"\n<p>Con el prop\u00f3sito de atender las necesidades prioritarias de las comunidades y definir<br>acciones conjuntas para su desarrollo, el prefecto de Manab\u00ed, Leonardo Orlando,<br>lider\u00f3 este viernes 17 de enero una jornada de trabajo con los presidentes de las<br>juntas parroquiales de los cantones Portoviejo, Rocafuerte, Santa Ana, 24 de Mayo,<br>Montecristi, Manta y Pichincha.<br>En horas de la tarde, tambi\u00e9n se reuni\u00f3 con los presidentes de las juntas parroquiales<br>de los cantones Jipijapa, Paj\u00e1n y Puerto L\u00f3pez.<br>Durante los encuentros, el prefecto escuch\u00f3 las inquietudes y solicitudes planteadas<br>por las autoridades parroquiales, y present\u00f3 la planificaci\u00f3n de obras destinadas a<br>cada uno de los sectores, enfatizando la importancia de un trabajo coordinado para<br>impulsar el desarrollo en cada territorio.<br>Entre los temas tratados se destacaron el mejoramiento de la infraestructura vial,<br>programas de fomento productivo, iniciativas ambientales y proyectos sociales.<br>Los representantes parroquiales valoraron el espacio como una oportunidad clave<br>para exponer de manera directa las necesidades de sus comunidades y articular<br>soluciones conjuntas.<br>La reuni\u00f3n culmin\u00f3 con compromisos para dar seguimiento continuo a las propuestas<br>presentadas, garantizando su implementaci\u00f3n efectiva.<\/p>\n","protected":false},"excerpt":{"rendered":"<p>Con el prop\u00f3sito de atender las necesidades prioritarias de las comunidades y definiracciones conjuntas para su desarrollo, el prefecto de Manab\u00ed, Leonardo Orlando,lider\u00f3 este viernes 17 de enero una jornada de trabajo con los presidentes de lasjuntas parroquiales de los cantones Portoviejo, Rocafuerte, Santa Ana, 24 de Mayo,Montecristi, Manta y Pichincha.En horas de la tarde, [&hellip;]<\/p>\n","protected":false},"author":10,"featured_media":29799,"comment_status":"closed","ping_status":"closed","sticky":false,"template":"","format":"standard","meta":{"_joinchat":[],"footnotes":""},"categories":[150,343,92,193,91],"tags":[],"class_list":["post-29798","post","type-post","status-publish","format-standard","has-post-thumbnail","hentry","category-ambiente","category-bicentenario","category-noticias-manabi","category-participacion-ciudadana","category-todas"],"yoast_head":"<!-- This site is optimized with the Yoast SEO plugin v27.4 - https:\/\/yoast.com\/product\/yoast-seo-wordpress\/ -->\n<title>El Prefecto Orlando coordina acciones con presidentes de juntas parroquiales de varios cantones manabitas. - Prefectura de Manab\u00ed<\/title>\n<meta name=\"robots\" content=\"index, follow, max-snippet:-1, max-image-preview:large, max-video-preview:-1\" \/>\n<link rel=\"canonical\" href=\"https:\/\/www.manabi.gob.ec\/index.php\/el-prefecto-orlando-coordina-acciones-con-presidentes-de-juntas-parroquiales-de-varios-cantones-manabitas\/\" \/>\n<meta property=\"og:locale\" content=\"es_ES\" \/>\n<meta property=\"og:type\" content=\"article\" \/>\n<meta property=\"og:title\" content=\"El Prefecto Orlando coordina acciones con presidentes de juntas parroquiales de varios cantones manabitas. - Prefectura de Manab\u00ed\" \/>\n<meta property=\"og:description\" content=\"Con el prop\u00f3sito de atender las necesidades prioritarias de las comunidades y definiracciones conjuntas para su desarrollo, el prefecto de Manab\u00ed, Leonardo Orlando,lider\u00f3 este viernes 17 de enero una jornada de trabajo con los presidentes de lasjuntas parroquiales de los cantones Portoviejo, Rocafuerte, Santa Ana, 24 de Mayo,Montecristi, Manta y Pichincha.En horas de la tarde, [&hellip;]\" \/>\n<meta property=\"og:url\" content=\"https:\/\/www.manabi.gob.ec\/index.php\/el-prefecto-orlando-coordina-acciones-con-presidentes-de-juntas-parroquiales-de-varios-cantones-manabitas\/\" \/>\n<meta property=\"og:site_name\" content=\"Prefectura de Manab\u00ed\" \/>\n<meta property=\"article:published_time\" content=\"2025-01-18T00:50:54+00:00\" \/>\n<meta property=\"article:modified_time\" content=\"2025-01-18T00:50:59+00:00\" \/>\n<meta property=\"og:image\" content=\"https:\/\/www.manabi.gob.ec\/wp-content\/uploads\/2025\/01\/WhatsApp-Image-2025-01-17-at-5.28.22-PM-scaled.jpeg\" \/>\n\t<meta property=\"og:image:width\" content=\"2560\" \/>\n\t<meta property=\"og:image:height\" content=\"1706\" \/>\n\t<meta property=\"og:image:type\" content=\"image\/jpeg\" \/>\n<meta name=\"author\" content=\"Lui Ochoa\" \/>\n<meta name=\"twitter:card\" content=\"summary_large_image\" \/>\n<meta name=\"twitter:label1\" content=\"Escrito por\" \/>\n\t<meta name=\"twitter:data1\" content=\"Lui Ochoa\" \/>\n\t<meta name=\"twitter:label2\" content=\"Tiempo de lectura\" \/>\n\t<meta name=\"twitter:data2\" content=\"2 minutos\" \/>\n<script type=\"application\/ld+json\" class=\"yoast-schema-graph\">{\"@context\":\"https:\\\/\\\/schema.org\",\"@graph\":[{\"@type\":\"Article\",\"@id\":\"https:\\\/\\\/www.manabi.gob.ec\\\/index.php\\\/el-prefecto-orlando-coordina-acciones-con-presidentes-de-juntas-parroquiales-de-varios-cantones-manabitas\\\/#article\",\"isPartOf\":{\"@id\":\"https:\\\/\\\/www.manabi.gob.ec\\\/index.php\\\/el-prefecto-orlando-coordina-acciones-con-presidentes-de-juntas-parroquiales-de-varios-cantones-manabitas\\\/\"},\"author\":{\"name\":\"Lui Ochoa\",\"@id\":\"https:\\\/\\\/www.manabi.gob.ec\\\/#\\\/schema\\\/person\\\/c4f117989332ad723a6ced5994aa7d7a\"},\"headline\":\"El Prefecto Orlando coordina acciones con presidentes de juntas parroquiales de varios cantones manabitas.\",\"datePublished\":\"2025-01-18T00:50:54+00:00\",\"dateModified\":\"2025-01-18T00:50:59+00:00\",\"mainEntityOfPage\":{\"@id\":\"https:\\\/\\\/www.manabi.gob.ec\\\/index.php\\\/el-prefecto-orlando-coordina-acciones-con-presidentes-de-juntas-parroquiales-de-varios-cantones-manabitas\\\/\"},\"wordCount\":192,\"image\":{\"@id\":\"https:\\\/\\\/www.manabi.gob.ec\\\/index.php\\\/el-prefecto-orlando-coordina-acciones-con-presidentes-de-juntas-parroquiales-de-varios-cantones-manabitas\\\/#primaryimage\"},\"thumbnailUrl\":\"https:\\\/\\\/www.manabi.gob.ec\\\/wp-content\\\/uploads\\\/2025\\\/01\\\/WhatsApp-Image-2025-01-17-at-5.28.22-PM-scaled.jpeg\",\"articleSection\":[\"Ambiente\",\"bicentenario\",\"Noticias\",\"Participaci\u00f3n ciudadana\",\"Todas\"],\"inLanguage\":\"es\"},{\"@type\":\"WebPage\",\"@id\":\"https:\\\/\\\/www.manabi.gob.ec\\\/index.php\\\/el-prefecto-orlando-coordina-acciones-con-presidentes-de-juntas-parroquiales-de-varios-cantones-manabitas\\\/\",\"url\":\"https:\\\/\\\/www.manabi.gob.ec\\\/index.php\\\/el-prefecto-orlando-coordina-acciones-con-presidentes-de-juntas-parroquiales-de-varios-cantones-manabitas\\\/\",\"name\":\"El Prefecto Orlando coordina acciones con presidentes de juntas parroquiales de varios cantones manabitas. - Prefectura de Manab\u00ed\",\"isPartOf\":{\"@id\":\"https:\\\/\\\/www.manabi.gob.ec\\\/#website\"},\"primaryImageOfPage\":{\"@id\":\"https:\\\/\\\/www.manabi.gob.ec\\\/index.php\\\/el-prefecto-orlando-coordina-acciones-con-presidentes-de-juntas-parroquiales-de-varios-cantones-manabitas\\\/#primaryimage\"},\"image\":{\"@id\":\"https:\\\/\\\/www.manabi.gob.ec\\\/index.php\\\/el-prefecto-orlando-coordina-acciones-con-presidentes-de-juntas-parroquiales-de-varios-cantones-manabitas\\\/#primaryimage\"},\"thumbnailUrl\":\"https:\\\/\\\/www.manabi.gob.ec\\\/wp-content\\\/uploads\\\/2025\\\/01\\\/WhatsApp-Image-2025-01-17-at-5.28.22-PM-scaled.jpeg\",\"datePublished\":\"2025-01-18T00:50:54+00:00\",\"dateModified\":\"2025-01-18T00:50:59+00:00\",\"author\":{\"@id\":\"https:\\\/\\\/www.manabi.gob.ec\\\/#\\\/schema\\\/person\\\/c4f117989332ad723a6ced5994aa7d7a\"},\"breadcrumb\":{\"@id\":\"https:\\\/\\\/www.manabi.gob.ec\\\/index.php\\\/el-prefecto-orlando-coordina-acciones-con-presidentes-de-juntas-parroquiales-de-varios-cantones-manabitas\\\/#breadcrumb\"},\"inLanguage\":\"es\",\"potentialAction\":[{\"@type\":\"ReadAction\",\"target\":[\"https:\\\/\\\/www.manabi.gob.ec\\\/index.php\\\/el-prefecto-orlando-coordina-acciones-con-presidentes-de-juntas-parroquiales-de-varios-cantones-manabitas\\\/\"]}]},{\"@type\":\"ImageObject\",\"inLanguage\":\"es\",\"@id\":\"https:\\\/\\\/www.manabi.gob.ec\\\/index.php\\\/el-prefecto-orlando-coordina-acciones-con-presidentes-de-juntas-parroquiales-de-varios-cantones-manabitas\\\/#primaryimage\",\"url\":\"https:\\\/\\\/www.manabi.gob.ec\\\/wp-content\\\/uploads\\\/2025\\\/01\\\/WhatsApp-Image-2025-01-17-at-5.28.22-PM-scaled.jpeg\",\"contentUrl\":\"https:\\\/\\\/www.manabi.gob.ec\\\/wp-content\\\/uploads\\\/2025\\\/01\\\/WhatsApp-Image-2025-01-17-at-5.28.22-PM-scaled.jpeg\",\"width\":2560,\"height\":1706},{\"@type\":\"BreadcrumbList\",\"@id\":\"https:\\\/\\\/www.manabi.gob.ec\\\/index.php\\\/el-prefecto-orlando-coordina-acciones-con-presidentes-de-juntas-parroquiales-de-varios-cantones-manabitas\\\/#breadcrumb\",\"itemListElement\":[{\"@type\":\"ListItem\",\"position\":1,\"name\":\"Portada\",\"item\":\"https:\\\/\\\/www.manabi.gob.ec\\\/\"},{\"@type\":\"ListItem\",\"position\":2,\"name\":\"El Prefecto Orlando coordina acciones con presidentes de juntas parroquiales de varios cantones manabitas.\"}]},{\"@type\":\"WebSite\",\"@id\":\"https:\\\/\\\/www.manabi.gob.ec\\\/#website\",\"url\":\"https:\\\/\\\/www.manabi.gob.ec\\\/\",\"name\":\"Prefectura de Manab\u00ed\",\"description\":\"P\u00e1gina web de la prefectura\",\"potentialAction\":[{\"@type\":\"SearchAction\",\"target\":{\"@type\":\"EntryPoint\",\"urlTemplate\":\"https:\\\/\\\/www.manabi.gob.ec\\\/?s={search_term_string}\"},\"query-input\":{\"@type\":\"PropertyValueSpecification\",\"valueRequired\":true,\"valueName\":\"search_term_string\"}}],\"inLanguage\":\"es\"},{\"@type\":\"Person\",\"@id\":\"https:\\\/\\\/www.manabi.gob.ec\\\/#\\\/schema\\\/person\\\/c4f117989332ad723a6ced5994aa7d7a\",\"name\":\"Lui Ochoa\",\"image\":{\"@type\":\"ImageObject\",\"inLanguage\":\"es\",\"@id\":\"https:\\\/\\\/secure.gravatar.com\\\/avatar\\\/6e8017d0fe69dead8a95864d2eb6e1e1d8bf8e01194ba49cf7b897ff038126ba?s=96&d=mm&r=g\",\"url\":\"https:\\\/\\\/secure.gravatar.com\\\/avatar\\\/6e8017d0fe69dead8a95864d2eb6e1e1d8bf8e01194ba49cf7b897ff038126ba?s=96&d=mm&r=g\",\"contentUrl\":\"https:\\\/\\\/secure.gravatar.com\\\/avatar\\\/6e8017d0fe69dead8a95864d2eb6e1e1d8bf8e01194ba49cf7b897ff038126ba?s=96&d=mm&r=g\",\"caption\":\"Lui Ochoa\"},\"url\":\"https:\\\/\\\/www.manabi.gob.ec\\\/index.php\\\/author\\\/lochoa\\\/\"}]}<\/script>\n<!-- \/ Yoast SEO plugin. -->","yoast_head_json":{"title":"El Prefecto Orlando coordina acciones con presidentes de juntas parroquiales de varios cantones manabitas. - Prefectura de Manab\u00ed","robots":{"index":"index","follow":"follow","max-snippet":"max-snippet:-1","max-image-preview":"max-image-preview:large","max-video-preview":"max-video-preview:-1"},"canonical":"https:\/\/www.manabi.gob.ec\/index.php\/el-prefecto-orlando-coordina-acciones-con-presidentes-de-juntas-parroquiales-de-varios-cantones-manabitas\/","og_locale":"es_ES","og_type":"article","og_title":"El Prefecto Orlando coordina acciones con presidentes de juntas parroquiales de varios cantones manabitas. - Prefectura de Manab\u00ed","og_description":"Con el prop\u00f3sito de atender las necesidades prioritarias de las comunidades y definiracciones conjuntas para su desarrollo, el prefecto de Manab\u00ed, Leonardo Orlando,lider\u00f3 este viernes 17 de enero una jornada de trabajo con los presidentes de lasjuntas parroquiales de los cantones Portoviejo, Rocafuerte, Santa Ana, 24 de Mayo,Montecristi, Manta y Pichincha.En horas de la tarde, [&hellip;]","og_url":"https:\/\/www.manabi.gob.ec\/index.php\/el-prefecto-orlando-coordina-acciones-con-presidentes-de-juntas-parroquiales-de-varios-cantones-manabitas\/","og_site_name":"Prefectura de Manab\u00ed","article_published_time":"2025-01-18T00:50:54+00:00","article_modified_time":"2025-01-18T00:50:59+00:00","og_image":[{"width":2560,"height":1706,"url":"https:\/\/www.manabi.gob.ec\/wp-content\/uploads\/2025\/01\/WhatsApp-Image-2025-01-17-at-5.28.22-PM-scaled.jpeg","type":"image\/jpeg"}],"author":"Lui Ochoa","twitter_card":"summary_large_image","twitter_misc":{"Escrito por":"Lui Ochoa","Tiempo de lectura":"2 minutos"},"schema":{"@context":"https:\/\/schema.org","@graph":[{"@type":"Article","@id":"https:\/\/www.manabi.gob.ec\/index.php\/el-prefecto-orlando-coordina-acciones-con-presidentes-de-juntas-parroquiales-de-varios-cantones-manabitas\/#article","isPartOf":{"@id":"https:\/\/www.manabi.gob.ec\/index.php\/el-prefecto-orlando-coordina-acciones-con-presidentes-de-juntas-parroquiales-de-varios-cantones-manabitas\/"},"author":{"name":"Lui Ochoa","@id":"https:\/\/www.manabi.gob.ec\/#\/schema\/person\/c4f117989332ad723a6ced5994aa7d7a"},"headline":"El Prefecto Orlando coordina acciones con presidentes de juntas parroquiales de varios cantones manabitas.","datePublished":"2025-01-18T00:50:54+00:00","dateModified":"2025-01-18T00:50:59+00:00","mainEntityOfPage":{"@id":"https:\/\/www.manabi.gob.ec\/index.php\/el-prefecto-orlando-coordina-acciones-con-presidentes-de-juntas-parroquiales-de-varios-cantones-manabitas\/"},"wordCount":192,"image":{"@id":"https:\/\/www.manabi.gob.ec\/index.php\/el-prefecto-orlando-coordina-acciones-con-presidentes-de-juntas-parroquiales-de-varios-cantones-manabitas\/#primaryimage"},"thumbnailUrl":"https:\/\/www.manabi.gob.ec\/wp-content\/uploads\/2025\/01\/WhatsApp-Image-2025-01-17-at-5.28.22-PM-scaled.jpeg","articleSection":["Ambiente","bicentenario","Noticias","Participaci\u00f3n ciudadana","Todas"],"inLanguage":"es"},{"@type":"WebPage","@id":"https:\/\/www.manabi.gob.ec\/index.php\/el-prefecto-orlando-coordina-acciones-con-presidentes-de-juntas-parroquiales-de-varios-cantones-manabitas\/","url":"https:\/\/www.manabi.gob.ec\/index.php\/el-prefecto-orlando-coordina-acciones-con-presidentes-de-juntas-parroquiales-de-varios-cantones-manabitas\/","name":"El Prefecto Orlando coordina acciones con presidentes de juntas parroquiales de varios cantones manabitas. - Prefectura de Manab\u00ed","isPartOf":{"@id":"https:\/\/www.manabi.gob.ec\/#website"},"primaryImageOfPage":{"@id":"https:\/\/www.manabi.gob.ec\/index.php\/el-prefecto-orlando-coordina-acciones-con-presidentes-de-juntas-parroquiales-de-varios-cantones-manabitas\/#primaryimage"},"image":{"@id":"https:\/\/www.manabi.gob.ec\/index.php\/el-prefecto-orlando-coordina-acciones-con-presidentes-de-juntas-parroquiales-de-varios-cantones-manabitas\/#primaryimage"},"thumbnailUrl":"https:\/\/www.manabi.gob.ec\/wp-content\/uploads\/2025\/01\/WhatsApp-Image-2025-01-17-at-5.28.22-PM-scaled.jpeg","datePublished":"2025-01-18T00:50:54+00:00","dateModified":"2025-01-18T00:50:59+00:00","author":{"@id":"https:\/\/www.manabi.gob.ec\/#\/schema\/person\/c4f117989332ad723a6ced5994aa7d7a"},"breadcrumb":{"@id":"https:\/\/www.manabi.gob.ec\/index.php\/el-prefecto-orlando-coordina-acciones-con-presidentes-de-juntas-parroquiales-de-varios-cantones-manabitas\/#breadcrumb"},"inLanguage":"es","potentialAction":[{"@type":"ReadAction","target":["https:\/\/www.manabi.gob.ec\/index.php\/el-prefecto-orlando-coordina-acciones-con-presidentes-de-juntas-parroquiales-de-varios-cantones-manabitas\/"]}]},{"@type":"ImageObject","inLanguage":"es","@id":"https:\/\/www.manabi.gob.ec\/index.php\/el-prefecto-orlando-coordina-acciones-con-presidentes-de-juntas-parroquiales-de-varios-cantones-manabitas\/#primaryimage","url":"https:\/\/www.manabi.gob.ec\/wp-content\/uploads\/2025\/01\/WhatsApp-Image-2025-01-17-at-5.28.22-PM-scaled.jpeg","contentUrl":"https:\/\/www.manabi.gob.ec\/wp-content\/uploads\/2025\/01\/WhatsApp-Image-2025-01-17-at-5.28.22-PM-scaled.jpeg","width":2560,"height":1706},{"@type":"BreadcrumbList","@id":"https:\/\/www.manabi.gob.ec\/index.php\/el-prefecto-orlando-coordina-acciones-con-presidentes-de-juntas-parroquiales-de-varios-cantones-manabitas\/#breadcrumb","itemListElement":[{"@type":"ListItem","position":1,"name":"Portada","item":"https:\/\/www.manabi.gob.ec\/"},{"@type":"ListItem","position":2,"name":"El Prefecto Orlando coordina acciones con presidentes de juntas parroquiales de varios cantones manabitas."}]},{"@type":"WebSite","@id":"https:\/\/www.manabi.gob.ec\/#website","url":"https:\/\/www.manabi.gob.ec\/","name":"Prefectura de Manab\u00ed","description":"P\u00e1gina web de la prefectura","potentialAction":[{"@type":"SearchAction","target":{"@type":"EntryPoint","urlTemplate":"https:\/\/www.manabi.gob.ec\/?s={search_term_string}"},"query-input":{"@type":"PropertyValueSpecification","valueRequired":true,"valueName":"search_term_string"}}],"inLanguage":"es"},{"@type":"Person","@id":"https:\/\/www.manabi.gob.ec\/#\/schema\/person\/c4f117989332ad723a6ced5994aa7d7a","name":"Lui Ochoa","image":{"@type":"ImageObject","inLanguage":"es","@id":"https:\/\/secure.gravatar.com\/avatar\/6e8017d0fe69dead8a95864d2eb6e1e1d8bf8e01194ba49cf7b897ff038126ba?s=96&d=mm&r=g","url":"https:\/\/secure.gravatar.com\/avatar\/6e8017d0fe69dead8a95864d2eb6e1e1d8bf8e01194ba49cf7b897ff038126ba?s=96&d=mm&r=g","contentUrl":"https:\/\/secure.gravatar.com\/avatar\/6e8017d0fe69dead8a95864d2eb6e1e1d8bf8e01194ba49cf7b897ff038126ba?s=96&d=mm&r=g","caption":"Lui Ochoa"},"url":"https:\/\/www.manabi.gob.ec\/index.php\/author\/lochoa\/"}]}},"jetpack_featured_media_url":"https:\/\/www.manabi.gob.ec\/wp-content\/uploads\/2025\/01\/WhatsApp-Image-2025-01-17-at-5.28.22-PM-scaled.jpeg","_links":{"self":[{"href":"https:\/\/www.manabi.gob.ec\/index.php\/wp-json\/wp\/v2\/posts\/29798","targetHints":{"allow":["GET"]}}],"collection":[{"href":"https:\/\/www.manabi.gob.ec\/index.php\/wp-json\/wp\/v2\/posts"}],"about":[{"href":"https:\/\/www.manabi.gob.ec\/index.php\/wp-json\/wp\/v2\/types\/post"}],"author":[{"embeddable":true,"href":"https:\/\/www.manabi.gob.ec\/index.php\/wp-json\/wp\/v2\/users\/10"}],"replies":[{"embeddable":true,"href":"https:\/\/www.manabi.gob.ec\/index.php\/wp-json\/wp\/v2\/comments?post=29798"}],"version-history":[{"count":1,"href":"https:\/\/www.manabi.gob.ec\/index.php\/wp-json\/wp\/v2\/posts\/29798\/revisions"}],"predecessor-version":[{"id":29800,"href":"https:\/\/www.manabi.gob.ec\/index.php\/wp-json\/wp\/v2\/posts\/29798\/revisions\/29800"}],"wp:featuredmedia":[{"embeddable":true,"href":"https:\/\/www.manabi.gob.ec\/index.php\/wp-json\/wp\/v2\/media\/29799"}],"wp:attachment":[{"href":"https:\/\/www.manabi.gob.ec\/index.php\/wp-json\/wp\/v2\/media?parent=29798"}],"wp:term":[{"taxonomy":"category","embeddable":true,"href":"https:\/\/www.manabi.gob.ec\/index.php\/wp-json\/wp\/v2\/categories?post=29798"},{"taxonomy":"post_tag","embeddable":true,"href":"https:\/\/www.manabi.gob.ec\/index.php\/wp-json\/wp\/v2\/tags?post=29798"}],"curies":[{"name":"wp","href":"https:\/\/api.w.org\/{rel}","templated":true}]}}