{"id":29842,"date":"2025-01-23T21:30:34","date_gmt":"2025-01-23T21:30:34","guid":{"rendered":"https:\/\/www.manabi.gob.ec\/?p=29842"},"modified":"2025-01-23T21:30:38","modified_gmt":"2025-01-23T21:30:38","slug":"manabi-region-gastronomica-mundial-presente-en-fitur-2025-2","status":"publish","type":"post","link":"https:\/\/www.manabi.gob.ec\/index.php\/manabi-region-gastronomica-mundial-presente-en-fitur-2025-2\/","title":{"rendered":"Manab\u00ed Regi\u00f3n Gastron\u00f3mica Mundial presente en FITUR 2025"},"content":{"rendered":"\n<p>Manab\u00ed, reconocida por su riqueza gastron\u00f3mica y tradici\u00f3n cultural, participa en la 45\u00aa edici\u00f3n de la Feria Internacional de Turismo FITUR 2025, que se celebra desde el 22 al 26 de enero en Madrid, Espa\u00f1a. Este evento global es una plataforma para que la provincia contin\u00fae mostrando al mundo la diversidad y excelencia de su cocina, consolid\u00e1ndose como un destino gastron\u00f3mico de primer nivel.<\/p>\n\n\n\n<figure class=\"wp-block-image size-large\"><img loading=\"lazy\" decoding=\"async\" width=\"1024\" height=\"685\" src=\"https:\/\/www.manabi.gob.ec\/wp-content\/uploads\/2025\/01\/WhatsApp-Image-2025-01-23-at-4.15.13-PM-1024x685.jpeg\" alt=\"\" class=\"wp-image-29845\" srcset=\"https:\/\/www.manabi.gob.ec\/wp-content\/uploads\/2025\/01\/WhatsApp-Image-2025-01-23-at-4.15.13-PM-1024x685.jpeg 1024w, https:\/\/www.manabi.gob.ec\/wp-content\/uploads\/2025\/01\/WhatsApp-Image-2025-01-23-at-4.15.13-PM-300x201.jpeg 300w, https:\/\/www.manabi.gob.ec\/wp-content\/uploads\/2025\/01\/WhatsApp-Image-2025-01-23-at-4.15.13-PM-768x514.jpeg 768w, https:\/\/www.manabi.gob.ec\/wp-content\/uploads\/2025\/01\/WhatsApp-Image-2025-01-23-at-4.15.13-PM.jpeg 1280w\" sizes=\"auto, (max-width: 1024px) 100vw, 1024px\" \/><\/figure>\n\n\n\n<p>El Ministerio de Turismo y el trabajo conjunto con la Prefectura de Manab\u00ed, y con actores como la ULEAM, la C\u00e1mara de Industrias y Producci\u00f3n, y la Fundaci\u00f3n Fuegos, ha sido fundamental para que la delegaci\u00f3n manabita presente cinco showcookings (demostraciones culinarias), lideradas por el chef Luis Reinaldo Reyes Ch\u00e1vez, llevando los sabores \u00fanicos de la provincia a este escenario global.<\/p>\n\n\n\n<p>Adem\u00e1s, se llevar\u00e1n a cabo reuniones estrat\u00e9gicas para posicionar a Manab\u00ed como un destino gastron\u00f3mico de excelencia.<\/p>\n\n\n\n<p>Tambi\u00e9n se presentar\u00e1 el Plan Quinquenal \u201cBicentenario de una Gastronom\u00eda Milenaria\u201d, que busca posicionar a la provincia no s\u00f3lo como un destino tur\u00edstico, sino tambi\u00e9n como un ejemplo de c\u00f3mo las tradiciones culinarias pueden ser un motor de desarrollo econ\u00f3mico y cultural.<\/p>\n\n\n\n<p>En la edici\u00f3n de 2024, FITUR reuni\u00f3 a m\u00e1s de 250,000 visitantes de 136 pa\u00edses. Este a\u00f1o, se espera superar esa cifra con la participaci\u00f3n de delegaciones de 156 naciones.<\/p>\n\n\n\n<figure class=\"wp-block-image size-large\"><img loading=\"lazy\" decoding=\"async\" width=\"1024\" height=\"685\" src=\"https:\/\/www.manabi.gob.ec\/wp-content\/uploads\/2025\/01\/WhatsApp-Image-2025-01-23-at-4.15.15-PM-1024x685.jpeg\" alt=\"\" class=\"wp-image-29843\" srcset=\"https:\/\/www.manabi.gob.ec\/wp-content\/uploads\/2025\/01\/WhatsApp-Image-2025-01-23-at-4.15.15-PM-1024x685.jpeg 1024w, https:\/\/www.manabi.gob.ec\/wp-content\/uploads\/2025\/01\/WhatsApp-Image-2025-01-23-at-4.15.15-PM-300x201.jpeg 300w, https:\/\/www.manabi.gob.ec\/wp-content\/uploads\/2025\/01\/WhatsApp-Image-2025-01-23-at-4.15.15-PM-768x514.jpeg 768w, https:\/\/www.manabi.gob.ec\/wp-content\/uploads\/2025\/01\/WhatsApp-Image-2025-01-23-at-4.15.15-PM.jpeg 1280w\" sizes=\"auto, (max-width: 1024px) 100vw, 1024px\" \/><\/figure>\n\n\n\n<p>La delegaci\u00f3n manabita presente en FITUR 2025 est\u00e1 conformada por:<br>\u2022 Luis Reinaldo Reyes Ch\u00e1vez, chef y subdecano de la Facultad de Educaci\u00f3n, Turismo, Artes y Humanidades de la Universidad Laica Eloy Alfaro de Manab\u00ed (ULEAM).<br>\u2022 Gabriela Janeth Si\u00f3n Saltos, directora de la carrera de Hospitalidad, Hoteler\u00eda y Gastronom\u00eda de la ULEAM.<br>\u2022 Jessica Alexandra Meza Garc\u00eda, profesional en Administraci\u00f3n Tur\u00edstica y propietaria del hotel Palmazul.<br>\u2022 In\u00e9s Piedad Garc\u00eda Burbano, gerente de Palmazul.<\/p>\n","protected":false},"excerpt":{"rendered":"<p>Manab\u00ed, reconocida por su riqueza gastron\u00f3mica y tradici\u00f3n cultural, participa en la 45\u00aa edici\u00f3n de la Feria Internacional de Turismo FITUR 2025, que se celebra desde el 22 al 26 de enero en Madrid, Espa\u00f1a. Este evento global es una plataforma para que la provincia contin\u00fae mostrando al mundo la diversidad y excelencia de su [&hellip;]<\/p>\n","protected":false},"author":1,"featured_media":29840,"comment_status":"closed","ping_status":"closed","sticky":false,"template":"","format":"standard","meta":{"_joinchat":[],"footnotes":""},"categories":[349,81],"tags":[],"class_list":["post-29842","post","type-post","status-publish","format-standard","has-post-thumbnail","hentry","category-region-gastronomica","category-turismo"],"yoast_head":"<!-- This site is optimized with the Yoast SEO plugin v27.4 - https:\/\/yoast.com\/product\/yoast-seo-wordpress\/ -->\n<title>Manab\u00ed Regi\u00f3n Gastron\u00f3mica Mundial presente en FITUR 2025 - Prefectura de Manab\u00ed<\/title>\n<meta name=\"robots\" content=\"index, follow, max-snippet:-1, max-image-preview:large, max-video-preview:-1\" \/>\n<link rel=\"canonical\" href=\"https:\/\/www.manabi.gob.ec\/index.php\/manabi-region-gastronomica-mundial-presente-en-fitur-2025-2\/\" \/>\n<meta property=\"og:locale\" content=\"es_ES\" \/>\n<meta property=\"og:type\" content=\"article\" \/>\n<meta property=\"og:title\" content=\"Manab\u00ed Regi\u00f3n Gastron\u00f3mica Mundial presente en FITUR 2025 - Prefectura de Manab\u00ed\" \/>\n<meta property=\"og:description\" content=\"Manab\u00ed, reconocida por su riqueza gastron\u00f3mica y tradici\u00f3n cultural, participa en la 45\u00aa edici\u00f3n de la Feria Internacional de Turismo FITUR 2025, que se celebra desde el 22 al 26 de enero en Madrid, Espa\u00f1a. Este evento global es una plataforma para que la provincia contin\u00fae mostrando al mundo la diversidad y excelencia de su [&hellip;]\" \/>\n<meta property=\"og:url\" content=\"https:\/\/www.manabi.gob.ec\/index.php\/manabi-region-gastronomica-mundial-presente-en-fitur-2025-2\/\" \/>\n<meta property=\"og:site_name\" content=\"Prefectura de Manab\u00ed\" \/>\n<meta property=\"article:published_time\" content=\"2025-01-23T21:30:34+00:00\" \/>\n<meta property=\"article:modified_time\" content=\"2025-01-23T21:30:38+00:00\" \/>\n<meta property=\"og:image\" content=\"https:\/\/www.manabi.gob.ec\/wp-content\/uploads\/2025\/01\/WhatsApp-Image-2025-01-23-at-4.01.42-PM.jpeg\" \/>\n\t<meta property=\"og:image:width\" content=\"1280\" \/>\n\t<meta property=\"og:image:height\" content=\"856\" \/>\n\t<meta property=\"og:image:type\" content=\"image\/jpeg\" \/>\n<meta name=\"author\" content=\"admin\" \/>\n<meta name=\"twitter:card\" content=\"summary_large_image\" \/>\n<meta name=\"twitter:label1\" content=\"Escrito por\" \/>\n\t<meta name=\"twitter:data1\" content=\"admin\" \/>\n\t<meta name=\"twitter:label2\" content=\"Tiempo de lectura\" \/>\n\t<meta name=\"twitter:data2\" content=\"2 minutos\" \/>\n<script type=\"application\/ld+json\" class=\"yoast-schema-graph\">{\"@context\":\"https:\\\/\\\/schema.org\",\"@graph\":[{\"@type\":\"Article\",\"@id\":\"https:\\\/\\\/www.manabi.gob.ec\\\/index.php\\\/manabi-region-gastronomica-mundial-presente-en-fitur-2025-2\\\/#article\",\"isPartOf\":{\"@id\":\"https:\\\/\\\/www.manabi.gob.ec\\\/index.php\\\/manabi-region-gastronomica-mundial-presente-en-fitur-2025-2\\\/\"},\"author\":{\"name\":\"admin\",\"@id\":\"https:\\\/\\\/www.manabi.gob.ec\\\/#\\\/schema\\\/person\\\/cfc71bd68fe2703b779edcc292a49722\"},\"headline\":\"Manab\u00ed Regi\u00f3n Gastron\u00f3mica Mundial presente en FITUR 2025\",\"datePublished\":\"2025-01-23T21:30:34+00:00\",\"dateModified\":\"2025-01-23T21:30:38+00:00\",\"mainEntityOfPage\":{\"@id\":\"https:\\\/\\\/www.manabi.gob.ec\\\/index.php\\\/manabi-region-gastronomica-mundial-presente-en-fitur-2025-2\\\/\"},\"wordCount\":324,\"image\":{\"@id\":\"https:\\\/\\\/www.manabi.gob.ec\\\/index.php\\\/manabi-region-gastronomica-mundial-presente-en-fitur-2025-2\\\/#primaryimage\"},\"thumbnailUrl\":\"https:\\\/\\\/www.manabi.gob.ec\\\/wp-content\\\/uploads\\\/2025\\\/01\\\/WhatsApp-Image-2025-01-23-at-4.01.42-PM.jpeg\",\"articleSection\":[\"Regi\u00f3n Gastron\u00f3mica\",\"Turismo\"],\"inLanguage\":\"es\"},{\"@type\":\"WebPage\",\"@id\":\"https:\\\/\\\/www.manabi.gob.ec\\\/index.php\\\/manabi-region-gastronomica-mundial-presente-en-fitur-2025-2\\\/\",\"url\":\"https:\\\/\\\/www.manabi.gob.ec\\\/index.php\\\/manabi-region-gastronomica-mundial-presente-en-fitur-2025-2\\\/\",\"name\":\"Manab\u00ed Regi\u00f3n Gastron\u00f3mica Mundial presente en FITUR 2025 - Prefectura de Manab\u00ed\",\"isPartOf\":{\"@id\":\"https:\\\/\\\/www.manabi.gob.ec\\\/#website\"},\"primaryImageOfPage\":{\"@id\":\"https:\\\/\\\/www.manabi.gob.ec\\\/index.php\\\/manabi-region-gastronomica-mundial-presente-en-fitur-2025-2\\\/#primaryimage\"},\"image\":{\"@id\":\"https:\\\/\\\/www.manabi.gob.ec\\\/index.php\\\/manabi-region-gastronomica-mundial-presente-en-fitur-2025-2\\\/#primaryimage\"},\"thumbnailUrl\":\"https:\\\/\\\/www.manabi.gob.ec\\\/wp-content\\\/uploads\\\/2025\\\/01\\\/WhatsApp-Image-2025-01-23-at-4.01.42-PM.jpeg\",\"datePublished\":\"2025-01-23T21:30:34+00:00\",\"dateModified\":\"2025-01-23T21:30:38+00:00\",\"author\":{\"@id\":\"https:\\\/\\\/www.manabi.gob.ec\\\/#\\\/schema\\\/person\\\/cfc71bd68fe2703b779edcc292a49722\"},\"breadcrumb\":{\"@id\":\"https:\\\/\\\/www.manabi.gob.ec\\\/index.php\\\/manabi-region-gastronomica-mundial-presente-en-fitur-2025-2\\\/#breadcrumb\"},\"inLanguage\":\"es\",\"potentialAction\":[{\"@type\":\"ReadAction\",\"target\":[\"https:\\\/\\\/www.manabi.gob.ec\\\/index.php\\\/manabi-region-gastronomica-mundial-presente-en-fitur-2025-2\\\/\"]}]},{\"@type\":\"ImageObject\",\"inLanguage\":\"es\",\"@id\":\"https:\\\/\\\/www.manabi.gob.ec\\\/index.php\\\/manabi-region-gastronomica-mundial-presente-en-fitur-2025-2\\\/#primaryimage\",\"url\":\"https:\\\/\\\/www.manabi.gob.ec\\\/wp-content\\\/uploads\\\/2025\\\/01\\\/WhatsApp-Image-2025-01-23-at-4.01.42-PM.jpeg\",\"contentUrl\":\"https:\\\/\\\/www.manabi.gob.ec\\\/wp-content\\\/uploads\\\/2025\\\/01\\\/WhatsApp-Image-2025-01-23-at-4.01.42-PM.jpeg\",\"width\":1280,\"height\":856},{\"@type\":\"BreadcrumbList\",\"@id\":\"https:\\\/\\\/www.manabi.gob.ec\\\/index.php\\\/manabi-region-gastronomica-mundial-presente-en-fitur-2025-2\\\/#breadcrumb\",\"itemListElement\":[{\"@type\":\"ListItem\",\"position\":1,\"name\":\"Portada\",\"item\":\"https:\\\/\\\/www.manabi.gob.ec\\\/\"},{\"@type\":\"ListItem\",\"position\":2,\"name\":\"Manab\u00ed Regi\u00f3n Gastron\u00f3mica Mundial presente en FITUR 2025\"}]},{\"@type\":\"WebSite\",\"@id\":\"https:\\\/\\\/www.manabi.gob.ec\\\/#website\",\"url\":\"https:\\\/\\\/www.manabi.gob.ec\\\/\",\"name\":\"Prefectura de Manab\u00ed\",\"description\":\"P\u00e1gina web de la prefectura\",\"potentialAction\":[{\"@type\":\"SearchAction\",\"target\":{\"@type\":\"EntryPoint\",\"urlTemplate\":\"https:\\\/\\\/www.manabi.gob.ec\\\/?s={search_term_string}\"},\"query-input\":{\"@type\":\"PropertyValueSpecification\",\"valueRequired\":true,\"valueName\":\"search_term_string\"}}],\"inLanguage\":\"es\"},{\"@type\":\"Person\",\"@id\":\"https:\\\/\\\/www.manabi.gob.ec\\\/#\\\/schema\\\/person\\\/cfc71bd68fe2703b779edcc292a49722\",\"name\":\"admin\",\"image\":{\"@type\":\"ImageObject\",\"inLanguage\":\"es\",\"@id\":\"https:\\\/\\\/secure.gravatar.com\\\/avatar\\\/23e9f919492b0a2f65aa168e0d8c5c867ea853b61deffbadf08c7031e15b8d78?s=96&d=mm&r=g\",\"url\":\"https:\\\/\\\/secure.gravatar.com\\\/avatar\\\/23e9f919492b0a2f65aa168e0d8c5c867ea853b61deffbadf08c7031e15b8d78?s=96&d=mm&r=g\",\"contentUrl\":\"https:\\\/\\\/secure.gravatar.com\\\/avatar\\\/23e9f919492b0a2f65aa168e0d8c5c867ea853b61deffbadf08c7031e15b8d78?s=96&d=mm&r=g\",\"caption\":\"admin\"},\"sameAs\":[\"http:\\\/\\\/www.manabi.gob.ec\"],\"url\":\"https:\\\/\\\/www.manabi.gob.ec\\\/index.php\\\/author\\\/admin\\\/\"}]}<\/script>\n<!-- \/ Yoast SEO plugin. -->","yoast_head_json":{"title":"Manab\u00ed Regi\u00f3n Gastron\u00f3mica Mundial presente en FITUR 2025 - Prefectura de Manab\u00ed","robots":{"index":"index","follow":"follow","max-snippet":"max-snippet:-1","max-image-preview":"max-image-preview:large","max-video-preview":"max-video-preview:-1"},"canonical":"https:\/\/www.manabi.gob.ec\/index.php\/manabi-region-gastronomica-mundial-presente-en-fitur-2025-2\/","og_locale":"es_ES","og_type":"article","og_title":"Manab\u00ed Regi\u00f3n Gastron\u00f3mica Mundial presente en FITUR 2025 - Prefectura de Manab\u00ed","og_description":"Manab\u00ed, reconocida por su riqueza gastron\u00f3mica y tradici\u00f3n cultural, participa en la 45\u00aa edici\u00f3n de la Feria Internacional de Turismo FITUR 2025, que se celebra desde el 22 al 26 de enero en Madrid, Espa\u00f1a. Este evento global es una plataforma para que la provincia contin\u00fae mostrando al mundo la diversidad y excelencia de su [&hellip;]","og_url":"https:\/\/www.manabi.gob.ec\/index.php\/manabi-region-gastronomica-mundial-presente-en-fitur-2025-2\/","og_site_name":"Prefectura de Manab\u00ed","article_published_time":"2025-01-23T21:30:34+00:00","article_modified_time":"2025-01-23T21:30:38+00:00","og_image":[{"width":1280,"height":856,"url":"https:\/\/www.manabi.gob.ec\/wp-content\/uploads\/2025\/01\/WhatsApp-Image-2025-01-23-at-4.01.42-PM.jpeg","type":"image\/jpeg"}],"author":"admin","twitter_card":"summary_large_image","twitter_misc":{"Escrito por":"admin","Tiempo de lectura":"2 minutos"},"schema":{"@context":"https:\/\/schema.org","@graph":[{"@type":"Article","@id":"https:\/\/www.manabi.gob.ec\/index.php\/manabi-region-gastronomica-mundial-presente-en-fitur-2025-2\/#article","isPartOf":{"@id":"https:\/\/www.manabi.gob.ec\/index.php\/manabi-region-gastronomica-mundial-presente-en-fitur-2025-2\/"},"author":{"name":"admin","@id":"https:\/\/www.manabi.gob.ec\/#\/schema\/person\/cfc71bd68fe2703b779edcc292a49722"},"headline":"Manab\u00ed Regi\u00f3n Gastron\u00f3mica Mundial presente en FITUR 2025","datePublished":"2025-01-23T21:30:34+00:00","dateModified":"2025-01-23T21:30:38+00:00","mainEntityOfPage":{"@id":"https:\/\/www.manabi.gob.ec\/index.php\/manabi-region-gastronomica-mundial-presente-en-fitur-2025-2\/"},"wordCount":324,"image":{"@id":"https:\/\/www.manabi.gob.ec\/index.php\/manabi-region-gastronomica-mundial-presente-en-fitur-2025-2\/#primaryimage"},"thumbnailUrl":"https:\/\/www.manabi.gob.ec\/wp-content\/uploads\/2025\/01\/WhatsApp-Image-2025-01-23-at-4.01.42-PM.jpeg","articleSection":["Regi\u00f3n Gastron\u00f3mica","Turismo"],"inLanguage":"es"},{"@type":"WebPage","@id":"https:\/\/www.manabi.gob.ec\/index.php\/manabi-region-gastronomica-mundial-presente-en-fitur-2025-2\/","url":"https:\/\/www.manabi.gob.ec\/index.php\/manabi-region-gastronomica-mundial-presente-en-fitur-2025-2\/","name":"Manab\u00ed Regi\u00f3n Gastron\u00f3mica Mundial presente en FITUR 2025 - Prefectura de Manab\u00ed","isPartOf":{"@id":"https:\/\/www.manabi.gob.ec\/#website"},"primaryImageOfPage":{"@id":"https:\/\/www.manabi.gob.ec\/index.php\/manabi-region-gastronomica-mundial-presente-en-fitur-2025-2\/#primaryimage"},"image":{"@id":"https:\/\/www.manabi.gob.ec\/index.php\/manabi-region-gastronomica-mundial-presente-en-fitur-2025-2\/#primaryimage"},"thumbnailUrl":"https:\/\/www.manabi.gob.ec\/wp-content\/uploads\/2025\/01\/WhatsApp-Image-2025-01-23-at-4.01.42-PM.jpeg","datePublished":"2025-01-23T21:30:34+00:00","dateModified":"2025-01-23T21:30:38+00:00","author":{"@id":"https:\/\/www.manabi.gob.ec\/#\/schema\/person\/cfc71bd68fe2703b779edcc292a49722"},"breadcrumb":{"@id":"https:\/\/www.manabi.gob.ec\/index.php\/manabi-region-gastronomica-mundial-presente-en-fitur-2025-2\/#breadcrumb"},"inLanguage":"es","potentialAction":[{"@type":"ReadAction","target":["https:\/\/www.manabi.gob.ec\/index.php\/manabi-region-gastronomica-mundial-presente-en-fitur-2025-2\/"]}]},{"@type":"ImageObject","inLanguage":"es","@id":"https:\/\/www.manabi.gob.ec\/index.php\/manabi-region-gastronomica-mundial-presente-en-fitur-2025-2\/#primaryimage","url":"https:\/\/www.manabi.gob.ec\/wp-content\/uploads\/2025\/01\/WhatsApp-Image-2025-01-23-at-4.01.42-PM.jpeg","contentUrl":"https:\/\/www.manabi.gob.ec\/wp-content\/uploads\/2025\/01\/WhatsApp-Image-2025-01-23-at-4.01.42-PM.jpeg","width":1280,"height":856},{"@type":"BreadcrumbList","@id":"https:\/\/www.manabi.gob.ec\/index.php\/manabi-region-gastronomica-mundial-presente-en-fitur-2025-2\/#breadcrumb","itemListElement":[{"@type":"ListItem","position":1,"name":"Portada","item":"https:\/\/www.manabi.gob.ec\/"},{"@type":"ListItem","position":2,"name":"Manab\u00ed Regi\u00f3n Gastron\u00f3mica Mundial presente en FITUR 2025"}]},{"@type":"WebSite","@id":"https:\/\/www.manabi.gob.ec\/#website","url":"https:\/\/www.manabi.gob.ec\/","name":"Prefectura de Manab\u00ed","description":"P\u00e1gina web de la prefectura","potentialAction":[{"@type":"SearchAction","target":{"@type":"EntryPoint","urlTemplate":"https:\/\/www.manabi.gob.ec\/?s={search_term_string}"},"query-input":{"@type":"PropertyValueSpecification","valueRequired":true,"valueName":"search_term_string"}}],"inLanguage":"es"},{"@type":"Person","@id":"https:\/\/www.manabi.gob.ec\/#\/schema\/person\/cfc71bd68fe2703b779edcc292a49722","name":"admin","image":{"@type":"ImageObject","inLanguage":"es","@id":"https:\/\/secure.gravatar.com\/avatar\/23e9f919492b0a2f65aa168e0d8c5c867ea853b61deffbadf08c7031e15b8d78?s=96&d=mm&r=g","url":"https:\/\/secure.gravatar.com\/avatar\/23e9f919492b0a2f65aa168e0d8c5c867ea853b61deffbadf08c7031e15b8d78?s=96&d=mm&r=g","contentUrl":"https:\/\/secure.gravatar.com\/avatar\/23e9f919492b0a2f65aa168e0d8c5c867ea853b61deffbadf08c7031e15b8d78?s=96&d=mm&r=g","caption":"admin"},"sameAs":["http:\/\/www.manabi.gob.ec"],"url":"https:\/\/www.manabi.gob.ec\/index.php\/author\/admin\/"}]}},"jetpack_featured_media_url":"https:\/\/www.manabi.gob.ec\/wp-content\/uploads\/2025\/01\/WhatsApp-Image-2025-01-23-at-4.01.42-PM.jpeg","_links":{"self":[{"href":"https:\/\/www.manabi.gob.ec\/index.php\/wp-json\/wp\/v2\/posts\/29842","targetHints":{"allow":["GET"]}}],"collection":[{"href":"https:\/\/www.manabi.gob.ec\/index.php\/wp-json\/wp\/v2\/posts"}],"about":[{"href":"https:\/\/www.manabi.gob.ec\/index.php\/wp-json\/wp\/v2\/types\/post"}],"author":[{"embeddable":true,"href":"https:\/\/www.manabi.gob.ec\/index.php\/wp-json\/wp\/v2\/users\/1"}],"replies":[{"embeddable":true,"href":"https:\/\/www.manabi.gob.ec\/index.php\/wp-json\/wp\/v2\/comments?post=29842"}],"version-history":[{"count":1,"href":"https:\/\/www.manabi.gob.ec\/index.php\/wp-json\/wp\/v2\/posts\/29842\/revisions"}],"predecessor-version":[{"id":29846,"href":"https:\/\/www.manabi.gob.ec\/index.php\/wp-json\/wp\/v2\/posts\/29842\/revisions\/29846"}],"wp:featuredmedia":[{"embeddable":true,"href":"https:\/\/www.manabi.gob.ec\/index.php\/wp-json\/wp\/v2\/media\/29840"}],"wp:attachment":[{"href":"https:\/\/www.manabi.gob.ec\/index.php\/wp-json\/wp\/v2\/media?parent=29842"}],"wp:term":[{"taxonomy":"category","embeddable":true,"href":"https:\/\/www.manabi.gob.ec\/index.php\/wp-json\/wp\/v2\/categories?post=29842"},{"taxonomy":"post_tag","embeddable":true,"href":"https:\/\/www.manabi.gob.ec\/index.php\/wp-json\/wp\/v2\/tags?post=29842"}],"curies":[{"name":"wp","href":"https:\/\/api.w.org\/{rel}","templated":true}]}}