{"id":29900,"date":"2025-01-30T14:35:18","date_gmt":"2025-01-30T14:35:18","guid":{"rendered":"https:\/\/www.manabi.gob.ec\/?p=29900"},"modified":"2025-01-30T14:35:18","modified_gmt":"2025-01-30T14:35:18","slug":"cuidamos-la-salud-de-las-mujeres-manabitas","status":"publish","type":"post","link":"https:\/\/www.manabi.gob.ec\/index.php\/cuidamos-la-salud-de-las-mujeres-manabitas\/","title":{"rendered":"Cuidamos la salud de las mujeres manabitas"},"content":{"rendered":"\n<p class=\"p1\">&nbsp;50 mujeres de la comuna de Sanc\u00e1n del cant\u00f3n Jipijapa se beneficiaron de la jornada m\u00e9dica de prevenci\u00f3n del c\u00e1ncer c\u00e9rvico, gracias a un convenio existente entre la Prefectura de Manab\u00ed y Solca, entidades que llegaron a esta comunidad para brindar ex\u00e1menes de papanicolaou.&nbsp;<\/p>\n\n\n\n<p class=\"p1\">\u00abSe le agradece mucho por esta atenci\u00f3n, porque muchas de nosotras no tenemos recursos para realizarnos estos ex\u00e1menes\u00bb, expres\u00f3 Ver\u00f3nica Pivaque.<\/p>\n\n\n\n<p class=\"p1\">Previo a los ex\u00e1menes, el licenciado Leopoldo Vicu\u00f1a, de SOLCA &#8211; Manab\u00ed, realiz\u00f3 una charla preventiva sobre la importancia de los ex\u00e1menes de papanicolaou.<\/p>\n\n\n\n<p class=\"p1\">\u00abHace 31 a\u00f1os SOLCA viene realizando estas jornadas de prevenci\u00f3n, las mujeres deben estar informadas porque el c\u00e1ncer de \u00fatero ocupa el tercer lugar de incidencia en el Ecuador\u00bb, sostuvo el licenciado Leopoldo Vicu\u00f1as.<\/p>\n\n\n\n<p class=\"p1\">Destac\u00f3, que desde hace 3 a\u00f1os, la Prefectura y Solca &#8211; Manab\u00ed trabajan en conjunto en las jornadas de papanicolaou, mamograf\u00eda, ecos de mamas, control ginecol\u00f3gico y hemograma completo. Estas pruebas se las practica de forma gratuita.&nbsp;<\/p>\n","protected":false},"excerpt":{"rendered":"<p>&nbsp;50 mujeres de la comuna de Sanc\u00e1n del cant\u00f3n Jipijapa se beneficiaron de la jornada m\u00e9dica de prevenci\u00f3n del c\u00e1ncer c\u00e9rvico, gracias a un convenio existente entre la Prefectura de Manab\u00ed y Solca, entidades que llegaron a esta comunidad para brindar ex\u00e1menes de papanicolaou.&nbsp; \u00abSe le agradece mucho por esta atenci\u00f3n, porque muchas de nosotras [&hellip;]<\/p>\n","protected":false},"author":10,"featured_media":29899,"comment_status":"closed","ping_status":"","sticky":false,"template":"","format":"standard","meta":{"_joinchat":[],"footnotes":""},"categories":[150,343,142,123,92,91],"tags":[],"class_list":["post-29900","post","type-post","status-publish","format-standard","has-post-thumbnail","hentry","category-ambiente","category-bicentenario","category-desarrollo-social","category-jipijapa","category-noticias-manabi","category-todas"],"yoast_head":"<!-- This site is optimized with the Yoast SEO plugin v27.4 - https:\/\/yoast.com\/product\/yoast-seo-wordpress\/ -->\n<title>Cuidamos la salud de las mujeres manabitas - Prefectura de Manab\u00ed<\/title>\n<meta name=\"robots\" content=\"index, follow, max-snippet:-1, max-image-preview:large, max-video-preview:-1\" \/>\n<link rel=\"canonical\" href=\"https:\/\/www.manabi.gob.ec\/index.php\/cuidamos-la-salud-de-las-mujeres-manabitas\/\" \/>\n<meta property=\"og:locale\" content=\"es_ES\" \/>\n<meta property=\"og:type\" content=\"article\" \/>\n<meta property=\"og:title\" content=\"Cuidamos la salud de las mujeres manabitas - Prefectura de Manab\u00ed\" \/>\n<meta property=\"og:description\" content=\"&nbsp;50 mujeres de la comuna de Sanc\u00e1n del cant\u00f3n Jipijapa se beneficiaron de la jornada m\u00e9dica de prevenci\u00f3n del c\u00e1ncer c\u00e9rvico, gracias a un convenio existente entre la Prefectura de Manab\u00ed y Solca, entidades que llegaron a esta comunidad para brindar ex\u00e1menes de papanicolaou.&nbsp; \u00abSe le agradece mucho por esta atenci\u00f3n, porque muchas de nosotras [&hellip;]\" \/>\n<meta property=\"og:url\" content=\"https:\/\/www.manabi.gob.ec\/index.php\/cuidamos-la-salud-de-las-mujeres-manabitas\/\" \/>\n<meta property=\"og:site_name\" content=\"Prefectura de Manab\u00ed\" \/>\n<meta property=\"article:published_time\" content=\"2025-01-30T14:35:18+00:00\" \/>\n<meta property=\"og:image\" content=\"https:\/\/www.manabi.gob.ec\/wp-content\/uploads\/2025\/01\/883729ad-6ab7-4b1d-8d2c-db4bd9378ca2-1.jpg\" \/>\n\t<meta property=\"og:image:width\" content=\"1600\" \/>\n\t<meta property=\"og:image:height\" content=\"1200\" \/>\n\t<meta property=\"og:image:type\" content=\"image\/jpeg\" \/>\n<meta name=\"author\" content=\"Lui Ochoa\" \/>\n<meta name=\"twitter:card\" content=\"summary_large_image\" \/>\n<meta name=\"twitter:label1\" content=\"Escrito por\" \/>\n\t<meta name=\"twitter:data1\" content=\"Lui Ochoa\" \/>\n\t<meta name=\"twitter:label2\" content=\"Tiempo de lectura\" \/>\n\t<meta name=\"twitter:data2\" content=\"1 minuto\" \/>\n<script type=\"application\/ld+json\" class=\"yoast-schema-graph\">{\"@context\":\"https:\\\/\\\/schema.org\",\"@graph\":[{\"@type\":\"Article\",\"@id\":\"https:\\\/\\\/www.manabi.gob.ec\\\/index.php\\\/cuidamos-la-salud-de-las-mujeres-manabitas\\\/#article\",\"isPartOf\":{\"@id\":\"https:\\\/\\\/www.manabi.gob.ec\\\/index.php\\\/cuidamos-la-salud-de-las-mujeres-manabitas\\\/\"},\"author\":{\"name\":\"Lui Ochoa\",\"@id\":\"https:\\\/\\\/www.manabi.gob.ec\\\/#\\\/schema\\\/person\\\/c4f117989332ad723a6ced5994aa7d7a\"},\"headline\":\"Cuidamos la salud de las mujeres manabitas\",\"datePublished\":\"2025-01-30T14:35:18+00:00\",\"mainEntityOfPage\":{\"@id\":\"https:\\\/\\\/www.manabi.gob.ec\\\/index.php\\\/cuidamos-la-salud-de-las-mujeres-manabitas\\\/\"},\"wordCount\":187,\"image\":{\"@id\":\"https:\\\/\\\/www.manabi.gob.ec\\\/index.php\\\/cuidamos-la-salud-de-las-mujeres-manabitas\\\/#primaryimage\"},\"thumbnailUrl\":\"https:\\\/\\\/www.manabi.gob.ec\\\/wp-content\\\/uploads\\\/2025\\\/01\\\/883729ad-6ab7-4b1d-8d2c-db4bd9378ca2-1.jpg\",\"articleSection\":[\"Ambiente\",\"bicentenario\",\"Desarrollo Social\",\"Jipijapa\",\"Noticias\",\"Todas\"],\"inLanguage\":\"es\"},{\"@type\":\"WebPage\",\"@id\":\"https:\\\/\\\/www.manabi.gob.ec\\\/index.php\\\/cuidamos-la-salud-de-las-mujeres-manabitas\\\/\",\"url\":\"https:\\\/\\\/www.manabi.gob.ec\\\/index.php\\\/cuidamos-la-salud-de-las-mujeres-manabitas\\\/\",\"name\":\"Cuidamos la salud de las mujeres manabitas - Prefectura de Manab\u00ed\",\"isPartOf\":{\"@id\":\"https:\\\/\\\/www.manabi.gob.ec\\\/#website\"},\"primaryImageOfPage\":{\"@id\":\"https:\\\/\\\/www.manabi.gob.ec\\\/index.php\\\/cuidamos-la-salud-de-las-mujeres-manabitas\\\/#primaryimage\"},\"image\":{\"@id\":\"https:\\\/\\\/www.manabi.gob.ec\\\/index.php\\\/cuidamos-la-salud-de-las-mujeres-manabitas\\\/#primaryimage\"},\"thumbnailUrl\":\"https:\\\/\\\/www.manabi.gob.ec\\\/wp-content\\\/uploads\\\/2025\\\/01\\\/883729ad-6ab7-4b1d-8d2c-db4bd9378ca2-1.jpg\",\"datePublished\":\"2025-01-30T14:35:18+00:00\",\"author\":{\"@id\":\"https:\\\/\\\/www.manabi.gob.ec\\\/#\\\/schema\\\/person\\\/c4f117989332ad723a6ced5994aa7d7a\"},\"breadcrumb\":{\"@id\":\"https:\\\/\\\/www.manabi.gob.ec\\\/index.php\\\/cuidamos-la-salud-de-las-mujeres-manabitas\\\/#breadcrumb\"},\"inLanguage\":\"es\",\"potentialAction\":[{\"@type\":\"ReadAction\",\"target\":[\"https:\\\/\\\/www.manabi.gob.ec\\\/index.php\\\/cuidamos-la-salud-de-las-mujeres-manabitas\\\/\"]}]},{\"@type\":\"ImageObject\",\"inLanguage\":\"es\",\"@id\":\"https:\\\/\\\/www.manabi.gob.ec\\\/index.php\\\/cuidamos-la-salud-de-las-mujeres-manabitas\\\/#primaryimage\",\"url\":\"https:\\\/\\\/www.manabi.gob.ec\\\/wp-content\\\/uploads\\\/2025\\\/01\\\/883729ad-6ab7-4b1d-8d2c-db4bd9378ca2-1.jpg\",\"contentUrl\":\"https:\\\/\\\/www.manabi.gob.ec\\\/wp-content\\\/uploads\\\/2025\\\/01\\\/883729ad-6ab7-4b1d-8d2c-db4bd9378ca2-1.jpg\",\"width\":1600,\"height\":1200},{\"@type\":\"BreadcrumbList\",\"@id\":\"https:\\\/\\\/www.manabi.gob.ec\\\/index.php\\\/cuidamos-la-salud-de-las-mujeres-manabitas\\\/#breadcrumb\",\"itemListElement\":[{\"@type\":\"ListItem\",\"position\":1,\"name\":\"Portada\",\"item\":\"https:\\\/\\\/www.manabi.gob.ec\\\/\"},{\"@type\":\"ListItem\",\"position\":2,\"name\":\"Cuidamos la salud de las mujeres manabitas\"}]},{\"@type\":\"WebSite\",\"@id\":\"https:\\\/\\\/www.manabi.gob.ec\\\/#website\",\"url\":\"https:\\\/\\\/www.manabi.gob.ec\\\/\",\"name\":\"Prefectura de Manab\u00ed\",\"description\":\"P\u00e1gina web de la prefectura\",\"potentialAction\":[{\"@type\":\"SearchAction\",\"target\":{\"@type\":\"EntryPoint\",\"urlTemplate\":\"https:\\\/\\\/www.manabi.gob.ec\\\/?s={search_term_string}\"},\"query-input\":{\"@type\":\"PropertyValueSpecification\",\"valueRequired\":true,\"valueName\":\"search_term_string\"}}],\"inLanguage\":\"es\"},{\"@type\":\"Person\",\"@id\":\"https:\\\/\\\/www.manabi.gob.ec\\\/#\\\/schema\\\/person\\\/c4f117989332ad723a6ced5994aa7d7a\",\"name\":\"Lui Ochoa\",\"image\":{\"@type\":\"ImageObject\",\"inLanguage\":\"es\",\"@id\":\"https:\\\/\\\/secure.gravatar.com\\\/avatar\\\/6e8017d0fe69dead8a95864d2eb6e1e1d8bf8e01194ba49cf7b897ff038126ba?s=96&d=mm&r=g\",\"url\":\"https:\\\/\\\/secure.gravatar.com\\\/avatar\\\/6e8017d0fe69dead8a95864d2eb6e1e1d8bf8e01194ba49cf7b897ff038126ba?s=96&d=mm&r=g\",\"contentUrl\":\"https:\\\/\\\/secure.gravatar.com\\\/avatar\\\/6e8017d0fe69dead8a95864d2eb6e1e1d8bf8e01194ba49cf7b897ff038126ba?s=96&d=mm&r=g\",\"caption\":\"Lui Ochoa\"},\"url\":\"https:\\\/\\\/www.manabi.gob.ec\\\/index.php\\\/author\\\/lochoa\\\/\"}]}<\/script>\n<!-- \/ Yoast SEO plugin. -->","yoast_head_json":{"title":"Cuidamos la salud de las mujeres manabitas - Prefectura de Manab\u00ed","robots":{"index":"index","follow":"follow","max-snippet":"max-snippet:-1","max-image-preview":"max-image-preview:large","max-video-preview":"max-video-preview:-1"},"canonical":"https:\/\/www.manabi.gob.ec\/index.php\/cuidamos-la-salud-de-las-mujeres-manabitas\/","og_locale":"es_ES","og_type":"article","og_title":"Cuidamos la salud de las mujeres manabitas - Prefectura de Manab\u00ed","og_description":"&nbsp;50 mujeres de la comuna de Sanc\u00e1n del cant\u00f3n Jipijapa se beneficiaron de la jornada m\u00e9dica de prevenci\u00f3n del c\u00e1ncer c\u00e9rvico, gracias a un convenio existente entre la Prefectura de Manab\u00ed y Solca, entidades que llegaron a esta comunidad para brindar ex\u00e1menes de papanicolaou.&nbsp; \u00abSe le agradece mucho por esta atenci\u00f3n, porque muchas de nosotras [&hellip;]","og_url":"https:\/\/www.manabi.gob.ec\/index.php\/cuidamos-la-salud-de-las-mujeres-manabitas\/","og_site_name":"Prefectura de Manab\u00ed","article_published_time":"2025-01-30T14:35:18+00:00","og_image":[{"width":1600,"height":1200,"url":"https:\/\/www.manabi.gob.ec\/wp-content\/uploads\/2025\/01\/883729ad-6ab7-4b1d-8d2c-db4bd9378ca2-1.jpg","type":"image\/jpeg"}],"author":"Lui Ochoa","twitter_card":"summary_large_image","twitter_misc":{"Escrito por":"Lui Ochoa","Tiempo de lectura":"1 minuto"},"schema":{"@context":"https:\/\/schema.org","@graph":[{"@type":"Article","@id":"https:\/\/www.manabi.gob.ec\/index.php\/cuidamos-la-salud-de-las-mujeres-manabitas\/#article","isPartOf":{"@id":"https:\/\/www.manabi.gob.ec\/index.php\/cuidamos-la-salud-de-las-mujeres-manabitas\/"},"author":{"name":"Lui Ochoa","@id":"https:\/\/www.manabi.gob.ec\/#\/schema\/person\/c4f117989332ad723a6ced5994aa7d7a"},"headline":"Cuidamos la salud de las mujeres manabitas","datePublished":"2025-01-30T14:35:18+00:00","mainEntityOfPage":{"@id":"https:\/\/www.manabi.gob.ec\/index.php\/cuidamos-la-salud-de-las-mujeres-manabitas\/"},"wordCount":187,"image":{"@id":"https:\/\/www.manabi.gob.ec\/index.php\/cuidamos-la-salud-de-las-mujeres-manabitas\/#primaryimage"},"thumbnailUrl":"https:\/\/www.manabi.gob.ec\/wp-content\/uploads\/2025\/01\/883729ad-6ab7-4b1d-8d2c-db4bd9378ca2-1.jpg","articleSection":["Ambiente","bicentenario","Desarrollo Social","Jipijapa","Noticias","Todas"],"inLanguage":"es"},{"@type":"WebPage","@id":"https:\/\/www.manabi.gob.ec\/index.php\/cuidamos-la-salud-de-las-mujeres-manabitas\/","url":"https:\/\/www.manabi.gob.ec\/index.php\/cuidamos-la-salud-de-las-mujeres-manabitas\/","name":"Cuidamos la salud de las mujeres manabitas - Prefectura de Manab\u00ed","isPartOf":{"@id":"https:\/\/www.manabi.gob.ec\/#website"},"primaryImageOfPage":{"@id":"https:\/\/www.manabi.gob.ec\/index.php\/cuidamos-la-salud-de-las-mujeres-manabitas\/#primaryimage"},"image":{"@id":"https:\/\/www.manabi.gob.ec\/index.php\/cuidamos-la-salud-de-las-mujeres-manabitas\/#primaryimage"},"thumbnailUrl":"https:\/\/www.manabi.gob.ec\/wp-content\/uploads\/2025\/01\/883729ad-6ab7-4b1d-8d2c-db4bd9378ca2-1.jpg","datePublished":"2025-01-30T14:35:18+00:00","author":{"@id":"https:\/\/www.manabi.gob.ec\/#\/schema\/person\/c4f117989332ad723a6ced5994aa7d7a"},"breadcrumb":{"@id":"https:\/\/www.manabi.gob.ec\/index.php\/cuidamos-la-salud-de-las-mujeres-manabitas\/#breadcrumb"},"inLanguage":"es","potentialAction":[{"@type":"ReadAction","target":["https:\/\/www.manabi.gob.ec\/index.php\/cuidamos-la-salud-de-las-mujeres-manabitas\/"]}]},{"@type":"ImageObject","inLanguage":"es","@id":"https:\/\/www.manabi.gob.ec\/index.php\/cuidamos-la-salud-de-las-mujeres-manabitas\/#primaryimage","url":"https:\/\/www.manabi.gob.ec\/wp-content\/uploads\/2025\/01\/883729ad-6ab7-4b1d-8d2c-db4bd9378ca2-1.jpg","contentUrl":"https:\/\/www.manabi.gob.ec\/wp-content\/uploads\/2025\/01\/883729ad-6ab7-4b1d-8d2c-db4bd9378ca2-1.jpg","width":1600,"height":1200},{"@type":"BreadcrumbList","@id":"https:\/\/www.manabi.gob.ec\/index.php\/cuidamos-la-salud-de-las-mujeres-manabitas\/#breadcrumb","itemListElement":[{"@type":"ListItem","position":1,"name":"Portada","item":"https:\/\/www.manabi.gob.ec\/"},{"@type":"ListItem","position":2,"name":"Cuidamos la salud de las mujeres manabitas"}]},{"@type":"WebSite","@id":"https:\/\/www.manabi.gob.ec\/#website","url":"https:\/\/www.manabi.gob.ec\/","name":"Prefectura de Manab\u00ed","description":"P\u00e1gina web de la prefectura","potentialAction":[{"@type":"SearchAction","target":{"@type":"EntryPoint","urlTemplate":"https:\/\/www.manabi.gob.ec\/?s={search_term_string}"},"query-input":{"@type":"PropertyValueSpecification","valueRequired":true,"valueName":"search_term_string"}}],"inLanguage":"es"},{"@type":"Person","@id":"https:\/\/www.manabi.gob.ec\/#\/schema\/person\/c4f117989332ad723a6ced5994aa7d7a","name":"Lui Ochoa","image":{"@type":"ImageObject","inLanguage":"es","@id":"https:\/\/secure.gravatar.com\/avatar\/6e8017d0fe69dead8a95864d2eb6e1e1d8bf8e01194ba49cf7b897ff038126ba?s=96&d=mm&r=g","url":"https:\/\/secure.gravatar.com\/avatar\/6e8017d0fe69dead8a95864d2eb6e1e1d8bf8e01194ba49cf7b897ff038126ba?s=96&d=mm&r=g","contentUrl":"https:\/\/secure.gravatar.com\/avatar\/6e8017d0fe69dead8a95864d2eb6e1e1d8bf8e01194ba49cf7b897ff038126ba?s=96&d=mm&r=g","caption":"Lui Ochoa"},"url":"https:\/\/www.manabi.gob.ec\/index.php\/author\/lochoa\/"}]}},"jetpack_featured_media_url":"https:\/\/www.manabi.gob.ec\/wp-content\/uploads\/2025\/01\/883729ad-6ab7-4b1d-8d2c-db4bd9378ca2-1.jpg","_links":{"self":[{"href":"https:\/\/www.manabi.gob.ec\/index.php\/wp-json\/wp\/v2\/posts\/29900","targetHints":{"allow":["GET"]}}],"collection":[{"href":"https:\/\/www.manabi.gob.ec\/index.php\/wp-json\/wp\/v2\/posts"}],"about":[{"href":"https:\/\/www.manabi.gob.ec\/index.php\/wp-json\/wp\/v2\/types\/post"}],"author":[{"embeddable":true,"href":"https:\/\/www.manabi.gob.ec\/index.php\/wp-json\/wp\/v2\/users\/10"}],"replies":[{"embeddable":true,"href":"https:\/\/www.manabi.gob.ec\/index.php\/wp-json\/wp\/v2\/comments?post=29900"}],"version-history":[{"count":1,"href":"https:\/\/www.manabi.gob.ec\/index.php\/wp-json\/wp\/v2\/posts\/29900\/revisions"}],"predecessor-version":[{"id":29901,"href":"https:\/\/www.manabi.gob.ec\/index.php\/wp-json\/wp\/v2\/posts\/29900\/revisions\/29901"}],"wp:featuredmedia":[{"embeddable":true,"href":"https:\/\/www.manabi.gob.ec\/index.php\/wp-json\/wp\/v2\/media\/29899"}],"wp:attachment":[{"href":"https:\/\/www.manabi.gob.ec\/index.php\/wp-json\/wp\/v2\/media?parent=29900"}],"wp:term":[{"taxonomy":"category","embeddable":true,"href":"https:\/\/www.manabi.gob.ec\/index.php\/wp-json\/wp\/v2\/categories?post=29900"},{"taxonomy":"post_tag","embeddable":true,"href":"https:\/\/www.manabi.gob.ec\/index.php\/wp-json\/wp\/v2\/tags?post=29900"}],"curies":[{"name":"wp","href":"https:\/\/api.w.org\/{rel}","templated":true}]}}