{"id":29906,"date":"2025-01-30T19:15:43","date_gmt":"2025-01-30T19:15:43","guid":{"rendered":"https:\/\/www.manabi.gob.ec\/?p=29906"},"modified":"2025-01-30T19:15:48","modified_gmt":"2025-01-30T19:15:48","slug":"rutas-culturales-y-creativas-proyecto-que-promueve-la-cultura-de-manabi","status":"publish","type":"post","link":"https:\/\/www.manabi.gob.ec\/index.php\/rutas-culturales-y-creativas-proyecto-que-promueve-la-cultura-de-manabi\/","title":{"rendered":"Rutas Culturales y Creativas: proyecto que promueve la cultura de Manab\u00ed"},"content":{"rendered":"\n<p>Manab\u00ed ya cuenta con el primer proyecto de Rutas Culturales y Creativas, dirigido a identificar y promover los principales polos culturales de nuestra provincia, para consolidarlos como un referente cultural a nivel nacional e internacional.<\/p>\n\n\n\n<p>El proyecto fue presentado por la Prefectura de Manab\u00ed en colaboraci\u00f3n con el Ministerio de Cultura y Patrimonio y la Organizaci\u00f3n de Estados Iberoamericanos, esfuerzo que se enmarca en una misi\u00f3n a largo plazo, que busca fortalecer la industria creativa de la provincia y ofrecer nuevas oportunidades para nuestros artistas, quienes son el alma de nuestra cultura.<\/p>\n\n\n\n<p>La prefecta (s) de Manab\u00ed, Kelly Buenaventura, destac\u00f3 que este proyecto naci\u00f3 del amor por nuestra identidad y que esta investigaci\u00f3n ha sido realizada con el apoyo de un equipo comprometido de la Prefectura de Manab\u00ed y los 22 GAD cantonales.<\/p>\n\n\n\n<p>El proyecto identifica los rasgos culturales que nos hacen \u00fanicos como manabitas, un trabajo en el que han participado talentosos ilustradores como: Mario Moreta conocido como\u00bbBirlocho\u00bb; Juan Falcon\u00ed;\uf0b7Freddy Fallos, conocido como \u00abDada\u00bb; Jordin Chila y Daniel Esp\u00edn.<\/p>\n\n\n\n<p>Estos artistas han plasmado nuestra historia, cultura y ra\u00edces con amor y dedicaci\u00f3n, contribuyendo con su arte al desarrollo cultural de nuestra regi\u00f3n.<\/p>\n\n\n\n<p>\u201cLa Prefectura de Manab\u00ed agradece a todos los que han participado en este proceso de investigaci\u00f3n e ilustraci\u00f3n. A las instituciones y personas por el trabajo incansable para hacer posible este sue\u00f1o. Juntos, seguimos construyendo un Manab\u00ed m\u00e1s fuerte, m\u00e1s cultural y m\u00e1s unida. Estamos convencidos de que este proyecto ser\u00e1 un faro de inspiraci\u00f3n para todo Ecuador, manifest\u00f3 la Prefecta (s)<\/p>\n","protected":false},"excerpt":{"rendered":"<p>Manab\u00ed ya cuenta con el primer proyecto de Rutas Culturales y Creativas, dirigido a identificar y promover los principales polos culturales de nuestra provincia, para consolidarlos como un referente cultural a nivel nacional e internacional. El proyecto fue presentado por la Prefectura de Manab\u00ed en colaboraci\u00f3n con el Ministerio de Cultura y Patrimonio y la [&hellip;]<\/p>\n","protected":false},"author":10,"featured_media":29907,"comment_status":"closed","ping_status":"closed","sticky":false,"template":"","format":"standard","meta":{"_joinchat":[],"footnotes":""},"categories":[150,343,142,92,91],"tags":[],"class_list":["post-29906","post","type-post","status-publish","format-standard","has-post-thumbnail","hentry","category-ambiente","category-bicentenario","category-desarrollo-social","category-noticias-manabi","category-todas"],"yoast_head":"<!-- This site is optimized with the Yoast SEO plugin v27.4 - https:\/\/yoast.com\/product\/yoast-seo-wordpress\/ -->\n<title>Rutas Culturales y Creativas: proyecto que promueve la cultura de Manab\u00ed - Prefectura de Manab\u00ed<\/title>\n<meta name=\"robots\" content=\"index, follow, max-snippet:-1, max-image-preview:large, max-video-preview:-1\" \/>\n<link rel=\"canonical\" href=\"https:\/\/www.manabi.gob.ec\/index.php\/rutas-culturales-y-creativas-proyecto-que-promueve-la-cultura-de-manabi\/\" \/>\n<meta property=\"og:locale\" content=\"es_ES\" \/>\n<meta property=\"og:type\" content=\"article\" \/>\n<meta property=\"og:title\" content=\"Rutas Culturales y Creativas: proyecto que promueve la cultura de Manab\u00ed - Prefectura de Manab\u00ed\" \/>\n<meta property=\"og:description\" content=\"Manab\u00ed ya cuenta con el primer proyecto de Rutas Culturales y Creativas, dirigido a identificar y promover los principales polos culturales de nuestra provincia, para consolidarlos como un referente cultural a nivel nacional e internacional. El proyecto fue presentado por la Prefectura de Manab\u00ed en colaboraci\u00f3n con el Ministerio de Cultura y Patrimonio y la [&hellip;]\" \/>\n<meta property=\"og:url\" content=\"https:\/\/www.manabi.gob.ec\/index.php\/rutas-culturales-y-creativas-proyecto-que-promueve-la-cultura-de-manabi\/\" \/>\n<meta property=\"og:site_name\" content=\"Prefectura de Manab\u00ed\" \/>\n<meta property=\"article:published_time\" content=\"2025-01-30T19:15:43+00:00\" \/>\n<meta property=\"article:modified_time\" content=\"2025-01-30T19:15:48+00:00\" \/>\n<meta property=\"og:image\" content=\"https:\/\/www.manabi.gob.ec\/wp-content\/uploads\/2025\/01\/WhatsApp-Image-2025-01-29-at-3.09.34-PM.jpeg\" \/>\n\t<meta property=\"og:image:width\" content=\"1600\" \/>\n\t<meta property=\"og:image:height\" content=\"1066\" \/>\n\t<meta property=\"og:image:type\" content=\"image\/jpeg\" \/>\n<meta name=\"author\" content=\"Lui Ochoa\" \/>\n<meta name=\"twitter:card\" content=\"summary_large_image\" \/>\n<meta name=\"twitter:label1\" content=\"Escrito por\" \/>\n\t<meta name=\"twitter:data1\" content=\"Lui Ochoa\" \/>\n\t<meta name=\"twitter:label2\" content=\"Tiempo de lectura\" \/>\n\t<meta name=\"twitter:data2\" content=\"2 minutos\" \/>\n<script type=\"application\/ld+json\" class=\"yoast-schema-graph\">{\"@context\":\"https:\\\/\\\/schema.org\",\"@graph\":[{\"@type\":\"Article\",\"@id\":\"https:\\\/\\\/www.manabi.gob.ec\\\/index.php\\\/rutas-culturales-y-creativas-proyecto-que-promueve-la-cultura-de-manabi\\\/#article\",\"isPartOf\":{\"@id\":\"https:\\\/\\\/www.manabi.gob.ec\\\/index.php\\\/rutas-culturales-y-creativas-proyecto-que-promueve-la-cultura-de-manabi\\\/\"},\"author\":{\"name\":\"Lui Ochoa\",\"@id\":\"https:\\\/\\\/www.manabi.gob.ec\\\/#\\\/schema\\\/person\\\/c4f117989332ad723a6ced5994aa7d7a\"},\"headline\":\"Rutas Culturales y Creativas: proyecto que promueve la cultura de Manab\u00ed\",\"datePublished\":\"2025-01-30T19:15:43+00:00\",\"dateModified\":\"2025-01-30T19:15:48+00:00\",\"mainEntityOfPage\":{\"@id\":\"https:\\\/\\\/www.manabi.gob.ec\\\/index.php\\\/rutas-culturales-y-creativas-proyecto-que-promueve-la-cultura-de-manabi\\\/\"},\"wordCount\":282,\"image\":{\"@id\":\"https:\\\/\\\/www.manabi.gob.ec\\\/index.php\\\/rutas-culturales-y-creativas-proyecto-que-promueve-la-cultura-de-manabi\\\/#primaryimage\"},\"thumbnailUrl\":\"https:\\\/\\\/www.manabi.gob.ec\\\/wp-content\\\/uploads\\\/2025\\\/01\\\/WhatsApp-Image-2025-01-29-at-3.09.34-PM.jpeg\",\"articleSection\":[\"Ambiente\",\"bicentenario\",\"Desarrollo Social\",\"Noticias\",\"Todas\"],\"inLanguage\":\"es\"},{\"@type\":\"WebPage\",\"@id\":\"https:\\\/\\\/www.manabi.gob.ec\\\/index.php\\\/rutas-culturales-y-creativas-proyecto-que-promueve-la-cultura-de-manabi\\\/\",\"url\":\"https:\\\/\\\/www.manabi.gob.ec\\\/index.php\\\/rutas-culturales-y-creativas-proyecto-que-promueve-la-cultura-de-manabi\\\/\",\"name\":\"Rutas Culturales y Creativas: proyecto que promueve la cultura de Manab\u00ed - Prefectura de Manab\u00ed\",\"isPartOf\":{\"@id\":\"https:\\\/\\\/www.manabi.gob.ec\\\/#website\"},\"primaryImageOfPage\":{\"@id\":\"https:\\\/\\\/www.manabi.gob.ec\\\/index.php\\\/rutas-culturales-y-creativas-proyecto-que-promueve-la-cultura-de-manabi\\\/#primaryimage\"},\"image\":{\"@id\":\"https:\\\/\\\/www.manabi.gob.ec\\\/index.php\\\/rutas-culturales-y-creativas-proyecto-que-promueve-la-cultura-de-manabi\\\/#primaryimage\"},\"thumbnailUrl\":\"https:\\\/\\\/www.manabi.gob.ec\\\/wp-content\\\/uploads\\\/2025\\\/01\\\/WhatsApp-Image-2025-01-29-at-3.09.34-PM.jpeg\",\"datePublished\":\"2025-01-30T19:15:43+00:00\",\"dateModified\":\"2025-01-30T19:15:48+00:00\",\"author\":{\"@id\":\"https:\\\/\\\/www.manabi.gob.ec\\\/#\\\/schema\\\/person\\\/c4f117989332ad723a6ced5994aa7d7a\"},\"breadcrumb\":{\"@id\":\"https:\\\/\\\/www.manabi.gob.ec\\\/index.php\\\/rutas-culturales-y-creativas-proyecto-que-promueve-la-cultura-de-manabi\\\/#breadcrumb\"},\"inLanguage\":\"es\",\"potentialAction\":[{\"@type\":\"ReadAction\",\"target\":[\"https:\\\/\\\/www.manabi.gob.ec\\\/index.php\\\/rutas-culturales-y-creativas-proyecto-que-promueve-la-cultura-de-manabi\\\/\"]}]},{\"@type\":\"ImageObject\",\"inLanguage\":\"es\",\"@id\":\"https:\\\/\\\/www.manabi.gob.ec\\\/index.php\\\/rutas-culturales-y-creativas-proyecto-que-promueve-la-cultura-de-manabi\\\/#primaryimage\",\"url\":\"https:\\\/\\\/www.manabi.gob.ec\\\/wp-content\\\/uploads\\\/2025\\\/01\\\/WhatsApp-Image-2025-01-29-at-3.09.34-PM.jpeg\",\"contentUrl\":\"https:\\\/\\\/www.manabi.gob.ec\\\/wp-content\\\/uploads\\\/2025\\\/01\\\/WhatsApp-Image-2025-01-29-at-3.09.34-PM.jpeg\",\"width\":1600,\"height\":1066},{\"@type\":\"BreadcrumbList\",\"@id\":\"https:\\\/\\\/www.manabi.gob.ec\\\/index.php\\\/rutas-culturales-y-creativas-proyecto-que-promueve-la-cultura-de-manabi\\\/#breadcrumb\",\"itemListElement\":[{\"@type\":\"ListItem\",\"position\":1,\"name\":\"Portada\",\"item\":\"https:\\\/\\\/www.manabi.gob.ec\\\/\"},{\"@type\":\"ListItem\",\"position\":2,\"name\":\"Rutas Culturales y Creativas: proyecto que promueve la cultura de Manab\u00ed\"}]},{\"@type\":\"WebSite\",\"@id\":\"https:\\\/\\\/www.manabi.gob.ec\\\/#website\",\"url\":\"https:\\\/\\\/www.manabi.gob.ec\\\/\",\"name\":\"Prefectura de Manab\u00ed\",\"description\":\"P\u00e1gina web de la prefectura\",\"potentialAction\":[{\"@type\":\"SearchAction\",\"target\":{\"@type\":\"EntryPoint\",\"urlTemplate\":\"https:\\\/\\\/www.manabi.gob.ec\\\/?s={search_term_string}\"},\"query-input\":{\"@type\":\"PropertyValueSpecification\",\"valueRequired\":true,\"valueName\":\"search_term_string\"}}],\"inLanguage\":\"es\"},{\"@type\":\"Person\",\"@id\":\"https:\\\/\\\/www.manabi.gob.ec\\\/#\\\/schema\\\/person\\\/c4f117989332ad723a6ced5994aa7d7a\",\"name\":\"Lui Ochoa\",\"image\":{\"@type\":\"ImageObject\",\"inLanguage\":\"es\",\"@id\":\"https:\\\/\\\/secure.gravatar.com\\\/avatar\\\/6e8017d0fe69dead8a95864d2eb6e1e1d8bf8e01194ba49cf7b897ff038126ba?s=96&d=mm&r=g\",\"url\":\"https:\\\/\\\/secure.gravatar.com\\\/avatar\\\/6e8017d0fe69dead8a95864d2eb6e1e1d8bf8e01194ba49cf7b897ff038126ba?s=96&d=mm&r=g\",\"contentUrl\":\"https:\\\/\\\/secure.gravatar.com\\\/avatar\\\/6e8017d0fe69dead8a95864d2eb6e1e1d8bf8e01194ba49cf7b897ff038126ba?s=96&d=mm&r=g\",\"caption\":\"Lui Ochoa\"},\"url\":\"https:\\\/\\\/www.manabi.gob.ec\\\/index.php\\\/author\\\/lochoa\\\/\"}]}<\/script>\n<!-- \/ Yoast SEO plugin. -->","yoast_head_json":{"title":"Rutas Culturales y Creativas: proyecto que promueve la cultura de Manab\u00ed - Prefectura de Manab\u00ed","robots":{"index":"index","follow":"follow","max-snippet":"max-snippet:-1","max-image-preview":"max-image-preview:large","max-video-preview":"max-video-preview:-1"},"canonical":"https:\/\/www.manabi.gob.ec\/index.php\/rutas-culturales-y-creativas-proyecto-que-promueve-la-cultura-de-manabi\/","og_locale":"es_ES","og_type":"article","og_title":"Rutas Culturales y Creativas: proyecto que promueve la cultura de Manab\u00ed - Prefectura de Manab\u00ed","og_description":"Manab\u00ed ya cuenta con el primer proyecto de Rutas Culturales y Creativas, dirigido a identificar y promover los principales polos culturales de nuestra provincia, para consolidarlos como un referente cultural a nivel nacional e internacional. El proyecto fue presentado por la Prefectura de Manab\u00ed en colaboraci\u00f3n con el Ministerio de Cultura y Patrimonio y la [&hellip;]","og_url":"https:\/\/www.manabi.gob.ec\/index.php\/rutas-culturales-y-creativas-proyecto-que-promueve-la-cultura-de-manabi\/","og_site_name":"Prefectura de Manab\u00ed","article_published_time":"2025-01-30T19:15:43+00:00","article_modified_time":"2025-01-30T19:15:48+00:00","og_image":[{"width":1600,"height":1066,"url":"https:\/\/www.manabi.gob.ec\/wp-content\/uploads\/2025\/01\/WhatsApp-Image-2025-01-29-at-3.09.34-PM.jpeg","type":"image\/jpeg"}],"author":"Lui Ochoa","twitter_card":"summary_large_image","twitter_misc":{"Escrito por":"Lui Ochoa","Tiempo de lectura":"2 minutos"},"schema":{"@context":"https:\/\/schema.org","@graph":[{"@type":"Article","@id":"https:\/\/www.manabi.gob.ec\/index.php\/rutas-culturales-y-creativas-proyecto-que-promueve-la-cultura-de-manabi\/#article","isPartOf":{"@id":"https:\/\/www.manabi.gob.ec\/index.php\/rutas-culturales-y-creativas-proyecto-que-promueve-la-cultura-de-manabi\/"},"author":{"name":"Lui Ochoa","@id":"https:\/\/www.manabi.gob.ec\/#\/schema\/person\/c4f117989332ad723a6ced5994aa7d7a"},"headline":"Rutas Culturales y Creativas: proyecto que promueve la cultura de Manab\u00ed","datePublished":"2025-01-30T19:15:43+00:00","dateModified":"2025-01-30T19:15:48+00:00","mainEntityOfPage":{"@id":"https:\/\/www.manabi.gob.ec\/index.php\/rutas-culturales-y-creativas-proyecto-que-promueve-la-cultura-de-manabi\/"},"wordCount":282,"image":{"@id":"https:\/\/www.manabi.gob.ec\/index.php\/rutas-culturales-y-creativas-proyecto-que-promueve-la-cultura-de-manabi\/#primaryimage"},"thumbnailUrl":"https:\/\/www.manabi.gob.ec\/wp-content\/uploads\/2025\/01\/WhatsApp-Image-2025-01-29-at-3.09.34-PM.jpeg","articleSection":["Ambiente","bicentenario","Desarrollo Social","Noticias","Todas"],"inLanguage":"es"},{"@type":"WebPage","@id":"https:\/\/www.manabi.gob.ec\/index.php\/rutas-culturales-y-creativas-proyecto-que-promueve-la-cultura-de-manabi\/","url":"https:\/\/www.manabi.gob.ec\/index.php\/rutas-culturales-y-creativas-proyecto-que-promueve-la-cultura-de-manabi\/","name":"Rutas Culturales y Creativas: proyecto que promueve la cultura de Manab\u00ed - Prefectura de Manab\u00ed","isPartOf":{"@id":"https:\/\/www.manabi.gob.ec\/#website"},"primaryImageOfPage":{"@id":"https:\/\/www.manabi.gob.ec\/index.php\/rutas-culturales-y-creativas-proyecto-que-promueve-la-cultura-de-manabi\/#primaryimage"},"image":{"@id":"https:\/\/www.manabi.gob.ec\/index.php\/rutas-culturales-y-creativas-proyecto-que-promueve-la-cultura-de-manabi\/#primaryimage"},"thumbnailUrl":"https:\/\/www.manabi.gob.ec\/wp-content\/uploads\/2025\/01\/WhatsApp-Image-2025-01-29-at-3.09.34-PM.jpeg","datePublished":"2025-01-30T19:15:43+00:00","dateModified":"2025-01-30T19:15:48+00:00","author":{"@id":"https:\/\/www.manabi.gob.ec\/#\/schema\/person\/c4f117989332ad723a6ced5994aa7d7a"},"breadcrumb":{"@id":"https:\/\/www.manabi.gob.ec\/index.php\/rutas-culturales-y-creativas-proyecto-que-promueve-la-cultura-de-manabi\/#breadcrumb"},"inLanguage":"es","potentialAction":[{"@type":"ReadAction","target":["https:\/\/www.manabi.gob.ec\/index.php\/rutas-culturales-y-creativas-proyecto-que-promueve-la-cultura-de-manabi\/"]}]},{"@type":"ImageObject","inLanguage":"es","@id":"https:\/\/www.manabi.gob.ec\/index.php\/rutas-culturales-y-creativas-proyecto-que-promueve-la-cultura-de-manabi\/#primaryimage","url":"https:\/\/www.manabi.gob.ec\/wp-content\/uploads\/2025\/01\/WhatsApp-Image-2025-01-29-at-3.09.34-PM.jpeg","contentUrl":"https:\/\/www.manabi.gob.ec\/wp-content\/uploads\/2025\/01\/WhatsApp-Image-2025-01-29-at-3.09.34-PM.jpeg","width":1600,"height":1066},{"@type":"BreadcrumbList","@id":"https:\/\/www.manabi.gob.ec\/index.php\/rutas-culturales-y-creativas-proyecto-que-promueve-la-cultura-de-manabi\/#breadcrumb","itemListElement":[{"@type":"ListItem","position":1,"name":"Portada","item":"https:\/\/www.manabi.gob.ec\/"},{"@type":"ListItem","position":2,"name":"Rutas Culturales y Creativas: proyecto que promueve la cultura de Manab\u00ed"}]},{"@type":"WebSite","@id":"https:\/\/www.manabi.gob.ec\/#website","url":"https:\/\/www.manabi.gob.ec\/","name":"Prefectura de Manab\u00ed","description":"P\u00e1gina web de la prefectura","potentialAction":[{"@type":"SearchAction","target":{"@type":"EntryPoint","urlTemplate":"https:\/\/www.manabi.gob.ec\/?s={search_term_string}"},"query-input":{"@type":"PropertyValueSpecification","valueRequired":true,"valueName":"search_term_string"}}],"inLanguage":"es"},{"@type":"Person","@id":"https:\/\/www.manabi.gob.ec\/#\/schema\/person\/c4f117989332ad723a6ced5994aa7d7a","name":"Lui Ochoa","image":{"@type":"ImageObject","inLanguage":"es","@id":"https:\/\/secure.gravatar.com\/avatar\/6e8017d0fe69dead8a95864d2eb6e1e1d8bf8e01194ba49cf7b897ff038126ba?s=96&d=mm&r=g","url":"https:\/\/secure.gravatar.com\/avatar\/6e8017d0fe69dead8a95864d2eb6e1e1d8bf8e01194ba49cf7b897ff038126ba?s=96&d=mm&r=g","contentUrl":"https:\/\/secure.gravatar.com\/avatar\/6e8017d0fe69dead8a95864d2eb6e1e1d8bf8e01194ba49cf7b897ff038126ba?s=96&d=mm&r=g","caption":"Lui Ochoa"},"url":"https:\/\/www.manabi.gob.ec\/index.php\/author\/lochoa\/"}]}},"jetpack_featured_media_url":"https:\/\/www.manabi.gob.ec\/wp-content\/uploads\/2025\/01\/WhatsApp-Image-2025-01-29-at-3.09.34-PM.jpeg","_links":{"self":[{"href":"https:\/\/www.manabi.gob.ec\/index.php\/wp-json\/wp\/v2\/posts\/29906","targetHints":{"allow":["GET"]}}],"collection":[{"href":"https:\/\/www.manabi.gob.ec\/index.php\/wp-json\/wp\/v2\/posts"}],"about":[{"href":"https:\/\/www.manabi.gob.ec\/index.php\/wp-json\/wp\/v2\/types\/post"}],"author":[{"embeddable":true,"href":"https:\/\/www.manabi.gob.ec\/index.php\/wp-json\/wp\/v2\/users\/10"}],"replies":[{"embeddable":true,"href":"https:\/\/www.manabi.gob.ec\/index.php\/wp-json\/wp\/v2\/comments?post=29906"}],"version-history":[{"count":1,"href":"https:\/\/www.manabi.gob.ec\/index.php\/wp-json\/wp\/v2\/posts\/29906\/revisions"}],"predecessor-version":[{"id":29908,"href":"https:\/\/www.manabi.gob.ec\/index.php\/wp-json\/wp\/v2\/posts\/29906\/revisions\/29908"}],"wp:featuredmedia":[{"embeddable":true,"href":"https:\/\/www.manabi.gob.ec\/index.php\/wp-json\/wp\/v2\/media\/29907"}],"wp:attachment":[{"href":"https:\/\/www.manabi.gob.ec\/index.php\/wp-json\/wp\/v2\/media?parent=29906"}],"wp:term":[{"taxonomy":"category","embeddable":true,"href":"https:\/\/www.manabi.gob.ec\/index.php\/wp-json\/wp\/v2\/categories?post=29906"},{"taxonomy":"post_tag","embeddable":true,"href":"https:\/\/www.manabi.gob.ec\/index.php\/wp-json\/wp\/v2\/tags?post=29906"}],"curies":[{"name":"wp","href":"https:\/\/api.w.org\/{rel}","templated":true}]}}