{"id":29919,"date":"2025-02-04T15:03:36","date_gmt":"2025-02-04T15:03:36","guid":{"rendered":"https:\/\/www.manabi.gob.ec\/?p=29919"},"modified":"2025-02-04T15:03:43","modified_gmt":"2025-02-04T15:03:43","slug":"ninez-manabita-comparte-su-arte-y-suenos-en-el-museo-portoviejo","status":"publish","type":"post","link":"https:\/\/www.manabi.gob.ec\/index.php\/ninez-manabita-comparte-su-arte-y-suenos-en-el-museo-portoviejo\/","title":{"rendered":"Ni\u00f1ez manabita comparte su arte y sue\u00f1os en el Museo Portoviejo"},"content":{"rendered":"\n<p>Decenas de ni\u00f1os y ni\u00f1as llegaron, junto sus familiares, al Museo de Portoviejo con sonrisas en sus rostros, que reflejaban la emoci\u00f3n que sent\u00edan al ver sus obras exhibidas en la exposici\u00f3n \u00abManab\u00ed te Cuenta una Historia\u00bb, un proyecto cultural impulsado por la Prefectura de Manab\u00ed.<\/p>\n\n\n\n<p>La exposici\u00f3n re\u00fane 100 pinturas, fruto del talento y la creatividad de peque\u00f1os artistas de Pueblo Nuevo &nbsp;del cant\u00f3n Portoviejo; &nbsp;y Julcuy &nbsp;de Jipijapa; que participaron en talleres de arte entre octubre y diciembre de 2024.<\/p>\n\n\n\n<p>El proyecto \u00abManab\u00ed te Cuenta una Historia\u00bb, inic\u00f3 en 2020, y ha transformado la vida de 2.160 ni\u00f1os y j\u00f3venes, porque a trav\u00e9s del arte no solo les ha permitido expresar sentimientos sino que tambi\u00e9n se potenciado el talento art\u00edsticos de este grupo de manabitas.<\/p>\n\n\n\n<p>\u00abPara nosotros es fundamental llegar con estos proyectos dentro del eje de la inclusi\u00f3n y la innovaci\u00f3n social de este Manab\u00ed humano, que promueve la cultura y la igualdad de oportunidades, especialmente en comunidades que m\u00e1s lo necesitan\u00bb, expres\u00f3 el prefecto, Leonardo Orlando, quien recorri\u00f3 la muestra junto a los ni\u00f1os. Adem\u00e1s, destac\u00f3 el arte como una herramienta poderosa: \u00abNuestros ni\u00f1os encuentran en la pintura un espacio liberador para sus emociones y talentos. Estas habilidades innatas necesitan gu\u00edas que los orienten y motiven\u00bb, resalt\u00f3.<\/p>\n\n\n\n<p>Para muchos peque\u00f1os, esta fue su primera visita a un museo y la primera vez que sus obras eran admiradas por tantas personas. Angie Gonz\u00e1lez, de Pueblo Nuevo, no ocult\u00f3 su emoci\u00f3n: \u201cLe doy las gracias a la Prefectura y al GAD parroquial por estos talleres. Me divert\u00ed y aprend\u00ed muchas cosas que antes no sab\u00eda. Me gusta mucho el arte\u201d, expres\u00f3. Nahomi Chil\u00e1n, de Julcuy, resalt\u00f3 el impacto del curso: \u201cNuestro gu\u00eda, el profesor V\u00edctor Cede\u00f1o, nos ayud\u00f3 a valorar nuestra imaginaci\u00f3n. Ahora veo mi historia y mi tierra con m\u00e1s orgullo\u201d, coment\u00f3.<\/p>\n\n\n\n<p>Cada cuadro expuesto es una ventana a la identidad manabita. \u00abEstos peque\u00f1os pero grandes artistas han plasmado en acr\u00edlico y sobre lienzo sus costumbres, flora, fauna, cultura y arqueolog\u00eda\u00bb, destac\u00f3 la directora del Museo Portoviejo, Katiuska Lopera, al invitar a la ciudadan\u00eda a visitar la exposici\u00f3n.<\/p>\n\n\n\n<p>Las familias recorrieron la muestra con admiraci\u00f3n y orgullo, fotografiando cada obra como un recuerdo imborrable en la vida de sus hijos. La exposici\u00f3n permanecer\u00e1 abierta todo el mes de febrero, con entrada gratuita, brindando a todos la oportunidad de conocer el talento de la ni\u00f1ez manabita.<\/p>\n\n\n\n<p>El prefecto Leonardo Orlando reafirm\u00f3 su compromiso con la continuidad del proyecto: \u201cCuenten con esta Prefectura. Tendremos \u2018Manab\u00ed te Cuenta una Historia\u2019 de largo, para seguir garantizando el acceso al arte, la cultura, la recreaci\u00f3n y el deporte en nuestras parroquias rurales y en las comunidades y sectores urbano-populares que m\u00e1s lo necesitan\u201d, concluy\u00f3.<\/p>\n","protected":false},"excerpt":{"rendered":"<p>Decenas de ni\u00f1os y ni\u00f1as llegaron, junto sus familiares, al Museo de Portoviejo con sonrisas en sus rostros, que reflejaban la emoci\u00f3n que sent\u00edan al ver sus obras exhibidas en la exposici\u00f3n \u00abManab\u00ed te Cuenta una Historia\u00bb, un proyecto cultural impulsado por la Prefectura de Manab\u00ed. La exposici\u00f3n re\u00fane 100 pinturas, fruto del talento y [&hellip;]<\/p>\n","protected":false},"author":10,"featured_media":29920,"comment_status":"closed","ping_status":"closed","sticky":false,"template":"","format":"standard","meta":{"_joinchat":[],"footnotes":""},"categories":[150,343,142,92,132,91],"tags":[],"class_list":["post-29919","post","type-post","status-publish","format-standard","has-post-thumbnail","hentry","category-ambiente","category-bicentenario","category-desarrollo-social","category-noticias-manabi","category-portoviejo","category-todas"],"yoast_head":"<!-- This site is optimized with the Yoast SEO plugin v27.4 - https:\/\/yoast.com\/product\/yoast-seo-wordpress\/ -->\n<title>Ni\u00f1ez manabita comparte su arte y sue\u00f1os en el Museo Portoviejo - Prefectura de Manab\u00ed<\/title>\n<meta name=\"robots\" content=\"index, follow, max-snippet:-1, max-image-preview:large, max-video-preview:-1\" \/>\n<link rel=\"canonical\" href=\"https:\/\/www.manabi.gob.ec\/index.php\/ninez-manabita-comparte-su-arte-y-suenos-en-el-museo-portoviejo\/\" \/>\n<meta property=\"og:locale\" content=\"es_ES\" \/>\n<meta property=\"og:type\" content=\"article\" \/>\n<meta property=\"og:title\" content=\"Ni\u00f1ez manabita comparte su arte y sue\u00f1os en el Museo Portoviejo - Prefectura de Manab\u00ed\" \/>\n<meta property=\"og:description\" content=\"Decenas de ni\u00f1os y ni\u00f1as llegaron, junto sus familiares, al Museo de Portoviejo con sonrisas en sus rostros, que reflejaban la emoci\u00f3n que sent\u00edan al ver sus obras exhibidas en la exposici\u00f3n \u00abManab\u00ed te Cuenta una Historia\u00bb, un proyecto cultural impulsado por la Prefectura de Manab\u00ed. La exposici\u00f3n re\u00fane 100 pinturas, fruto del talento y [&hellip;]\" \/>\n<meta property=\"og:url\" content=\"https:\/\/www.manabi.gob.ec\/index.php\/ninez-manabita-comparte-su-arte-y-suenos-en-el-museo-portoviejo\/\" \/>\n<meta property=\"og:site_name\" content=\"Prefectura de Manab\u00ed\" \/>\n<meta property=\"article:published_time\" content=\"2025-02-04T15:03:36+00:00\" \/>\n<meta property=\"article:modified_time\" content=\"2025-02-04T15:03:43+00:00\" \/>\n<meta property=\"og:image\" content=\"https:\/\/www.manabi.gob.ec\/wp-content\/uploads\/2025\/02\/WhatsApp-Image-2025-02-04-at-9.58.28-AM-1-scaled.jpeg\" \/>\n\t<meta property=\"og:image:width\" content=\"2560\" \/>\n\t<meta property=\"og:image:height\" content=\"1706\" \/>\n\t<meta property=\"og:image:type\" content=\"image\/jpeg\" \/>\n<meta name=\"author\" content=\"Lui Ochoa\" \/>\n<meta name=\"twitter:card\" content=\"summary_large_image\" \/>\n<meta name=\"twitter:label1\" content=\"Escrito por\" \/>\n\t<meta name=\"twitter:data1\" content=\"Lui Ochoa\" \/>\n\t<meta name=\"twitter:label2\" content=\"Tiempo de lectura\" \/>\n\t<meta name=\"twitter:data2\" content=\"3 minutos\" \/>\n<script type=\"application\/ld+json\" class=\"yoast-schema-graph\">{\"@context\":\"https:\\\/\\\/schema.org\",\"@graph\":[{\"@type\":\"Article\",\"@id\":\"https:\\\/\\\/www.manabi.gob.ec\\\/index.php\\\/ninez-manabita-comparte-su-arte-y-suenos-en-el-museo-portoviejo\\\/#article\",\"isPartOf\":{\"@id\":\"https:\\\/\\\/www.manabi.gob.ec\\\/index.php\\\/ninez-manabita-comparte-su-arte-y-suenos-en-el-museo-portoviejo\\\/\"},\"author\":{\"name\":\"Lui Ochoa\",\"@id\":\"https:\\\/\\\/www.manabi.gob.ec\\\/#\\\/schema\\\/person\\\/c4f117989332ad723a6ced5994aa7d7a\"},\"headline\":\"Ni\u00f1ez manabita comparte su arte y sue\u00f1os en el Museo Portoviejo\",\"datePublished\":\"2025-02-04T15:03:36+00:00\",\"dateModified\":\"2025-02-04T15:03:43+00:00\",\"mainEntityOfPage\":{\"@id\":\"https:\\\/\\\/www.manabi.gob.ec\\\/index.php\\\/ninez-manabita-comparte-su-arte-y-suenos-en-el-museo-portoviejo\\\/\"},\"wordCount\":505,\"image\":{\"@id\":\"https:\\\/\\\/www.manabi.gob.ec\\\/index.php\\\/ninez-manabita-comparte-su-arte-y-suenos-en-el-museo-portoviejo\\\/#primaryimage\"},\"thumbnailUrl\":\"https:\\\/\\\/www.manabi.gob.ec\\\/wp-content\\\/uploads\\\/2025\\\/02\\\/WhatsApp-Image-2025-02-04-at-9.58.28-AM-1-scaled.jpeg\",\"articleSection\":[\"Ambiente\",\"bicentenario\",\"Desarrollo Social\",\"Noticias\",\"Portoviejo\",\"Todas\"],\"inLanguage\":\"es\"},{\"@type\":\"WebPage\",\"@id\":\"https:\\\/\\\/www.manabi.gob.ec\\\/index.php\\\/ninez-manabita-comparte-su-arte-y-suenos-en-el-museo-portoviejo\\\/\",\"url\":\"https:\\\/\\\/www.manabi.gob.ec\\\/index.php\\\/ninez-manabita-comparte-su-arte-y-suenos-en-el-museo-portoviejo\\\/\",\"name\":\"Ni\u00f1ez manabita comparte su arte y sue\u00f1os en el Museo Portoviejo - Prefectura de Manab\u00ed\",\"isPartOf\":{\"@id\":\"https:\\\/\\\/www.manabi.gob.ec\\\/#website\"},\"primaryImageOfPage\":{\"@id\":\"https:\\\/\\\/www.manabi.gob.ec\\\/index.php\\\/ninez-manabita-comparte-su-arte-y-suenos-en-el-museo-portoviejo\\\/#primaryimage\"},\"image\":{\"@id\":\"https:\\\/\\\/www.manabi.gob.ec\\\/index.php\\\/ninez-manabita-comparte-su-arte-y-suenos-en-el-museo-portoviejo\\\/#primaryimage\"},\"thumbnailUrl\":\"https:\\\/\\\/www.manabi.gob.ec\\\/wp-content\\\/uploads\\\/2025\\\/02\\\/WhatsApp-Image-2025-02-04-at-9.58.28-AM-1-scaled.jpeg\",\"datePublished\":\"2025-02-04T15:03:36+00:00\",\"dateModified\":\"2025-02-04T15:03:43+00:00\",\"author\":{\"@id\":\"https:\\\/\\\/www.manabi.gob.ec\\\/#\\\/schema\\\/person\\\/c4f117989332ad723a6ced5994aa7d7a\"},\"breadcrumb\":{\"@id\":\"https:\\\/\\\/www.manabi.gob.ec\\\/index.php\\\/ninez-manabita-comparte-su-arte-y-suenos-en-el-museo-portoviejo\\\/#breadcrumb\"},\"inLanguage\":\"es\",\"potentialAction\":[{\"@type\":\"ReadAction\",\"target\":[\"https:\\\/\\\/www.manabi.gob.ec\\\/index.php\\\/ninez-manabita-comparte-su-arte-y-suenos-en-el-museo-portoviejo\\\/\"]}]},{\"@type\":\"ImageObject\",\"inLanguage\":\"es\",\"@id\":\"https:\\\/\\\/www.manabi.gob.ec\\\/index.php\\\/ninez-manabita-comparte-su-arte-y-suenos-en-el-museo-portoviejo\\\/#primaryimage\",\"url\":\"https:\\\/\\\/www.manabi.gob.ec\\\/wp-content\\\/uploads\\\/2025\\\/02\\\/WhatsApp-Image-2025-02-04-at-9.58.28-AM-1-scaled.jpeg\",\"contentUrl\":\"https:\\\/\\\/www.manabi.gob.ec\\\/wp-content\\\/uploads\\\/2025\\\/02\\\/WhatsApp-Image-2025-02-04-at-9.58.28-AM-1-scaled.jpeg\",\"width\":2560,\"height\":1706},{\"@type\":\"BreadcrumbList\",\"@id\":\"https:\\\/\\\/www.manabi.gob.ec\\\/index.php\\\/ninez-manabita-comparte-su-arte-y-suenos-en-el-museo-portoviejo\\\/#breadcrumb\",\"itemListElement\":[{\"@type\":\"ListItem\",\"position\":1,\"name\":\"Portada\",\"item\":\"https:\\\/\\\/www.manabi.gob.ec\\\/\"},{\"@type\":\"ListItem\",\"position\":2,\"name\":\"Ni\u00f1ez manabita comparte su arte y sue\u00f1os en el Museo Portoviejo\"}]},{\"@type\":\"WebSite\",\"@id\":\"https:\\\/\\\/www.manabi.gob.ec\\\/#website\",\"url\":\"https:\\\/\\\/www.manabi.gob.ec\\\/\",\"name\":\"Prefectura de Manab\u00ed\",\"description\":\"P\u00e1gina web de la prefectura\",\"potentialAction\":[{\"@type\":\"SearchAction\",\"target\":{\"@type\":\"EntryPoint\",\"urlTemplate\":\"https:\\\/\\\/www.manabi.gob.ec\\\/?s={search_term_string}\"},\"query-input\":{\"@type\":\"PropertyValueSpecification\",\"valueRequired\":true,\"valueName\":\"search_term_string\"}}],\"inLanguage\":\"es\"},{\"@type\":\"Person\",\"@id\":\"https:\\\/\\\/www.manabi.gob.ec\\\/#\\\/schema\\\/person\\\/c4f117989332ad723a6ced5994aa7d7a\",\"name\":\"Lui Ochoa\",\"image\":{\"@type\":\"ImageObject\",\"inLanguage\":\"es\",\"@id\":\"https:\\\/\\\/secure.gravatar.com\\\/avatar\\\/6e8017d0fe69dead8a95864d2eb6e1e1d8bf8e01194ba49cf7b897ff038126ba?s=96&d=mm&r=g\",\"url\":\"https:\\\/\\\/secure.gravatar.com\\\/avatar\\\/6e8017d0fe69dead8a95864d2eb6e1e1d8bf8e01194ba49cf7b897ff038126ba?s=96&d=mm&r=g\",\"contentUrl\":\"https:\\\/\\\/secure.gravatar.com\\\/avatar\\\/6e8017d0fe69dead8a95864d2eb6e1e1d8bf8e01194ba49cf7b897ff038126ba?s=96&d=mm&r=g\",\"caption\":\"Lui Ochoa\"},\"url\":\"https:\\\/\\\/www.manabi.gob.ec\\\/index.php\\\/author\\\/lochoa\\\/\"}]}<\/script>\n<!-- \/ Yoast SEO plugin. -->","yoast_head_json":{"title":"Ni\u00f1ez manabita comparte su arte y sue\u00f1os en el Museo Portoviejo - Prefectura de Manab\u00ed","robots":{"index":"index","follow":"follow","max-snippet":"max-snippet:-1","max-image-preview":"max-image-preview:large","max-video-preview":"max-video-preview:-1"},"canonical":"https:\/\/www.manabi.gob.ec\/index.php\/ninez-manabita-comparte-su-arte-y-suenos-en-el-museo-portoviejo\/","og_locale":"es_ES","og_type":"article","og_title":"Ni\u00f1ez manabita comparte su arte y sue\u00f1os en el Museo Portoviejo - Prefectura de Manab\u00ed","og_description":"Decenas de ni\u00f1os y ni\u00f1as llegaron, junto sus familiares, al Museo de Portoviejo con sonrisas en sus rostros, que reflejaban la emoci\u00f3n que sent\u00edan al ver sus obras exhibidas en la exposici\u00f3n \u00abManab\u00ed te Cuenta una Historia\u00bb, un proyecto cultural impulsado por la Prefectura de Manab\u00ed. La exposici\u00f3n re\u00fane 100 pinturas, fruto del talento y [&hellip;]","og_url":"https:\/\/www.manabi.gob.ec\/index.php\/ninez-manabita-comparte-su-arte-y-suenos-en-el-museo-portoviejo\/","og_site_name":"Prefectura de Manab\u00ed","article_published_time":"2025-02-04T15:03:36+00:00","article_modified_time":"2025-02-04T15:03:43+00:00","og_image":[{"width":2560,"height":1706,"url":"https:\/\/www.manabi.gob.ec\/wp-content\/uploads\/2025\/02\/WhatsApp-Image-2025-02-04-at-9.58.28-AM-1-scaled.jpeg","type":"image\/jpeg"}],"author":"Lui Ochoa","twitter_card":"summary_large_image","twitter_misc":{"Escrito por":"Lui Ochoa","Tiempo de lectura":"3 minutos"},"schema":{"@context":"https:\/\/schema.org","@graph":[{"@type":"Article","@id":"https:\/\/www.manabi.gob.ec\/index.php\/ninez-manabita-comparte-su-arte-y-suenos-en-el-museo-portoviejo\/#article","isPartOf":{"@id":"https:\/\/www.manabi.gob.ec\/index.php\/ninez-manabita-comparte-su-arte-y-suenos-en-el-museo-portoviejo\/"},"author":{"name":"Lui Ochoa","@id":"https:\/\/www.manabi.gob.ec\/#\/schema\/person\/c4f117989332ad723a6ced5994aa7d7a"},"headline":"Ni\u00f1ez manabita comparte su arte y sue\u00f1os en el Museo Portoviejo","datePublished":"2025-02-04T15:03:36+00:00","dateModified":"2025-02-04T15:03:43+00:00","mainEntityOfPage":{"@id":"https:\/\/www.manabi.gob.ec\/index.php\/ninez-manabita-comparte-su-arte-y-suenos-en-el-museo-portoviejo\/"},"wordCount":505,"image":{"@id":"https:\/\/www.manabi.gob.ec\/index.php\/ninez-manabita-comparte-su-arte-y-suenos-en-el-museo-portoviejo\/#primaryimage"},"thumbnailUrl":"https:\/\/www.manabi.gob.ec\/wp-content\/uploads\/2025\/02\/WhatsApp-Image-2025-02-04-at-9.58.28-AM-1-scaled.jpeg","articleSection":["Ambiente","bicentenario","Desarrollo Social","Noticias","Portoviejo","Todas"],"inLanguage":"es"},{"@type":"WebPage","@id":"https:\/\/www.manabi.gob.ec\/index.php\/ninez-manabita-comparte-su-arte-y-suenos-en-el-museo-portoviejo\/","url":"https:\/\/www.manabi.gob.ec\/index.php\/ninez-manabita-comparte-su-arte-y-suenos-en-el-museo-portoviejo\/","name":"Ni\u00f1ez manabita comparte su arte y sue\u00f1os en el Museo Portoviejo - Prefectura de Manab\u00ed","isPartOf":{"@id":"https:\/\/www.manabi.gob.ec\/#website"},"primaryImageOfPage":{"@id":"https:\/\/www.manabi.gob.ec\/index.php\/ninez-manabita-comparte-su-arte-y-suenos-en-el-museo-portoviejo\/#primaryimage"},"image":{"@id":"https:\/\/www.manabi.gob.ec\/index.php\/ninez-manabita-comparte-su-arte-y-suenos-en-el-museo-portoviejo\/#primaryimage"},"thumbnailUrl":"https:\/\/www.manabi.gob.ec\/wp-content\/uploads\/2025\/02\/WhatsApp-Image-2025-02-04-at-9.58.28-AM-1-scaled.jpeg","datePublished":"2025-02-04T15:03:36+00:00","dateModified":"2025-02-04T15:03:43+00:00","author":{"@id":"https:\/\/www.manabi.gob.ec\/#\/schema\/person\/c4f117989332ad723a6ced5994aa7d7a"},"breadcrumb":{"@id":"https:\/\/www.manabi.gob.ec\/index.php\/ninez-manabita-comparte-su-arte-y-suenos-en-el-museo-portoviejo\/#breadcrumb"},"inLanguage":"es","potentialAction":[{"@type":"ReadAction","target":["https:\/\/www.manabi.gob.ec\/index.php\/ninez-manabita-comparte-su-arte-y-suenos-en-el-museo-portoviejo\/"]}]},{"@type":"ImageObject","inLanguage":"es","@id":"https:\/\/www.manabi.gob.ec\/index.php\/ninez-manabita-comparte-su-arte-y-suenos-en-el-museo-portoviejo\/#primaryimage","url":"https:\/\/www.manabi.gob.ec\/wp-content\/uploads\/2025\/02\/WhatsApp-Image-2025-02-04-at-9.58.28-AM-1-scaled.jpeg","contentUrl":"https:\/\/www.manabi.gob.ec\/wp-content\/uploads\/2025\/02\/WhatsApp-Image-2025-02-04-at-9.58.28-AM-1-scaled.jpeg","width":2560,"height":1706},{"@type":"BreadcrumbList","@id":"https:\/\/www.manabi.gob.ec\/index.php\/ninez-manabita-comparte-su-arte-y-suenos-en-el-museo-portoviejo\/#breadcrumb","itemListElement":[{"@type":"ListItem","position":1,"name":"Portada","item":"https:\/\/www.manabi.gob.ec\/"},{"@type":"ListItem","position":2,"name":"Ni\u00f1ez manabita comparte su arte y sue\u00f1os en el Museo Portoviejo"}]},{"@type":"WebSite","@id":"https:\/\/www.manabi.gob.ec\/#website","url":"https:\/\/www.manabi.gob.ec\/","name":"Prefectura de Manab\u00ed","description":"P\u00e1gina web de la prefectura","potentialAction":[{"@type":"SearchAction","target":{"@type":"EntryPoint","urlTemplate":"https:\/\/www.manabi.gob.ec\/?s={search_term_string}"},"query-input":{"@type":"PropertyValueSpecification","valueRequired":true,"valueName":"search_term_string"}}],"inLanguage":"es"},{"@type":"Person","@id":"https:\/\/www.manabi.gob.ec\/#\/schema\/person\/c4f117989332ad723a6ced5994aa7d7a","name":"Lui Ochoa","image":{"@type":"ImageObject","inLanguage":"es","@id":"https:\/\/secure.gravatar.com\/avatar\/6e8017d0fe69dead8a95864d2eb6e1e1d8bf8e01194ba49cf7b897ff038126ba?s=96&d=mm&r=g","url":"https:\/\/secure.gravatar.com\/avatar\/6e8017d0fe69dead8a95864d2eb6e1e1d8bf8e01194ba49cf7b897ff038126ba?s=96&d=mm&r=g","contentUrl":"https:\/\/secure.gravatar.com\/avatar\/6e8017d0fe69dead8a95864d2eb6e1e1d8bf8e01194ba49cf7b897ff038126ba?s=96&d=mm&r=g","caption":"Lui Ochoa"},"url":"https:\/\/www.manabi.gob.ec\/index.php\/author\/lochoa\/"}]}},"jetpack_featured_media_url":"https:\/\/www.manabi.gob.ec\/wp-content\/uploads\/2025\/02\/WhatsApp-Image-2025-02-04-at-9.58.28-AM-1-scaled.jpeg","_links":{"self":[{"href":"https:\/\/www.manabi.gob.ec\/index.php\/wp-json\/wp\/v2\/posts\/29919","targetHints":{"allow":["GET"]}}],"collection":[{"href":"https:\/\/www.manabi.gob.ec\/index.php\/wp-json\/wp\/v2\/posts"}],"about":[{"href":"https:\/\/www.manabi.gob.ec\/index.php\/wp-json\/wp\/v2\/types\/post"}],"author":[{"embeddable":true,"href":"https:\/\/www.manabi.gob.ec\/index.php\/wp-json\/wp\/v2\/users\/10"}],"replies":[{"embeddable":true,"href":"https:\/\/www.manabi.gob.ec\/index.php\/wp-json\/wp\/v2\/comments?post=29919"}],"version-history":[{"count":1,"href":"https:\/\/www.manabi.gob.ec\/index.php\/wp-json\/wp\/v2\/posts\/29919\/revisions"}],"predecessor-version":[{"id":29921,"href":"https:\/\/www.manabi.gob.ec\/index.php\/wp-json\/wp\/v2\/posts\/29919\/revisions\/29921"}],"wp:featuredmedia":[{"embeddable":true,"href":"https:\/\/www.manabi.gob.ec\/index.php\/wp-json\/wp\/v2\/media\/29920"}],"wp:attachment":[{"href":"https:\/\/www.manabi.gob.ec\/index.php\/wp-json\/wp\/v2\/media?parent=29919"}],"wp:term":[{"taxonomy":"category","embeddable":true,"href":"https:\/\/www.manabi.gob.ec\/index.php\/wp-json\/wp\/v2\/categories?post=29919"},{"taxonomy":"post_tag","embeddable":true,"href":"https:\/\/www.manabi.gob.ec\/index.php\/wp-json\/wp\/v2\/tags?post=29919"}],"curies":[{"name":"wp","href":"https:\/\/api.w.org\/{rel}","templated":true}]}}