{"id":29922,"date":"2025-02-04T19:04:08","date_gmt":"2025-02-04T19:04:08","guid":{"rendered":"https:\/\/www.manabi.gob.ec\/?p=29922"},"modified":"2025-02-04T19:04:13","modified_gmt":"2025-02-04T19:04:13","slug":"manabi-fortalece-alianzas-para-la-sostenibilidad-de-la-pesca-artesanal","status":"publish","type":"post","link":"https:\/\/www.manabi.gob.ec\/index.php\/manabi-fortalece-alianzas-para-la-sostenibilidad-de-la-pesca-artesanal\/","title":{"rendered":"Manab\u00ed fortalece alianzas para la sostenibilidad de la pesca artesanal"},"content":{"rendered":"\n<p>\u00abCuenten con nuestro apoyo en todo lo que podamos hacer para que el proyecto se fortalezca\u00bb, expres\u00f3 el prefecto de Manab\u00ed, Leonardo Orlando, en la reuni\u00f3n con delegados de la Universidad de C\u00f3rdoba (Espa\u00f1a), que se desarroll\u00f3 en el despacho de Prefectura el lunes 3 de febrero.<\/p>\n\n\n\n<p>En el encuentro, los acad\u00e9micos presentaron el proyecto \u00abEquidad de g\u00e9nero como clave de la sostenibilidad en la pesca artesanal del Ecuador\u00bb (EMEP), una iniciativa que impulsa la igualdad de oportunidades en el sector pesquero.<\/p>\n\n\n\n<p>Los docentes investigadores Guiomar Posada Izquierdo y Jos\u00e9 Antonio Fern\u00e1ndez, responsable del proyecto, visitaron Manab\u00ed junto a acad\u00e9micos de varias universidades ecuatorianas: UNESUM, UTM, ULEAM. En sus intervenciones explicaron que el EMEP, que se encuentra en su fase final tras tres a\u00f1os de trabajo, aborda tres ejes claves: equidad de g\u00e9nero en la pesca artesanal, sostenibilidad de los recursos pesqueros y mejoras en el procesamiento y comercializaci\u00f3n de los productos del mar.<\/p>\n\n\n\n<p>Durante la reuni\u00f3n, el Prefecto expuso otras iniciativas, como: la Escuela del Productor Pesquero que capacita a m\u00e1s de 821 beneficiarios, y vinculaci\u00f3n a trav\u00e9s de cooperaci\u00f3n italiana, como ISOSPAM.<\/p>\n\n\n\n<p>A trav\u00e9s de estas alianzas con universidades y organismos internacionales, la Prefectura de Manab\u00ed reafirma su compromiso con el desarrollo sostenible de la pesca artesanal y la equidad de g\u00e9nero, impulsando proyectos que mejoren la calidad de vida de los pescadores y sus familias, y contribuyan a la protecci\u00f3n de los recursos marinos de la provincia.<\/p>\n","protected":false},"excerpt":{"rendered":"<p>\u00abCuenten con nuestro apoyo en todo lo que podamos hacer para que el proyecto se fortalezca\u00bb, expres\u00f3 el prefecto de Manab\u00ed, Leonardo Orlando, en la reuni\u00f3n con delegados de la Universidad de C\u00f3rdoba (Espa\u00f1a), que se desarroll\u00f3 en el despacho de Prefectura el lunes 3 de febrero. En el encuentro, los acad\u00e9micos presentaron el proyecto [&hellip;]<\/p>\n","protected":false},"author":10,"featured_media":29924,"comment_status":"closed","ping_status":"closed","sticky":false,"template":"","format":"standard","meta":{"_joinchat":[],"footnotes":""},"categories":[150,343,142,92,91],"tags":[],"class_list":["post-29922","post","type-post","status-publish","format-standard","has-post-thumbnail","hentry","category-ambiente","category-bicentenario","category-desarrollo-social","category-noticias-manabi","category-todas"],"yoast_head":"<!-- This site is optimized with the Yoast SEO plugin v27.4 - https:\/\/yoast.com\/product\/yoast-seo-wordpress\/ -->\n<title>Manab\u00ed fortalece alianzas para la sostenibilidad de la pesca artesanal - Prefectura de Manab\u00ed<\/title>\n<meta name=\"robots\" content=\"index, follow, max-snippet:-1, max-image-preview:large, max-video-preview:-1\" \/>\n<link rel=\"canonical\" href=\"https:\/\/www.manabi.gob.ec\/index.php\/manabi-fortalece-alianzas-para-la-sostenibilidad-de-la-pesca-artesanal\/\" \/>\n<meta property=\"og:locale\" content=\"es_ES\" \/>\n<meta property=\"og:type\" content=\"article\" \/>\n<meta property=\"og:title\" content=\"Manab\u00ed fortalece alianzas para la sostenibilidad de la pesca artesanal - Prefectura de Manab\u00ed\" \/>\n<meta property=\"og:description\" content=\"\u00abCuenten con nuestro apoyo en todo lo que podamos hacer para que el proyecto se fortalezca\u00bb, expres\u00f3 el prefecto de Manab\u00ed, Leonardo Orlando, en la reuni\u00f3n con delegados de la Universidad de C\u00f3rdoba (Espa\u00f1a), que se desarroll\u00f3 en el despacho de Prefectura el lunes 3 de febrero. En el encuentro, los acad\u00e9micos presentaron el proyecto [&hellip;]\" \/>\n<meta property=\"og:url\" content=\"https:\/\/www.manabi.gob.ec\/index.php\/manabi-fortalece-alianzas-para-la-sostenibilidad-de-la-pesca-artesanal\/\" \/>\n<meta property=\"og:site_name\" content=\"Prefectura de Manab\u00ed\" \/>\n<meta property=\"article:published_time\" content=\"2025-02-04T19:04:08+00:00\" \/>\n<meta property=\"article:modified_time\" content=\"2025-02-04T19:04:13+00:00\" \/>\n<meta property=\"og:image\" content=\"https:\/\/www.manabi.gob.ec\/wp-content\/uploads\/2025\/02\/WhatsApp-Image-2025-02-04-at-1.26.53-PM-scaled.jpeg\" \/>\n\t<meta property=\"og:image:width\" content=\"2560\" \/>\n\t<meta property=\"og:image:height\" content=\"1706\" \/>\n\t<meta property=\"og:image:type\" content=\"image\/jpeg\" \/>\n<meta name=\"author\" content=\"Lui Ochoa\" \/>\n<meta name=\"twitter:card\" content=\"summary_large_image\" \/>\n<meta name=\"twitter:label1\" content=\"Escrito por\" \/>\n\t<meta name=\"twitter:data1\" content=\"Lui Ochoa\" \/>\n\t<meta name=\"twitter:label2\" content=\"Tiempo de lectura\" \/>\n\t<meta name=\"twitter:data2\" content=\"2 minutos\" \/>\n<script type=\"application\/ld+json\" class=\"yoast-schema-graph\">{\"@context\":\"https:\\\/\\\/schema.org\",\"@graph\":[{\"@type\":\"Article\",\"@id\":\"https:\\\/\\\/www.manabi.gob.ec\\\/index.php\\\/manabi-fortalece-alianzas-para-la-sostenibilidad-de-la-pesca-artesanal\\\/#article\",\"isPartOf\":{\"@id\":\"https:\\\/\\\/www.manabi.gob.ec\\\/index.php\\\/manabi-fortalece-alianzas-para-la-sostenibilidad-de-la-pesca-artesanal\\\/\"},\"author\":{\"name\":\"Lui Ochoa\",\"@id\":\"https:\\\/\\\/www.manabi.gob.ec\\\/#\\\/schema\\\/person\\\/c4f117989332ad723a6ced5994aa7d7a\"},\"headline\":\"Manab\u00ed fortalece alianzas para la sostenibilidad de la pesca artesanal\",\"datePublished\":\"2025-02-04T19:04:08+00:00\",\"dateModified\":\"2025-02-04T19:04:13+00:00\",\"mainEntityOfPage\":{\"@id\":\"https:\\\/\\\/www.manabi.gob.ec\\\/index.php\\\/manabi-fortalece-alianzas-para-la-sostenibilidad-de-la-pesca-artesanal\\\/\"},\"wordCount\":266,\"image\":{\"@id\":\"https:\\\/\\\/www.manabi.gob.ec\\\/index.php\\\/manabi-fortalece-alianzas-para-la-sostenibilidad-de-la-pesca-artesanal\\\/#primaryimage\"},\"thumbnailUrl\":\"https:\\\/\\\/www.manabi.gob.ec\\\/wp-content\\\/uploads\\\/2025\\\/02\\\/WhatsApp-Image-2025-02-04-at-1.26.53-PM-scaled.jpeg\",\"articleSection\":[\"Ambiente\",\"bicentenario\",\"Desarrollo Social\",\"Noticias\",\"Todas\"],\"inLanguage\":\"es\"},{\"@type\":\"WebPage\",\"@id\":\"https:\\\/\\\/www.manabi.gob.ec\\\/index.php\\\/manabi-fortalece-alianzas-para-la-sostenibilidad-de-la-pesca-artesanal\\\/\",\"url\":\"https:\\\/\\\/www.manabi.gob.ec\\\/index.php\\\/manabi-fortalece-alianzas-para-la-sostenibilidad-de-la-pesca-artesanal\\\/\",\"name\":\"Manab\u00ed fortalece alianzas para la sostenibilidad de la pesca artesanal - Prefectura de Manab\u00ed\",\"isPartOf\":{\"@id\":\"https:\\\/\\\/www.manabi.gob.ec\\\/#website\"},\"primaryImageOfPage\":{\"@id\":\"https:\\\/\\\/www.manabi.gob.ec\\\/index.php\\\/manabi-fortalece-alianzas-para-la-sostenibilidad-de-la-pesca-artesanal\\\/#primaryimage\"},\"image\":{\"@id\":\"https:\\\/\\\/www.manabi.gob.ec\\\/index.php\\\/manabi-fortalece-alianzas-para-la-sostenibilidad-de-la-pesca-artesanal\\\/#primaryimage\"},\"thumbnailUrl\":\"https:\\\/\\\/www.manabi.gob.ec\\\/wp-content\\\/uploads\\\/2025\\\/02\\\/WhatsApp-Image-2025-02-04-at-1.26.53-PM-scaled.jpeg\",\"datePublished\":\"2025-02-04T19:04:08+00:00\",\"dateModified\":\"2025-02-04T19:04:13+00:00\",\"author\":{\"@id\":\"https:\\\/\\\/www.manabi.gob.ec\\\/#\\\/schema\\\/person\\\/c4f117989332ad723a6ced5994aa7d7a\"},\"breadcrumb\":{\"@id\":\"https:\\\/\\\/www.manabi.gob.ec\\\/index.php\\\/manabi-fortalece-alianzas-para-la-sostenibilidad-de-la-pesca-artesanal\\\/#breadcrumb\"},\"inLanguage\":\"es\",\"potentialAction\":[{\"@type\":\"ReadAction\",\"target\":[\"https:\\\/\\\/www.manabi.gob.ec\\\/index.php\\\/manabi-fortalece-alianzas-para-la-sostenibilidad-de-la-pesca-artesanal\\\/\"]}]},{\"@type\":\"ImageObject\",\"inLanguage\":\"es\",\"@id\":\"https:\\\/\\\/www.manabi.gob.ec\\\/index.php\\\/manabi-fortalece-alianzas-para-la-sostenibilidad-de-la-pesca-artesanal\\\/#primaryimage\",\"url\":\"https:\\\/\\\/www.manabi.gob.ec\\\/wp-content\\\/uploads\\\/2025\\\/02\\\/WhatsApp-Image-2025-02-04-at-1.26.53-PM-scaled.jpeg\",\"contentUrl\":\"https:\\\/\\\/www.manabi.gob.ec\\\/wp-content\\\/uploads\\\/2025\\\/02\\\/WhatsApp-Image-2025-02-04-at-1.26.53-PM-scaled.jpeg\",\"width\":2560,\"height\":1706},{\"@type\":\"BreadcrumbList\",\"@id\":\"https:\\\/\\\/www.manabi.gob.ec\\\/index.php\\\/manabi-fortalece-alianzas-para-la-sostenibilidad-de-la-pesca-artesanal\\\/#breadcrumb\",\"itemListElement\":[{\"@type\":\"ListItem\",\"position\":1,\"name\":\"Portada\",\"item\":\"https:\\\/\\\/www.manabi.gob.ec\\\/\"},{\"@type\":\"ListItem\",\"position\":2,\"name\":\"Manab\u00ed fortalece alianzas para la sostenibilidad de la pesca artesanal\"}]},{\"@type\":\"WebSite\",\"@id\":\"https:\\\/\\\/www.manabi.gob.ec\\\/#website\",\"url\":\"https:\\\/\\\/www.manabi.gob.ec\\\/\",\"name\":\"Prefectura de Manab\u00ed\",\"description\":\"P\u00e1gina web de la prefectura\",\"potentialAction\":[{\"@type\":\"SearchAction\",\"target\":{\"@type\":\"EntryPoint\",\"urlTemplate\":\"https:\\\/\\\/www.manabi.gob.ec\\\/?s={search_term_string}\"},\"query-input\":{\"@type\":\"PropertyValueSpecification\",\"valueRequired\":true,\"valueName\":\"search_term_string\"}}],\"inLanguage\":\"es\"},{\"@type\":\"Person\",\"@id\":\"https:\\\/\\\/www.manabi.gob.ec\\\/#\\\/schema\\\/person\\\/c4f117989332ad723a6ced5994aa7d7a\",\"name\":\"Lui Ochoa\",\"image\":{\"@type\":\"ImageObject\",\"inLanguage\":\"es\",\"@id\":\"https:\\\/\\\/secure.gravatar.com\\\/avatar\\\/6e8017d0fe69dead8a95864d2eb6e1e1d8bf8e01194ba49cf7b897ff038126ba?s=96&d=mm&r=g\",\"url\":\"https:\\\/\\\/secure.gravatar.com\\\/avatar\\\/6e8017d0fe69dead8a95864d2eb6e1e1d8bf8e01194ba49cf7b897ff038126ba?s=96&d=mm&r=g\",\"contentUrl\":\"https:\\\/\\\/secure.gravatar.com\\\/avatar\\\/6e8017d0fe69dead8a95864d2eb6e1e1d8bf8e01194ba49cf7b897ff038126ba?s=96&d=mm&r=g\",\"caption\":\"Lui Ochoa\"},\"url\":\"https:\\\/\\\/www.manabi.gob.ec\\\/index.php\\\/author\\\/lochoa\\\/\"}]}<\/script>\n<!-- \/ Yoast SEO plugin. -->","yoast_head_json":{"title":"Manab\u00ed fortalece alianzas para la sostenibilidad de la pesca artesanal - Prefectura de Manab\u00ed","robots":{"index":"index","follow":"follow","max-snippet":"max-snippet:-1","max-image-preview":"max-image-preview:large","max-video-preview":"max-video-preview:-1"},"canonical":"https:\/\/www.manabi.gob.ec\/index.php\/manabi-fortalece-alianzas-para-la-sostenibilidad-de-la-pesca-artesanal\/","og_locale":"es_ES","og_type":"article","og_title":"Manab\u00ed fortalece alianzas para la sostenibilidad de la pesca artesanal - Prefectura de Manab\u00ed","og_description":"\u00abCuenten con nuestro apoyo en todo lo que podamos hacer para que el proyecto se fortalezca\u00bb, expres\u00f3 el prefecto de Manab\u00ed, Leonardo Orlando, en la reuni\u00f3n con delegados de la Universidad de C\u00f3rdoba (Espa\u00f1a), que se desarroll\u00f3 en el despacho de Prefectura el lunes 3 de febrero. En el encuentro, los acad\u00e9micos presentaron el proyecto [&hellip;]","og_url":"https:\/\/www.manabi.gob.ec\/index.php\/manabi-fortalece-alianzas-para-la-sostenibilidad-de-la-pesca-artesanal\/","og_site_name":"Prefectura de Manab\u00ed","article_published_time":"2025-02-04T19:04:08+00:00","article_modified_time":"2025-02-04T19:04:13+00:00","og_image":[{"width":2560,"height":1706,"url":"https:\/\/www.manabi.gob.ec\/wp-content\/uploads\/2025\/02\/WhatsApp-Image-2025-02-04-at-1.26.53-PM-scaled.jpeg","type":"image\/jpeg"}],"author":"Lui Ochoa","twitter_card":"summary_large_image","twitter_misc":{"Escrito por":"Lui Ochoa","Tiempo de lectura":"2 minutos"},"schema":{"@context":"https:\/\/schema.org","@graph":[{"@type":"Article","@id":"https:\/\/www.manabi.gob.ec\/index.php\/manabi-fortalece-alianzas-para-la-sostenibilidad-de-la-pesca-artesanal\/#article","isPartOf":{"@id":"https:\/\/www.manabi.gob.ec\/index.php\/manabi-fortalece-alianzas-para-la-sostenibilidad-de-la-pesca-artesanal\/"},"author":{"name":"Lui Ochoa","@id":"https:\/\/www.manabi.gob.ec\/#\/schema\/person\/c4f117989332ad723a6ced5994aa7d7a"},"headline":"Manab\u00ed fortalece alianzas para la sostenibilidad de la pesca artesanal","datePublished":"2025-02-04T19:04:08+00:00","dateModified":"2025-02-04T19:04:13+00:00","mainEntityOfPage":{"@id":"https:\/\/www.manabi.gob.ec\/index.php\/manabi-fortalece-alianzas-para-la-sostenibilidad-de-la-pesca-artesanal\/"},"wordCount":266,"image":{"@id":"https:\/\/www.manabi.gob.ec\/index.php\/manabi-fortalece-alianzas-para-la-sostenibilidad-de-la-pesca-artesanal\/#primaryimage"},"thumbnailUrl":"https:\/\/www.manabi.gob.ec\/wp-content\/uploads\/2025\/02\/WhatsApp-Image-2025-02-04-at-1.26.53-PM-scaled.jpeg","articleSection":["Ambiente","bicentenario","Desarrollo Social","Noticias","Todas"],"inLanguage":"es"},{"@type":"WebPage","@id":"https:\/\/www.manabi.gob.ec\/index.php\/manabi-fortalece-alianzas-para-la-sostenibilidad-de-la-pesca-artesanal\/","url":"https:\/\/www.manabi.gob.ec\/index.php\/manabi-fortalece-alianzas-para-la-sostenibilidad-de-la-pesca-artesanal\/","name":"Manab\u00ed fortalece alianzas para la sostenibilidad de la pesca artesanal - Prefectura de Manab\u00ed","isPartOf":{"@id":"https:\/\/www.manabi.gob.ec\/#website"},"primaryImageOfPage":{"@id":"https:\/\/www.manabi.gob.ec\/index.php\/manabi-fortalece-alianzas-para-la-sostenibilidad-de-la-pesca-artesanal\/#primaryimage"},"image":{"@id":"https:\/\/www.manabi.gob.ec\/index.php\/manabi-fortalece-alianzas-para-la-sostenibilidad-de-la-pesca-artesanal\/#primaryimage"},"thumbnailUrl":"https:\/\/www.manabi.gob.ec\/wp-content\/uploads\/2025\/02\/WhatsApp-Image-2025-02-04-at-1.26.53-PM-scaled.jpeg","datePublished":"2025-02-04T19:04:08+00:00","dateModified":"2025-02-04T19:04:13+00:00","author":{"@id":"https:\/\/www.manabi.gob.ec\/#\/schema\/person\/c4f117989332ad723a6ced5994aa7d7a"},"breadcrumb":{"@id":"https:\/\/www.manabi.gob.ec\/index.php\/manabi-fortalece-alianzas-para-la-sostenibilidad-de-la-pesca-artesanal\/#breadcrumb"},"inLanguage":"es","potentialAction":[{"@type":"ReadAction","target":["https:\/\/www.manabi.gob.ec\/index.php\/manabi-fortalece-alianzas-para-la-sostenibilidad-de-la-pesca-artesanal\/"]}]},{"@type":"ImageObject","inLanguage":"es","@id":"https:\/\/www.manabi.gob.ec\/index.php\/manabi-fortalece-alianzas-para-la-sostenibilidad-de-la-pesca-artesanal\/#primaryimage","url":"https:\/\/www.manabi.gob.ec\/wp-content\/uploads\/2025\/02\/WhatsApp-Image-2025-02-04-at-1.26.53-PM-scaled.jpeg","contentUrl":"https:\/\/www.manabi.gob.ec\/wp-content\/uploads\/2025\/02\/WhatsApp-Image-2025-02-04-at-1.26.53-PM-scaled.jpeg","width":2560,"height":1706},{"@type":"BreadcrumbList","@id":"https:\/\/www.manabi.gob.ec\/index.php\/manabi-fortalece-alianzas-para-la-sostenibilidad-de-la-pesca-artesanal\/#breadcrumb","itemListElement":[{"@type":"ListItem","position":1,"name":"Portada","item":"https:\/\/www.manabi.gob.ec\/"},{"@type":"ListItem","position":2,"name":"Manab\u00ed fortalece alianzas para la sostenibilidad de la pesca artesanal"}]},{"@type":"WebSite","@id":"https:\/\/www.manabi.gob.ec\/#website","url":"https:\/\/www.manabi.gob.ec\/","name":"Prefectura de Manab\u00ed","description":"P\u00e1gina web de la prefectura","potentialAction":[{"@type":"SearchAction","target":{"@type":"EntryPoint","urlTemplate":"https:\/\/www.manabi.gob.ec\/?s={search_term_string}"},"query-input":{"@type":"PropertyValueSpecification","valueRequired":true,"valueName":"search_term_string"}}],"inLanguage":"es"},{"@type":"Person","@id":"https:\/\/www.manabi.gob.ec\/#\/schema\/person\/c4f117989332ad723a6ced5994aa7d7a","name":"Lui Ochoa","image":{"@type":"ImageObject","inLanguage":"es","@id":"https:\/\/secure.gravatar.com\/avatar\/6e8017d0fe69dead8a95864d2eb6e1e1d8bf8e01194ba49cf7b897ff038126ba?s=96&d=mm&r=g","url":"https:\/\/secure.gravatar.com\/avatar\/6e8017d0fe69dead8a95864d2eb6e1e1d8bf8e01194ba49cf7b897ff038126ba?s=96&d=mm&r=g","contentUrl":"https:\/\/secure.gravatar.com\/avatar\/6e8017d0fe69dead8a95864d2eb6e1e1d8bf8e01194ba49cf7b897ff038126ba?s=96&d=mm&r=g","caption":"Lui Ochoa"},"url":"https:\/\/www.manabi.gob.ec\/index.php\/author\/lochoa\/"}]}},"jetpack_featured_media_url":"https:\/\/www.manabi.gob.ec\/wp-content\/uploads\/2025\/02\/WhatsApp-Image-2025-02-04-at-1.26.53-PM-scaled.jpeg","_links":{"self":[{"href":"https:\/\/www.manabi.gob.ec\/index.php\/wp-json\/wp\/v2\/posts\/29922","targetHints":{"allow":["GET"]}}],"collection":[{"href":"https:\/\/www.manabi.gob.ec\/index.php\/wp-json\/wp\/v2\/posts"}],"about":[{"href":"https:\/\/www.manabi.gob.ec\/index.php\/wp-json\/wp\/v2\/types\/post"}],"author":[{"embeddable":true,"href":"https:\/\/www.manabi.gob.ec\/index.php\/wp-json\/wp\/v2\/users\/10"}],"replies":[{"embeddable":true,"href":"https:\/\/www.manabi.gob.ec\/index.php\/wp-json\/wp\/v2\/comments?post=29922"}],"version-history":[{"count":1,"href":"https:\/\/www.manabi.gob.ec\/index.php\/wp-json\/wp\/v2\/posts\/29922\/revisions"}],"predecessor-version":[{"id":29925,"href":"https:\/\/www.manabi.gob.ec\/index.php\/wp-json\/wp\/v2\/posts\/29922\/revisions\/29925"}],"wp:featuredmedia":[{"embeddable":true,"href":"https:\/\/www.manabi.gob.ec\/index.php\/wp-json\/wp\/v2\/media\/29924"}],"wp:attachment":[{"href":"https:\/\/www.manabi.gob.ec\/index.php\/wp-json\/wp\/v2\/media?parent=29922"}],"wp:term":[{"taxonomy":"category","embeddable":true,"href":"https:\/\/www.manabi.gob.ec\/index.php\/wp-json\/wp\/v2\/categories?post=29922"},{"taxonomy":"post_tag","embeddable":true,"href":"https:\/\/www.manabi.gob.ec\/index.php\/wp-json\/wp\/v2\/tags?post=29922"}],"curies":[{"name":"wp","href":"https:\/\/api.w.org\/{rel}","templated":true}]}}