{"id":29952,"date":"2025-02-06T20:06:44","date_gmt":"2025-02-06T20:06:44","guid":{"rendered":"https:\/\/www.manabi.gob.ec\/?p=29952"},"modified":"2025-02-06T20:06:48","modified_gmt":"2025-02-06T20:06:48","slug":"prefecto-de-manabi-estuvo-en-lanzamiento-de-la-nueva-piel-delfin-sc-2025","status":"publish","type":"post","link":"https:\/\/www.manabi.gob.ec\/index.php\/prefecto-de-manabi-estuvo-en-lanzamiento-de-la-nueva-piel-delfin-sc-2025\/","title":{"rendered":"Prefecto de Manab\u00ed estuvo en lanzamiento de la nueva piel Delf\u00edn SC 2025"},"content":{"rendered":"\n<p>En un evento cargado de emoci\u00f3n, el Delf\u00edn Sporting Club present\u00f3 su \u201cnueva piel oficial\u201d, acto en el que estuvo presente el Prefectop, Leonardo Orlando, como invitado de honor, quien dijo que el \u201cDelf\u00edn SC no es solo un equipo; es el reflejo de una provincia luchadora y resiliente\u201d.<\/p>\n\n\n\n<p>\u201cDesde la Prefectura de Manab\u00ed ratificamos nuestro compromiso con el desarrollo deportivo, y destac\u00f3 al f\u00fatbol como herramienta de uni\u00f3n y superaci\u00f3n. Seguiremos apoyando a los clubes que nos representan dentro y fuera del pa\u00eds\u201d, manifest\u00f3 la autoridad provincial.<\/p>\n\n\n\n<p>La nueva imagen del Delfin es s\u00edmbolo de renovaci\u00f3n y compromiso con su identidad manabita, bajo el liderazgo de Ariel Grazziani (Presidente) y Gustavo Lescovich (accionista principal), este club deportivo manabita inicia una etapa enfocada en fortalecer su estructura y alcanzar nuevas metas.<\/p>\n\n\n\n<p>LOGROS HIST\u00d3RICOS QUE ENALTECEN A MANAB\u00cd<br>El Club Delf\u00edn SC ha escrito p\u00e1ginas memorables en el f\u00fatbol nacional e internacional:<\/p>\n\n\n\n<ul class=\"wp-block-list\">\n<li>2017, Subcampe\u00f3n de la Liga Pro, fue su primera clasificaci\u00f3n internacional.<\/li>\n\n\n\n<li>2019, Campe\u00f3n de la Liga Pro, llev\u00f3 el nombre de Manab\u00ed a lo m\u00e1s alto.<br>-Copa Libertadores: Debut en 2018 (tras subcampeonato de 2017) y participaci\u00f3n en 2020.<\/li>\n\n\n\n<li>Copa Sudamericana: Primera participaci\u00f3n en 2019, segunda en 2021 y tercera en 2023<\/li>\n<\/ul>\n","protected":false},"excerpt":{"rendered":"<p>En un evento cargado de emoci\u00f3n, el Delf\u00edn Sporting Club present\u00f3 su \u201cnueva piel oficial\u201d, acto en el que estuvo presente el Prefectop, Leonardo Orlando, como invitado de honor, quien dijo que el \u201cDelf\u00edn SC no es solo un equipo; es el reflejo de una provincia luchadora y resiliente\u201d. \u201cDesde la Prefectura de Manab\u00ed ratificamos [&hellip;]<\/p>\n","protected":false},"author":10,"featured_media":29953,"comment_status":"closed","ping_status":"closed","sticky":false,"template":"","format":"standard","meta":{"_joinchat":[],"footnotes":""},"categories":[150,343,142,156,92,91],"tags":[],"class_list":["post-29952","post","type-post","status-publish","format-standard","has-post-thumbnail","hentry","category-ambiente","category-bicentenario","category-desarrollo-social","category-manta","category-noticias-manabi","category-todas"],"yoast_head":"<!-- This site is optimized with the Yoast SEO plugin v27.4 - https:\/\/yoast.com\/product\/yoast-seo-wordpress\/ -->\n<title>Prefecto de Manab\u00ed estuvo en lanzamiento de la nueva piel Delf\u00edn SC 2025 - Prefectura de Manab\u00ed<\/title>\n<meta name=\"robots\" content=\"index, follow, max-snippet:-1, max-image-preview:large, max-video-preview:-1\" \/>\n<link rel=\"canonical\" href=\"https:\/\/www.manabi.gob.ec\/index.php\/prefecto-de-manabi-estuvo-en-lanzamiento-de-la-nueva-piel-delfin-sc-2025\/\" \/>\n<meta property=\"og:locale\" content=\"es_ES\" \/>\n<meta property=\"og:type\" content=\"article\" \/>\n<meta property=\"og:title\" content=\"Prefecto de Manab\u00ed estuvo en lanzamiento de la nueva piel Delf\u00edn SC 2025 - Prefectura de Manab\u00ed\" \/>\n<meta property=\"og:description\" content=\"En un evento cargado de emoci\u00f3n, el Delf\u00edn Sporting Club present\u00f3 su \u201cnueva piel oficial\u201d, acto en el que estuvo presente el Prefectop, Leonardo Orlando, como invitado de honor, quien dijo que el \u201cDelf\u00edn SC no es solo un equipo; es el reflejo de una provincia luchadora y resiliente\u201d. \u201cDesde la Prefectura de Manab\u00ed ratificamos [&hellip;]\" \/>\n<meta property=\"og:url\" content=\"https:\/\/www.manabi.gob.ec\/index.php\/prefecto-de-manabi-estuvo-en-lanzamiento-de-la-nueva-piel-delfin-sc-2025\/\" \/>\n<meta property=\"og:site_name\" content=\"Prefectura de Manab\u00ed\" \/>\n<meta property=\"article:published_time\" content=\"2025-02-06T20:06:44+00:00\" \/>\n<meta property=\"article:modified_time\" content=\"2025-02-06T20:06:48+00:00\" \/>\n<meta property=\"og:image\" content=\"https:\/\/www.manabi.gob.ec\/wp-content\/uploads\/2025\/02\/7D0A3836-scaled.jpg\" \/>\n\t<meta property=\"og:image:width\" content=\"2560\" \/>\n\t<meta property=\"og:image:height\" content=\"1707\" \/>\n\t<meta property=\"og:image:type\" content=\"image\/jpeg\" \/>\n<meta name=\"author\" content=\"Lui Ochoa\" \/>\n<meta name=\"twitter:card\" content=\"summary_large_image\" \/>\n<meta name=\"twitter:label1\" content=\"Escrito por\" \/>\n\t<meta name=\"twitter:data1\" content=\"Lui Ochoa\" \/>\n\t<meta name=\"twitter:label2\" content=\"Tiempo de lectura\" \/>\n\t<meta name=\"twitter:data2\" content=\"2 minutos\" \/>\n<script type=\"application\/ld+json\" class=\"yoast-schema-graph\">{\"@context\":\"https:\\\/\\\/schema.org\",\"@graph\":[{\"@type\":\"Article\",\"@id\":\"https:\\\/\\\/www.manabi.gob.ec\\\/index.php\\\/prefecto-de-manabi-estuvo-en-lanzamiento-de-la-nueva-piel-delfin-sc-2025\\\/#article\",\"isPartOf\":{\"@id\":\"https:\\\/\\\/www.manabi.gob.ec\\\/index.php\\\/prefecto-de-manabi-estuvo-en-lanzamiento-de-la-nueva-piel-delfin-sc-2025\\\/\"},\"author\":{\"name\":\"Lui Ochoa\",\"@id\":\"https:\\\/\\\/www.manabi.gob.ec\\\/#\\\/schema\\\/person\\\/c4f117989332ad723a6ced5994aa7d7a\"},\"headline\":\"Prefecto de Manab\u00ed estuvo en lanzamiento de la nueva piel Delf\u00edn SC 2025\",\"datePublished\":\"2025-02-06T20:06:44+00:00\",\"dateModified\":\"2025-02-06T20:06:48+00:00\",\"mainEntityOfPage\":{\"@id\":\"https:\\\/\\\/www.manabi.gob.ec\\\/index.php\\\/prefecto-de-manabi-estuvo-en-lanzamiento-de-la-nueva-piel-delfin-sc-2025\\\/\"},\"wordCount\":227,\"image\":{\"@id\":\"https:\\\/\\\/www.manabi.gob.ec\\\/index.php\\\/prefecto-de-manabi-estuvo-en-lanzamiento-de-la-nueva-piel-delfin-sc-2025\\\/#primaryimage\"},\"thumbnailUrl\":\"https:\\\/\\\/www.manabi.gob.ec\\\/wp-content\\\/uploads\\\/2025\\\/02\\\/7D0A3836-scaled.jpg\",\"articleSection\":[\"Ambiente\",\"bicentenario\",\"Desarrollo Social\",\"Manta\",\"Noticias\",\"Todas\"],\"inLanguage\":\"es\"},{\"@type\":\"WebPage\",\"@id\":\"https:\\\/\\\/www.manabi.gob.ec\\\/index.php\\\/prefecto-de-manabi-estuvo-en-lanzamiento-de-la-nueva-piel-delfin-sc-2025\\\/\",\"url\":\"https:\\\/\\\/www.manabi.gob.ec\\\/index.php\\\/prefecto-de-manabi-estuvo-en-lanzamiento-de-la-nueva-piel-delfin-sc-2025\\\/\",\"name\":\"Prefecto de Manab\u00ed estuvo en lanzamiento de la nueva piel Delf\u00edn SC 2025 - Prefectura de Manab\u00ed\",\"isPartOf\":{\"@id\":\"https:\\\/\\\/www.manabi.gob.ec\\\/#website\"},\"primaryImageOfPage\":{\"@id\":\"https:\\\/\\\/www.manabi.gob.ec\\\/index.php\\\/prefecto-de-manabi-estuvo-en-lanzamiento-de-la-nueva-piel-delfin-sc-2025\\\/#primaryimage\"},\"image\":{\"@id\":\"https:\\\/\\\/www.manabi.gob.ec\\\/index.php\\\/prefecto-de-manabi-estuvo-en-lanzamiento-de-la-nueva-piel-delfin-sc-2025\\\/#primaryimage\"},\"thumbnailUrl\":\"https:\\\/\\\/www.manabi.gob.ec\\\/wp-content\\\/uploads\\\/2025\\\/02\\\/7D0A3836-scaled.jpg\",\"datePublished\":\"2025-02-06T20:06:44+00:00\",\"dateModified\":\"2025-02-06T20:06:48+00:00\",\"author\":{\"@id\":\"https:\\\/\\\/www.manabi.gob.ec\\\/#\\\/schema\\\/person\\\/c4f117989332ad723a6ced5994aa7d7a\"},\"breadcrumb\":{\"@id\":\"https:\\\/\\\/www.manabi.gob.ec\\\/index.php\\\/prefecto-de-manabi-estuvo-en-lanzamiento-de-la-nueva-piel-delfin-sc-2025\\\/#breadcrumb\"},\"inLanguage\":\"es\",\"potentialAction\":[{\"@type\":\"ReadAction\",\"target\":[\"https:\\\/\\\/www.manabi.gob.ec\\\/index.php\\\/prefecto-de-manabi-estuvo-en-lanzamiento-de-la-nueva-piel-delfin-sc-2025\\\/\"]}]},{\"@type\":\"ImageObject\",\"inLanguage\":\"es\",\"@id\":\"https:\\\/\\\/www.manabi.gob.ec\\\/index.php\\\/prefecto-de-manabi-estuvo-en-lanzamiento-de-la-nueva-piel-delfin-sc-2025\\\/#primaryimage\",\"url\":\"https:\\\/\\\/www.manabi.gob.ec\\\/wp-content\\\/uploads\\\/2025\\\/02\\\/7D0A3836-scaled.jpg\",\"contentUrl\":\"https:\\\/\\\/www.manabi.gob.ec\\\/wp-content\\\/uploads\\\/2025\\\/02\\\/7D0A3836-scaled.jpg\",\"width\":2560,\"height\":1707},{\"@type\":\"BreadcrumbList\",\"@id\":\"https:\\\/\\\/www.manabi.gob.ec\\\/index.php\\\/prefecto-de-manabi-estuvo-en-lanzamiento-de-la-nueva-piel-delfin-sc-2025\\\/#breadcrumb\",\"itemListElement\":[{\"@type\":\"ListItem\",\"position\":1,\"name\":\"Portada\",\"item\":\"https:\\\/\\\/www.manabi.gob.ec\\\/\"},{\"@type\":\"ListItem\",\"position\":2,\"name\":\"Prefecto de Manab\u00ed estuvo en lanzamiento de la nueva piel Delf\u00edn SC 2025\"}]},{\"@type\":\"WebSite\",\"@id\":\"https:\\\/\\\/www.manabi.gob.ec\\\/#website\",\"url\":\"https:\\\/\\\/www.manabi.gob.ec\\\/\",\"name\":\"Prefectura de Manab\u00ed\",\"description\":\"P\u00e1gina web de la prefectura\",\"potentialAction\":[{\"@type\":\"SearchAction\",\"target\":{\"@type\":\"EntryPoint\",\"urlTemplate\":\"https:\\\/\\\/www.manabi.gob.ec\\\/?s={search_term_string}\"},\"query-input\":{\"@type\":\"PropertyValueSpecification\",\"valueRequired\":true,\"valueName\":\"search_term_string\"}}],\"inLanguage\":\"es\"},{\"@type\":\"Person\",\"@id\":\"https:\\\/\\\/www.manabi.gob.ec\\\/#\\\/schema\\\/person\\\/c4f117989332ad723a6ced5994aa7d7a\",\"name\":\"Lui Ochoa\",\"image\":{\"@type\":\"ImageObject\",\"inLanguage\":\"es\",\"@id\":\"https:\\\/\\\/secure.gravatar.com\\\/avatar\\\/6e8017d0fe69dead8a95864d2eb6e1e1d8bf8e01194ba49cf7b897ff038126ba?s=96&d=mm&r=g\",\"url\":\"https:\\\/\\\/secure.gravatar.com\\\/avatar\\\/6e8017d0fe69dead8a95864d2eb6e1e1d8bf8e01194ba49cf7b897ff038126ba?s=96&d=mm&r=g\",\"contentUrl\":\"https:\\\/\\\/secure.gravatar.com\\\/avatar\\\/6e8017d0fe69dead8a95864d2eb6e1e1d8bf8e01194ba49cf7b897ff038126ba?s=96&d=mm&r=g\",\"caption\":\"Lui Ochoa\"},\"url\":\"https:\\\/\\\/www.manabi.gob.ec\\\/index.php\\\/author\\\/lochoa\\\/\"}]}<\/script>\n<!-- \/ Yoast SEO plugin. -->","yoast_head_json":{"title":"Prefecto de Manab\u00ed estuvo en lanzamiento de la nueva piel Delf\u00edn SC 2025 - Prefectura de Manab\u00ed","robots":{"index":"index","follow":"follow","max-snippet":"max-snippet:-1","max-image-preview":"max-image-preview:large","max-video-preview":"max-video-preview:-1"},"canonical":"https:\/\/www.manabi.gob.ec\/index.php\/prefecto-de-manabi-estuvo-en-lanzamiento-de-la-nueva-piel-delfin-sc-2025\/","og_locale":"es_ES","og_type":"article","og_title":"Prefecto de Manab\u00ed estuvo en lanzamiento de la nueva piel Delf\u00edn SC 2025 - Prefectura de Manab\u00ed","og_description":"En un evento cargado de emoci\u00f3n, el Delf\u00edn Sporting Club present\u00f3 su \u201cnueva piel oficial\u201d, acto en el que estuvo presente el Prefectop, Leonardo Orlando, como invitado de honor, quien dijo que el \u201cDelf\u00edn SC no es solo un equipo; es el reflejo de una provincia luchadora y resiliente\u201d. \u201cDesde la Prefectura de Manab\u00ed ratificamos [&hellip;]","og_url":"https:\/\/www.manabi.gob.ec\/index.php\/prefecto-de-manabi-estuvo-en-lanzamiento-de-la-nueva-piel-delfin-sc-2025\/","og_site_name":"Prefectura de Manab\u00ed","article_published_time":"2025-02-06T20:06:44+00:00","article_modified_time":"2025-02-06T20:06:48+00:00","og_image":[{"width":2560,"height":1707,"url":"https:\/\/www.manabi.gob.ec\/wp-content\/uploads\/2025\/02\/7D0A3836-scaled.jpg","type":"image\/jpeg"}],"author":"Lui Ochoa","twitter_card":"summary_large_image","twitter_misc":{"Escrito por":"Lui Ochoa","Tiempo de lectura":"2 minutos"},"schema":{"@context":"https:\/\/schema.org","@graph":[{"@type":"Article","@id":"https:\/\/www.manabi.gob.ec\/index.php\/prefecto-de-manabi-estuvo-en-lanzamiento-de-la-nueva-piel-delfin-sc-2025\/#article","isPartOf":{"@id":"https:\/\/www.manabi.gob.ec\/index.php\/prefecto-de-manabi-estuvo-en-lanzamiento-de-la-nueva-piel-delfin-sc-2025\/"},"author":{"name":"Lui Ochoa","@id":"https:\/\/www.manabi.gob.ec\/#\/schema\/person\/c4f117989332ad723a6ced5994aa7d7a"},"headline":"Prefecto de Manab\u00ed estuvo en lanzamiento de la nueva piel Delf\u00edn SC 2025","datePublished":"2025-02-06T20:06:44+00:00","dateModified":"2025-02-06T20:06:48+00:00","mainEntityOfPage":{"@id":"https:\/\/www.manabi.gob.ec\/index.php\/prefecto-de-manabi-estuvo-en-lanzamiento-de-la-nueva-piel-delfin-sc-2025\/"},"wordCount":227,"image":{"@id":"https:\/\/www.manabi.gob.ec\/index.php\/prefecto-de-manabi-estuvo-en-lanzamiento-de-la-nueva-piel-delfin-sc-2025\/#primaryimage"},"thumbnailUrl":"https:\/\/www.manabi.gob.ec\/wp-content\/uploads\/2025\/02\/7D0A3836-scaled.jpg","articleSection":["Ambiente","bicentenario","Desarrollo Social","Manta","Noticias","Todas"],"inLanguage":"es"},{"@type":"WebPage","@id":"https:\/\/www.manabi.gob.ec\/index.php\/prefecto-de-manabi-estuvo-en-lanzamiento-de-la-nueva-piel-delfin-sc-2025\/","url":"https:\/\/www.manabi.gob.ec\/index.php\/prefecto-de-manabi-estuvo-en-lanzamiento-de-la-nueva-piel-delfin-sc-2025\/","name":"Prefecto de Manab\u00ed estuvo en lanzamiento de la nueva piel Delf\u00edn SC 2025 - Prefectura de Manab\u00ed","isPartOf":{"@id":"https:\/\/www.manabi.gob.ec\/#website"},"primaryImageOfPage":{"@id":"https:\/\/www.manabi.gob.ec\/index.php\/prefecto-de-manabi-estuvo-en-lanzamiento-de-la-nueva-piel-delfin-sc-2025\/#primaryimage"},"image":{"@id":"https:\/\/www.manabi.gob.ec\/index.php\/prefecto-de-manabi-estuvo-en-lanzamiento-de-la-nueva-piel-delfin-sc-2025\/#primaryimage"},"thumbnailUrl":"https:\/\/www.manabi.gob.ec\/wp-content\/uploads\/2025\/02\/7D0A3836-scaled.jpg","datePublished":"2025-02-06T20:06:44+00:00","dateModified":"2025-02-06T20:06:48+00:00","author":{"@id":"https:\/\/www.manabi.gob.ec\/#\/schema\/person\/c4f117989332ad723a6ced5994aa7d7a"},"breadcrumb":{"@id":"https:\/\/www.manabi.gob.ec\/index.php\/prefecto-de-manabi-estuvo-en-lanzamiento-de-la-nueva-piel-delfin-sc-2025\/#breadcrumb"},"inLanguage":"es","potentialAction":[{"@type":"ReadAction","target":["https:\/\/www.manabi.gob.ec\/index.php\/prefecto-de-manabi-estuvo-en-lanzamiento-de-la-nueva-piel-delfin-sc-2025\/"]}]},{"@type":"ImageObject","inLanguage":"es","@id":"https:\/\/www.manabi.gob.ec\/index.php\/prefecto-de-manabi-estuvo-en-lanzamiento-de-la-nueva-piel-delfin-sc-2025\/#primaryimage","url":"https:\/\/www.manabi.gob.ec\/wp-content\/uploads\/2025\/02\/7D0A3836-scaled.jpg","contentUrl":"https:\/\/www.manabi.gob.ec\/wp-content\/uploads\/2025\/02\/7D0A3836-scaled.jpg","width":2560,"height":1707},{"@type":"BreadcrumbList","@id":"https:\/\/www.manabi.gob.ec\/index.php\/prefecto-de-manabi-estuvo-en-lanzamiento-de-la-nueva-piel-delfin-sc-2025\/#breadcrumb","itemListElement":[{"@type":"ListItem","position":1,"name":"Portada","item":"https:\/\/www.manabi.gob.ec\/"},{"@type":"ListItem","position":2,"name":"Prefecto de Manab\u00ed estuvo en lanzamiento de la nueva piel Delf\u00edn SC 2025"}]},{"@type":"WebSite","@id":"https:\/\/www.manabi.gob.ec\/#website","url":"https:\/\/www.manabi.gob.ec\/","name":"Prefectura de Manab\u00ed","description":"P\u00e1gina web de la prefectura","potentialAction":[{"@type":"SearchAction","target":{"@type":"EntryPoint","urlTemplate":"https:\/\/www.manabi.gob.ec\/?s={search_term_string}"},"query-input":{"@type":"PropertyValueSpecification","valueRequired":true,"valueName":"search_term_string"}}],"inLanguage":"es"},{"@type":"Person","@id":"https:\/\/www.manabi.gob.ec\/#\/schema\/person\/c4f117989332ad723a6ced5994aa7d7a","name":"Lui Ochoa","image":{"@type":"ImageObject","inLanguage":"es","@id":"https:\/\/secure.gravatar.com\/avatar\/6e8017d0fe69dead8a95864d2eb6e1e1d8bf8e01194ba49cf7b897ff038126ba?s=96&d=mm&r=g","url":"https:\/\/secure.gravatar.com\/avatar\/6e8017d0fe69dead8a95864d2eb6e1e1d8bf8e01194ba49cf7b897ff038126ba?s=96&d=mm&r=g","contentUrl":"https:\/\/secure.gravatar.com\/avatar\/6e8017d0fe69dead8a95864d2eb6e1e1d8bf8e01194ba49cf7b897ff038126ba?s=96&d=mm&r=g","caption":"Lui Ochoa"},"url":"https:\/\/www.manabi.gob.ec\/index.php\/author\/lochoa\/"}]}},"jetpack_featured_media_url":"https:\/\/www.manabi.gob.ec\/wp-content\/uploads\/2025\/02\/7D0A3836-scaled.jpg","_links":{"self":[{"href":"https:\/\/www.manabi.gob.ec\/index.php\/wp-json\/wp\/v2\/posts\/29952","targetHints":{"allow":["GET"]}}],"collection":[{"href":"https:\/\/www.manabi.gob.ec\/index.php\/wp-json\/wp\/v2\/posts"}],"about":[{"href":"https:\/\/www.manabi.gob.ec\/index.php\/wp-json\/wp\/v2\/types\/post"}],"author":[{"embeddable":true,"href":"https:\/\/www.manabi.gob.ec\/index.php\/wp-json\/wp\/v2\/users\/10"}],"replies":[{"embeddable":true,"href":"https:\/\/www.manabi.gob.ec\/index.php\/wp-json\/wp\/v2\/comments?post=29952"}],"version-history":[{"count":1,"href":"https:\/\/www.manabi.gob.ec\/index.php\/wp-json\/wp\/v2\/posts\/29952\/revisions"}],"predecessor-version":[{"id":29954,"href":"https:\/\/www.manabi.gob.ec\/index.php\/wp-json\/wp\/v2\/posts\/29952\/revisions\/29954"}],"wp:featuredmedia":[{"embeddable":true,"href":"https:\/\/www.manabi.gob.ec\/index.php\/wp-json\/wp\/v2\/media\/29953"}],"wp:attachment":[{"href":"https:\/\/www.manabi.gob.ec\/index.php\/wp-json\/wp\/v2\/media?parent=29952"}],"wp:term":[{"taxonomy":"category","embeddable":true,"href":"https:\/\/www.manabi.gob.ec\/index.php\/wp-json\/wp\/v2\/categories?post=29952"},{"taxonomy":"post_tag","embeddable":true,"href":"https:\/\/www.manabi.gob.ec\/index.php\/wp-json\/wp\/v2\/tags?post=29952"}],"curies":[{"name":"wp","href":"https:\/\/api.w.org\/{rel}","templated":true}]}}