{"id":30023,"date":"2025-02-14T19:19:42","date_gmt":"2025-02-14T19:19:42","guid":{"rendered":"https:\/\/www.manabi.gob.ec\/?p=30023"},"modified":"2025-02-14T19:19:46","modified_gmt":"2025-02-14T19:19:46","slug":"trabajos-de-recuperacion-del-espigon-del-muelle-pesquero-artesanal-de-jaramijo-en-la-recta-final","status":"publish","type":"post","link":"https:\/\/www.manabi.gob.ec\/index.php\/trabajos-de-recuperacion-del-espigon-del-muelle-pesquero-artesanal-de-jaramijo-en-la-recta-final\/","title":{"rendered":"Trabajos de recuperaci\u00f3n del espig\u00f3n del muelle pesquero artesanal de Jaramij\u00f3 en la recta final"},"content":{"rendered":"\n<p>El prefecto de Manab\u00ed, Leonardo Orlando, supervis\u00f3 el avance de los trabajos de mitigaci\u00f3n y recuperaci\u00f3n del muelle pesquero artesanal de Jaramij\u00f3, afectado por el fuerte oleaje registrado entre diciembre de 2024 y enero de 2025. Esta intervenci\u00f3n de la Prefectura ha permitido recuperar el espig\u00f3n colapsado, garantizando la operatividad del puerto.<\/p>\n\n\n\n<p>Como parte de la obra, se han colocado cerca de 2.000 metros c\u00fabicos de piedra escollera gruesa y 500 metros c\u00fabicos de material filtrante en los 42 metros afectados. Adem\u00e1s, la maquinaria de la Prefectura ha trabajado 250 horas de manera continua para restablecer la estabilidad de la infraestructura.<\/p>\n\n\n\n<p>El Prefecto anunci\u00f3 que los trabajos se extender\u00e1n unos d\u00edas m\u00e1s para elevar el muro perimetral en un metro y medio adicional, para fortalecer la protecci\u00f3n ante futuras emergencias clim\u00e1ticas. \u00abEstamos protegiendo los medios de vida y el trabajo digno de nuestros pescadores artesanales\u00bb, afirm\u00f3.<\/p>\n\n\n\n<p>Indic\u00f3 que el muelle ha sido rescatado con las intervenciones realizadas hasta el momento, pero se requiere un esfuerzo conjunto entre la aseguradora e Inmobiliar -entidad responsable del puerto- para reforzar su seguridad frente a eventos extremos.<\/p>\n\n\n\n<p>Carlos Villacreses, director de Vialidad e Infraestructura de la Prefectura, destac\u00f3 que la intervenci\u00f3n ha sido clave para evitar la p\u00e9rdida de operatividad del puerto y que a\u00fan se necesita la colocaci\u00f3n de 1.000 metros c\u00fabicos adicionales de piedra escollera conch\u00edfera.<\/p>\n\n\n\n<p>Durante la visita de inspecci\u00f3n, el Prefecto estuvo acompa\u00f1ado por el alcalde de Jaramij\u00f3, Simetrio Calder\u00f3n, y representantes de Inmobiliar, con quienes coincidi\u00f3 en la importancia de garantizar el mantenimiento permanente de la infraestructura pesquera.<\/p>\n\n\n\n<p>Estas acciones forman parte de un plan integral de mitigaci\u00f3n y prevenci\u00f3n de riesgos impulsado por la Prefectura de Manab\u00ed, con el compromiso de seguir fortaleciendo el sector pesquero, la econom\u00eda local y el turismo del cant\u00f3n.<\/p>\n","protected":false},"excerpt":{"rendered":"<p>El prefecto de Manab\u00ed, Leonardo Orlando, supervis\u00f3 el avance de los trabajos de mitigaci\u00f3n y recuperaci\u00f3n del muelle pesquero artesanal de Jaramij\u00f3, afectado por el fuerte oleaje registrado entre diciembre de 2024 y enero de 2025. Esta intervenci\u00f3n de la Prefectura ha permitido recuperar el espig\u00f3n colapsado, garantizando la operatividad del puerto. Como parte de [&hellip;]<\/p>\n","protected":false},"author":10,"featured_media":30024,"comment_status":"closed","ping_status":"closed","sticky":false,"template":"","format":"standard","meta":{"_joinchat":[],"footnotes":""},"categories":[150,343,142,211,92,181,91,127],"tags":[],"class_list":["post-30023","post","type-post","status-publish","format-standard","has-post-thumbnail","hentry","category-ambiente","category-bicentenario","category-desarrollo-social","category-jaramijo","category-noticias-manabi","category-obra-publica","category-todas","category-vialidad"],"yoast_head":"<!-- This site is optimized with the Yoast SEO plugin v27.4 - https:\/\/yoast.com\/product\/yoast-seo-wordpress\/ -->\n<title>Trabajos de recuperaci\u00f3n del espig\u00f3n del muelle pesquero artesanal de Jaramij\u00f3 en la recta final - Prefectura de Manab\u00ed<\/title>\n<meta name=\"robots\" content=\"index, follow, max-snippet:-1, max-image-preview:large, max-video-preview:-1\" \/>\n<link rel=\"canonical\" href=\"https:\/\/www.manabi.gob.ec\/index.php\/trabajos-de-recuperacion-del-espigon-del-muelle-pesquero-artesanal-de-jaramijo-en-la-recta-final\/\" \/>\n<meta property=\"og:locale\" content=\"es_ES\" \/>\n<meta property=\"og:type\" content=\"article\" \/>\n<meta property=\"og:title\" content=\"Trabajos de recuperaci\u00f3n del espig\u00f3n del muelle pesquero artesanal de Jaramij\u00f3 en la recta final - Prefectura de Manab\u00ed\" \/>\n<meta property=\"og:description\" content=\"El prefecto de Manab\u00ed, Leonardo Orlando, supervis\u00f3 el avance de los trabajos de mitigaci\u00f3n y recuperaci\u00f3n del muelle pesquero artesanal de Jaramij\u00f3, afectado por el fuerte oleaje registrado entre diciembre de 2024 y enero de 2025. Esta intervenci\u00f3n de la Prefectura ha permitido recuperar el espig\u00f3n colapsado, garantizando la operatividad del puerto. Como parte de [&hellip;]\" \/>\n<meta property=\"og:url\" content=\"https:\/\/www.manabi.gob.ec\/index.php\/trabajos-de-recuperacion-del-espigon-del-muelle-pesquero-artesanal-de-jaramijo-en-la-recta-final\/\" \/>\n<meta property=\"og:site_name\" content=\"Prefectura de Manab\u00ed\" \/>\n<meta property=\"article:published_time\" content=\"2025-02-14T19:19:42+00:00\" \/>\n<meta property=\"article:modified_time\" content=\"2025-02-14T19:19:46+00:00\" \/>\n<meta property=\"og:image\" content=\"https:\/\/www.manabi.gob.ec\/wp-content\/uploads\/2025\/02\/WhatsApp-Image-2025-02-14-at-9.46.31-AM-scaled.jpeg\" \/>\n\t<meta property=\"og:image:width\" content=\"2560\" \/>\n\t<meta property=\"og:image:height\" content=\"1706\" \/>\n\t<meta property=\"og:image:type\" content=\"image\/jpeg\" \/>\n<meta name=\"author\" content=\"Lui Ochoa\" \/>\n<meta name=\"twitter:card\" content=\"summary_large_image\" \/>\n<meta name=\"twitter:label1\" content=\"Escrito por\" \/>\n\t<meta name=\"twitter:data1\" content=\"Lui Ochoa\" \/>\n\t<meta name=\"twitter:label2\" content=\"Tiempo de lectura\" \/>\n\t<meta name=\"twitter:data2\" content=\"2 minutos\" \/>\n<script type=\"application\/ld+json\" class=\"yoast-schema-graph\">{\"@context\":\"https:\\\/\\\/schema.org\",\"@graph\":[{\"@type\":\"Article\",\"@id\":\"https:\\\/\\\/www.manabi.gob.ec\\\/index.php\\\/trabajos-de-recuperacion-del-espigon-del-muelle-pesquero-artesanal-de-jaramijo-en-la-recta-final\\\/#article\",\"isPartOf\":{\"@id\":\"https:\\\/\\\/www.manabi.gob.ec\\\/index.php\\\/trabajos-de-recuperacion-del-espigon-del-muelle-pesquero-artesanal-de-jaramijo-en-la-recta-final\\\/\"},\"author\":{\"name\":\"Lui Ochoa\",\"@id\":\"https:\\\/\\\/www.manabi.gob.ec\\\/#\\\/schema\\\/person\\\/c4f117989332ad723a6ced5994aa7d7a\"},\"headline\":\"Trabajos de recuperaci\u00f3n del espig\u00f3n del muelle pesquero artesanal de Jaramij\u00f3 en la recta final\",\"datePublished\":\"2025-02-14T19:19:42+00:00\",\"dateModified\":\"2025-02-14T19:19:46+00:00\",\"mainEntityOfPage\":{\"@id\":\"https:\\\/\\\/www.manabi.gob.ec\\\/index.php\\\/trabajos-de-recuperacion-del-espigon-del-muelle-pesquero-artesanal-de-jaramijo-en-la-recta-final\\\/\"},\"wordCount\":331,\"image\":{\"@id\":\"https:\\\/\\\/www.manabi.gob.ec\\\/index.php\\\/trabajos-de-recuperacion-del-espigon-del-muelle-pesquero-artesanal-de-jaramijo-en-la-recta-final\\\/#primaryimage\"},\"thumbnailUrl\":\"https:\\\/\\\/www.manabi.gob.ec\\\/wp-content\\\/uploads\\\/2025\\\/02\\\/WhatsApp-Image-2025-02-14-at-9.46.31-AM-scaled.jpeg\",\"articleSection\":[\"Ambiente\",\"bicentenario\",\"Desarrollo Social\",\"Jaramij\u00f3\",\"Noticias\",\"Obra P\u00fablica\",\"Todas\",\"Vialidad\"],\"inLanguage\":\"es\"},{\"@type\":\"WebPage\",\"@id\":\"https:\\\/\\\/www.manabi.gob.ec\\\/index.php\\\/trabajos-de-recuperacion-del-espigon-del-muelle-pesquero-artesanal-de-jaramijo-en-la-recta-final\\\/\",\"url\":\"https:\\\/\\\/www.manabi.gob.ec\\\/index.php\\\/trabajos-de-recuperacion-del-espigon-del-muelle-pesquero-artesanal-de-jaramijo-en-la-recta-final\\\/\",\"name\":\"Trabajos de recuperaci\u00f3n del espig\u00f3n del muelle pesquero artesanal de Jaramij\u00f3 en la recta final - Prefectura de Manab\u00ed\",\"isPartOf\":{\"@id\":\"https:\\\/\\\/www.manabi.gob.ec\\\/#website\"},\"primaryImageOfPage\":{\"@id\":\"https:\\\/\\\/www.manabi.gob.ec\\\/index.php\\\/trabajos-de-recuperacion-del-espigon-del-muelle-pesquero-artesanal-de-jaramijo-en-la-recta-final\\\/#primaryimage\"},\"image\":{\"@id\":\"https:\\\/\\\/www.manabi.gob.ec\\\/index.php\\\/trabajos-de-recuperacion-del-espigon-del-muelle-pesquero-artesanal-de-jaramijo-en-la-recta-final\\\/#primaryimage\"},\"thumbnailUrl\":\"https:\\\/\\\/www.manabi.gob.ec\\\/wp-content\\\/uploads\\\/2025\\\/02\\\/WhatsApp-Image-2025-02-14-at-9.46.31-AM-scaled.jpeg\",\"datePublished\":\"2025-02-14T19:19:42+00:00\",\"dateModified\":\"2025-02-14T19:19:46+00:00\",\"author\":{\"@id\":\"https:\\\/\\\/www.manabi.gob.ec\\\/#\\\/schema\\\/person\\\/c4f117989332ad723a6ced5994aa7d7a\"},\"breadcrumb\":{\"@id\":\"https:\\\/\\\/www.manabi.gob.ec\\\/index.php\\\/trabajos-de-recuperacion-del-espigon-del-muelle-pesquero-artesanal-de-jaramijo-en-la-recta-final\\\/#breadcrumb\"},\"inLanguage\":\"es\",\"potentialAction\":[{\"@type\":\"ReadAction\",\"target\":[\"https:\\\/\\\/www.manabi.gob.ec\\\/index.php\\\/trabajos-de-recuperacion-del-espigon-del-muelle-pesquero-artesanal-de-jaramijo-en-la-recta-final\\\/\"]}]},{\"@type\":\"ImageObject\",\"inLanguage\":\"es\",\"@id\":\"https:\\\/\\\/www.manabi.gob.ec\\\/index.php\\\/trabajos-de-recuperacion-del-espigon-del-muelle-pesquero-artesanal-de-jaramijo-en-la-recta-final\\\/#primaryimage\",\"url\":\"https:\\\/\\\/www.manabi.gob.ec\\\/wp-content\\\/uploads\\\/2025\\\/02\\\/WhatsApp-Image-2025-02-14-at-9.46.31-AM-scaled.jpeg\",\"contentUrl\":\"https:\\\/\\\/www.manabi.gob.ec\\\/wp-content\\\/uploads\\\/2025\\\/02\\\/WhatsApp-Image-2025-02-14-at-9.46.31-AM-scaled.jpeg\",\"width\":2560,\"height\":1706},{\"@type\":\"BreadcrumbList\",\"@id\":\"https:\\\/\\\/www.manabi.gob.ec\\\/index.php\\\/trabajos-de-recuperacion-del-espigon-del-muelle-pesquero-artesanal-de-jaramijo-en-la-recta-final\\\/#breadcrumb\",\"itemListElement\":[{\"@type\":\"ListItem\",\"position\":1,\"name\":\"Portada\",\"item\":\"https:\\\/\\\/www.manabi.gob.ec\\\/\"},{\"@type\":\"ListItem\",\"position\":2,\"name\":\"Trabajos de recuperaci\u00f3n del espig\u00f3n del muelle pesquero artesanal de Jaramij\u00f3 en la recta final\"}]},{\"@type\":\"WebSite\",\"@id\":\"https:\\\/\\\/www.manabi.gob.ec\\\/#website\",\"url\":\"https:\\\/\\\/www.manabi.gob.ec\\\/\",\"name\":\"Prefectura de Manab\u00ed\",\"description\":\"P\u00e1gina web de la prefectura\",\"potentialAction\":[{\"@type\":\"SearchAction\",\"target\":{\"@type\":\"EntryPoint\",\"urlTemplate\":\"https:\\\/\\\/www.manabi.gob.ec\\\/?s={search_term_string}\"},\"query-input\":{\"@type\":\"PropertyValueSpecification\",\"valueRequired\":true,\"valueName\":\"search_term_string\"}}],\"inLanguage\":\"es\"},{\"@type\":\"Person\",\"@id\":\"https:\\\/\\\/www.manabi.gob.ec\\\/#\\\/schema\\\/person\\\/c4f117989332ad723a6ced5994aa7d7a\",\"name\":\"Lui Ochoa\",\"image\":{\"@type\":\"ImageObject\",\"inLanguage\":\"es\",\"@id\":\"https:\\\/\\\/secure.gravatar.com\\\/avatar\\\/6e8017d0fe69dead8a95864d2eb6e1e1d8bf8e01194ba49cf7b897ff038126ba?s=96&d=mm&r=g\",\"url\":\"https:\\\/\\\/secure.gravatar.com\\\/avatar\\\/6e8017d0fe69dead8a95864d2eb6e1e1d8bf8e01194ba49cf7b897ff038126ba?s=96&d=mm&r=g\",\"contentUrl\":\"https:\\\/\\\/secure.gravatar.com\\\/avatar\\\/6e8017d0fe69dead8a95864d2eb6e1e1d8bf8e01194ba49cf7b897ff038126ba?s=96&d=mm&r=g\",\"caption\":\"Lui Ochoa\"},\"url\":\"https:\\\/\\\/www.manabi.gob.ec\\\/index.php\\\/author\\\/lochoa\\\/\"}]}<\/script>\n<!-- \/ Yoast SEO plugin. -->","yoast_head_json":{"title":"Trabajos de recuperaci\u00f3n del espig\u00f3n del muelle pesquero artesanal de Jaramij\u00f3 en la recta final - Prefectura de Manab\u00ed","robots":{"index":"index","follow":"follow","max-snippet":"max-snippet:-1","max-image-preview":"max-image-preview:large","max-video-preview":"max-video-preview:-1"},"canonical":"https:\/\/www.manabi.gob.ec\/index.php\/trabajos-de-recuperacion-del-espigon-del-muelle-pesquero-artesanal-de-jaramijo-en-la-recta-final\/","og_locale":"es_ES","og_type":"article","og_title":"Trabajos de recuperaci\u00f3n del espig\u00f3n del muelle pesquero artesanal de Jaramij\u00f3 en la recta final - Prefectura de Manab\u00ed","og_description":"El prefecto de Manab\u00ed, Leonardo Orlando, supervis\u00f3 el avance de los trabajos de mitigaci\u00f3n y recuperaci\u00f3n del muelle pesquero artesanal de Jaramij\u00f3, afectado por el fuerte oleaje registrado entre diciembre de 2024 y enero de 2025. Esta intervenci\u00f3n de la Prefectura ha permitido recuperar el espig\u00f3n colapsado, garantizando la operatividad del puerto. Como parte de [&hellip;]","og_url":"https:\/\/www.manabi.gob.ec\/index.php\/trabajos-de-recuperacion-del-espigon-del-muelle-pesquero-artesanal-de-jaramijo-en-la-recta-final\/","og_site_name":"Prefectura de Manab\u00ed","article_published_time":"2025-02-14T19:19:42+00:00","article_modified_time":"2025-02-14T19:19:46+00:00","og_image":[{"width":2560,"height":1706,"url":"https:\/\/www.manabi.gob.ec\/wp-content\/uploads\/2025\/02\/WhatsApp-Image-2025-02-14-at-9.46.31-AM-scaled.jpeg","type":"image\/jpeg"}],"author":"Lui Ochoa","twitter_card":"summary_large_image","twitter_misc":{"Escrito por":"Lui Ochoa","Tiempo de lectura":"2 minutos"},"schema":{"@context":"https:\/\/schema.org","@graph":[{"@type":"Article","@id":"https:\/\/www.manabi.gob.ec\/index.php\/trabajos-de-recuperacion-del-espigon-del-muelle-pesquero-artesanal-de-jaramijo-en-la-recta-final\/#article","isPartOf":{"@id":"https:\/\/www.manabi.gob.ec\/index.php\/trabajos-de-recuperacion-del-espigon-del-muelle-pesquero-artesanal-de-jaramijo-en-la-recta-final\/"},"author":{"name":"Lui Ochoa","@id":"https:\/\/www.manabi.gob.ec\/#\/schema\/person\/c4f117989332ad723a6ced5994aa7d7a"},"headline":"Trabajos de recuperaci\u00f3n del espig\u00f3n del muelle pesquero artesanal de Jaramij\u00f3 en la recta final","datePublished":"2025-02-14T19:19:42+00:00","dateModified":"2025-02-14T19:19:46+00:00","mainEntityOfPage":{"@id":"https:\/\/www.manabi.gob.ec\/index.php\/trabajos-de-recuperacion-del-espigon-del-muelle-pesquero-artesanal-de-jaramijo-en-la-recta-final\/"},"wordCount":331,"image":{"@id":"https:\/\/www.manabi.gob.ec\/index.php\/trabajos-de-recuperacion-del-espigon-del-muelle-pesquero-artesanal-de-jaramijo-en-la-recta-final\/#primaryimage"},"thumbnailUrl":"https:\/\/www.manabi.gob.ec\/wp-content\/uploads\/2025\/02\/WhatsApp-Image-2025-02-14-at-9.46.31-AM-scaled.jpeg","articleSection":["Ambiente","bicentenario","Desarrollo Social","Jaramij\u00f3","Noticias","Obra P\u00fablica","Todas","Vialidad"],"inLanguage":"es"},{"@type":"WebPage","@id":"https:\/\/www.manabi.gob.ec\/index.php\/trabajos-de-recuperacion-del-espigon-del-muelle-pesquero-artesanal-de-jaramijo-en-la-recta-final\/","url":"https:\/\/www.manabi.gob.ec\/index.php\/trabajos-de-recuperacion-del-espigon-del-muelle-pesquero-artesanal-de-jaramijo-en-la-recta-final\/","name":"Trabajos de recuperaci\u00f3n del espig\u00f3n del muelle pesquero artesanal de Jaramij\u00f3 en la recta final - Prefectura de Manab\u00ed","isPartOf":{"@id":"https:\/\/www.manabi.gob.ec\/#website"},"primaryImageOfPage":{"@id":"https:\/\/www.manabi.gob.ec\/index.php\/trabajos-de-recuperacion-del-espigon-del-muelle-pesquero-artesanal-de-jaramijo-en-la-recta-final\/#primaryimage"},"image":{"@id":"https:\/\/www.manabi.gob.ec\/index.php\/trabajos-de-recuperacion-del-espigon-del-muelle-pesquero-artesanal-de-jaramijo-en-la-recta-final\/#primaryimage"},"thumbnailUrl":"https:\/\/www.manabi.gob.ec\/wp-content\/uploads\/2025\/02\/WhatsApp-Image-2025-02-14-at-9.46.31-AM-scaled.jpeg","datePublished":"2025-02-14T19:19:42+00:00","dateModified":"2025-02-14T19:19:46+00:00","author":{"@id":"https:\/\/www.manabi.gob.ec\/#\/schema\/person\/c4f117989332ad723a6ced5994aa7d7a"},"breadcrumb":{"@id":"https:\/\/www.manabi.gob.ec\/index.php\/trabajos-de-recuperacion-del-espigon-del-muelle-pesquero-artesanal-de-jaramijo-en-la-recta-final\/#breadcrumb"},"inLanguage":"es","potentialAction":[{"@type":"ReadAction","target":["https:\/\/www.manabi.gob.ec\/index.php\/trabajos-de-recuperacion-del-espigon-del-muelle-pesquero-artesanal-de-jaramijo-en-la-recta-final\/"]}]},{"@type":"ImageObject","inLanguage":"es","@id":"https:\/\/www.manabi.gob.ec\/index.php\/trabajos-de-recuperacion-del-espigon-del-muelle-pesquero-artesanal-de-jaramijo-en-la-recta-final\/#primaryimage","url":"https:\/\/www.manabi.gob.ec\/wp-content\/uploads\/2025\/02\/WhatsApp-Image-2025-02-14-at-9.46.31-AM-scaled.jpeg","contentUrl":"https:\/\/www.manabi.gob.ec\/wp-content\/uploads\/2025\/02\/WhatsApp-Image-2025-02-14-at-9.46.31-AM-scaled.jpeg","width":2560,"height":1706},{"@type":"BreadcrumbList","@id":"https:\/\/www.manabi.gob.ec\/index.php\/trabajos-de-recuperacion-del-espigon-del-muelle-pesquero-artesanal-de-jaramijo-en-la-recta-final\/#breadcrumb","itemListElement":[{"@type":"ListItem","position":1,"name":"Portada","item":"https:\/\/www.manabi.gob.ec\/"},{"@type":"ListItem","position":2,"name":"Trabajos de recuperaci\u00f3n del espig\u00f3n del muelle pesquero artesanal de Jaramij\u00f3 en la recta final"}]},{"@type":"WebSite","@id":"https:\/\/www.manabi.gob.ec\/#website","url":"https:\/\/www.manabi.gob.ec\/","name":"Prefectura de Manab\u00ed","description":"P\u00e1gina web de la prefectura","potentialAction":[{"@type":"SearchAction","target":{"@type":"EntryPoint","urlTemplate":"https:\/\/www.manabi.gob.ec\/?s={search_term_string}"},"query-input":{"@type":"PropertyValueSpecification","valueRequired":true,"valueName":"search_term_string"}}],"inLanguage":"es"},{"@type":"Person","@id":"https:\/\/www.manabi.gob.ec\/#\/schema\/person\/c4f117989332ad723a6ced5994aa7d7a","name":"Lui Ochoa","image":{"@type":"ImageObject","inLanguage":"es","@id":"https:\/\/secure.gravatar.com\/avatar\/6e8017d0fe69dead8a95864d2eb6e1e1d8bf8e01194ba49cf7b897ff038126ba?s=96&d=mm&r=g","url":"https:\/\/secure.gravatar.com\/avatar\/6e8017d0fe69dead8a95864d2eb6e1e1d8bf8e01194ba49cf7b897ff038126ba?s=96&d=mm&r=g","contentUrl":"https:\/\/secure.gravatar.com\/avatar\/6e8017d0fe69dead8a95864d2eb6e1e1d8bf8e01194ba49cf7b897ff038126ba?s=96&d=mm&r=g","caption":"Lui Ochoa"},"url":"https:\/\/www.manabi.gob.ec\/index.php\/author\/lochoa\/"}]}},"jetpack_featured_media_url":"https:\/\/www.manabi.gob.ec\/wp-content\/uploads\/2025\/02\/WhatsApp-Image-2025-02-14-at-9.46.31-AM-scaled.jpeg","_links":{"self":[{"href":"https:\/\/www.manabi.gob.ec\/index.php\/wp-json\/wp\/v2\/posts\/30023","targetHints":{"allow":["GET"]}}],"collection":[{"href":"https:\/\/www.manabi.gob.ec\/index.php\/wp-json\/wp\/v2\/posts"}],"about":[{"href":"https:\/\/www.manabi.gob.ec\/index.php\/wp-json\/wp\/v2\/types\/post"}],"author":[{"embeddable":true,"href":"https:\/\/www.manabi.gob.ec\/index.php\/wp-json\/wp\/v2\/users\/10"}],"replies":[{"embeddable":true,"href":"https:\/\/www.manabi.gob.ec\/index.php\/wp-json\/wp\/v2\/comments?post=30023"}],"version-history":[{"count":1,"href":"https:\/\/www.manabi.gob.ec\/index.php\/wp-json\/wp\/v2\/posts\/30023\/revisions"}],"predecessor-version":[{"id":30025,"href":"https:\/\/www.manabi.gob.ec\/index.php\/wp-json\/wp\/v2\/posts\/30023\/revisions\/30025"}],"wp:featuredmedia":[{"embeddable":true,"href":"https:\/\/www.manabi.gob.ec\/index.php\/wp-json\/wp\/v2\/media\/30024"}],"wp:attachment":[{"href":"https:\/\/www.manabi.gob.ec\/index.php\/wp-json\/wp\/v2\/media?parent=30023"}],"wp:term":[{"taxonomy":"category","embeddable":true,"href":"https:\/\/www.manabi.gob.ec\/index.php\/wp-json\/wp\/v2\/categories?post=30023"},{"taxonomy":"post_tag","embeddable":true,"href":"https:\/\/www.manabi.gob.ec\/index.php\/wp-json\/wp\/v2\/tags?post=30023"}],"curies":[{"name":"wp","href":"https:\/\/api.w.org\/{rel}","templated":true}]}}