{"id":30133,"date":"2025-02-26T02:21:18","date_gmt":"2025-02-26T02:21:18","guid":{"rendered":"https:\/\/www.manabi.gob.ec\/?p=30133"},"modified":"2025-02-26T03:07:32","modified_gmt":"2025-02-26T03:07:32","slug":"consejo-provincial-respalda-pedido-de-transferencia-de-los-recursos-adeudados-a-la-prefectura","status":"publish","type":"post","link":"https:\/\/www.manabi.gob.ec\/index.php\/consejo-provincial-respalda-pedido-de-transferencia-de-los-recursos-adeudados-a-la-prefectura\/","title":{"rendered":"Pleno del Consejo Provincial de Manab\u00ed respalda transferencia urgente de los valores adeudados a la Prefectura."},"content":{"rendered":"\n<p>Respaldar a la Prefectura de Manab\u00ed en la demanda de los recursos econ\u00f3micos que le adeuda el Gobierno Central, fue la resoluci\u00f3n un\u00e1nime de los consejeros provinciales, en la sesi\u00f3n ordinaria desarrollada este 25 febrero.<\/p>\n\n\n\n<p>La situaci\u00f3n financiera de la entidad provincial fue analizada por el Pleno del Consejo, en la que se abordaron temas claves como las asignaciones del Modelo de Equidad Territorial, los recursos destinados a la competencia de riego, la devoluci\u00f3n del IVA, entre otros rubros pendientes de transferencia por parte del Ministerio de Econom\u00eda y Finanzas y otras entidades del Gobierno Central.<\/p>\n\n\n\n<p>La Directora Financiera, expuso el informe en que que refleja que el Gobierno Central adeuda m\u00e1s de 41 millones de d\u00f3lares.<br>Al final se obtuvo el pronunciamiento, compromiso y apoyo un\u00e1nime de los consejeros y consejeras para que el Prefecto Leonardo Orlando, realice en nombre de las Alcald\u00edas y Juntas Parroquiales, todas las gestiones inherentes a luchar por los recursos de los territorios de Manab\u00ed, as\u00ed como solicitar una reuni\u00f3n de trabajo con todo el Consejo Provincial.<\/p>\n\n\n\n<p>Otro punto que se trat\u00f3 en la sesi\u00f3n fue la liquidaci\u00f3n presupuestaria del ejercicio fiscal 2024 del GAD Provincial de Manab\u00ed, de conformidad a lo se\u00f1alado en el COOTAD y C\u00f3digo Org\u00e1nico de Planificaci\u00f3n y Finanzas P\u00fablicas, que fue aprobada de manera un\u00e1nime.<\/p>\n\n\n\n<p><\/p>\n","protected":false},"excerpt":{"rendered":"<p>Respaldar a la Prefectura de Manab\u00ed en la demanda de los recursos econ\u00f3micos que le adeuda el Gobierno Central, fue la resoluci\u00f3n un\u00e1nime de los consejeros provinciales, en la sesi\u00f3n ordinaria desarrollada este 25 febrero. La situaci\u00f3n financiera de la entidad provincial fue analizada por el Pleno del Consejo, en la que se abordaron temas [&hellip;]<\/p>\n","protected":false},"author":10,"featured_media":30134,"comment_status":"closed","ping_status":"closed","sticky":false,"template":"","format":"standard","meta":{"_joinchat":[],"footnotes":""},"categories":[150,343,142,92,91],"tags":[],"class_list":["post-30133","post","type-post","status-publish","format-standard","has-post-thumbnail","hentry","category-ambiente","category-bicentenario","category-desarrollo-social","category-noticias-manabi","category-todas"],"yoast_head":"<!-- This site is optimized with the Yoast SEO plugin v27.4 - https:\/\/yoast.com\/product\/yoast-seo-wordpress\/ -->\n<title>Pleno del Consejo Provincial de Manab\u00ed respalda transferencia urgente de los valores adeudados a la Prefectura. - Prefectura de Manab\u00ed<\/title>\n<meta name=\"robots\" content=\"index, follow, max-snippet:-1, max-image-preview:large, max-video-preview:-1\" \/>\n<link rel=\"canonical\" href=\"https:\/\/www.manabi.gob.ec\/index.php\/consejo-provincial-respalda-pedido-de-transferencia-de-los-recursos-adeudados-a-la-prefectura\/\" \/>\n<meta property=\"og:locale\" content=\"es_ES\" \/>\n<meta property=\"og:type\" content=\"article\" \/>\n<meta property=\"og:title\" content=\"Pleno del Consejo Provincial de Manab\u00ed respalda transferencia urgente de los valores adeudados a la Prefectura. - Prefectura de Manab\u00ed\" \/>\n<meta property=\"og:description\" content=\"Respaldar a la Prefectura de Manab\u00ed en la demanda de los recursos econ\u00f3micos que le adeuda el Gobierno Central, fue la resoluci\u00f3n un\u00e1nime de los consejeros provinciales, en la sesi\u00f3n ordinaria desarrollada este 25 febrero. La situaci\u00f3n financiera de la entidad provincial fue analizada por el Pleno del Consejo, en la que se abordaron temas [&hellip;]\" \/>\n<meta property=\"og:url\" content=\"https:\/\/www.manabi.gob.ec\/index.php\/consejo-provincial-respalda-pedido-de-transferencia-de-los-recursos-adeudados-a-la-prefectura\/\" \/>\n<meta property=\"og:site_name\" content=\"Prefectura de Manab\u00ed\" \/>\n<meta property=\"article:published_time\" content=\"2025-02-26T02:21:18+00:00\" \/>\n<meta property=\"article:modified_time\" content=\"2025-02-26T03:07:32+00:00\" \/>\n<meta property=\"og:image\" content=\"https:\/\/www.manabi.gob.ec\/wp-content\/uploads\/2025\/02\/WhatsApp-Image-2025-02-25-at-4.04.22-PM.jpeg\" \/>\n\t<meta property=\"og:image:width\" content=\"1440\" \/>\n\t<meta property=\"og:image:height\" content=\"1080\" \/>\n\t<meta property=\"og:image:type\" content=\"image\/jpeg\" \/>\n<meta name=\"author\" content=\"Lui Ochoa\" \/>\n<meta name=\"twitter:card\" content=\"summary_large_image\" \/>\n<meta name=\"twitter:label1\" content=\"Escrito por\" \/>\n\t<meta name=\"twitter:data1\" content=\"Lui Ochoa\" \/>\n\t<meta name=\"twitter:label2\" content=\"Tiempo de lectura\" \/>\n\t<meta name=\"twitter:data2\" content=\"2 minutos\" \/>\n<script type=\"application\/ld+json\" class=\"yoast-schema-graph\">{\"@context\":\"https:\\\/\\\/schema.org\",\"@graph\":[{\"@type\":\"Article\",\"@id\":\"https:\\\/\\\/www.manabi.gob.ec\\\/index.php\\\/consejo-provincial-respalda-pedido-de-transferencia-de-los-recursos-adeudados-a-la-prefectura\\\/#article\",\"isPartOf\":{\"@id\":\"https:\\\/\\\/www.manabi.gob.ec\\\/index.php\\\/consejo-provincial-respalda-pedido-de-transferencia-de-los-recursos-adeudados-a-la-prefectura\\\/\"},\"author\":{\"name\":\"Lui Ochoa\",\"@id\":\"https:\\\/\\\/www.manabi.gob.ec\\\/#\\\/schema\\\/person\\\/c4f117989332ad723a6ced5994aa7d7a\"},\"headline\":\"Pleno del Consejo Provincial de Manab\u00ed respalda transferencia urgente de los valores adeudados a la Prefectura.\",\"datePublished\":\"2025-02-26T02:21:18+00:00\",\"dateModified\":\"2025-02-26T03:07:32+00:00\",\"mainEntityOfPage\":{\"@id\":\"https:\\\/\\\/www.manabi.gob.ec\\\/index.php\\\/consejo-provincial-respalda-pedido-de-transferencia-de-los-recursos-adeudados-a-la-prefectura\\\/\"},\"wordCount\":249,\"image\":{\"@id\":\"https:\\\/\\\/www.manabi.gob.ec\\\/index.php\\\/consejo-provincial-respalda-pedido-de-transferencia-de-los-recursos-adeudados-a-la-prefectura\\\/#primaryimage\"},\"thumbnailUrl\":\"https:\\\/\\\/www.manabi.gob.ec\\\/wp-content\\\/uploads\\\/2025\\\/02\\\/WhatsApp-Image-2025-02-25-at-4.04.22-PM.jpeg\",\"articleSection\":[\"Ambiente\",\"bicentenario\",\"Desarrollo Social\",\"Noticias\",\"Todas\"],\"inLanguage\":\"es\"},{\"@type\":\"WebPage\",\"@id\":\"https:\\\/\\\/www.manabi.gob.ec\\\/index.php\\\/consejo-provincial-respalda-pedido-de-transferencia-de-los-recursos-adeudados-a-la-prefectura\\\/\",\"url\":\"https:\\\/\\\/www.manabi.gob.ec\\\/index.php\\\/consejo-provincial-respalda-pedido-de-transferencia-de-los-recursos-adeudados-a-la-prefectura\\\/\",\"name\":\"Pleno del Consejo Provincial de Manab\u00ed respalda transferencia urgente de los valores adeudados a la Prefectura. - Prefectura de Manab\u00ed\",\"isPartOf\":{\"@id\":\"https:\\\/\\\/www.manabi.gob.ec\\\/#website\"},\"primaryImageOfPage\":{\"@id\":\"https:\\\/\\\/www.manabi.gob.ec\\\/index.php\\\/consejo-provincial-respalda-pedido-de-transferencia-de-los-recursos-adeudados-a-la-prefectura\\\/#primaryimage\"},\"image\":{\"@id\":\"https:\\\/\\\/www.manabi.gob.ec\\\/index.php\\\/consejo-provincial-respalda-pedido-de-transferencia-de-los-recursos-adeudados-a-la-prefectura\\\/#primaryimage\"},\"thumbnailUrl\":\"https:\\\/\\\/www.manabi.gob.ec\\\/wp-content\\\/uploads\\\/2025\\\/02\\\/WhatsApp-Image-2025-02-25-at-4.04.22-PM.jpeg\",\"datePublished\":\"2025-02-26T02:21:18+00:00\",\"dateModified\":\"2025-02-26T03:07:32+00:00\",\"author\":{\"@id\":\"https:\\\/\\\/www.manabi.gob.ec\\\/#\\\/schema\\\/person\\\/c4f117989332ad723a6ced5994aa7d7a\"},\"breadcrumb\":{\"@id\":\"https:\\\/\\\/www.manabi.gob.ec\\\/index.php\\\/consejo-provincial-respalda-pedido-de-transferencia-de-los-recursos-adeudados-a-la-prefectura\\\/#breadcrumb\"},\"inLanguage\":\"es\",\"potentialAction\":[{\"@type\":\"ReadAction\",\"target\":[\"https:\\\/\\\/www.manabi.gob.ec\\\/index.php\\\/consejo-provincial-respalda-pedido-de-transferencia-de-los-recursos-adeudados-a-la-prefectura\\\/\"]}]},{\"@type\":\"ImageObject\",\"inLanguage\":\"es\",\"@id\":\"https:\\\/\\\/www.manabi.gob.ec\\\/index.php\\\/consejo-provincial-respalda-pedido-de-transferencia-de-los-recursos-adeudados-a-la-prefectura\\\/#primaryimage\",\"url\":\"https:\\\/\\\/www.manabi.gob.ec\\\/wp-content\\\/uploads\\\/2025\\\/02\\\/WhatsApp-Image-2025-02-25-at-4.04.22-PM.jpeg\",\"contentUrl\":\"https:\\\/\\\/www.manabi.gob.ec\\\/wp-content\\\/uploads\\\/2025\\\/02\\\/WhatsApp-Image-2025-02-25-at-4.04.22-PM.jpeg\",\"width\":1440,\"height\":1080},{\"@type\":\"BreadcrumbList\",\"@id\":\"https:\\\/\\\/www.manabi.gob.ec\\\/index.php\\\/consejo-provincial-respalda-pedido-de-transferencia-de-los-recursos-adeudados-a-la-prefectura\\\/#breadcrumb\",\"itemListElement\":[{\"@type\":\"ListItem\",\"position\":1,\"name\":\"Portada\",\"item\":\"https:\\\/\\\/www.manabi.gob.ec\\\/\"},{\"@type\":\"ListItem\",\"position\":2,\"name\":\"Pleno del Consejo Provincial de Manab\u00ed respalda transferencia urgente de los valores adeudados a la Prefectura.\"}]},{\"@type\":\"WebSite\",\"@id\":\"https:\\\/\\\/www.manabi.gob.ec\\\/#website\",\"url\":\"https:\\\/\\\/www.manabi.gob.ec\\\/\",\"name\":\"Prefectura de Manab\u00ed\",\"description\":\"P\u00e1gina web de la prefectura\",\"potentialAction\":[{\"@type\":\"SearchAction\",\"target\":{\"@type\":\"EntryPoint\",\"urlTemplate\":\"https:\\\/\\\/www.manabi.gob.ec\\\/?s={search_term_string}\"},\"query-input\":{\"@type\":\"PropertyValueSpecification\",\"valueRequired\":true,\"valueName\":\"search_term_string\"}}],\"inLanguage\":\"es\"},{\"@type\":\"Person\",\"@id\":\"https:\\\/\\\/www.manabi.gob.ec\\\/#\\\/schema\\\/person\\\/c4f117989332ad723a6ced5994aa7d7a\",\"name\":\"Lui Ochoa\",\"image\":{\"@type\":\"ImageObject\",\"inLanguage\":\"es\",\"@id\":\"https:\\\/\\\/secure.gravatar.com\\\/avatar\\\/6e8017d0fe69dead8a95864d2eb6e1e1d8bf8e01194ba49cf7b897ff038126ba?s=96&d=mm&r=g\",\"url\":\"https:\\\/\\\/secure.gravatar.com\\\/avatar\\\/6e8017d0fe69dead8a95864d2eb6e1e1d8bf8e01194ba49cf7b897ff038126ba?s=96&d=mm&r=g\",\"contentUrl\":\"https:\\\/\\\/secure.gravatar.com\\\/avatar\\\/6e8017d0fe69dead8a95864d2eb6e1e1d8bf8e01194ba49cf7b897ff038126ba?s=96&d=mm&r=g\",\"caption\":\"Lui Ochoa\"},\"url\":\"https:\\\/\\\/www.manabi.gob.ec\\\/index.php\\\/author\\\/lochoa\\\/\"}]}<\/script>\n<!-- \/ Yoast SEO plugin. -->","yoast_head_json":{"title":"Pleno del Consejo Provincial de Manab\u00ed respalda transferencia urgente de los valores adeudados a la Prefectura. - Prefectura de Manab\u00ed","robots":{"index":"index","follow":"follow","max-snippet":"max-snippet:-1","max-image-preview":"max-image-preview:large","max-video-preview":"max-video-preview:-1"},"canonical":"https:\/\/www.manabi.gob.ec\/index.php\/consejo-provincial-respalda-pedido-de-transferencia-de-los-recursos-adeudados-a-la-prefectura\/","og_locale":"es_ES","og_type":"article","og_title":"Pleno del Consejo Provincial de Manab\u00ed respalda transferencia urgente de los valores adeudados a la Prefectura. - Prefectura de Manab\u00ed","og_description":"Respaldar a la Prefectura de Manab\u00ed en la demanda de los recursos econ\u00f3micos que le adeuda el Gobierno Central, fue la resoluci\u00f3n un\u00e1nime de los consejeros provinciales, en la sesi\u00f3n ordinaria desarrollada este 25 febrero. La situaci\u00f3n financiera de la entidad provincial fue analizada por el Pleno del Consejo, en la que se abordaron temas [&hellip;]","og_url":"https:\/\/www.manabi.gob.ec\/index.php\/consejo-provincial-respalda-pedido-de-transferencia-de-los-recursos-adeudados-a-la-prefectura\/","og_site_name":"Prefectura de Manab\u00ed","article_published_time":"2025-02-26T02:21:18+00:00","article_modified_time":"2025-02-26T03:07:32+00:00","og_image":[{"width":1440,"height":1080,"url":"https:\/\/www.manabi.gob.ec\/wp-content\/uploads\/2025\/02\/WhatsApp-Image-2025-02-25-at-4.04.22-PM.jpeg","type":"image\/jpeg"}],"author":"Lui Ochoa","twitter_card":"summary_large_image","twitter_misc":{"Escrito por":"Lui Ochoa","Tiempo de lectura":"2 minutos"},"schema":{"@context":"https:\/\/schema.org","@graph":[{"@type":"Article","@id":"https:\/\/www.manabi.gob.ec\/index.php\/consejo-provincial-respalda-pedido-de-transferencia-de-los-recursos-adeudados-a-la-prefectura\/#article","isPartOf":{"@id":"https:\/\/www.manabi.gob.ec\/index.php\/consejo-provincial-respalda-pedido-de-transferencia-de-los-recursos-adeudados-a-la-prefectura\/"},"author":{"name":"Lui Ochoa","@id":"https:\/\/www.manabi.gob.ec\/#\/schema\/person\/c4f117989332ad723a6ced5994aa7d7a"},"headline":"Pleno del Consejo Provincial de Manab\u00ed respalda transferencia urgente de los valores adeudados a la Prefectura.","datePublished":"2025-02-26T02:21:18+00:00","dateModified":"2025-02-26T03:07:32+00:00","mainEntityOfPage":{"@id":"https:\/\/www.manabi.gob.ec\/index.php\/consejo-provincial-respalda-pedido-de-transferencia-de-los-recursos-adeudados-a-la-prefectura\/"},"wordCount":249,"image":{"@id":"https:\/\/www.manabi.gob.ec\/index.php\/consejo-provincial-respalda-pedido-de-transferencia-de-los-recursos-adeudados-a-la-prefectura\/#primaryimage"},"thumbnailUrl":"https:\/\/www.manabi.gob.ec\/wp-content\/uploads\/2025\/02\/WhatsApp-Image-2025-02-25-at-4.04.22-PM.jpeg","articleSection":["Ambiente","bicentenario","Desarrollo Social","Noticias","Todas"],"inLanguage":"es"},{"@type":"WebPage","@id":"https:\/\/www.manabi.gob.ec\/index.php\/consejo-provincial-respalda-pedido-de-transferencia-de-los-recursos-adeudados-a-la-prefectura\/","url":"https:\/\/www.manabi.gob.ec\/index.php\/consejo-provincial-respalda-pedido-de-transferencia-de-los-recursos-adeudados-a-la-prefectura\/","name":"Pleno del Consejo Provincial de Manab\u00ed respalda transferencia urgente de los valores adeudados a la Prefectura. - Prefectura de Manab\u00ed","isPartOf":{"@id":"https:\/\/www.manabi.gob.ec\/#website"},"primaryImageOfPage":{"@id":"https:\/\/www.manabi.gob.ec\/index.php\/consejo-provincial-respalda-pedido-de-transferencia-de-los-recursos-adeudados-a-la-prefectura\/#primaryimage"},"image":{"@id":"https:\/\/www.manabi.gob.ec\/index.php\/consejo-provincial-respalda-pedido-de-transferencia-de-los-recursos-adeudados-a-la-prefectura\/#primaryimage"},"thumbnailUrl":"https:\/\/www.manabi.gob.ec\/wp-content\/uploads\/2025\/02\/WhatsApp-Image-2025-02-25-at-4.04.22-PM.jpeg","datePublished":"2025-02-26T02:21:18+00:00","dateModified":"2025-02-26T03:07:32+00:00","author":{"@id":"https:\/\/www.manabi.gob.ec\/#\/schema\/person\/c4f117989332ad723a6ced5994aa7d7a"},"breadcrumb":{"@id":"https:\/\/www.manabi.gob.ec\/index.php\/consejo-provincial-respalda-pedido-de-transferencia-de-los-recursos-adeudados-a-la-prefectura\/#breadcrumb"},"inLanguage":"es","potentialAction":[{"@type":"ReadAction","target":["https:\/\/www.manabi.gob.ec\/index.php\/consejo-provincial-respalda-pedido-de-transferencia-de-los-recursos-adeudados-a-la-prefectura\/"]}]},{"@type":"ImageObject","inLanguage":"es","@id":"https:\/\/www.manabi.gob.ec\/index.php\/consejo-provincial-respalda-pedido-de-transferencia-de-los-recursos-adeudados-a-la-prefectura\/#primaryimage","url":"https:\/\/www.manabi.gob.ec\/wp-content\/uploads\/2025\/02\/WhatsApp-Image-2025-02-25-at-4.04.22-PM.jpeg","contentUrl":"https:\/\/www.manabi.gob.ec\/wp-content\/uploads\/2025\/02\/WhatsApp-Image-2025-02-25-at-4.04.22-PM.jpeg","width":1440,"height":1080},{"@type":"BreadcrumbList","@id":"https:\/\/www.manabi.gob.ec\/index.php\/consejo-provincial-respalda-pedido-de-transferencia-de-los-recursos-adeudados-a-la-prefectura\/#breadcrumb","itemListElement":[{"@type":"ListItem","position":1,"name":"Portada","item":"https:\/\/www.manabi.gob.ec\/"},{"@type":"ListItem","position":2,"name":"Pleno del Consejo Provincial de Manab\u00ed respalda transferencia urgente de los valores adeudados a la Prefectura."}]},{"@type":"WebSite","@id":"https:\/\/www.manabi.gob.ec\/#website","url":"https:\/\/www.manabi.gob.ec\/","name":"Prefectura de Manab\u00ed","description":"P\u00e1gina web de la prefectura","potentialAction":[{"@type":"SearchAction","target":{"@type":"EntryPoint","urlTemplate":"https:\/\/www.manabi.gob.ec\/?s={search_term_string}"},"query-input":{"@type":"PropertyValueSpecification","valueRequired":true,"valueName":"search_term_string"}}],"inLanguage":"es"},{"@type":"Person","@id":"https:\/\/www.manabi.gob.ec\/#\/schema\/person\/c4f117989332ad723a6ced5994aa7d7a","name":"Lui Ochoa","image":{"@type":"ImageObject","inLanguage":"es","@id":"https:\/\/secure.gravatar.com\/avatar\/6e8017d0fe69dead8a95864d2eb6e1e1d8bf8e01194ba49cf7b897ff038126ba?s=96&d=mm&r=g","url":"https:\/\/secure.gravatar.com\/avatar\/6e8017d0fe69dead8a95864d2eb6e1e1d8bf8e01194ba49cf7b897ff038126ba?s=96&d=mm&r=g","contentUrl":"https:\/\/secure.gravatar.com\/avatar\/6e8017d0fe69dead8a95864d2eb6e1e1d8bf8e01194ba49cf7b897ff038126ba?s=96&d=mm&r=g","caption":"Lui Ochoa"},"url":"https:\/\/www.manabi.gob.ec\/index.php\/author\/lochoa\/"}]}},"jetpack_featured_media_url":"https:\/\/www.manabi.gob.ec\/wp-content\/uploads\/2025\/02\/WhatsApp-Image-2025-02-25-at-4.04.22-PM.jpeg","_links":{"self":[{"href":"https:\/\/www.manabi.gob.ec\/index.php\/wp-json\/wp\/v2\/posts\/30133","targetHints":{"allow":["GET"]}}],"collection":[{"href":"https:\/\/www.manabi.gob.ec\/index.php\/wp-json\/wp\/v2\/posts"}],"about":[{"href":"https:\/\/www.manabi.gob.ec\/index.php\/wp-json\/wp\/v2\/types\/post"}],"author":[{"embeddable":true,"href":"https:\/\/www.manabi.gob.ec\/index.php\/wp-json\/wp\/v2\/users\/10"}],"replies":[{"embeddable":true,"href":"https:\/\/www.manabi.gob.ec\/index.php\/wp-json\/wp\/v2\/comments?post=30133"}],"version-history":[{"count":2,"href":"https:\/\/www.manabi.gob.ec\/index.php\/wp-json\/wp\/v2\/posts\/30133\/revisions"}],"predecessor-version":[{"id":30137,"href":"https:\/\/www.manabi.gob.ec\/index.php\/wp-json\/wp\/v2\/posts\/30133\/revisions\/30137"}],"wp:featuredmedia":[{"embeddable":true,"href":"https:\/\/www.manabi.gob.ec\/index.php\/wp-json\/wp\/v2\/media\/30134"}],"wp:attachment":[{"href":"https:\/\/www.manabi.gob.ec\/index.php\/wp-json\/wp\/v2\/media?parent=30133"}],"wp:term":[{"taxonomy":"category","embeddable":true,"href":"https:\/\/www.manabi.gob.ec\/index.php\/wp-json\/wp\/v2\/categories?post=30133"},{"taxonomy":"post_tag","embeddable":true,"href":"https:\/\/www.manabi.gob.ec\/index.php\/wp-json\/wp\/v2\/tags?post=30133"}],"curies":[{"name":"wp","href":"https:\/\/api.w.org\/{rel}","templated":true}]}}