{"id":30163,"date":"2025-03-06T00:13:27","date_gmt":"2025-03-06T00:13:27","guid":{"rendered":"https:\/\/www.manabi.gob.ec\/?p=30163"},"modified":"2025-03-21T17:06:55","modified_gmt":"2025-03-21T17:06:55","slug":"brigadas-de-salud-de-la-prefectura-atienden-a-familias-afectadas-por-inundaciones-en-el-morro","status":"publish","type":"post","link":"https:\/\/www.manabi.gob.ec\/index.php\/brigadas-de-salud-de-la-prefectura-atienden-a-familias-afectadas-por-inundaciones-en-el-morro\/","title":{"rendered":"Brigadas de salud de la Prefectura atienden a familias afectadas por inundaciones en El Morro"},"content":{"rendered":"\n<p>M\u00e1s de 200 personas del sitio El Morro, en el cant\u00f3n Bol\u00edvar, recibieron atenci\u00f3n m\u00e9dica integral por parte de las brigadas de salud de la Prefectura de Manab\u00ed. Esta jornada fue dirigida a los grupos de atenci\u00f3n prioritaria y a las familias afectadas por las inundaciones causadas por las intensas lluvias de la temporada invernal, as\u00ed como a quienes enfrentan enfermedades propias de esta \u00e9poca del a\u00f1o.<\/p>\n\n\n\n<p>En semanas anteriores, las brigadas llegaron a las parroquias Quiroga y Membrillo del cant\u00f3n, asegurando atenci\u00f3n m\u00e9dica oportuna a la poblaci\u00f3n m\u00e1s vulnerable. Adem\u00e1s, se han entregado ayudas humanitarias y t\u00e9cnicas a personas con discapacidad y adultos mayores, reforzando el compromiso de la Prefectura con los grupos prioritarios.<\/p>\n\n\n\n<p>La coordinadora de los grupos prioritarios del sector, Gloria Intriago, expres\u00f3 su profundo agradecimiento al prefecto Leonardo Orlando por la constante ayuda brindada a la comunidad. \u00abAgradecemos el apoyo que siempre nos ha proporcionado, especialmente en esta etapa invernal, donde las enfermedades aumentan y las familias m\u00e1s lo necesitan\u00bb, destac\u00f3 Intriago.<\/p>\n\n\n\n<p>Por su parte, la t\u00e9cnica responsable de la jornada, Giovanna Mendienta, destac\u00f3 que la brigada ofreci\u00f3 una atenci\u00f3n en medicina general, nutrici\u00f3n, optometr\u00eda, odontolog\u00eda y la entrega gratuita de medicamentos.<\/p>\n\n\n\n<p>Adicionalmente, en el cant\u00f3n Bol\u00edvar, la Prefectura, liderada por Leonardo Orlando, ha intervenido con maquinaria y obras de mitigaci\u00f3n vial para contrarrestar los efectos de las fuertes lluvias y garantizar la seguridad de sus habitantes.<\/p>\n\n\n\n<p><\/p>\n","protected":false},"excerpt":{"rendered":"<p>M\u00e1s de 200 personas del sitio El Morro, en el cant\u00f3n Bol\u00edvar, recibieron atenci\u00f3n m\u00e9dica integral por parte de las brigadas de salud de la Prefectura de Manab\u00ed. Esta jornada fue dirigida a los grupos de atenci\u00f3n prioritaria y a las familias afectadas por las inundaciones causadas por las intensas lluvias de la temporada invernal, [&hellip;]<\/p>\n","protected":false},"author":10,"featured_media":30164,"comment_status":"closed","ping_status":"closed","sticky":false,"template":"","format":"standard","meta":{"_joinchat":[],"footnotes":""},"categories":[150,343,142,92,339,340,72,91],"tags":[],"class_list":["post-30163","post","type-post","status-publish","format-standard","has-post-thumbnail","hentry","category-ambiente","category-bicentenario","category-desarrollo-social","category-noticias-manabi","category-plan-invernal","category-plan-invernal-plan-invernal","category-salud","category-todas"],"yoast_head":"<!-- This site is optimized with the Yoast SEO plugin v27.4 - https:\/\/yoast.com\/product\/yoast-seo-wordpress\/ -->\n<title>Brigadas de salud de la Prefectura atienden a familias afectadas por inundaciones en El Morro - Prefectura de Manab\u00ed<\/title>\n<meta name=\"robots\" content=\"index, follow, max-snippet:-1, max-image-preview:large, max-video-preview:-1\" \/>\n<link rel=\"canonical\" href=\"https:\/\/www.manabi.gob.ec\/index.php\/brigadas-de-salud-de-la-prefectura-atienden-a-familias-afectadas-por-inundaciones-en-el-morro\/\" \/>\n<meta property=\"og:locale\" content=\"es_ES\" \/>\n<meta property=\"og:type\" content=\"article\" \/>\n<meta property=\"og:title\" content=\"Brigadas de salud de la Prefectura atienden a familias afectadas por inundaciones en El Morro - Prefectura de Manab\u00ed\" \/>\n<meta property=\"og:description\" content=\"M\u00e1s de 200 personas del sitio El Morro, en el cant\u00f3n Bol\u00edvar, recibieron atenci\u00f3n m\u00e9dica integral por parte de las brigadas de salud de la Prefectura de Manab\u00ed. Esta jornada fue dirigida a los grupos de atenci\u00f3n prioritaria y a las familias afectadas por las inundaciones causadas por las intensas lluvias de la temporada invernal, [&hellip;]\" \/>\n<meta property=\"og:url\" content=\"https:\/\/www.manabi.gob.ec\/index.php\/brigadas-de-salud-de-la-prefectura-atienden-a-familias-afectadas-por-inundaciones-en-el-morro\/\" \/>\n<meta property=\"og:site_name\" content=\"Prefectura de Manab\u00ed\" \/>\n<meta property=\"article:published_time\" content=\"2025-03-06T00:13:27+00:00\" \/>\n<meta property=\"article:modified_time\" content=\"2025-03-21T17:06:55+00:00\" \/>\n<meta property=\"og:image\" content=\"https:\/\/www.manabi.gob.ec\/wp-content\/uploads\/2025\/03\/WhatsApp-Image-2025-03-05-at-3.44.43-PM.jpeg\" \/>\n\t<meta property=\"og:image:width\" content=\"1600\" \/>\n\t<meta property=\"og:image:height\" content=\"1200\" \/>\n\t<meta property=\"og:image:type\" content=\"image\/jpeg\" \/>\n<meta name=\"author\" content=\"Lui Ochoa\" \/>\n<meta name=\"twitter:card\" content=\"summary_large_image\" \/>\n<meta name=\"twitter:label1\" content=\"Escrito por\" \/>\n\t<meta name=\"twitter:data1\" content=\"Lui Ochoa\" \/>\n\t<meta name=\"twitter:label2\" content=\"Tiempo de lectura\" \/>\n\t<meta name=\"twitter:data2\" content=\"2 minutos\" \/>\n<script type=\"application\/ld+json\" class=\"yoast-schema-graph\">{\"@context\":\"https:\\\/\\\/schema.org\",\"@graph\":[{\"@type\":\"Article\",\"@id\":\"https:\\\/\\\/www.manabi.gob.ec\\\/index.php\\\/brigadas-de-salud-de-la-prefectura-atienden-a-familias-afectadas-por-inundaciones-en-el-morro\\\/#article\",\"isPartOf\":{\"@id\":\"https:\\\/\\\/www.manabi.gob.ec\\\/index.php\\\/brigadas-de-salud-de-la-prefectura-atienden-a-familias-afectadas-por-inundaciones-en-el-morro\\\/\"},\"author\":{\"name\":\"Lui Ochoa\",\"@id\":\"https:\\\/\\\/www.manabi.gob.ec\\\/#\\\/schema\\\/person\\\/c4f117989332ad723a6ced5994aa7d7a\"},\"headline\":\"Brigadas de salud de la Prefectura atienden a familias afectadas por inundaciones en El Morro\",\"datePublished\":\"2025-03-06T00:13:27+00:00\",\"dateModified\":\"2025-03-21T17:06:55+00:00\",\"mainEntityOfPage\":{\"@id\":\"https:\\\/\\\/www.manabi.gob.ec\\\/index.php\\\/brigadas-de-salud-de-la-prefectura-atienden-a-familias-afectadas-por-inundaciones-en-el-morro\\\/\"},\"wordCount\":268,\"image\":{\"@id\":\"https:\\\/\\\/www.manabi.gob.ec\\\/index.php\\\/brigadas-de-salud-de-la-prefectura-atienden-a-familias-afectadas-por-inundaciones-en-el-morro\\\/#primaryimage\"},\"thumbnailUrl\":\"https:\\\/\\\/www.manabi.gob.ec\\\/wp-content\\\/uploads\\\/2025\\\/03\\\/WhatsApp-Image-2025-03-05-at-3.44.43-PM.jpeg\",\"articleSection\":[\"Ambiente\",\"bicentenario\",\"Desarrollo Social\",\"Noticias\",\"Plan Invernal\",\"PLAN INVERNAL\",\"salud\",\"Todas\"],\"inLanguage\":\"es\"},{\"@type\":\"WebPage\",\"@id\":\"https:\\\/\\\/www.manabi.gob.ec\\\/index.php\\\/brigadas-de-salud-de-la-prefectura-atienden-a-familias-afectadas-por-inundaciones-en-el-morro\\\/\",\"url\":\"https:\\\/\\\/www.manabi.gob.ec\\\/index.php\\\/brigadas-de-salud-de-la-prefectura-atienden-a-familias-afectadas-por-inundaciones-en-el-morro\\\/\",\"name\":\"Brigadas de salud de la Prefectura atienden a familias afectadas por inundaciones en El Morro - Prefectura de Manab\u00ed\",\"isPartOf\":{\"@id\":\"https:\\\/\\\/www.manabi.gob.ec\\\/#website\"},\"primaryImageOfPage\":{\"@id\":\"https:\\\/\\\/www.manabi.gob.ec\\\/index.php\\\/brigadas-de-salud-de-la-prefectura-atienden-a-familias-afectadas-por-inundaciones-en-el-morro\\\/#primaryimage\"},\"image\":{\"@id\":\"https:\\\/\\\/www.manabi.gob.ec\\\/index.php\\\/brigadas-de-salud-de-la-prefectura-atienden-a-familias-afectadas-por-inundaciones-en-el-morro\\\/#primaryimage\"},\"thumbnailUrl\":\"https:\\\/\\\/www.manabi.gob.ec\\\/wp-content\\\/uploads\\\/2025\\\/03\\\/WhatsApp-Image-2025-03-05-at-3.44.43-PM.jpeg\",\"datePublished\":\"2025-03-06T00:13:27+00:00\",\"dateModified\":\"2025-03-21T17:06:55+00:00\",\"author\":{\"@id\":\"https:\\\/\\\/www.manabi.gob.ec\\\/#\\\/schema\\\/person\\\/c4f117989332ad723a6ced5994aa7d7a\"},\"breadcrumb\":{\"@id\":\"https:\\\/\\\/www.manabi.gob.ec\\\/index.php\\\/brigadas-de-salud-de-la-prefectura-atienden-a-familias-afectadas-por-inundaciones-en-el-morro\\\/#breadcrumb\"},\"inLanguage\":\"es\",\"potentialAction\":[{\"@type\":\"ReadAction\",\"target\":[\"https:\\\/\\\/www.manabi.gob.ec\\\/index.php\\\/brigadas-de-salud-de-la-prefectura-atienden-a-familias-afectadas-por-inundaciones-en-el-morro\\\/\"]}]},{\"@type\":\"ImageObject\",\"inLanguage\":\"es\",\"@id\":\"https:\\\/\\\/www.manabi.gob.ec\\\/index.php\\\/brigadas-de-salud-de-la-prefectura-atienden-a-familias-afectadas-por-inundaciones-en-el-morro\\\/#primaryimage\",\"url\":\"https:\\\/\\\/www.manabi.gob.ec\\\/wp-content\\\/uploads\\\/2025\\\/03\\\/WhatsApp-Image-2025-03-05-at-3.44.43-PM.jpeg\",\"contentUrl\":\"https:\\\/\\\/www.manabi.gob.ec\\\/wp-content\\\/uploads\\\/2025\\\/03\\\/WhatsApp-Image-2025-03-05-at-3.44.43-PM.jpeg\",\"width\":1600,\"height\":1200},{\"@type\":\"BreadcrumbList\",\"@id\":\"https:\\\/\\\/www.manabi.gob.ec\\\/index.php\\\/brigadas-de-salud-de-la-prefectura-atienden-a-familias-afectadas-por-inundaciones-en-el-morro\\\/#breadcrumb\",\"itemListElement\":[{\"@type\":\"ListItem\",\"position\":1,\"name\":\"Portada\",\"item\":\"https:\\\/\\\/www.manabi.gob.ec\\\/\"},{\"@type\":\"ListItem\",\"position\":2,\"name\":\"Brigadas de salud de la Prefectura atienden a familias afectadas por inundaciones en El Morro\"}]},{\"@type\":\"WebSite\",\"@id\":\"https:\\\/\\\/www.manabi.gob.ec\\\/#website\",\"url\":\"https:\\\/\\\/www.manabi.gob.ec\\\/\",\"name\":\"Prefectura de Manab\u00ed\",\"description\":\"P\u00e1gina web de la prefectura\",\"potentialAction\":[{\"@type\":\"SearchAction\",\"target\":{\"@type\":\"EntryPoint\",\"urlTemplate\":\"https:\\\/\\\/www.manabi.gob.ec\\\/?s={search_term_string}\"},\"query-input\":{\"@type\":\"PropertyValueSpecification\",\"valueRequired\":true,\"valueName\":\"search_term_string\"}}],\"inLanguage\":\"es\"},{\"@type\":\"Person\",\"@id\":\"https:\\\/\\\/www.manabi.gob.ec\\\/#\\\/schema\\\/person\\\/c4f117989332ad723a6ced5994aa7d7a\",\"name\":\"Lui Ochoa\",\"image\":{\"@type\":\"ImageObject\",\"inLanguage\":\"es\",\"@id\":\"https:\\\/\\\/secure.gravatar.com\\\/avatar\\\/6e8017d0fe69dead8a95864d2eb6e1e1d8bf8e01194ba49cf7b897ff038126ba?s=96&d=mm&r=g\",\"url\":\"https:\\\/\\\/secure.gravatar.com\\\/avatar\\\/6e8017d0fe69dead8a95864d2eb6e1e1d8bf8e01194ba49cf7b897ff038126ba?s=96&d=mm&r=g\",\"contentUrl\":\"https:\\\/\\\/secure.gravatar.com\\\/avatar\\\/6e8017d0fe69dead8a95864d2eb6e1e1d8bf8e01194ba49cf7b897ff038126ba?s=96&d=mm&r=g\",\"caption\":\"Lui Ochoa\"},\"url\":\"https:\\\/\\\/www.manabi.gob.ec\\\/index.php\\\/author\\\/lochoa\\\/\"}]}<\/script>\n<!-- \/ Yoast SEO plugin. -->","yoast_head_json":{"title":"Brigadas de salud de la Prefectura atienden a familias afectadas por inundaciones en El Morro - Prefectura de Manab\u00ed","robots":{"index":"index","follow":"follow","max-snippet":"max-snippet:-1","max-image-preview":"max-image-preview:large","max-video-preview":"max-video-preview:-1"},"canonical":"https:\/\/www.manabi.gob.ec\/index.php\/brigadas-de-salud-de-la-prefectura-atienden-a-familias-afectadas-por-inundaciones-en-el-morro\/","og_locale":"es_ES","og_type":"article","og_title":"Brigadas de salud de la Prefectura atienden a familias afectadas por inundaciones en El Morro - Prefectura de Manab\u00ed","og_description":"M\u00e1s de 200 personas del sitio El Morro, en el cant\u00f3n Bol\u00edvar, recibieron atenci\u00f3n m\u00e9dica integral por parte de las brigadas de salud de la Prefectura de Manab\u00ed. Esta jornada fue dirigida a los grupos de atenci\u00f3n prioritaria y a las familias afectadas por las inundaciones causadas por las intensas lluvias de la temporada invernal, [&hellip;]","og_url":"https:\/\/www.manabi.gob.ec\/index.php\/brigadas-de-salud-de-la-prefectura-atienden-a-familias-afectadas-por-inundaciones-en-el-morro\/","og_site_name":"Prefectura de Manab\u00ed","article_published_time":"2025-03-06T00:13:27+00:00","article_modified_time":"2025-03-21T17:06:55+00:00","og_image":[{"width":1600,"height":1200,"url":"https:\/\/www.manabi.gob.ec\/wp-content\/uploads\/2025\/03\/WhatsApp-Image-2025-03-05-at-3.44.43-PM.jpeg","type":"image\/jpeg"}],"author":"Lui Ochoa","twitter_card":"summary_large_image","twitter_misc":{"Escrito por":"Lui Ochoa","Tiempo de lectura":"2 minutos"},"schema":{"@context":"https:\/\/schema.org","@graph":[{"@type":"Article","@id":"https:\/\/www.manabi.gob.ec\/index.php\/brigadas-de-salud-de-la-prefectura-atienden-a-familias-afectadas-por-inundaciones-en-el-morro\/#article","isPartOf":{"@id":"https:\/\/www.manabi.gob.ec\/index.php\/brigadas-de-salud-de-la-prefectura-atienden-a-familias-afectadas-por-inundaciones-en-el-morro\/"},"author":{"name":"Lui Ochoa","@id":"https:\/\/www.manabi.gob.ec\/#\/schema\/person\/c4f117989332ad723a6ced5994aa7d7a"},"headline":"Brigadas de salud de la Prefectura atienden a familias afectadas por inundaciones en El Morro","datePublished":"2025-03-06T00:13:27+00:00","dateModified":"2025-03-21T17:06:55+00:00","mainEntityOfPage":{"@id":"https:\/\/www.manabi.gob.ec\/index.php\/brigadas-de-salud-de-la-prefectura-atienden-a-familias-afectadas-por-inundaciones-en-el-morro\/"},"wordCount":268,"image":{"@id":"https:\/\/www.manabi.gob.ec\/index.php\/brigadas-de-salud-de-la-prefectura-atienden-a-familias-afectadas-por-inundaciones-en-el-morro\/#primaryimage"},"thumbnailUrl":"https:\/\/www.manabi.gob.ec\/wp-content\/uploads\/2025\/03\/WhatsApp-Image-2025-03-05-at-3.44.43-PM.jpeg","articleSection":["Ambiente","bicentenario","Desarrollo Social","Noticias","Plan Invernal","PLAN INVERNAL","salud","Todas"],"inLanguage":"es"},{"@type":"WebPage","@id":"https:\/\/www.manabi.gob.ec\/index.php\/brigadas-de-salud-de-la-prefectura-atienden-a-familias-afectadas-por-inundaciones-en-el-morro\/","url":"https:\/\/www.manabi.gob.ec\/index.php\/brigadas-de-salud-de-la-prefectura-atienden-a-familias-afectadas-por-inundaciones-en-el-morro\/","name":"Brigadas de salud de la Prefectura atienden a familias afectadas por inundaciones en El Morro - Prefectura de Manab\u00ed","isPartOf":{"@id":"https:\/\/www.manabi.gob.ec\/#website"},"primaryImageOfPage":{"@id":"https:\/\/www.manabi.gob.ec\/index.php\/brigadas-de-salud-de-la-prefectura-atienden-a-familias-afectadas-por-inundaciones-en-el-morro\/#primaryimage"},"image":{"@id":"https:\/\/www.manabi.gob.ec\/index.php\/brigadas-de-salud-de-la-prefectura-atienden-a-familias-afectadas-por-inundaciones-en-el-morro\/#primaryimage"},"thumbnailUrl":"https:\/\/www.manabi.gob.ec\/wp-content\/uploads\/2025\/03\/WhatsApp-Image-2025-03-05-at-3.44.43-PM.jpeg","datePublished":"2025-03-06T00:13:27+00:00","dateModified":"2025-03-21T17:06:55+00:00","author":{"@id":"https:\/\/www.manabi.gob.ec\/#\/schema\/person\/c4f117989332ad723a6ced5994aa7d7a"},"breadcrumb":{"@id":"https:\/\/www.manabi.gob.ec\/index.php\/brigadas-de-salud-de-la-prefectura-atienden-a-familias-afectadas-por-inundaciones-en-el-morro\/#breadcrumb"},"inLanguage":"es","potentialAction":[{"@type":"ReadAction","target":["https:\/\/www.manabi.gob.ec\/index.php\/brigadas-de-salud-de-la-prefectura-atienden-a-familias-afectadas-por-inundaciones-en-el-morro\/"]}]},{"@type":"ImageObject","inLanguage":"es","@id":"https:\/\/www.manabi.gob.ec\/index.php\/brigadas-de-salud-de-la-prefectura-atienden-a-familias-afectadas-por-inundaciones-en-el-morro\/#primaryimage","url":"https:\/\/www.manabi.gob.ec\/wp-content\/uploads\/2025\/03\/WhatsApp-Image-2025-03-05-at-3.44.43-PM.jpeg","contentUrl":"https:\/\/www.manabi.gob.ec\/wp-content\/uploads\/2025\/03\/WhatsApp-Image-2025-03-05-at-3.44.43-PM.jpeg","width":1600,"height":1200},{"@type":"BreadcrumbList","@id":"https:\/\/www.manabi.gob.ec\/index.php\/brigadas-de-salud-de-la-prefectura-atienden-a-familias-afectadas-por-inundaciones-en-el-morro\/#breadcrumb","itemListElement":[{"@type":"ListItem","position":1,"name":"Portada","item":"https:\/\/www.manabi.gob.ec\/"},{"@type":"ListItem","position":2,"name":"Brigadas de salud de la Prefectura atienden a familias afectadas por inundaciones en El Morro"}]},{"@type":"WebSite","@id":"https:\/\/www.manabi.gob.ec\/#website","url":"https:\/\/www.manabi.gob.ec\/","name":"Prefectura de Manab\u00ed","description":"P\u00e1gina web de la prefectura","potentialAction":[{"@type":"SearchAction","target":{"@type":"EntryPoint","urlTemplate":"https:\/\/www.manabi.gob.ec\/?s={search_term_string}"},"query-input":{"@type":"PropertyValueSpecification","valueRequired":true,"valueName":"search_term_string"}}],"inLanguage":"es"},{"@type":"Person","@id":"https:\/\/www.manabi.gob.ec\/#\/schema\/person\/c4f117989332ad723a6ced5994aa7d7a","name":"Lui Ochoa","image":{"@type":"ImageObject","inLanguage":"es","@id":"https:\/\/secure.gravatar.com\/avatar\/6e8017d0fe69dead8a95864d2eb6e1e1d8bf8e01194ba49cf7b897ff038126ba?s=96&d=mm&r=g","url":"https:\/\/secure.gravatar.com\/avatar\/6e8017d0fe69dead8a95864d2eb6e1e1d8bf8e01194ba49cf7b897ff038126ba?s=96&d=mm&r=g","contentUrl":"https:\/\/secure.gravatar.com\/avatar\/6e8017d0fe69dead8a95864d2eb6e1e1d8bf8e01194ba49cf7b897ff038126ba?s=96&d=mm&r=g","caption":"Lui Ochoa"},"url":"https:\/\/www.manabi.gob.ec\/index.php\/author\/lochoa\/"}]}},"jetpack_featured_media_url":"https:\/\/www.manabi.gob.ec\/wp-content\/uploads\/2025\/03\/WhatsApp-Image-2025-03-05-at-3.44.43-PM.jpeg","_links":{"self":[{"href":"https:\/\/www.manabi.gob.ec\/index.php\/wp-json\/wp\/v2\/posts\/30163","targetHints":{"allow":["GET"]}}],"collection":[{"href":"https:\/\/www.manabi.gob.ec\/index.php\/wp-json\/wp\/v2\/posts"}],"about":[{"href":"https:\/\/www.manabi.gob.ec\/index.php\/wp-json\/wp\/v2\/types\/post"}],"author":[{"embeddable":true,"href":"https:\/\/www.manabi.gob.ec\/index.php\/wp-json\/wp\/v2\/users\/10"}],"replies":[{"embeddable":true,"href":"https:\/\/www.manabi.gob.ec\/index.php\/wp-json\/wp\/v2\/comments?post=30163"}],"version-history":[{"count":1,"href":"https:\/\/www.manabi.gob.ec\/index.php\/wp-json\/wp\/v2\/posts\/30163\/revisions"}],"predecessor-version":[{"id":30165,"href":"https:\/\/www.manabi.gob.ec\/index.php\/wp-json\/wp\/v2\/posts\/30163\/revisions\/30165"}],"wp:featuredmedia":[{"embeddable":true,"href":"https:\/\/www.manabi.gob.ec\/index.php\/wp-json\/wp\/v2\/media\/30164"}],"wp:attachment":[{"href":"https:\/\/www.manabi.gob.ec\/index.php\/wp-json\/wp\/v2\/media?parent=30163"}],"wp:term":[{"taxonomy":"category","embeddable":true,"href":"https:\/\/www.manabi.gob.ec\/index.php\/wp-json\/wp\/v2\/categories?post=30163"},{"taxonomy":"post_tag","embeddable":true,"href":"https:\/\/www.manabi.gob.ec\/index.php\/wp-json\/wp\/v2\/tags?post=30163"}],"curies":[{"name":"wp","href":"https:\/\/api.w.org\/{rel}","templated":true}]}}