{"id":30167,"date":"2025-03-06T15:02:06","date_gmt":"2025-03-06T15:02:06","guid":{"rendered":"https:\/\/www.manabi.gob.ec\/?p=30167"},"modified":"2025-03-21T17:06:36","modified_gmt":"2025-03-21T17:06:36","slug":"la-prefectura-brinda-apoyo-a-familias-afectadas-por-el-invierno-en-portoviejo","status":"publish","type":"post","link":"https:\/\/www.manabi.gob.ec\/index.php\/la-prefectura-brinda-apoyo-a-familias-afectadas-por-el-invierno-en-portoviejo\/","title":{"rendered":"La Prefectura brinda apoyo a familias afectadas por el invierno en Portoviejo"},"content":{"rendered":"\n<p class=\"p1\">Varias zonas del cant\u00f3n Portoviejo, afectadas por el temporal invernal, fueron recorridas por el prefecto de Manab\u00ed, Leonardo Orlando. Durante su visita, constat\u00f3 los da\u00f1os ocasionados por las fuertes lluvias, dialog\u00f3 con las familias y expres\u00f3 su solidaridad. &nbsp;<\/p>\n\n\n\n<p class=\"p1\">La autoridad lleg\u00f3 a la ciudadela Colinas del Para\u00edso, sector conocido como la Curva de El Lim\u00f3n de la parroquia Sim\u00f3n Bol\u00edvar, donde el desbordamiento de una quebrada, un fen\u00f3meno que no se hab\u00eda presentado en los \u00faltimos 15 a\u00f1os, afect\u00f3 a casi un centenar de familias. En ese lugar, la Prefectura ha desplegado maquinaria, incluyendo una cargadora frontal, una mini cargadora, una retroexcavadora y volquetas, para desalojar los sedimentos acumulados en una calle principal y siete calles internas.<\/p>\n\n\n\n<p class=\"p1\">Como parte de la respuesta inmediata&nbsp; se entreg\u00f3&nbsp; ayuda humanitaria a 18 familias afectadas, mientras se contin\u00faa levantando informaci\u00f3n para brindar m\u00e1s asistencia. Hasta el momento, se ha identificado a aproximadamente 98 familias damnificadas en la zona, y se mantiene el compromiso de seguir con las entregas de ayuda.<\/p>\n\n\n\n<p class=\"p1\">En la parroquia Col\u00f3n, el prefecto supervis\u00f3 los trabajos que se ejecutan en el puente Estancia Vieja, donde la acumulaci\u00f3n de palizada representa un constante riesgo para la estructura. Desde el lunes, maquinaria pesada ha trabajado en la extracci\u00f3n de estos residuos, alternando su uso en distintos puntos cr\u00edticos, como la v\u00eda Col\u00f3n-Quim\u00eds y el puente El Cady.<\/p>\n\n\n\n<p class=\"p1\">Otro punto del recorrido del Prefecto fue el l\u00edmite entre las parroquias Col\u00f3n y Sim\u00f3n Bol\u00edvar, en sectores como Jotapi y El Naranjo, afectados por el desbordamiento de la quebrada Las Losas. All\u00ed, maquinaria de la Empresa P\u00fablica Manab\u00ed Vial, con apoyo del Municipio, ha estado retirando sedimentos desde el martes de esta semana.<\/p>\n\n\n\n<p class=\"p1\">La presidenta del sector La Mocora de la parroquia Col\u00f3n, Luz Mar\u00eda Alc\u00edvar, destac\u00f3 la presencia y el compromiso del prefecto Orlando. \u00abAqu\u00ed estamos con el se\u00f1or Prefecto, el hombre que nos est\u00e1 apoyando, viendo las necesidades de la gente. Eso es lo que queremos, un hombre presente, de gran coraz\u00f3n\u00bb, manifest\u00f3 la dirigente.<\/p>\n\n\n\n<p class=\"p1\">La Prefectura de Manab\u00ed reafirma su compromiso de continuar con los trabajos de rehabilitaci\u00f3n en las zonas afectadas para garantizar la seguridad y bienestar de la poblaci\u00f3n.<\/p>\n","protected":false},"excerpt":{"rendered":"<p>Varias zonas del cant\u00f3n Portoviejo, afectadas por el temporal invernal, fueron recorridas por el prefecto de Manab\u00ed, Leonardo Orlando. Durante su visita, constat\u00f3 los da\u00f1os ocasionados por las fuertes lluvias, dialog\u00f3 con las familias y expres\u00f3 su solidaridad. &nbsp; La autoridad lleg\u00f3 a la ciudadela Colinas del Para\u00edso, sector conocido como la Curva de El [&hellip;]<\/p>\n","protected":false},"author":10,"featured_media":30169,"comment_status":"closed","ping_status":"closed","sticky":false,"template":"","format":"standard","meta":{"_joinchat":[],"footnotes":""},"categories":[150,343,141,142,92,181,91],"tags":[],"class_list":["post-30167","post","type-post","status-publish","format-standard","has-post-thumbnail","hentry","category-ambiente","category-bicentenario","category-chone","category-desarrollo-social","category-noticias-manabi","category-obra-publica","category-todas"],"yoast_head":"<!-- This site is optimized with the Yoast SEO plugin v27.4 - https:\/\/yoast.com\/product\/yoast-seo-wordpress\/ -->\n<title>La Prefectura brinda apoyo a familias afectadas por el invierno en Portoviejo - Prefectura de Manab\u00ed<\/title>\n<meta name=\"robots\" content=\"index, follow, max-snippet:-1, max-image-preview:large, max-video-preview:-1\" \/>\n<link rel=\"canonical\" href=\"https:\/\/www.manabi.gob.ec\/index.php\/la-prefectura-brinda-apoyo-a-familias-afectadas-por-el-invierno-en-portoviejo\/\" \/>\n<meta property=\"og:locale\" content=\"es_ES\" \/>\n<meta property=\"og:type\" content=\"article\" \/>\n<meta property=\"og:title\" content=\"La Prefectura brinda apoyo a familias afectadas por el invierno en Portoviejo - Prefectura de Manab\u00ed\" \/>\n<meta property=\"og:description\" content=\"Varias zonas del cant\u00f3n Portoviejo, afectadas por el temporal invernal, fueron recorridas por el prefecto de Manab\u00ed, Leonardo Orlando. Durante su visita, constat\u00f3 los da\u00f1os ocasionados por las fuertes lluvias, dialog\u00f3 con las familias y expres\u00f3 su solidaridad. &nbsp; La autoridad lleg\u00f3 a la ciudadela Colinas del Para\u00edso, sector conocido como la Curva de El [&hellip;]\" \/>\n<meta property=\"og:url\" content=\"https:\/\/www.manabi.gob.ec\/index.php\/la-prefectura-brinda-apoyo-a-familias-afectadas-por-el-invierno-en-portoviejo\/\" \/>\n<meta property=\"og:site_name\" content=\"Prefectura de Manab\u00ed\" \/>\n<meta property=\"article:published_time\" content=\"2025-03-06T15:02:06+00:00\" \/>\n<meta property=\"article:modified_time\" content=\"2025-03-21T17:06:36+00:00\" \/>\n<meta property=\"og:image\" content=\"https:\/\/www.manabi.gob.ec\/wp-content\/uploads\/2025\/03\/WhatsApp-Image-2025-03-05-at-8.37.58-PM-scaled.jpeg\" \/>\n\t<meta property=\"og:image:width\" content=\"2560\" \/>\n\t<meta property=\"og:image:height\" content=\"1706\" \/>\n\t<meta property=\"og:image:type\" content=\"image\/jpeg\" \/>\n<meta name=\"author\" content=\"Lui Ochoa\" \/>\n<meta name=\"twitter:card\" content=\"summary_large_image\" \/>\n<meta name=\"twitter:label1\" content=\"Escrito por\" \/>\n\t<meta name=\"twitter:data1\" content=\"Lui Ochoa\" \/>\n\t<meta name=\"twitter:label2\" content=\"Tiempo de lectura\" \/>\n\t<meta name=\"twitter:data2\" content=\"2 minutos\" \/>\n<script type=\"application\/ld+json\" class=\"yoast-schema-graph\">{\"@context\":\"https:\\\/\\\/schema.org\",\"@graph\":[{\"@type\":\"Article\",\"@id\":\"https:\\\/\\\/www.manabi.gob.ec\\\/index.php\\\/la-prefectura-brinda-apoyo-a-familias-afectadas-por-el-invierno-en-portoviejo\\\/#article\",\"isPartOf\":{\"@id\":\"https:\\\/\\\/www.manabi.gob.ec\\\/index.php\\\/la-prefectura-brinda-apoyo-a-familias-afectadas-por-el-invierno-en-portoviejo\\\/\"},\"author\":{\"name\":\"Lui Ochoa\",\"@id\":\"https:\\\/\\\/www.manabi.gob.ec\\\/#\\\/schema\\\/person\\\/c4f117989332ad723a6ced5994aa7d7a\"},\"headline\":\"La Prefectura brinda apoyo a familias afectadas por el invierno en Portoviejo\",\"datePublished\":\"2025-03-06T15:02:06+00:00\",\"dateModified\":\"2025-03-21T17:06:36+00:00\",\"mainEntityOfPage\":{\"@id\":\"https:\\\/\\\/www.manabi.gob.ec\\\/index.php\\\/la-prefectura-brinda-apoyo-a-familias-afectadas-por-el-invierno-en-portoviejo\\\/\"},\"wordCount\":402,\"image\":{\"@id\":\"https:\\\/\\\/www.manabi.gob.ec\\\/index.php\\\/la-prefectura-brinda-apoyo-a-familias-afectadas-por-el-invierno-en-portoviejo\\\/#primaryimage\"},\"thumbnailUrl\":\"https:\\\/\\\/www.manabi.gob.ec\\\/wp-content\\\/uploads\\\/2025\\\/03\\\/WhatsApp-Image-2025-03-05-at-8.37.58-PM-scaled.jpeg\",\"articleSection\":[\"Ambiente\",\"bicentenario\",\"Chone\",\"Desarrollo Social\",\"Noticias\",\"Obra P\u00fablica\",\"Todas\"],\"inLanguage\":\"es\"},{\"@type\":\"WebPage\",\"@id\":\"https:\\\/\\\/www.manabi.gob.ec\\\/index.php\\\/la-prefectura-brinda-apoyo-a-familias-afectadas-por-el-invierno-en-portoviejo\\\/\",\"url\":\"https:\\\/\\\/www.manabi.gob.ec\\\/index.php\\\/la-prefectura-brinda-apoyo-a-familias-afectadas-por-el-invierno-en-portoviejo\\\/\",\"name\":\"La Prefectura brinda apoyo a familias afectadas por el invierno en Portoviejo - Prefectura de Manab\u00ed\",\"isPartOf\":{\"@id\":\"https:\\\/\\\/www.manabi.gob.ec\\\/#website\"},\"primaryImageOfPage\":{\"@id\":\"https:\\\/\\\/www.manabi.gob.ec\\\/index.php\\\/la-prefectura-brinda-apoyo-a-familias-afectadas-por-el-invierno-en-portoviejo\\\/#primaryimage\"},\"image\":{\"@id\":\"https:\\\/\\\/www.manabi.gob.ec\\\/index.php\\\/la-prefectura-brinda-apoyo-a-familias-afectadas-por-el-invierno-en-portoviejo\\\/#primaryimage\"},\"thumbnailUrl\":\"https:\\\/\\\/www.manabi.gob.ec\\\/wp-content\\\/uploads\\\/2025\\\/03\\\/WhatsApp-Image-2025-03-05-at-8.37.58-PM-scaled.jpeg\",\"datePublished\":\"2025-03-06T15:02:06+00:00\",\"dateModified\":\"2025-03-21T17:06:36+00:00\",\"author\":{\"@id\":\"https:\\\/\\\/www.manabi.gob.ec\\\/#\\\/schema\\\/person\\\/c4f117989332ad723a6ced5994aa7d7a\"},\"breadcrumb\":{\"@id\":\"https:\\\/\\\/www.manabi.gob.ec\\\/index.php\\\/la-prefectura-brinda-apoyo-a-familias-afectadas-por-el-invierno-en-portoviejo\\\/#breadcrumb\"},\"inLanguage\":\"es\",\"potentialAction\":[{\"@type\":\"ReadAction\",\"target\":[\"https:\\\/\\\/www.manabi.gob.ec\\\/index.php\\\/la-prefectura-brinda-apoyo-a-familias-afectadas-por-el-invierno-en-portoviejo\\\/\"]}]},{\"@type\":\"ImageObject\",\"inLanguage\":\"es\",\"@id\":\"https:\\\/\\\/www.manabi.gob.ec\\\/index.php\\\/la-prefectura-brinda-apoyo-a-familias-afectadas-por-el-invierno-en-portoviejo\\\/#primaryimage\",\"url\":\"https:\\\/\\\/www.manabi.gob.ec\\\/wp-content\\\/uploads\\\/2025\\\/03\\\/WhatsApp-Image-2025-03-05-at-8.37.58-PM-scaled.jpeg\",\"contentUrl\":\"https:\\\/\\\/www.manabi.gob.ec\\\/wp-content\\\/uploads\\\/2025\\\/03\\\/WhatsApp-Image-2025-03-05-at-8.37.58-PM-scaled.jpeg\",\"width\":2560,\"height\":1706},{\"@type\":\"BreadcrumbList\",\"@id\":\"https:\\\/\\\/www.manabi.gob.ec\\\/index.php\\\/la-prefectura-brinda-apoyo-a-familias-afectadas-por-el-invierno-en-portoviejo\\\/#breadcrumb\",\"itemListElement\":[{\"@type\":\"ListItem\",\"position\":1,\"name\":\"Portada\",\"item\":\"https:\\\/\\\/www.manabi.gob.ec\\\/\"},{\"@type\":\"ListItem\",\"position\":2,\"name\":\"La Prefectura brinda apoyo a familias afectadas por el invierno en Portoviejo\"}]},{\"@type\":\"WebSite\",\"@id\":\"https:\\\/\\\/www.manabi.gob.ec\\\/#website\",\"url\":\"https:\\\/\\\/www.manabi.gob.ec\\\/\",\"name\":\"Prefectura de Manab\u00ed\",\"description\":\"P\u00e1gina web de la prefectura\",\"potentialAction\":[{\"@type\":\"SearchAction\",\"target\":{\"@type\":\"EntryPoint\",\"urlTemplate\":\"https:\\\/\\\/www.manabi.gob.ec\\\/?s={search_term_string}\"},\"query-input\":{\"@type\":\"PropertyValueSpecification\",\"valueRequired\":true,\"valueName\":\"search_term_string\"}}],\"inLanguage\":\"es\"},{\"@type\":\"Person\",\"@id\":\"https:\\\/\\\/www.manabi.gob.ec\\\/#\\\/schema\\\/person\\\/c4f117989332ad723a6ced5994aa7d7a\",\"name\":\"Lui Ochoa\",\"image\":{\"@type\":\"ImageObject\",\"inLanguage\":\"es\",\"@id\":\"https:\\\/\\\/secure.gravatar.com\\\/avatar\\\/6e8017d0fe69dead8a95864d2eb6e1e1d8bf8e01194ba49cf7b897ff038126ba?s=96&d=mm&r=g\",\"url\":\"https:\\\/\\\/secure.gravatar.com\\\/avatar\\\/6e8017d0fe69dead8a95864d2eb6e1e1d8bf8e01194ba49cf7b897ff038126ba?s=96&d=mm&r=g\",\"contentUrl\":\"https:\\\/\\\/secure.gravatar.com\\\/avatar\\\/6e8017d0fe69dead8a95864d2eb6e1e1d8bf8e01194ba49cf7b897ff038126ba?s=96&d=mm&r=g\",\"caption\":\"Lui Ochoa\"},\"url\":\"https:\\\/\\\/www.manabi.gob.ec\\\/index.php\\\/author\\\/lochoa\\\/\"}]}<\/script>\n<!-- \/ Yoast SEO plugin. -->","yoast_head_json":{"title":"La Prefectura brinda apoyo a familias afectadas por el invierno en Portoviejo - Prefectura de Manab\u00ed","robots":{"index":"index","follow":"follow","max-snippet":"max-snippet:-1","max-image-preview":"max-image-preview:large","max-video-preview":"max-video-preview:-1"},"canonical":"https:\/\/www.manabi.gob.ec\/index.php\/la-prefectura-brinda-apoyo-a-familias-afectadas-por-el-invierno-en-portoviejo\/","og_locale":"es_ES","og_type":"article","og_title":"La Prefectura brinda apoyo a familias afectadas por el invierno en Portoviejo - Prefectura de Manab\u00ed","og_description":"Varias zonas del cant\u00f3n Portoviejo, afectadas por el temporal invernal, fueron recorridas por el prefecto de Manab\u00ed, Leonardo Orlando. Durante su visita, constat\u00f3 los da\u00f1os ocasionados por las fuertes lluvias, dialog\u00f3 con las familias y expres\u00f3 su solidaridad. &nbsp; La autoridad lleg\u00f3 a la ciudadela Colinas del Para\u00edso, sector conocido como la Curva de El [&hellip;]","og_url":"https:\/\/www.manabi.gob.ec\/index.php\/la-prefectura-brinda-apoyo-a-familias-afectadas-por-el-invierno-en-portoviejo\/","og_site_name":"Prefectura de Manab\u00ed","article_published_time":"2025-03-06T15:02:06+00:00","article_modified_time":"2025-03-21T17:06:36+00:00","og_image":[{"width":2560,"height":1706,"url":"https:\/\/www.manabi.gob.ec\/wp-content\/uploads\/2025\/03\/WhatsApp-Image-2025-03-05-at-8.37.58-PM-scaled.jpeg","type":"image\/jpeg"}],"author":"Lui Ochoa","twitter_card":"summary_large_image","twitter_misc":{"Escrito por":"Lui Ochoa","Tiempo de lectura":"2 minutos"},"schema":{"@context":"https:\/\/schema.org","@graph":[{"@type":"Article","@id":"https:\/\/www.manabi.gob.ec\/index.php\/la-prefectura-brinda-apoyo-a-familias-afectadas-por-el-invierno-en-portoviejo\/#article","isPartOf":{"@id":"https:\/\/www.manabi.gob.ec\/index.php\/la-prefectura-brinda-apoyo-a-familias-afectadas-por-el-invierno-en-portoviejo\/"},"author":{"name":"Lui Ochoa","@id":"https:\/\/www.manabi.gob.ec\/#\/schema\/person\/c4f117989332ad723a6ced5994aa7d7a"},"headline":"La Prefectura brinda apoyo a familias afectadas por el invierno en Portoviejo","datePublished":"2025-03-06T15:02:06+00:00","dateModified":"2025-03-21T17:06:36+00:00","mainEntityOfPage":{"@id":"https:\/\/www.manabi.gob.ec\/index.php\/la-prefectura-brinda-apoyo-a-familias-afectadas-por-el-invierno-en-portoviejo\/"},"wordCount":402,"image":{"@id":"https:\/\/www.manabi.gob.ec\/index.php\/la-prefectura-brinda-apoyo-a-familias-afectadas-por-el-invierno-en-portoviejo\/#primaryimage"},"thumbnailUrl":"https:\/\/www.manabi.gob.ec\/wp-content\/uploads\/2025\/03\/WhatsApp-Image-2025-03-05-at-8.37.58-PM-scaled.jpeg","articleSection":["Ambiente","bicentenario","Chone","Desarrollo Social","Noticias","Obra P\u00fablica","Todas"],"inLanguage":"es"},{"@type":"WebPage","@id":"https:\/\/www.manabi.gob.ec\/index.php\/la-prefectura-brinda-apoyo-a-familias-afectadas-por-el-invierno-en-portoviejo\/","url":"https:\/\/www.manabi.gob.ec\/index.php\/la-prefectura-brinda-apoyo-a-familias-afectadas-por-el-invierno-en-portoviejo\/","name":"La Prefectura brinda apoyo a familias afectadas por el invierno en Portoviejo - Prefectura de Manab\u00ed","isPartOf":{"@id":"https:\/\/www.manabi.gob.ec\/#website"},"primaryImageOfPage":{"@id":"https:\/\/www.manabi.gob.ec\/index.php\/la-prefectura-brinda-apoyo-a-familias-afectadas-por-el-invierno-en-portoviejo\/#primaryimage"},"image":{"@id":"https:\/\/www.manabi.gob.ec\/index.php\/la-prefectura-brinda-apoyo-a-familias-afectadas-por-el-invierno-en-portoviejo\/#primaryimage"},"thumbnailUrl":"https:\/\/www.manabi.gob.ec\/wp-content\/uploads\/2025\/03\/WhatsApp-Image-2025-03-05-at-8.37.58-PM-scaled.jpeg","datePublished":"2025-03-06T15:02:06+00:00","dateModified":"2025-03-21T17:06:36+00:00","author":{"@id":"https:\/\/www.manabi.gob.ec\/#\/schema\/person\/c4f117989332ad723a6ced5994aa7d7a"},"breadcrumb":{"@id":"https:\/\/www.manabi.gob.ec\/index.php\/la-prefectura-brinda-apoyo-a-familias-afectadas-por-el-invierno-en-portoviejo\/#breadcrumb"},"inLanguage":"es","potentialAction":[{"@type":"ReadAction","target":["https:\/\/www.manabi.gob.ec\/index.php\/la-prefectura-brinda-apoyo-a-familias-afectadas-por-el-invierno-en-portoviejo\/"]}]},{"@type":"ImageObject","inLanguage":"es","@id":"https:\/\/www.manabi.gob.ec\/index.php\/la-prefectura-brinda-apoyo-a-familias-afectadas-por-el-invierno-en-portoviejo\/#primaryimage","url":"https:\/\/www.manabi.gob.ec\/wp-content\/uploads\/2025\/03\/WhatsApp-Image-2025-03-05-at-8.37.58-PM-scaled.jpeg","contentUrl":"https:\/\/www.manabi.gob.ec\/wp-content\/uploads\/2025\/03\/WhatsApp-Image-2025-03-05-at-8.37.58-PM-scaled.jpeg","width":2560,"height":1706},{"@type":"BreadcrumbList","@id":"https:\/\/www.manabi.gob.ec\/index.php\/la-prefectura-brinda-apoyo-a-familias-afectadas-por-el-invierno-en-portoviejo\/#breadcrumb","itemListElement":[{"@type":"ListItem","position":1,"name":"Portada","item":"https:\/\/www.manabi.gob.ec\/"},{"@type":"ListItem","position":2,"name":"La Prefectura brinda apoyo a familias afectadas por el invierno en Portoviejo"}]},{"@type":"WebSite","@id":"https:\/\/www.manabi.gob.ec\/#website","url":"https:\/\/www.manabi.gob.ec\/","name":"Prefectura de Manab\u00ed","description":"P\u00e1gina web de la prefectura","potentialAction":[{"@type":"SearchAction","target":{"@type":"EntryPoint","urlTemplate":"https:\/\/www.manabi.gob.ec\/?s={search_term_string}"},"query-input":{"@type":"PropertyValueSpecification","valueRequired":true,"valueName":"search_term_string"}}],"inLanguage":"es"},{"@type":"Person","@id":"https:\/\/www.manabi.gob.ec\/#\/schema\/person\/c4f117989332ad723a6ced5994aa7d7a","name":"Lui Ochoa","image":{"@type":"ImageObject","inLanguage":"es","@id":"https:\/\/secure.gravatar.com\/avatar\/6e8017d0fe69dead8a95864d2eb6e1e1d8bf8e01194ba49cf7b897ff038126ba?s=96&d=mm&r=g","url":"https:\/\/secure.gravatar.com\/avatar\/6e8017d0fe69dead8a95864d2eb6e1e1d8bf8e01194ba49cf7b897ff038126ba?s=96&d=mm&r=g","contentUrl":"https:\/\/secure.gravatar.com\/avatar\/6e8017d0fe69dead8a95864d2eb6e1e1d8bf8e01194ba49cf7b897ff038126ba?s=96&d=mm&r=g","caption":"Lui Ochoa"},"url":"https:\/\/www.manabi.gob.ec\/index.php\/author\/lochoa\/"}]}},"jetpack_featured_media_url":"https:\/\/www.manabi.gob.ec\/wp-content\/uploads\/2025\/03\/WhatsApp-Image-2025-03-05-at-8.37.58-PM-scaled.jpeg","_links":{"self":[{"href":"https:\/\/www.manabi.gob.ec\/index.php\/wp-json\/wp\/v2\/posts\/30167","targetHints":{"allow":["GET"]}}],"collection":[{"href":"https:\/\/www.manabi.gob.ec\/index.php\/wp-json\/wp\/v2\/posts"}],"about":[{"href":"https:\/\/www.manabi.gob.ec\/index.php\/wp-json\/wp\/v2\/types\/post"}],"author":[{"embeddable":true,"href":"https:\/\/www.manabi.gob.ec\/index.php\/wp-json\/wp\/v2\/users\/10"}],"replies":[{"embeddable":true,"href":"https:\/\/www.manabi.gob.ec\/index.php\/wp-json\/wp\/v2\/comments?post=30167"}],"version-history":[{"count":1,"href":"https:\/\/www.manabi.gob.ec\/index.php\/wp-json\/wp\/v2\/posts\/30167\/revisions"}],"predecessor-version":[{"id":30168,"href":"https:\/\/www.manabi.gob.ec\/index.php\/wp-json\/wp\/v2\/posts\/30167\/revisions\/30168"}],"wp:featuredmedia":[{"embeddable":true,"href":"https:\/\/www.manabi.gob.ec\/index.php\/wp-json\/wp\/v2\/media\/30169"}],"wp:attachment":[{"href":"https:\/\/www.manabi.gob.ec\/index.php\/wp-json\/wp\/v2\/media?parent=30167"}],"wp:term":[{"taxonomy":"category","embeddable":true,"href":"https:\/\/www.manabi.gob.ec\/index.php\/wp-json\/wp\/v2\/categories?post=30167"},{"taxonomy":"post_tag","embeddable":true,"href":"https:\/\/www.manabi.gob.ec\/index.php\/wp-json\/wp\/v2\/tags?post=30167"}],"curies":[{"name":"wp","href":"https:\/\/api.w.org\/{rel}","templated":true}]}}