{"id":30186,"date":"2025-03-08T22:59:27","date_gmt":"2025-03-08T22:59:27","guid":{"rendered":"https:\/\/www.manabi.gob.ec\/?p=30186"},"modified":"2025-03-21T20:56:17","modified_gmt":"2025-03-21T20:56:17","slug":"prefectura-de-manabi-realiza-trabajos-emergentes-ante-salida-de-la-quebrada-de-rio-de-oro-en-portoviejo","status":"publish","type":"post","link":"https:\/\/www.manabi.gob.ec\/index.php\/prefectura-de-manabi-realiza-trabajos-emergentes-ante-salida-de-la-quebrada-de-rio-de-oro-en-portoviejo\/","title":{"rendered":"Prefectura de Manab\u00ed realiza trabajos emergentes ante salida de la quebrada de R\u00edo de Oro, en Portoviejo"},"content":{"rendered":"\n<p>Maquinaria de la Prefectura de Manab\u00ed, y de Manab\u00ed Vial, llevan a cabo trabajos de limpieza para evacuar las aguas represadas en el canal de R\u00edo de Oro, espec\u00edficamente en el sector Lomas del Viento, donde actualmente se trabaja para liberar varias obstrucciones que impiden el flujo normal del agua.<\/p>\n\n\n\n<p>El prefecto Leonardo Orlando, lidera los trabajos que de forma ininterrumpida llevan m\u00e1s de 5 horas. El equipo t\u00e9cnico realiz\u00f3 un recorrido de inspecci\u00f3n para detectar las \u00e1reas afectadas y, de manera inmediata, se intervienen 4 puntos con seis maquinarias especializadas para remover los obst\u00e1culos y reducir el nivel de represamiento, evitando que cause m\u00e1s afectaciones a la comunidad.<\/p>\n\n\n\n<p>Adem\u00e1s a trav\u00e9s de la direcci\u00f3n de Desarrollo Humano de la prefectura de Manab\u00ed, se realiza el levantamiento de fichas de las familias afectadas, para brindar la atenci\u00f3n m\u00e9dica inmediata y entregar ayuda humanitaria.<\/p>\n\n\n\n<p>DATO:<br>Cabe destacar que, en 2023, la Prefectura de Manab\u00ed, en articulaci\u00f3n con el GAD Cantonal, ejecut\u00f3 la limpieza y desazolve de este canal a lo largo de 7.3 kil\u00f3metros, mejorando el sistema de drenaje.<\/p>\n","protected":false},"excerpt":{"rendered":"<p>Maquinaria de la Prefectura de Manab\u00ed, y de Manab\u00ed Vial, llevan a cabo trabajos de limpieza para evacuar las aguas represadas en el canal de R\u00edo de Oro, espec\u00edficamente en el sector Lomas del Viento, donde actualmente se trabaja para liberar varias obstrucciones que impiden el flujo normal del agua. El prefecto Leonardo Orlando, lidera [&hellip;]<\/p>\n","protected":false},"author":10,"featured_media":30187,"comment_status":"closed","ping_status":"closed","sticky":false,"template":"","format":"standard","meta":{"_joinchat":[],"footnotes":""},"categories":[150,343,142,92,340,91],"tags":[],"class_list":["post-30186","post","type-post","status-publish","format-standard","has-post-thumbnail","hentry","category-ambiente","category-bicentenario","category-desarrollo-social","category-noticias-manabi","category-plan-invernal-plan-invernal","category-todas"],"yoast_head":"<!-- This site is optimized with the Yoast SEO plugin v27.4 - https:\/\/yoast.com\/product\/yoast-seo-wordpress\/ -->\n<title>Prefectura de Manab\u00ed realiza trabajos emergentes ante salida de la quebrada de R\u00edo de Oro, en Portoviejo - Prefectura de Manab\u00ed<\/title>\n<meta name=\"robots\" content=\"index, follow, max-snippet:-1, max-image-preview:large, max-video-preview:-1\" \/>\n<link rel=\"canonical\" href=\"https:\/\/www.manabi.gob.ec\/index.php\/prefectura-de-manabi-realiza-trabajos-emergentes-ante-salida-de-la-quebrada-de-rio-de-oro-en-portoviejo\/\" \/>\n<meta property=\"og:locale\" content=\"es_ES\" \/>\n<meta property=\"og:type\" content=\"article\" \/>\n<meta property=\"og:title\" content=\"Prefectura de Manab\u00ed realiza trabajos emergentes ante salida de la quebrada de R\u00edo de Oro, en Portoviejo - Prefectura de Manab\u00ed\" \/>\n<meta property=\"og:description\" content=\"Maquinaria de la Prefectura de Manab\u00ed, y de Manab\u00ed Vial, llevan a cabo trabajos de limpieza para evacuar las aguas represadas en el canal de R\u00edo de Oro, espec\u00edficamente en el sector Lomas del Viento, donde actualmente se trabaja para liberar varias obstrucciones que impiden el flujo normal del agua. El prefecto Leonardo Orlando, lidera [&hellip;]\" \/>\n<meta property=\"og:url\" content=\"https:\/\/www.manabi.gob.ec\/index.php\/prefectura-de-manabi-realiza-trabajos-emergentes-ante-salida-de-la-quebrada-de-rio-de-oro-en-portoviejo\/\" \/>\n<meta property=\"og:site_name\" content=\"Prefectura de Manab\u00ed\" \/>\n<meta property=\"article:published_time\" content=\"2025-03-08T22:59:27+00:00\" \/>\n<meta property=\"article:modified_time\" content=\"2025-03-21T20:56:17+00:00\" \/>\n<meta property=\"og:image\" content=\"https:\/\/www.manabi.gob.ec\/wp-content\/uploads\/2025\/03\/WhatsApp-Image-2025-03-08-at-5.54.35-PM.jpeg\" \/>\n\t<meta property=\"og:image:width\" content=\"1600\" \/>\n\t<meta property=\"og:image:height\" content=\"1066\" \/>\n\t<meta property=\"og:image:type\" content=\"image\/jpeg\" \/>\n<meta name=\"author\" content=\"Lui Ochoa\" \/>\n<meta name=\"twitter:card\" content=\"summary_large_image\" \/>\n<meta name=\"twitter:label1\" content=\"Escrito por\" \/>\n\t<meta name=\"twitter:data1\" content=\"Lui Ochoa\" \/>\n\t<meta name=\"twitter:label2\" content=\"Tiempo de lectura\" \/>\n\t<meta name=\"twitter:data2\" content=\"2 minutos\" \/>\n<script type=\"application\/ld+json\" class=\"yoast-schema-graph\">{\"@context\":\"https:\\\/\\\/schema.org\",\"@graph\":[{\"@type\":\"Article\",\"@id\":\"https:\\\/\\\/www.manabi.gob.ec\\\/index.php\\\/prefectura-de-manabi-realiza-trabajos-emergentes-ante-salida-de-la-quebrada-de-rio-de-oro-en-portoviejo\\\/#article\",\"isPartOf\":{\"@id\":\"https:\\\/\\\/www.manabi.gob.ec\\\/index.php\\\/prefectura-de-manabi-realiza-trabajos-emergentes-ante-salida-de-la-quebrada-de-rio-de-oro-en-portoviejo\\\/\"},\"author\":{\"name\":\"Lui Ochoa\",\"@id\":\"https:\\\/\\\/www.manabi.gob.ec\\\/#\\\/schema\\\/person\\\/c4f117989332ad723a6ced5994aa7d7a\"},\"headline\":\"Prefectura de Manab\u00ed realiza trabajos emergentes ante salida de la quebrada de R\u00edo de Oro, en Portoviejo\",\"datePublished\":\"2025-03-08T22:59:27+00:00\",\"dateModified\":\"2025-03-21T20:56:17+00:00\",\"mainEntityOfPage\":{\"@id\":\"https:\\\/\\\/www.manabi.gob.ec\\\/index.php\\\/prefectura-de-manabi-realiza-trabajos-emergentes-ante-salida-de-la-quebrada-de-rio-de-oro-en-portoviejo\\\/\"},\"wordCount\":206,\"image\":{\"@id\":\"https:\\\/\\\/www.manabi.gob.ec\\\/index.php\\\/prefectura-de-manabi-realiza-trabajos-emergentes-ante-salida-de-la-quebrada-de-rio-de-oro-en-portoviejo\\\/#primaryimage\"},\"thumbnailUrl\":\"https:\\\/\\\/www.manabi.gob.ec\\\/wp-content\\\/uploads\\\/2025\\\/03\\\/WhatsApp-Image-2025-03-08-at-5.54.35-PM.jpeg\",\"articleSection\":[\"Ambiente\",\"bicentenario\",\"Desarrollo Social\",\"Noticias\",\"PLAN INVERNAL\",\"Todas\"],\"inLanguage\":\"es\"},{\"@type\":\"WebPage\",\"@id\":\"https:\\\/\\\/www.manabi.gob.ec\\\/index.php\\\/prefectura-de-manabi-realiza-trabajos-emergentes-ante-salida-de-la-quebrada-de-rio-de-oro-en-portoviejo\\\/\",\"url\":\"https:\\\/\\\/www.manabi.gob.ec\\\/index.php\\\/prefectura-de-manabi-realiza-trabajos-emergentes-ante-salida-de-la-quebrada-de-rio-de-oro-en-portoviejo\\\/\",\"name\":\"Prefectura de Manab\u00ed realiza trabajos emergentes ante salida de la quebrada de R\u00edo de Oro, en Portoviejo - Prefectura de Manab\u00ed\",\"isPartOf\":{\"@id\":\"https:\\\/\\\/www.manabi.gob.ec\\\/#website\"},\"primaryImageOfPage\":{\"@id\":\"https:\\\/\\\/www.manabi.gob.ec\\\/index.php\\\/prefectura-de-manabi-realiza-trabajos-emergentes-ante-salida-de-la-quebrada-de-rio-de-oro-en-portoviejo\\\/#primaryimage\"},\"image\":{\"@id\":\"https:\\\/\\\/www.manabi.gob.ec\\\/index.php\\\/prefectura-de-manabi-realiza-trabajos-emergentes-ante-salida-de-la-quebrada-de-rio-de-oro-en-portoviejo\\\/#primaryimage\"},\"thumbnailUrl\":\"https:\\\/\\\/www.manabi.gob.ec\\\/wp-content\\\/uploads\\\/2025\\\/03\\\/WhatsApp-Image-2025-03-08-at-5.54.35-PM.jpeg\",\"datePublished\":\"2025-03-08T22:59:27+00:00\",\"dateModified\":\"2025-03-21T20:56:17+00:00\",\"author\":{\"@id\":\"https:\\\/\\\/www.manabi.gob.ec\\\/#\\\/schema\\\/person\\\/c4f117989332ad723a6ced5994aa7d7a\"},\"breadcrumb\":{\"@id\":\"https:\\\/\\\/www.manabi.gob.ec\\\/index.php\\\/prefectura-de-manabi-realiza-trabajos-emergentes-ante-salida-de-la-quebrada-de-rio-de-oro-en-portoviejo\\\/#breadcrumb\"},\"inLanguage\":\"es\",\"potentialAction\":[{\"@type\":\"ReadAction\",\"target\":[\"https:\\\/\\\/www.manabi.gob.ec\\\/index.php\\\/prefectura-de-manabi-realiza-trabajos-emergentes-ante-salida-de-la-quebrada-de-rio-de-oro-en-portoviejo\\\/\"]}]},{\"@type\":\"ImageObject\",\"inLanguage\":\"es\",\"@id\":\"https:\\\/\\\/www.manabi.gob.ec\\\/index.php\\\/prefectura-de-manabi-realiza-trabajos-emergentes-ante-salida-de-la-quebrada-de-rio-de-oro-en-portoviejo\\\/#primaryimage\",\"url\":\"https:\\\/\\\/www.manabi.gob.ec\\\/wp-content\\\/uploads\\\/2025\\\/03\\\/WhatsApp-Image-2025-03-08-at-5.54.35-PM.jpeg\",\"contentUrl\":\"https:\\\/\\\/www.manabi.gob.ec\\\/wp-content\\\/uploads\\\/2025\\\/03\\\/WhatsApp-Image-2025-03-08-at-5.54.35-PM.jpeg\",\"width\":1600,\"height\":1066},{\"@type\":\"BreadcrumbList\",\"@id\":\"https:\\\/\\\/www.manabi.gob.ec\\\/index.php\\\/prefectura-de-manabi-realiza-trabajos-emergentes-ante-salida-de-la-quebrada-de-rio-de-oro-en-portoviejo\\\/#breadcrumb\",\"itemListElement\":[{\"@type\":\"ListItem\",\"position\":1,\"name\":\"Portada\",\"item\":\"https:\\\/\\\/www.manabi.gob.ec\\\/\"},{\"@type\":\"ListItem\",\"position\":2,\"name\":\"Prefectura de Manab\u00ed realiza trabajos emergentes ante salida de la quebrada de R\u00edo de Oro, en Portoviejo\"}]},{\"@type\":\"WebSite\",\"@id\":\"https:\\\/\\\/www.manabi.gob.ec\\\/#website\",\"url\":\"https:\\\/\\\/www.manabi.gob.ec\\\/\",\"name\":\"Prefectura de Manab\u00ed\",\"description\":\"P\u00e1gina web de la prefectura\",\"potentialAction\":[{\"@type\":\"SearchAction\",\"target\":{\"@type\":\"EntryPoint\",\"urlTemplate\":\"https:\\\/\\\/www.manabi.gob.ec\\\/?s={search_term_string}\"},\"query-input\":{\"@type\":\"PropertyValueSpecification\",\"valueRequired\":true,\"valueName\":\"search_term_string\"}}],\"inLanguage\":\"es\"},{\"@type\":\"Person\",\"@id\":\"https:\\\/\\\/www.manabi.gob.ec\\\/#\\\/schema\\\/person\\\/c4f117989332ad723a6ced5994aa7d7a\",\"name\":\"Lui Ochoa\",\"image\":{\"@type\":\"ImageObject\",\"inLanguage\":\"es\",\"@id\":\"https:\\\/\\\/secure.gravatar.com\\\/avatar\\\/6e8017d0fe69dead8a95864d2eb6e1e1d8bf8e01194ba49cf7b897ff038126ba?s=96&d=mm&r=g\",\"url\":\"https:\\\/\\\/secure.gravatar.com\\\/avatar\\\/6e8017d0fe69dead8a95864d2eb6e1e1d8bf8e01194ba49cf7b897ff038126ba?s=96&d=mm&r=g\",\"contentUrl\":\"https:\\\/\\\/secure.gravatar.com\\\/avatar\\\/6e8017d0fe69dead8a95864d2eb6e1e1d8bf8e01194ba49cf7b897ff038126ba?s=96&d=mm&r=g\",\"caption\":\"Lui Ochoa\"},\"url\":\"https:\\\/\\\/www.manabi.gob.ec\\\/index.php\\\/author\\\/lochoa\\\/\"}]}<\/script>\n<!-- \/ Yoast SEO plugin. -->","yoast_head_json":{"title":"Prefectura de Manab\u00ed realiza trabajos emergentes ante salida de la quebrada de R\u00edo de Oro, en Portoviejo - Prefectura de Manab\u00ed","robots":{"index":"index","follow":"follow","max-snippet":"max-snippet:-1","max-image-preview":"max-image-preview:large","max-video-preview":"max-video-preview:-1"},"canonical":"https:\/\/www.manabi.gob.ec\/index.php\/prefectura-de-manabi-realiza-trabajos-emergentes-ante-salida-de-la-quebrada-de-rio-de-oro-en-portoviejo\/","og_locale":"es_ES","og_type":"article","og_title":"Prefectura de Manab\u00ed realiza trabajos emergentes ante salida de la quebrada de R\u00edo de Oro, en Portoviejo - Prefectura de Manab\u00ed","og_description":"Maquinaria de la Prefectura de Manab\u00ed, y de Manab\u00ed Vial, llevan a cabo trabajos de limpieza para evacuar las aguas represadas en el canal de R\u00edo de Oro, espec\u00edficamente en el sector Lomas del Viento, donde actualmente se trabaja para liberar varias obstrucciones que impiden el flujo normal del agua. El prefecto Leonardo Orlando, lidera [&hellip;]","og_url":"https:\/\/www.manabi.gob.ec\/index.php\/prefectura-de-manabi-realiza-trabajos-emergentes-ante-salida-de-la-quebrada-de-rio-de-oro-en-portoviejo\/","og_site_name":"Prefectura de Manab\u00ed","article_published_time":"2025-03-08T22:59:27+00:00","article_modified_time":"2025-03-21T20:56:17+00:00","og_image":[{"width":1600,"height":1066,"url":"https:\/\/www.manabi.gob.ec\/wp-content\/uploads\/2025\/03\/WhatsApp-Image-2025-03-08-at-5.54.35-PM.jpeg","type":"image\/jpeg"}],"author":"Lui Ochoa","twitter_card":"summary_large_image","twitter_misc":{"Escrito por":"Lui Ochoa","Tiempo de lectura":"2 minutos"},"schema":{"@context":"https:\/\/schema.org","@graph":[{"@type":"Article","@id":"https:\/\/www.manabi.gob.ec\/index.php\/prefectura-de-manabi-realiza-trabajos-emergentes-ante-salida-de-la-quebrada-de-rio-de-oro-en-portoviejo\/#article","isPartOf":{"@id":"https:\/\/www.manabi.gob.ec\/index.php\/prefectura-de-manabi-realiza-trabajos-emergentes-ante-salida-de-la-quebrada-de-rio-de-oro-en-portoviejo\/"},"author":{"name":"Lui Ochoa","@id":"https:\/\/www.manabi.gob.ec\/#\/schema\/person\/c4f117989332ad723a6ced5994aa7d7a"},"headline":"Prefectura de Manab\u00ed realiza trabajos emergentes ante salida de la quebrada de R\u00edo de Oro, en Portoviejo","datePublished":"2025-03-08T22:59:27+00:00","dateModified":"2025-03-21T20:56:17+00:00","mainEntityOfPage":{"@id":"https:\/\/www.manabi.gob.ec\/index.php\/prefectura-de-manabi-realiza-trabajos-emergentes-ante-salida-de-la-quebrada-de-rio-de-oro-en-portoviejo\/"},"wordCount":206,"image":{"@id":"https:\/\/www.manabi.gob.ec\/index.php\/prefectura-de-manabi-realiza-trabajos-emergentes-ante-salida-de-la-quebrada-de-rio-de-oro-en-portoviejo\/#primaryimage"},"thumbnailUrl":"https:\/\/www.manabi.gob.ec\/wp-content\/uploads\/2025\/03\/WhatsApp-Image-2025-03-08-at-5.54.35-PM.jpeg","articleSection":["Ambiente","bicentenario","Desarrollo Social","Noticias","PLAN INVERNAL","Todas"],"inLanguage":"es"},{"@type":"WebPage","@id":"https:\/\/www.manabi.gob.ec\/index.php\/prefectura-de-manabi-realiza-trabajos-emergentes-ante-salida-de-la-quebrada-de-rio-de-oro-en-portoviejo\/","url":"https:\/\/www.manabi.gob.ec\/index.php\/prefectura-de-manabi-realiza-trabajos-emergentes-ante-salida-de-la-quebrada-de-rio-de-oro-en-portoviejo\/","name":"Prefectura de Manab\u00ed realiza trabajos emergentes ante salida de la quebrada de R\u00edo de Oro, en Portoviejo - Prefectura de Manab\u00ed","isPartOf":{"@id":"https:\/\/www.manabi.gob.ec\/#website"},"primaryImageOfPage":{"@id":"https:\/\/www.manabi.gob.ec\/index.php\/prefectura-de-manabi-realiza-trabajos-emergentes-ante-salida-de-la-quebrada-de-rio-de-oro-en-portoviejo\/#primaryimage"},"image":{"@id":"https:\/\/www.manabi.gob.ec\/index.php\/prefectura-de-manabi-realiza-trabajos-emergentes-ante-salida-de-la-quebrada-de-rio-de-oro-en-portoviejo\/#primaryimage"},"thumbnailUrl":"https:\/\/www.manabi.gob.ec\/wp-content\/uploads\/2025\/03\/WhatsApp-Image-2025-03-08-at-5.54.35-PM.jpeg","datePublished":"2025-03-08T22:59:27+00:00","dateModified":"2025-03-21T20:56:17+00:00","author":{"@id":"https:\/\/www.manabi.gob.ec\/#\/schema\/person\/c4f117989332ad723a6ced5994aa7d7a"},"breadcrumb":{"@id":"https:\/\/www.manabi.gob.ec\/index.php\/prefectura-de-manabi-realiza-trabajos-emergentes-ante-salida-de-la-quebrada-de-rio-de-oro-en-portoviejo\/#breadcrumb"},"inLanguage":"es","potentialAction":[{"@type":"ReadAction","target":["https:\/\/www.manabi.gob.ec\/index.php\/prefectura-de-manabi-realiza-trabajos-emergentes-ante-salida-de-la-quebrada-de-rio-de-oro-en-portoviejo\/"]}]},{"@type":"ImageObject","inLanguage":"es","@id":"https:\/\/www.manabi.gob.ec\/index.php\/prefectura-de-manabi-realiza-trabajos-emergentes-ante-salida-de-la-quebrada-de-rio-de-oro-en-portoviejo\/#primaryimage","url":"https:\/\/www.manabi.gob.ec\/wp-content\/uploads\/2025\/03\/WhatsApp-Image-2025-03-08-at-5.54.35-PM.jpeg","contentUrl":"https:\/\/www.manabi.gob.ec\/wp-content\/uploads\/2025\/03\/WhatsApp-Image-2025-03-08-at-5.54.35-PM.jpeg","width":1600,"height":1066},{"@type":"BreadcrumbList","@id":"https:\/\/www.manabi.gob.ec\/index.php\/prefectura-de-manabi-realiza-trabajos-emergentes-ante-salida-de-la-quebrada-de-rio-de-oro-en-portoviejo\/#breadcrumb","itemListElement":[{"@type":"ListItem","position":1,"name":"Portada","item":"https:\/\/www.manabi.gob.ec\/"},{"@type":"ListItem","position":2,"name":"Prefectura de Manab\u00ed realiza trabajos emergentes ante salida de la quebrada de R\u00edo de Oro, en Portoviejo"}]},{"@type":"WebSite","@id":"https:\/\/www.manabi.gob.ec\/#website","url":"https:\/\/www.manabi.gob.ec\/","name":"Prefectura de Manab\u00ed","description":"P\u00e1gina web de la prefectura","potentialAction":[{"@type":"SearchAction","target":{"@type":"EntryPoint","urlTemplate":"https:\/\/www.manabi.gob.ec\/?s={search_term_string}"},"query-input":{"@type":"PropertyValueSpecification","valueRequired":true,"valueName":"search_term_string"}}],"inLanguage":"es"},{"@type":"Person","@id":"https:\/\/www.manabi.gob.ec\/#\/schema\/person\/c4f117989332ad723a6ced5994aa7d7a","name":"Lui Ochoa","image":{"@type":"ImageObject","inLanguage":"es","@id":"https:\/\/secure.gravatar.com\/avatar\/6e8017d0fe69dead8a95864d2eb6e1e1d8bf8e01194ba49cf7b897ff038126ba?s=96&d=mm&r=g","url":"https:\/\/secure.gravatar.com\/avatar\/6e8017d0fe69dead8a95864d2eb6e1e1d8bf8e01194ba49cf7b897ff038126ba?s=96&d=mm&r=g","contentUrl":"https:\/\/secure.gravatar.com\/avatar\/6e8017d0fe69dead8a95864d2eb6e1e1d8bf8e01194ba49cf7b897ff038126ba?s=96&d=mm&r=g","caption":"Lui Ochoa"},"url":"https:\/\/www.manabi.gob.ec\/index.php\/author\/lochoa\/"}]}},"jetpack_featured_media_url":"https:\/\/www.manabi.gob.ec\/wp-content\/uploads\/2025\/03\/WhatsApp-Image-2025-03-08-at-5.54.35-PM.jpeg","_links":{"self":[{"href":"https:\/\/www.manabi.gob.ec\/index.php\/wp-json\/wp\/v2\/posts\/30186","targetHints":{"allow":["GET"]}}],"collection":[{"href":"https:\/\/www.manabi.gob.ec\/index.php\/wp-json\/wp\/v2\/posts"}],"about":[{"href":"https:\/\/www.manabi.gob.ec\/index.php\/wp-json\/wp\/v2\/types\/post"}],"author":[{"embeddable":true,"href":"https:\/\/www.manabi.gob.ec\/index.php\/wp-json\/wp\/v2\/users\/10"}],"replies":[{"embeddable":true,"href":"https:\/\/www.manabi.gob.ec\/index.php\/wp-json\/wp\/v2\/comments?post=30186"}],"version-history":[{"count":1,"href":"https:\/\/www.manabi.gob.ec\/index.php\/wp-json\/wp\/v2\/posts\/30186\/revisions"}],"predecessor-version":[{"id":30188,"href":"https:\/\/www.manabi.gob.ec\/index.php\/wp-json\/wp\/v2\/posts\/30186\/revisions\/30188"}],"wp:featuredmedia":[{"embeddable":true,"href":"https:\/\/www.manabi.gob.ec\/index.php\/wp-json\/wp\/v2\/media\/30187"}],"wp:attachment":[{"href":"https:\/\/www.manabi.gob.ec\/index.php\/wp-json\/wp\/v2\/media?parent=30186"}],"wp:term":[{"taxonomy":"category","embeddable":true,"href":"https:\/\/www.manabi.gob.ec\/index.php\/wp-json\/wp\/v2\/categories?post=30186"},{"taxonomy":"post_tag","embeddable":true,"href":"https:\/\/www.manabi.gob.ec\/index.php\/wp-json\/wp\/v2\/tags?post=30186"}],"curies":[{"name":"wp","href":"https:\/\/api.w.org\/{rel}","templated":true}]}}