{"id":30200,"date":"2025-03-12T00:53:00","date_gmt":"2025-03-12T00:53:00","guid":{"rendered":"https:\/\/www.manabi.gob.ec\/?p=30200"},"modified":"2025-03-21T20:58:13","modified_gmt":"2025-03-21T20:58:13","slug":"manabi-no-se-detiene-unidos-enfrentamos-el-invierno","status":"publish","type":"post","link":"https:\/\/www.manabi.gob.ec\/index.php\/manabi-no-se-detiene-unidos-enfrentamos-el-invierno\/","title":{"rendered":"Manab\u00ed no se detiene: unidos enfrentamos el invierno"},"content":{"rendered":"\n<p>A pesar de las fuertes lluvias y la crisis econ\u00f3mica, la Prefectura de Manab\u00ed contin\u00faa trabajando con acciones concretas para proteger a nuestra gente. Se ha estado en territorio atendiendo emergencias, brindando asistencia y llevando esperanza a quienes m\u00e1s lo necesitan.<\/p>\n\n\n\n<p>Para esta administraci\u00f3n, liderada por el prefecto Leonardo Orlando, la salud es primero. Por eso, hemos realizado 5.173 atenciones m\u00e9dicas en comunidades afectadas. Nuestro equipo est\u00e1 activado 24\/7, con 281 intervenciones de prevenci\u00f3n y respuesta ante la emergencia invernal.<\/p>\n\n\n\n<p>Se ha llegado con ayuda humanitaria a 5.595 personas y 1.170 familias, entregando 606 kits de dormir, 15 de alimentos y 25 de cocina. Cada entrega es un mensaje de solidaridad y compromiso con Manab\u00ed.<\/p>\n\n\n\n<p>La provincia sigue en pie. 53 frentes de trabajo est\u00e1n activos, despejando caminos, rehabilitando v\u00edas y garantizando la conectividad en los sectores m\u00e1s afectados.<\/p>\n\n\n\n<p>Pese a las dificultades, la Prefectura de Manab\u00ed sigue trabajando con fuerza, porque Manab\u00ed no se rinde, Manab\u00ed no est\u00e1 solo y Manab\u00ed no se detiene.<\/p>\n","protected":false},"excerpt":{"rendered":"<p>A pesar de las fuertes lluvias y la crisis econ\u00f3mica, la Prefectura de Manab\u00ed contin\u00faa trabajando con acciones concretas para proteger a nuestra gente. Se ha estado en territorio atendiendo emergencias, brindando asistencia y llevando esperanza a quienes m\u00e1s lo necesitan. Para esta administraci\u00f3n, liderada por el prefecto Leonardo Orlando, la salud es primero. Por [&hellip;]<\/p>\n","protected":false},"author":10,"featured_media":30201,"comment_status":"closed","ping_status":"closed","sticky":false,"template":"","format":"standard","meta":{"_joinchat":[],"footnotes":""},"categories":[150,142,92,181,160],"tags":[],"class_list":["post-30200","post","type-post","status-publish","format-standard","has-post-thumbnail","hentry","category-ambiente","category-desarrollo-social","category-noticias-manabi","category-obra-publica","category-sucre"],"yoast_head":"<!-- This site is optimized with the Yoast SEO plugin v27.4 - https:\/\/yoast.com\/product\/yoast-seo-wordpress\/ -->\n<title>Manab\u00ed no se detiene: unidos enfrentamos el invierno - Prefectura de Manab\u00ed<\/title>\n<meta name=\"robots\" content=\"index, follow, max-snippet:-1, max-image-preview:large, max-video-preview:-1\" \/>\n<link rel=\"canonical\" href=\"https:\/\/www.manabi.gob.ec\/index.php\/manabi-no-se-detiene-unidos-enfrentamos-el-invierno\/\" \/>\n<meta property=\"og:locale\" content=\"es_ES\" \/>\n<meta property=\"og:type\" content=\"article\" \/>\n<meta property=\"og:title\" content=\"Manab\u00ed no se detiene: unidos enfrentamos el invierno - Prefectura de Manab\u00ed\" \/>\n<meta property=\"og:description\" content=\"A pesar de las fuertes lluvias y la crisis econ\u00f3mica, la Prefectura de Manab\u00ed contin\u00faa trabajando con acciones concretas para proteger a nuestra gente. Se ha estado en territorio atendiendo emergencias, brindando asistencia y llevando esperanza a quienes m\u00e1s lo necesitan. Para esta administraci\u00f3n, liderada por el prefecto Leonardo Orlando, la salud es primero. Por [&hellip;]\" \/>\n<meta property=\"og:url\" content=\"https:\/\/www.manabi.gob.ec\/index.php\/manabi-no-se-detiene-unidos-enfrentamos-el-invierno\/\" \/>\n<meta property=\"og:site_name\" content=\"Prefectura de Manab\u00ed\" \/>\n<meta property=\"article:published_time\" content=\"2025-03-12T00:53:00+00:00\" \/>\n<meta property=\"article:modified_time\" content=\"2025-03-21T20:58:13+00:00\" \/>\n<meta property=\"og:image\" content=\"https:\/\/www.manabi.gob.ec\/wp-content\/uploads\/2025\/03\/db01ab4d-2c65-4f1c-872b-37c61807c26d-scaled.jpg\" \/>\n\t<meta property=\"og:image:width\" content=\"2560\" \/>\n\t<meta property=\"og:image:height\" content=\"1707\" \/>\n\t<meta property=\"og:image:type\" content=\"image\/jpeg\" \/>\n<meta name=\"author\" content=\"Lui Ochoa\" \/>\n<meta name=\"twitter:card\" content=\"summary_large_image\" \/>\n<meta name=\"twitter:label1\" content=\"Escrito por\" \/>\n\t<meta name=\"twitter:data1\" content=\"Lui Ochoa\" \/>\n\t<meta name=\"twitter:label2\" content=\"Tiempo de lectura\" \/>\n\t<meta name=\"twitter:data2\" content=\"1 minuto\" \/>\n<script type=\"application\/ld+json\" class=\"yoast-schema-graph\">{\"@context\":\"https:\\\/\\\/schema.org\",\"@graph\":[{\"@type\":\"Article\",\"@id\":\"https:\\\/\\\/www.manabi.gob.ec\\\/index.php\\\/manabi-no-se-detiene-unidos-enfrentamos-el-invierno\\\/#article\",\"isPartOf\":{\"@id\":\"https:\\\/\\\/www.manabi.gob.ec\\\/index.php\\\/manabi-no-se-detiene-unidos-enfrentamos-el-invierno\\\/\"},\"author\":{\"name\":\"Lui Ochoa\",\"@id\":\"https:\\\/\\\/www.manabi.gob.ec\\\/#\\\/schema\\\/person\\\/c4f117989332ad723a6ced5994aa7d7a\"},\"headline\":\"Manab\u00ed no se detiene: unidos enfrentamos el invierno\",\"datePublished\":\"2025-03-12T00:53:00+00:00\",\"dateModified\":\"2025-03-21T20:58:13+00:00\",\"mainEntityOfPage\":{\"@id\":\"https:\\\/\\\/www.manabi.gob.ec\\\/index.php\\\/manabi-no-se-detiene-unidos-enfrentamos-el-invierno\\\/\"},\"wordCount\":173,\"image\":{\"@id\":\"https:\\\/\\\/www.manabi.gob.ec\\\/index.php\\\/manabi-no-se-detiene-unidos-enfrentamos-el-invierno\\\/#primaryimage\"},\"thumbnailUrl\":\"https:\\\/\\\/www.manabi.gob.ec\\\/wp-content\\\/uploads\\\/2025\\\/03\\\/db01ab4d-2c65-4f1c-872b-37c61807c26d-scaled.jpg\",\"articleSection\":[\"Ambiente\",\"Desarrollo Social\",\"Noticias\",\"Obra P\u00fablica\",\"Sucre\"],\"inLanguage\":\"es\"},{\"@type\":\"WebPage\",\"@id\":\"https:\\\/\\\/www.manabi.gob.ec\\\/index.php\\\/manabi-no-se-detiene-unidos-enfrentamos-el-invierno\\\/\",\"url\":\"https:\\\/\\\/www.manabi.gob.ec\\\/index.php\\\/manabi-no-se-detiene-unidos-enfrentamos-el-invierno\\\/\",\"name\":\"Manab\u00ed no se detiene: unidos enfrentamos el invierno - Prefectura de Manab\u00ed\",\"isPartOf\":{\"@id\":\"https:\\\/\\\/www.manabi.gob.ec\\\/#website\"},\"primaryImageOfPage\":{\"@id\":\"https:\\\/\\\/www.manabi.gob.ec\\\/index.php\\\/manabi-no-se-detiene-unidos-enfrentamos-el-invierno\\\/#primaryimage\"},\"image\":{\"@id\":\"https:\\\/\\\/www.manabi.gob.ec\\\/index.php\\\/manabi-no-se-detiene-unidos-enfrentamos-el-invierno\\\/#primaryimage\"},\"thumbnailUrl\":\"https:\\\/\\\/www.manabi.gob.ec\\\/wp-content\\\/uploads\\\/2025\\\/03\\\/db01ab4d-2c65-4f1c-872b-37c61807c26d-scaled.jpg\",\"datePublished\":\"2025-03-12T00:53:00+00:00\",\"dateModified\":\"2025-03-21T20:58:13+00:00\",\"author\":{\"@id\":\"https:\\\/\\\/www.manabi.gob.ec\\\/#\\\/schema\\\/person\\\/c4f117989332ad723a6ced5994aa7d7a\"},\"breadcrumb\":{\"@id\":\"https:\\\/\\\/www.manabi.gob.ec\\\/index.php\\\/manabi-no-se-detiene-unidos-enfrentamos-el-invierno\\\/#breadcrumb\"},\"inLanguage\":\"es\",\"potentialAction\":[{\"@type\":\"ReadAction\",\"target\":[\"https:\\\/\\\/www.manabi.gob.ec\\\/index.php\\\/manabi-no-se-detiene-unidos-enfrentamos-el-invierno\\\/\"]}]},{\"@type\":\"ImageObject\",\"inLanguage\":\"es\",\"@id\":\"https:\\\/\\\/www.manabi.gob.ec\\\/index.php\\\/manabi-no-se-detiene-unidos-enfrentamos-el-invierno\\\/#primaryimage\",\"url\":\"https:\\\/\\\/www.manabi.gob.ec\\\/wp-content\\\/uploads\\\/2025\\\/03\\\/db01ab4d-2c65-4f1c-872b-37c61807c26d-scaled.jpg\",\"contentUrl\":\"https:\\\/\\\/www.manabi.gob.ec\\\/wp-content\\\/uploads\\\/2025\\\/03\\\/db01ab4d-2c65-4f1c-872b-37c61807c26d-scaled.jpg\",\"width\":2560,\"height\":1707},{\"@type\":\"BreadcrumbList\",\"@id\":\"https:\\\/\\\/www.manabi.gob.ec\\\/index.php\\\/manabi-no-se-detiene-unidos-enfrentamos-el-invierno\\\/#breadcrumb\",\"itemListElement\":[{\"@type\":\"ListItem\",\"position\":1,\"name\":\"Portada\",\"item\":\"https:\\\/\\\/www.manabi.gob.ec\\\/\"},{\"@type\":\"ListItem\",\"position\":2,\"name\":\"Manab\u00ed no se detiene: unidos enfrentamos el invierno\"}]},{\"@type\":\"WebSite\",\"@id\":\"https:\\\/\\\/www.manabi.gob.ec\\\/#website\",\"url\":\"https:\\\/\\\/www.manabi.gob.ec\\\/\",\"name\":\"Prefectura de Manab\u00ed\",\"description\":\"P\u00e1gina web de la prefectura\",\"potentialAction\":[{\"@type\":\"SearchAction\",\"target\":{\"@type\":\"EntryPoint\",\"urlTemplate\":\"https:\\\/\\\/www.manabi.gob.ec\\\/?s={search_term_string}\"},\"query-input\":{\"@type\":\"PropertyValueSpecification\",\"valueRequired\":true,\"valueName\":\"search_term_string\"}}],\"inLanguage\":\"es\"},{\"@type\":\"Person\",\"@id\":\"https:\\\/\\\/www.manabi.gob.ec\\\/#\\\/schema\\\/person\\\/c4f117989332ad723a6ced5994aa7d7a\",\"name\":\"Lui Ochoa\",\"image\":{\"@type\":\"ImageObject\",\"inLanguage\":\"es\",\"@id\":\"https:\\\/\\\/secure.gravatar.com\\\/avatar\\\/6e8017d0fe69dead8a95864d2eb6e1e1d8bf8e01194ba49cf7b897ff038126ba?s=96&d=mm&r=g\",\"url\":\"https:\\\/\\\/secure.gravatar.com\\\/avatar\\\/6e8017d0fe69dead8a95864d2eb6e1e1d8bf8e01194ba49cf7b897ff038126ba?s=96&d=mm&r=g\",\"contentUrl\":\"https:\\\/\\\/secure.gravatar.com\\\/avatar\\\/6e8017d0fe69dead8a95864d2eb6e1e1d8bf8e01194ba49cf7b897ff038126ba?s=96&d=mm&r=g\",\"caption\":\"Lui Ochoa\"},\"url\":\"https:\\\/\\\/www.manabi.gob.ec\\\/index.php\\\/author\\\/lochoa\\\/\"}]}<\/script>\n<!-- \/ Yoast SEO plugin. -->","yoast_head_json":{"title":"Manab\u00ed no se detiene: unidos enfrentamos el invierno - Prefectura de Manab\u00ed","robots":{"index":"index","follow":"follow","max-snippet":"max-snippet:-1","max-image-preview":"max-image-preview:large","max-video-preview":"max-video-preview:-1"},"canonical":"https:\/\/www.manabi.gob.ec\/index.php\/manabi-no-se-detiene-unidos-enfrentamos-el-invierno\/","og_locale":"es_ES","og_type":"article","og_title":"Manab\u00ed no se detiene: unidos enfrentamos el invierno - Prefectura de Manab\u00ed","og_description":"A pesar de las fuertes lluvias y la crisis econ\u00f3mica, la Prefectura de Manab\u00ed contin\u00faa trabajando con acciones concretas para proteger a nuestra gente. Se ha estado en territorio atendiendo emergencias, brindando asistencia y llevando esperanza a quienes m\u00e1s lo necesitan. Para esta administraci\u00f3n, liderada por el prefecto Leonardo Orlando, la salud es primero. Por [&hellip;]","og_url":"https:\/\/www.manabi.gob.ec\/index.php\/manabi-no-se-detiene-unidos-enfrentamos-el-invierno\/","og_site_name":"Prefectura de Manab\u00ed","article_published_time":"2025-03-12T00:53:00+00:00","article_modified_time":"2025-03-21T20:58:13+00:00","og_image":[{"width":2560,"height":1707,"url":"https:\/\/www.manabi.gob.ec\/wp-content\/uploads\/2025\/03\/db01ab4d-2c65-4f1c-872b-37c61807c26d-scaled.jpg","type":"image\/jpeg"}],"author":"Lui Ochoa","twitter_card":"summary_large_image","twitter_misc":{"Escrito por":"Lui Ochoa","Tiempo de lectura":"1 minuto"},"schema":{"@context":"https:\/\/schema.org","@graph":[{"@type":"Article","@id":"https:\/\/www.manabi.gob.ec\/index.php\/manabi-no-se-detiene-unidos-enfrentamos-el-invierno\/#article","isPartOf":{"@id":"https:\/\/www.manabi.gob.ec\/index.php\/manabi-no-se-detiene-unidos-enfrentamos-el-invierno\/"},"author":{"name":"Lui Ochoa","@id":"https:\/\/www.manabi.gob.ec\/#\/schema\/person\/c4f117989332ad723a6ced5994aa7d7a"},"headline":"Manab\u00ed no se detiene: unidos enfrentamos el invierno","datePublished":"2025-03-12T00:53:00+00:00","dateModified":"2025-03-21T20:58:13+00:00","mainEntityOfPage":{"@id":"https:\/\/www.manabi.gob.ec\/index.php\/manabi-no-se-detiene-unidos-enfrentamos-el-invierno\/"},"wordCount":173,"image":{"@id":"https:\/\/www.manabi.gob.ec\/index.php\/manabi-no-se-detiene-unidos-enfrentamos-el-invierno\/#primaryimage"},"thumbnailUrl":"https:\/\/www.manabi.gob.ec\/wp-content\/uploads\/2025\/03\/db01ab4d-2c65-4f1c-872b-37c61807c26d-scaled.jpg","articleSection":["Ambiente","Desarrollo Social","Noticias","Obra P\u00fablica","Sucre"],"inLanguage":"es"},{"@type":"WebPage","@id":"https:\/\/www.manabi.gob.ec\/index.php\/manabi-no-se-detiene-unidos-enfrentamos-el-invierno\/","url":"https:\/\/www.manabi.gob.ec\/index.php\/manabi-no-se-detiene-unidos-enfrentamos-el-invierno\/","name":"Manab\u00ed no se detiene: unidos enfrentamos el invierno - Prefectura de Manab\u00ed","isPartOf":{"@id":"https:\/\/www.manabi.gob.ec\/#website"},"primaryImageOfPage":{"@id":"https:\/\/www.manabi.gob.ec\/index.php\/manabi-no-se-detiene-unidos-enfrentamos-el-invierno\/#primaryimage"},"image":{"@id":"https:\/\/www.manabi.gob.ec\/index.php\/manabi-no-se-detiene-unidos-enfrentamos-el-invierno\/#primaryimage"},"thumbnailUrl":"https:\/\/www.manabi.gob.ec\/wp-content\/uploads\/2025\/03\/db01ab4d-2c65-4f1c-872b-37c61807c26d-scaled.jpg","datePublished":"2025-03-12T00:53:00+00:00","dateModified":"2025-03-21T20:58:13+00:00","author":{"@id":"https:\/\/www.manabi.gob.ec\/#\/schema\/person\/c4f117989332ad723a6ced5994aa7d7a"},"breadcrumb":{"@id":"https:\/\/www.manabi.gob.ec\/index.php\/manabi-no-se-detiene-unidos-enfrentamos-el-invierno\/#breadcrumb"},"inLanguage":"es","potentialAction":[{"@type":"ReadAction","target":["https:\/\/www.manabi.gob.ec\/index.php\/manabi-no-se-detiene-unidos-enfrentamos-el-invierno\/"]}]},{"@type":"ImageObject","inLanguage":"es","@id":"https:\/\/www.manabi.gob.ec\/index.php\/manabi-no-se-detiene-unidos-enfrentamos-el-invierno\/#primaryimage","url":"https:\/\/www.manabi.gob.ec\/wp-content\/uploads\/2025\/03\/db01ab4d-2c65-4f1c-872b-37c61807c26d-scaled.jpg","contentUrl":"https:\/\/www.manabi.gob.ec\/wp-content\/uploads\/2025\/03\/db01ab4d-2c65-4f1c-872b-37c61807c26d-scaled.jpg","width":2560,"height":1707},{"@type":"BreadcrumbList","@id":"https:\/\/www.manabi.gob.ec\/index.php\/manabi-no-se-detiene-unidos-enfrentamos-el-invierno\/#breadcrumb","itemListElement":[{"@type":"ListItem","position":1,"name":"Portada","item":"https:\/\/www.manabi.gob.ec\/"},{"@type":"ListItem","position":2,"name":"Manab\u00ed no se detiene: unidos enfrentamos el invierno"}]},{"@type":"WebSite","@id":"https:\/\/www.manabi.gob.ec\/#website","url":"https:\/\/www.manabi.gob.ec\/","name":"Prefectura de Manab\u00ed","description":"P\u00e1gina web de la prefectura","potentialAction":[{"@type":"SearchAction","target":{"@type":"EntryPoint","urlTemplate":"https:\/\/www.manabi.gob.ec\/?s={search_term_string}"},"query-input":{"@type":"PropertyValueSpecification","valueRequired":true,"valueName":"search_term_string"}}],"inLanguage":"es"},{"@type":"Person","@id":"https:\/\/www.manabi.gob.ec\/#\/schema\/person\/c4f117989332ad723a6ced5994aa7d7a","name":"Lui Ochoa","image":{"@type":"ImageObject","inLanguage":"es","@id":"https:\/\/secure.gravatar.com\/avatar\/6e8017d0fe69dead8a95864d2eb6e1e1d8bf8e01194ba49cf7b897ff038126ba?s=96&d=mm&r=g","url":"https:\/\/secure.gravatar.com\/avatar\/6e8017d0fe69dead8a95864d2eb6e1e1d8bf8e01194ba49cf7b897ff038126ba?s=96&d=mm&r=g","contentUrl":"https:\/\/secure.gravatar.com\/avatar\/6e8017d0fe69dead8a95864d2eb6e1e1d8bf8e01194ba49cf7b897ff038126ba?s=96&d=mm&r=g","caption":"Lui Ochoa"},"url":"https:\/\/www.manabi.gob.ec\/index.php\/author\/lochoa\/"}]}},"jetpack_featured_media_url":"https:\/\/www.manabi.gob.ec\/wp-content\/uploads\/2025\/03\/db01ab4d-2c65-4f1c-872b-37c61807c26d-scaled.jpg","_links":{"self":[{"href":"https:\/\/www.manabi.gob.ec\/index.php\/wp-json\/wp\/v2\/posts\/30200","targetHints":{"allow":["GET"]}}],"collection":[{"href":"https:\/\/www.manabi.gob.ec\/index.php\/wp-json\/wp\/v2\/posts"}],"about":[{"href":"https:\/\/www.manabi.gob.ec\/index.php\/wp-json\/wp\/v2\/types\/post"}],"author":[{"embeddable":true,"href":"https:\/\/www.manabi.gob.ec\/index.php\/wp-json\/wp\/v2\/users\/10"}],"replies":[{"embeddable":true,"href":"https:\/\/www.manabi.gob.ec\/index.php\/wp-json\/wp\/v2\/comments?post=30200"}],"version-history":[{"count":1,"href":"https:\/\/www.manabi.gob.ec\/index.php\/wp-json\/wp\/v2\/posts\/30200\/revisions"}],"predecessor-version":[{"id":30202,"href":"https:\/\/www.manabi.gob.ec\/index.php\/wp-json\/wp\/v2\/posts\/30200\/revisions\/30202"}],"wp:featuredmedia":[{"embeddable":true,"href":"https:\/\/www.manabi.gob.ec\/index.php\/wp-json\/wp\/v2\/media\/30201"}],"wp:attachment":[{"href":"https:\/\/www.manabi.gob.ec\/index.php\/wp-json\/wp\/v2\/media?parent=30200"}],"wp:term":[{"taxonomy":"category","embeddable":true,"href":"https:\/\/www.manabi.gob.ec\/index.php\/wp-json\/wp\/v2\/categories?post=30200"},{"taxonomy":"post_tag","embeddable":true,"href":"https:\/\/www.manabi.gob.ec\/index.php\/wp-json\/wp\/v2\/tags?post=30200"}],"curies":[{"name":"wp","href":"https:\/\/api.w.org\/{rel}","templated":true}]}}