{"id":30233,"date":"2025-03-17T14:54:08","date_gmt":"2025-03-17T14:54:08","guid":{"rendered":"https:\/\/www.manabi.gob.ec\/?p=30233"},"modified":"2025-03-17T14:54:13","modified_gmt":"2025-03-17T14:54:13","slug":"prefectura-de-manabi-responde-con-trabajo-y-solidaridad-78-frentes-activos-en-la-provincia","status":"publish","type":"post","link":"https:\/\/www.manabi.gob.ec\/index.php\/prefectura-de-manabi-responde-con-trabajo-y-solidaridad-78-frentes-activos-en-la-provincia\/","title":{"rendered":"Prefectura de Manab\u00ed responde con trabajo y solidaridad: 78 frentes activos en la provincia"},"content":{"rendered":"\n<p>\u201cAqu\u00ed nada ni nadie nos va a detener. Vamos a seguir trabajando pese a las adversidades, pese a la crisis econ\u00f3mica, pese a una deuda del Gobierno central que supera ya los 46.8 millones de d\u00f3lares. Nadie est\u00e1 solo. Vamos a seguir trabajando en unidad por Tosagua y Manab\u00ed\u201d, afirm\u00f3 el prefecto Leonardo Orlando, durante su recorrido en las zonas afectadas por las lluvias en los cantones Bol\u00edvar y Tosagua.<\/p>\n\n\n\n<p>En el sitio Larrea, en los l\u00edmites de Tosagua y Chone, el prefecto supervis\u00f3 la limpieza y retiro de palizada en el r\u00edo Carrizal. Estos trabajos tienen triple prop\u00f3sito: evitar nuevas inundaciones, combatir la contaminaci\u00f3n y proteger las infraestructuras p\u00fablicas, como puentes y v\u00edas. Todo esto se realiza en articulaci\u00f3n con el GAD cantonal, destac\u00f3 Orlando mientras verificaba las labores junto al alcalde de Tosagua, Rommel Cede\u00f1o, y el equipo t\u00e9cnico de diferentes direcciones de la Prefectura.<\/p>\n\n\n\n<p>En el sitio Cabello del cant\u00f3n Bol\u00edvar se ejecutan trabajos de limpieza y apertura del estero Bejucal, afectado por obstrucciones en su cauce. Con una excavadora de brazo corto, se han intervenido cinco puntos cr\u00edticos, logrando que el agua estancada comience a drenar. Solo queda un tramo m\u00e1s en el sector Venturita para completar la rehabilitaci\u00f3n del canal natural.<\/p>\n\n\n\n<p>As\u00ed mismo, en el sector Riveras del Carrizal, perteneciente a la parroquia urbana Calceta, una brigada m\u00e9dica de la Prefectura brind\u00f3 atenci\u00f3n a unas 150 personas afectadas por el invierno. M\u00e9dicos generales, odont\u00f3logos, optometristas, nutricionistas y auxiliares de enfermer\u00eda, llegaron al sitio para asistir a quienes m\u00e1s lo necesitan. Tambi\u00e9n se les entreg\u00f3 medicinas gratuitas.<\/p>\n\n\n\n<p>\u201cAqu\u00ed nadie est\u00e1 solo. Desde el COE provincial, desde la Prefectura estamos para trabajar articuladamente para llevar bienestar, salud, proteger la vida de todos\u201d, enfatiz\u00f3 Orlando.<\/p>\n\n\n\n<p>Las intervenciones contin\u00faan en toda la provincia, con 78 frentes de trabajo activos para rehabilitar v\u00edas, reforzar estructuras y atender a las familias damnificadas. La articulaci\u00f3n con los gobiernos locales y la ciudadan\u00eda es fundamental para mitigar los impactos de la temporada invernal.<\/p>\n\n\n\n<p>Manab\u00ed no est\u00e1 solo y no se detiene. Con trabajo, unidad y esperanza, saldremos adelante.<\/p>\n","protected":false},"excerpt":{"rendered":"<p>\u201cAqu\u00ed nada ni nadie nos va a detener. Vamos a seguir trabajando pese a las adversidades, pese a la crisis econ\u00f3mica, pese a una deuda del Gobierno central que supera ya los 46.8 millones de d\u00f3lares. Nadie est\u00e1 solo. Vamos a seguir trabajando en unidad por Tosagua y Manab\u00ed\u201d, afirm\u00f3 el prefecto Leonardo Orlando, durante [&hellip;]<\/p>\n","protected":false},"author":10,"featured_media":30234,"comment_status":"closed","ping_status":"closed","sticky":false,"template":"","format":"standard","meta":{"_joinchat":[],"footnotes":""},"categories":[150,343,142,92,91],"tags":[],"class_list":["post-30233","post","type-post","status-publish","format-standard","has-post-thumbnail","hentry","category-ambiente","category-bicentenario","category-desarrollo-social","category-noticias-manabi","category-todas"],"yoast_head":"<!-- This site is optimized with the Yoast SEO plugin v27.4 - https:\/\/yoast.com\/product\/yoast-seo-wordpress\/ -->\n<title>Prefectura de Manab\u00ed responde con trabajo y solidaridad: 78 frentes activos en la provincia - Prefectura de Manab\u00ed<\/title>\n<meta name=\"robots\" content=\"index, follow, max-snippet:-1, max-image-preview:large, max-video-preview:-1\" \/>\n<link rel=\"canonical\" href=\"https:\/\/www.manabi.gob.ec\/index.php\/prefectura-de-manabi-responde-con-trabajo-y-solidaridad-78-frentes-activos-en-la-provincia\/\" \/>\n<meta property=\"og:locale\" content=\"es_ES\" \/>\n<meta property=\"og:type\" content=\"article\" \/>\n<meta property=\"og:title\" content=\"Prefectura de Manab\u00ed responde con trabajo y solidaridad: 78 frentes activos en la provincia - Prefectura de Manab\u00ed\" \/>\n<meta property=\"og:description\" content=\"\u201cAqu\u00ed nada ni nadie nos va a detener. Vamos a seguir trabajando pese a las adversidades, pese a la crisis econ\u00f3mica, pese a una deuda del Gobierno central que supera ya los 46.8 millones de d\u00f3lares. Nadie est\u00e1 solo. Vamos a seguir trabajando en unidad por Tosagua y Manab\u00ed\u201d, afirm\u00f3 el prefecto Leonardo Orlando, durante [&hellip;]\" \/>\n<meta property=\"og:url\" content=\"https:\/\/www.manabi.gob.ec\/index.php\/prefectura-de-manabi-responde-con-trabajo-y-solidaridad-78-frentes-activos-en-la-provincia\/\" \/>\n<meta property=\"og:site_name\" content=\"Prefectura de Manab\u00ed\" \/>\n<meta property=\"article:published_time\" content=\"2025-03-17T14:54:08+00:00\" \/>\n<meta property=\"article:modified_time\" content=\"2025-03-17T14:54:13+00:00\" \/>\n<meta property=\"og:image\" content=\"https:\/\/www.manabi.gob.ec\/wp-content\/uploads\/2025\/03\/WhatsApp-Image-2025-03-17-at-9.53.16-AM.jpeg\" \/>\n\t<meta property=\"og:image:width\" content=\"2048\" \/>\n\t<meta property=\"og:image:height\" content=\"1366\" \/>\n\t<meta property=\"og:image:type\" content=\"image\/jpeg\" \/>\n<meta name=\"author\" content=\"Lui Ochoa\" \/>\n<meta name=\"twitter:card\" content=\"summary_large_image\" \/>\n<meta name=\"twitter:label1\" content=\"Escrito por\" \/>\n\t<meta name=\"twitter:data1\" content=\"Lui Ochoa\" \/>\n\t<meta name=\"twitter:label2\" content=\"Tiempo de lectura\" \/>\n\t<meta name=\"twitter:data2\" content=\"2 minutos\" \/>\n<script type=\"application\/ld+json\" class=\"yoast-schema-graph\">{\"@context\":\"https:\\\/\\\/schema.org\",\"@graph\":[{\"@type\":\"Article\",\"@id\":\"https:\\\/\\\/www.manabi.gob.ec\\\/index.php\\\/prefectura-de-manabi-responde-con-trabajo-y-solidaridad-78-frentes-activos-en-la-provincia\\\/#article\",\"isPartOf\":{\"@id\":\"https:\\\/\\\/www.manabi.gob.ec\\\/index.php\\\/prefectura-de-manabi-responde-con-trabajo-y-solidaridad-78-frentes-activos-en-la-provincia\\\/\"},\"author\":{\"name\":\"Lui Ochoa\",\"@id\":\"https:\\\/\\\/www.manabi.gob.ec\\\/#\\\/schema\\\/person\\\/c4f117989332ad723a6ced5994aa7d7a\"},\"headline\":\"Prefectura de Manab\u00ed responde con trabajo y solidaridad: 78 frentes activos en la provincia\",\"datePublished\":\"2025-03-17T14:54:08+00:00\",\"dateModified\":\"2025-03-17T14:54:13+00:00\",\"mainEntityOfPage\":{\"@id\":\"https:\\\/\\\/www.manabi.gob.ec\\\/index.php\\\/prefectura-de-manabi-responde-con-trabajo-y-solidaridad-78-frentes-activos-en-la-provincia\\\/\"},\"wordCount\":383,\"image\":{\"@id\":\"https:\\\/\\\/www.manabi.gob.ec\\\/index.php\\\/prefectura-de-manabi-responde-con-trabajo-y-solidaridad-78-frentes-activos-en-la-provincia\\\/#primaryimage\"},\"thumbnailUrl\":\"https:\\\/\\\/www.manabi.gob.ec\\\/wp-content\\\/uploads\\\/2025\\\/03\\\/WhatsApp-Image-2025-03-17-at-9.53.16-AM.jpeg\",\"articleSection\":[\"Ambiente\",\"bicentenario\",\"Desarrollo Social\",\"Noticias\",\"Todas\"],\"inLanguage\":\"es\"},{\"@type\":\"WebPage\",\"@id\":\"https:\\\/\\\/www.manabi.gob.ec\\\/index.php\\\/prefectura-de-manabi-responde-con-trabajo-y-solidaridad-78-frentes-activos-en-la-provincia\\\/\",\"url\":\"https:\\\/\\\/www.manabi.gob.ec\\\/index.php\\\/prefectura-de-manabi-responde-con-trabajo-y-solidaridad-78-frentes-activos-en-la-provincia\\\/\",\"name\":\"Prefectura de Manab\u00ed responde con trabajo y solidaridad: 78 frentes activos en la provincia - Prefectura de Manab\u00ed\",\"isPartOf\":{\"@id\":\"https:\\\/\\\/www.manabi.gob.ec\\\/#website\"},\"primaryImageOfPage\":{\"@id\":\"https:\\\/\\\/www.manabi.gob.ec\\\/index.php\\\/prefectura-de-manabi-responde-con-trabajo-y-solidaridad-78-frentes-activos-en-la-provincia\\\/#primaryimage\"},\"image\":{\"@id\":\"https:\\\/\\\/www.manabi.gob.ec\\\/index.php\\\/prefectura-de-manabi-responde-con-trabajo-y-solidaridad-78-frentes-activos-en-la-provincia\\\/#primaryimage\"},\"thumbnailUrl\":\"https:\\\/\\\/www.manabi.gob.ec\\\/wp-content\\\/uploads\\\/2025\\\/03\\\/WhatsApp-Image-2025-03-17-at-9.53.16-AM.jpeg\",\"datePublished\":\"2025-03-17T14:54:08+00:00\",\"dateModified\":\"2025-03-17T14:54:13+00:00\",\"author\":{\"@id\":\"https:\\\/\\\/www.manabi.gob.ec\\\/#\\\/schema\\\/person\\\/c4f117989332ad723a6ced5994aa7d7a\"},\"breadcrumb\":{\"@id\":\"https:\\\/\\\/www.manabi.gob.ec\\\/index.php\\\/prefectura-de-manabi-responde-con-trabajo-y-solidaridad-78-frentes-activos-en-la-provincia\\\/#breadcrumb\"},\"inLanguage\":\"es\",\"potentialAction\":[{\"@type\":\"ReadAction\",\"target\":[\"https:\\\/\\\/www.manabi.gob.ec\\\/index.php\\\/prefectura-de-manabi-responde-con-trabajo-y-solidaridad-78-frentes-activos-en-la-provincia\\\/\"]}]},{\"@type\":\"ImageObject\",\"inLanguage\":\"es\",\"@id\":\"https:\\\/\\\/www.manabi.gob.ec\\\/index.php\\\/prefectura-de-manabi-responde-con-trabajo-y-solidaridad-78-frentes-activos-en-la-provincia\\\/#primaryimage\",\"url\":\"https:\\\/\\\/www.manabi.gob.ec\\\/wp-content\\\/uploads\\\/2025\\\/03\\\/WhatsApp-Image-2025-03-17-at-9.53.16-AM.jpeg\",\"contentUrl\":\"https:\\\/\\\/www.manabi.gob.ec\\\/wp-content\\\/uploads\\\/2025\\\/03\\\/WhatsApp-Image-2025-03-17-at-9.53.16-AM.jpeg\",\"width\":2048,\"height\":1366},{\"@type\":\"BreadcrumbList\",\"@id\":\"https:\\\/\\\/www.manabi.gob.ec\\\/index.php\\\/prefectura-de-manabi-responde-con-trabajo-y-solidaridad-78-frentes-activos-en-la-provincia\\\/#breadcrumb\",\"itemListElement\":[{\"@type\":\"ListItem\",\"position\":1,\"name\":\"Portada\",\"item\":\"https:\\\/\\\/www.manabi.gob.ec\\\/\"},{\"@type\":\"ListItem\",\"position\":2,\"name\":\"Prefectura de Manab\u00ed responde con trabajo y solidaridad: 78 frentes activos en la provincia\"}]},{\"@type\":\"WebSite\",\"@id\":\"https:\\\/\\\/www.manabi.gob.ec\\\/#website\",\"url\":\"https:\\\/\\\/www.manabi.gob.ec\\\/\",\"name\":\"Prefectura de Manab\u00ed\",\"description\":\"P\u00e1gina web de la prefectura\",\"potentialAction\":[{\"@type\":\"SearchAction\",\"target\":{\"@type\":\"EntryPoint\",\"urlTemplate\":\"https:\\\/\\\/www.manabi.gob.ec\\\/?s={search_term_string}\"},\"query-input\":{\"@type\":\"PropertyValueSpecification\",\"valueRequired\":true,\"valueName\":\"search_term_string\"}}],\"inLanguage\":\"es\"},{\"@type\":\"Person\",\"@id\":\"https:\\\/\\\/www.manabi.gob.ec\\\/#\\\/schema\\\/person\\\/c4f117989332ad723a6ced5994aa7d7a\",\"name\":\"Lui Ochoa\",\"image\":{\"@type\":\"ImageObject\",\"inLanguage\":\"es\",\"@id\":\"https:\\\/\\\/secure.gravatar.com\\\/avatar\\\/6e8017d0fe69dead8a95864d2eb6e1e1d8bf8e01194ba49cf7b897ff038126ba?s=96&d=mm&r=g\",\"url\":\"https:\\\/\\\/secure.gravatar.com\\\/avatar\\\/6e8017d0fe69dead8a95864d2eb6e1e1d8bf8e01194ba49cf7b897ff038126ba?s=96&d=mm&r=g\",\"contentUrl\":\"https:\\\/\\\/secure.gravatar.com\\\/avatar\\\/6e8017d0fe69dead8a95864d2eb6e1e1d8bf8e01194ba49cf7b897ff038126ba?s=96&d=mm&r=g\",\"caption\":\"Lui Ochoa\"},\"url\":\"https:\\\/\\\/www.manabi.gob.ec\\\/index.php\\\/author\\\/lochoa\\\/\"}]}<\/script>\n<!-- \/ Yoast SEO plugin. -->","yoast_head_json":{"title":"Prefectura de Manab\u00ed responde con trabajo y solidaridad: 78 frentes activos en la provincia - Prefectura de Manab\u00ed","robots":{"index":"index","follow":"follow","max-snippet":"max-snippet:-1","max-image-preview":"max-image-preview:large","max-video-preview":"max-video-preview:-1"},"canonical":"https:\/\/www.manabi.gob.ec\/index.php\/prefectura-de-manabi-responde-con-trabajo-y-solidaridad-78-frentes-activos-en-la-provincia\/","og_locale":"es_ES","og_type":"article","og_title":"Prefectura de Manab\u00ed responde con trabajo y solidaridad: 78 frentes activos en la provincia - Prefectura de Manab\u00ed","og_description":"\u201cAqu\u00ed nada ni nadie nos va a detener. Vamos a seguir trabajando pese a las adversidades, pese a la crisis econ\u00f3mica, pese a una deuda del Gobierno central que supera ya los 46.8 millones de d\u00f3lares. Nadie est\u00e1 solo. Vamos a seguir trabajando en unidad por Tosagua y Manab\u00ed\u201d, afirm\u00f3 el prefecto Leonardo Orlando, durante [&hellip;]","og_url":"https:\/\/www.manabi.gob.ec\/index.php\/prefectura-de-manabi-responde-con-trabajo-y-solidaridad-78-frentes-activos-en-la-provincia\/","og_site_name":"Prefectura de Manab\u00ed","article_published_time":"2025-03-17T14:54:08+00:00","article_modified_time":"2025-03-17T14:54:13+00:00","og_image":[{"width":2048,"height":1366,"url":"https:\/\/www.manabi.gob.ec\/wp-content\/uploads\/2025\/03\/WhatsApp-Image-2025-03-17-at-9.53.16-AM.jpeg","type":"image\/jpeg"}],"author":"Lui Ochoa","twitter_card":"summary_large_image","twitter_misc":{"Escrito por":"Lui Ochoa","Tiempo de lectura":"2 minutos"},"schema":{"@context":"https:\/\/schema.org","@graph":[{"@type":"Article","@id":"https:\/\/www.manabi.gob.ec\/index.php\/prefectura-de-manabi-responde-con-trabajo-y-solidaridad-78-frentes-activos-en-la-provincia\/#article","isPartOf":{"@id":"https:\/\/www.manabi.gob.ec\/index.php\/prefectura-de-manabi-responde-con-trabajo-y-solidaridad-78-frentes-activos-en-la-provincia\/"},"author":{"name":"Lui Ochoa","@id":"https:\/\/www.manabi.gob.ec\/#\/schema\/person\/c4f117989332ad723a6ced5994aa7d7a"},"headline":"Prefectura de Manab\u00ed responde con trabajo y solidaridad: 78 frentes activos en la provincia","datePublished":"2025-03-17T14:54:08+00:00","dateModified":"2025-03-17T14:54:13+00:00","mainEntityOfPage":{"@id":"https:\/\/www.manabi.gob.ec\/index.php\/prefectura-de-manabi-responde-con-trabajo-y-solidaridad-78-frentes-activos-en-la-provincia\/"},"wordCount":383,"image":{"@id":"https:\/\/www.manabi.gob.ec\/index.php\/prefectura-de-manabi-responde-con-trabajo-y-solidaridad-78-frentes-activos-en-la-provincia\/#primaryimage"},"thumbnailUrl":"https:\/\/www.manabi.gob.ec\/wp-content\/uploads\/2025\/03\/WhatsApp-Image-2025-03-17-at-9.53.16-AM.jpeg","articleSection":["Ambiente","bicentenario","Desarrollo Social","Noticias","Todas"],"inLanguage":"es"},{"@type":"WebPage","@id":"https:\/\/www.manabi.gob.ec\/index.php\/prefectura-de-manabi-responde-con-trabajo-y-solidaridad-78-frentes-activos-en-la-provincia\/","url":"https:\/\/www.manabi.gob.ec\/index.php\/prefectura-de-manabi-responde-con-trabajo-y-solidaridad-78-frentes-activos-en-la-provincia\/","name":"Prefectura de Manab\u00ed responde con trabajo y solidaridad: 78 frentes activos en la provincia - Prefectura de Manab\u00ed","isPartOf":{"@id":"https:\/\/www.manabi.gob.ec\/#website"},"primaryImageOfPage":{"@id":"https:\/\/www.manabi.gob.ec\/index.php\/prefectura-de-manabi-responde-con-trabajo-y-solidaridad-78-frentes-activos-en-la-provincia\/#primaryimage"},"image":{"@id":"https:\/\/www.manabi.gob.ec\/index.php\/prefectura-de-manabi-responde-con-trabajo-y-solidaridad-78-frentes-activos-en-la-provincia\/#primaryimage"},"thumbnailUrl":"https:\/\/www.manabi.gob.ec\/wp-content\/uploads\/2025\/03\/WhatsApp-Image-2025-03-17-at-9.53.16-AM.jpeg","datePublished":"2025-03-17T14:54:08+00:00","dateModified":"2025-03-17T14:54:13+00:00","author":{"@id":"https:\/\/www.manabi.gob.ec\/#\/schema\/person\/c4f117989332ad723a6ced5994aa7d7a"},"breadcrumb":{"@id":"https:\/\/www.manabi.gob.ec\/index.php\/prefectura-de-manabi-responde-con-trabajo-y-solidaridad-78-frentes-activos-en-la-provincia\/#breadcrumb"},"inLanguage":"es","potentialAction":[{"@type":"ReadAction","target":["https:\/\/www.manabi.gob.ec\/index.php\/prefectura-de-manabi-responde-con-trabajo-y-solidaridad-78-frentes-activos-en-la-provincia\/"]}]},{"@type":"ImageObject","inLanguage":"es","@id":"https:\/\/www.manabi.gob.ec\/index.php\/prefectura-de-manabi-responde-con-trabajo-y-solidaridad-78-frentes-activos-en-la-provincia\/#primaryimage","url":"https:\/\/www.manabi.gob.ec\/wp-content\/uploads\/2025\/03\/WhatsApp-Image-2025-03-17-at-9.53.16-AM.jpeg","contentUrl":"https:\/\/www.manabi.gob.ec\/wp-content\/uploads\/2025\/03\/WhatsApp-Image-2025-03-17-at-9.53.16-AM.jpeg","width":2048,"height":1366},{"@type":"BreadcrumbList","@id":"https:\/\/www.manabi.gob.ec\/index.php\/prefectura-de-manabi-responde-con-trabajo-y-solidaridad-78-frentes-activos-en-la-provincia\/#breadcrumb","itemListElement":[{"@type":"ListItem","position":1,"name":"Portada","item":"https:\/\/www.manabi.gob.ec\/"},{"@type":"ListItem","position":2,"name":"Prefectura de Manab\u00ed responde con trabajo y solidaridad: 78 frentes activos en la provincia"}]},{"@type":"WebSite","@id":"https:\/\/www.manabi.gob.ec\/#website","url":"https:\/\/www.manabi.gob.ec\/","name":"Prefectura de Manab\u00ed","description":"P\u00e1gina web de la prefectura","potentialAction":[{"@type":"SearchAction","target":{"@type":"EntryPoint","urlTemplate":"https:\/\/www.manabi.gob.ec\/?s={search_term_string}"},"query-input":{"@type":"PropertyValueSpecification","valueRequired":true,"valueName":"search_term_string"}}],"inLanguage":"es"},{"@type":"Person","@id":"https:\/\/www.manabi.gob.ec\/#\/schema\/person\/c4f117989332ad723a6ced5994aa7d7a","name":"Lui Ochoa","image":{"@type":"ImageObject","inLanguage":"es","@id":"https:\/\/secure.gravatar.com\/avatar\/6e8017d0fe69dead8a95864d2eb6e1e1d8bf8e01194ba49cf7b897ff038126ba?s=96&d=mm&r=g","url":"https:\/\/secure.gravatar.com\/avatar\/6e8017d0fe69dead8a95864d2eb6e1e1d8bf8e01194ba49cf7b897ff038126ba?s=96&d=mm&r=g","contentUrl":"https:\/\/secure.gravatar.com\/avatar\/6e8017d0fe69dead8a95864d2eb6e1e1d8bf8e01194ba49cf7b897ff038126ba?s=96&d=mm&r=g","caption":"Lui Ochoa"},"url":"https:\/\/www.manabi.gob.ec\/index.php\/author\/lochoa\/"}]}},"jetpack_featured_media_url":"https:\/\/www.manabi.gob.ec\/wp-content\/uploads\/2025\/03\/WhatsApp-Image-2025-03-17-at-9.53.16-AM.jpeg","_links":{"self":[{"href":"https:\/\/www.manabi.gob.ec\/index.php\/wp-json\/wp\/v2\/posts\/30233","targetHints":{"allow":["GET"]}}],"collection":[{"href":"https:\/\/www.manabi.gob.ec\/index.php\/wp-json\/wp\/v2\/posts"}],"about":[{"href":"https:\/\/www.manabi.gob.ec\/index.php\/wp-json\/wp\/v2\/types\/post"}],"author":[{"embeddable":true,"href":"https:\/\/www.manabi.gob.ec\/index.php\/wp-json\/wp\/v2\/users\/10"}],"replies":[{"embeddable":true,"href":"https:\/\/www.manabi.gob.ec\/index.php\/wp-json\/wp\/v2\/comments?post=30233"}],"version-history":[{"count":1,"href":"https:\/\/www.manabi.gob.ec\/index.php\/wp-json\/wp\/v2\/posts\/30233\/revisions"}],"predecessor-version":[{"id":30235,"href":"https:\/\/www.manabi.gob.ec\/index.php\/wp-json\/wp\/v2\/posts\/30233\/revisions\/30235"}],"wp:featuredmedia":[{"embeddable":true,"href":"https:\/\/www.manabi.gob.ec\/index.php\/wp-json\/wp\/v2\/media\/30234"}],"wp:attachment":[{"href":"https:\/\/www.manabi.gob.ec\/index.php\/wp-json\/wp\/v2\/media?parent=30233"}],"wp:term":[{"taxonomy":"category","embeddable":true,"href":"https:\/\/www.manabi.gob.ec\/index.php\/wp-json\/wp\/v2\/categories?post=30233"},{"taxonomy":"post_tag","embeddable":true,"href":"https:\/\/www.manabi.gob.ec\/index.php\/wp-json\/wp\/v2\/tags?post=30233"}],"curies":[{"name":"wp","href":"https:\/\/api.w.org\/{rel}","templated":true}]}}