{"id":30258,"date":"2025-03-17T21:51:01","date_gmt":"2025-03-17T21:51:01","guid":{"rendered":"https:\/\/www.manabi.gob.ec\/?p=30258"},"modified":"2025-03-17T21:51:07","modified_gmt":"2025-03-17T21:51:07","slug":"seguimos-sumando-solidaridad-para-nuestros-hermanos-afectados","status":"publish","type":"post","link":"https:\/\/www.manabi.gob.ec\/index.php\/seguimos-sumando-solidaridad-para-nuestros-hermanos-afectados\/","title":{"rendered":"Seguimos sumando solidaridad para nuestros hermanos afectados"},"content":{"rendered":"\n<p>La Prefectura de Manab\u00ed, liderada por Leonardo Orlando, contin\u00faa articulando esfuerzos para apoyar a las familias afectadas por la estaci\u00f3n invernal. En esta cruzada de ayuda, la uni\u00f3n y solidaridad de instituciones, empresas y ciudadanos son fundamentales para extender una mano amiga en estos momentos dif\u00edciles.<\/p>\n\n\n\n<p>El Club Rotario Portoviejo, junto a Rotaract, Interact, el Comit\u00e9 de C\u00f3nyuges, las unidades educativas Colegio Cruz del Norte y Acuarela, y el Comisariato Gonzalo Zambrano, se sumaron con importantes donaciones para fortalecer la asistencia humanitaria. Este lunes 17 de marzo, entregaron 41 pacas de agua, 75 cartones con v\u00edveres, art\u00edculos de higiene y limpieza, ropa y medicamentos, adem\u00e1s de 152 fundas de alimentos y 50 fundas de productos de limpieza.<\/p>\n\n\n\n<p>\u00abLo importante es que cada kit de alimentos, de limpieza y cada medicina llegue directamente a trav\u00e9s de las brigadas de la Prefectura para aliviar las urgent\u00edsimas necesidades de nuestros hermanos manabitas en este temporal tan crudo\u00bb, expres\u00f3 Otto Morales, presidente del Club Rotario Portoviejo.<\/p>\n\n\n\n<p>Por su parte, el prefecto Leonardo Orlando destac\u00f3 estas donaciones como un s\u00edmbolo de esperanza: \u00abGracias por la solidaridad, por la generosidad y por dar ejemplo de lo que somos como manabitas\u00bb, manifest\u00f3.<\/p>\n\n\n\n<p>Orlando tambi\u00e9n resalt\u00f3 que estos gestos de empat\u00eda y compromiso siguen encendiendo la chispa de la solidaridad en toda la provincia. Empresas y ciudadanos contin\u00faan sum\u00e1ndose a esta causa, fortaleciendo las brigadas de ayuda y multiplicando los esfuerzos. Gracias a este trabajo conjunto, esta semana se alcanzar\u00e1n las 10 mil atenciones en las zonas m\u00e1s afectadas.<\/p>\n\n\n\n<p>\u00a1Manab\u00ed no se detiene. Manab\u00ed se levanta con la fuerza de su gente!<\/p>\n","protected":false},"excerpt":{"rendered":"<p>La Prefectura de Manab\u00ed, liderada por Leonardo Orlando, contin\u00faa articulando esfuerzos para apoyar a las familias afectadas por la estaci\u00f3n invernal. En esta cruzada de ayuda, la uni\u00f3n y solidaridad de instituciones, empresas y ciudadanos son fundamentales para extender una mano amiga en estos momentos dif\u00edciles. El Club Rotario Portoviejo, junto a Rotaract, Interact, el [&hellip;]<\/p>\n","protected":false},"author":10,"featured_media":30259,"comment_status":"closed","ping_status":"closed","sticky":false,"template":"","format":"standard","meta":{"_joinchat":[],"footnotes":""},"categories":[150,343,142,92,91],"tags":[],"class_list":["post-30258","post","type-post","status-publish","format-standard","has-post-thumbnail","hentry","category-ambiente","category-bicentenario","category-desarrollo-social","category-noticias-manabi","category-todas"],"yoast_head":"<!-- This site is optimized with the Yoast SEO plugin v27.4 - https:\/\/yoast.com\/product\/yoast-seo-wordpress\/ -->\n<title>Seguimos sumando solidaridad para nuestros hermanos afectados - Prefectura de Manab\u00ed<\/title>\n<meta name=\"robots\" content=\"index, follow, max-snippet:-1, max-image-preview:large, max-video-preview:-1\" \/>\n<link rel=\"canonical\" href=\"https:\/\/www.manabi.gob.ec\/index.php\/seguimos-sumando-solidaridad-para-nuestros-hermanos-afectados\/\" \/>\n<meta property=\"og:locale\" content=\"es_ES\" \/>\n<meta property=\"og:type\" content=\"article\" \/>\n<meta property=\"og:title\" content=\"Seguimos sumando solidaridad para nuestros hermanos afectados - Prefectura de Manab\u00ed\" \/>\n<meta property=\"og:description\" content=\"La Prefectura de Manab\u00ed, liderada por Leonardo Orlando, contin\u00faa articulando esfuerzos para apoyar a las familias afectadas por la estaci\u00f3n invernal. En esta cruzada de ayuda, la uni\u00f3n y solidaridad de instituciones, empresas y ciudadanos son fundamentales para extender una mano amiga en estos momentos dif\u00edciles. El Club Rotario Portoviejo, junto a Rotaract, Interact, el [&hellip;]\" \/>\n<meta property=\"og:url\" content=\"https:\/\/www.manabi.gob.ec\/index.php\/seguimos-sumando-solidaridad-para-nuestros-hermanos-afectados\/\" \/>\n<meta property=\"og:site_name\" content=\"Prefectura de Manab\u00ed\" \/>\n<meta property=\"article:published_time\" content=\"2025-03-17T21:51:01+00:00\" \/>\n<meta property=\"article:modified_time\" content=\"2025-03-17T21:51:07+00:00\" \/>\n<meta property=\"og:image\" content=\"https:\/\/www.manabi.gob.ec\/wp-content\/uploads\/2025\/03\/WhatsApp-Image-2025-03-17-at-1.46.22-PM-scaled.jpeg\" \/>\n\t<meta property=\"og:image:width\" content=\"2560\" \/>\n\t<meta property=\"og:image:height\" content=\"1706\" \/>\n\t<meta property=\"og:image:type\" content=\"image\/jpeg\" \/>\n<meta name=\"author\" content=\"Lui Ochoa\" \/>\n<meta name=\"twitter:card\" content=\"summary_large_image\" \/>\n<meta name=\"twitter:label1\" content=\"Escrito por\" \/>\n\t<meta name=\"twitter:data1\" content=\"Lui Ochoa\" \/>\n\t<meta name=\"twitter:label2\" content=\"Tiempo de lectura\" \/>\n\t<meta name=\"twitter:data2\" content=\"2 minutos\" \/>\n<script type=\"application\/ld+json\" class=\"yoast-schema-graph\">{\"@context\":\"https:\\\/\\\/schema.org\",\"@graph\":[{\"@type\":\"Article\",\"@id\":\"https:\\\/\\\/www.manabi.gob.ec\\\/index.php\\\/seguimos-sumando-solidaridad-para-nuestros-hermanos-afectados\\\/#article\",\"isPartOf\":{\"@id\":\"https:\\\/\\\/www.manabi.gob.ec\\\/index.php\\\/seguimos-sumando-solidaridad-para-nuestros-hermanos-afectados\\\/\"},\"author\":{\"name\":\"Lui Ochoa\",\"@id\":\"https:\\\/\\\/www.manabi.gob.ec\\\/#\\\/schema\\\/person\\\/c4f117989332ad723a6ced5994aa7d7a\"},\"headline\":\"Seguimos sumando solidaridad para nuestros hermanos afectados\",\"datePublished\":\"2025-03-17T21:51:01+00:00\",\"dateModified\":\"2025-03-17T21:51:07+00:00\",\"mainEntityOfPage\":{\"@id\":\"https:\\\/\\\/www.manabi.gob.ec\\\/index.php\\\/seguimos-sumando-solidaridad-para-nuestros-hermanos-afectados\\\/\"},\"wordCount\":282,\"image\":{\"@id\":\"https:\\\/\\\/www.manabi.gob.ec\\\/index.php\\\/seguimos-sumando-solidaridad-para-nuestros-hermanos-afectados\\\/#primaryimage\"},\"thumbnailUrl\":\"https:\\\/\\\/www.manabi.gob.ec\\\/wp-content\\\/uploads\\\/2025\\\/03\\\/WhatsApp-Image-2025-03-17-at-1.46.22-PM-scaled.jpeg\",\"articleSection\":[\"Ambiente\",\"bicentenario\",\"Desarrollo Social\",\"Noticias\",\"Todas\"],\"inLanguage\":\"es\"},{\"@type\":\"WebPage\",\"@id\":\"https:\\\/\\\/www.manabi.gob.ec\\\/index.php\\\/seguimos-sumando-solidaridad-para-nuestros-hermanos-afectados\\\/\",\"url\":\"https:\\\/\\\/www.manabi.gob.ec\\\/index.php\\\/seguimos-sumando-solidaridad-para-nuestros-hermanos-afectados\\\/\",\"name\":\"Seguimos sumando solidaridad para nuestros hermanos afectados - Prefectura de Manab\u00ed\",\"isPartOf\":{\"@id\":\"https:\\\/\\\/www.manabi.gob.ec\\\/#website\"},\"primaryImageOfPage\":{\"@id\":\"https:\\\/\\\/www.manabi.gob.ec\\\/index.php\\\/seguimos-sumando-solidaridad-para-nuestros-hermanos-afectados\\\/#primaryimage\"},\"image\":{\"@id\":\"https:\\\/\\\/www.manabi.gob.ec\\\/index.php\\\/seguimos-sumando-solidaridad-para-nuestros-hermanos-afectados\\\/#primaryimage\"},\"thumbnailUrl\":\"https:\\\/\\\/www.manabi.gob.ec\\\/wp-content\\\/uploads\\\/2025\\\/03\\\/WhatsApp-Image-2025-03-17-at-1.46.22-PM-scaled.jpeg\",\"datePublished\":\"2025-03-17T21:51:01+00:00\",\"dateModified\":\"2025-03-17T21:51:07+00:00\",\"author\":{\"@id\":\"https:\\\/\\\/www.manabi.gob.ec\\\/#\\\/schema\\\/person\\\/c4f117989332ad723a6ced5994aa7d7a\"},\"breadcrumb\":{\"@id\":\"https:\\\/\\\/www.manabi.gob.ec\\\/index.php\\\/seguimos-sumando-solidaridad-para-nuestros-hermanos-afectados\\\/#breadcrumb\"},\"inLanguage\":\"es\",\"potentialAction\":[{\"@type\":\"ReadAction\",\"target\":[\"https:\\\/\\\/www.manabi.gob.ec\\\/index.php\\\/seguimos-sumando-solidaridad-para-nuestros-hermanos-afectados\\\/\"]}]},{\"@type\":\"ImageObject\",\"inLanguage\":\"es\",\"@id\":\"https:\\\/\\\/www.manabi.gob.ec\\\/index.php\\\/seguimos-sumando-solidaridad-para-nuestros-hermanos-afectados\\\/#primaryimage\",\"url\":\"https:\\\/\\\/www.manabi.gob.ec\\\/wp-content\\\/uploads\\\/2025\\\/03\\\/WhatsApp-Image-2025-03-17-at-1.46.22-PM-scaled.jpeg\",\"contentUrl\":\"https:\\\/\\\/www.manabi.gob.ec\\\/wp-content\\\/uploads\\\/2025\\\/03\\\/WhatsApp-Image-2025-03-17-at-1.46.22-PM-scaled.jpeg\",\"width\":2560,\"height\":1706},{\"@type\":\"BreadcrumbList\",\"@id\":\"https:\\\/\\\/www.manabi.gob.ec\\\/index.php\\\/seguimos-sumando-solidaridad-para-nuestros-hermanos-afectados\\\/#breadcrumb\",\"itemListElement\":[{\"@type\":\"ListItem\",\"position\":1,\"name\":\"Portada\",\"item\":\"https:\\\/\\\/www.manabi.gob.ec\\\/\"},{\"@type\":\"ListItem\",\"position\":2,\"name\":\"Seguimos sumando solidaridad para nuestros hermanos afectados\"}]},{\"@type\":\"WebSite\",\"@id\":\"https:\\\/\\\/www.manabi.gob.ec\\\/#website\",\"url\":\"https:\\\/\\\/www.manabi.gob.ec\\\/\",\"name\":\"Prefectura de Manab\u00ed\",\"description\":\"P\u00e1gina web de la prefectura\",\"potentialAction\":[{\"@type\":\"SearchAction\",\"target\":{\"@type\":\"EntryPoint\",\"urlTemplate\":\"https:\\\/\\\/www.manabi.gob.ec\\\/?s={search_term_string}\"},\"query-input\":{\"@type\":\"PropertyValueSpecification\",\"valueRequired\":true,\"valueName\":\"search_term_string\"}}],\"inLanguage\":\"es\"},{\"@type\":\"Person\",\"@id\":\"https:\\\/\\\/www.manabi.gob.ec\\\/#\\\/schema\\\/person\\\/c4f117989332ad723a6ced5994aa7d7a\",\"name\":\"Lui Ochoa\",\"image\":{\"@type\":\"ImageObject\",\"inLanguage\":\"es\",\"@id\":\"https:\\\/\\\/secure.gravatar.com\\\/avatar\\\/6e8017d0fe69dead8a95864d2eb6e1e1d8bf8e01194ba49cf7b897ff038126ba?s=96&d=mm&r=g\",\"url\":\"https:\\\/\\\/secure.gravatar.com\\\/avatar\\\/6e8017d0fe69dead8a95864d2eb6e1e1d8bf8e01194ba49cf7b897ff038126ba?s=96&d=mm&r=g\",\"contentUrl\":\"https:\\\/\\\/secure.gravatar.com\\\/avatar\\\/6e8017d0fe69dead8a95864d2eb6e1e1d8bf8e01194ba49cf7b897ff038126ba?s=96&d=mm&r=g\",\"caption\":\"Lui Ochoa\"},\"url\":\"https:\\\/\\\/www.manabi.gob.ec\\\/index.php\\\/author\\\/lochoa\\\/\"}]}<\/script>\n<!-- \/ Yoast SEO plugin. -->","yoast_head_json":{"title":"Seguimos sumando solidaridad para nuestros hermanos afectados - Prefectura de Manab\u00ed","robots":{"index":"index","follow":"follow","max-snippet":"max-snippet:-1","max-image-preview":"max-image-preview:large","max-video-preview":"max-video-preview:-1"},"canonical":"https:\/\/www.manabi.gob.ec\/index.php\/seguimos-sumando-solidaridad-para-nuestros-hermanos-afectados\/","og_locale":"es_ES","og_type":"article","og_title":"Seguimos sumando solidaridad para nuestros hermanos afectados - Prefectura de Manab\u00ed","og_description":"La Prefectura de Manab\u00ed, liderada por Leonardo Orlando, contin\u00faa articulando esfuerzos para apoyar a las familias afectadas por la estaci\u00f3n invernal. En esta cruzada de ayuda, la uni\u00f3n y solidaridad de instituciones, empresas y ciudadanos son fundamentales para extender una mano amiga en estos momentos dif\u00edciles. El Club Rotario Portoviejo, junto a Rotaract, Interact, el [&hellip;]","og_url":"https:\/\/www.manabi.gob.ec\/index.php\/seguimos-sumando-solidaridad-para-nuestros-hermanos-afectados\/","og_site_name":"Prefectura de Manab\u00ed","article_published_time":"2025-03-17T21:51:01+00:00","article_modified_time":"2025-03-17T21:51:07+00:00","og_image":[{"width":2560,"height":1706,"url":"https:\/\/www.manabi.gob.ec\/wp-content\/uploads\/2025\/03\/WhatsApp-Image-2025-03-17-at-1.46.22-PM-scaled.jpeg","type":"image\/jpeg"}],"author":"Lui Ochoa","twitter_card":"summary_large_image","twitter_misc":{"Escrito por":"Lui Ochoa","Tiempo de lectura":"2 minutos"},"schema":{"@context":"https:\/\/schema.org","@graph":[{"@type":"Article","@id":"https:\/\/www.manabi.gob.ec\/index.php\/seguimos-sumando-solidaridad-para-nuestros-hermanos-afectados\/#article","isPartOf":{"@id":"https:\/\/www.manabi.gob.ec\/index.php\/seguimos-sumando-solidaridad-para-nuestros-hermanos-afectados\/"},"author":{"name":"Lui Ochoa","@id":"https:\/\/www.manabi.gob.ec\/#\/schema\/person\/c4f117989332ad723a6ced5994aa7d7a"},"headline":"Seguimos sumando solidaridad para nuestros hermanos afectados","datePublished":"2025-03-17T21:51:01+00:00","dateModified":"2025-03-17T21:51:07+00:00","mainEntityOfPage":{"@id":"https:\/\/www.manabi.gob.ec\/index.php\/seguimos-sumando-solidaridad-para-nuestros-hermanos-afectados\/"},"wordCount":282,"image":{"@id":"https:\/\/www.manabi.gob.ec\/index.php\/seguimos-sumando-solidaridad-para-nuestros-hermanos-afectados\/#primaryimage"},"thumbnailUrl":"https:\/\/www.manabi.gob.ec\/wp-content\/uploads\/2025\/03\/WhatsApp-Image-2025-03-17-at-1.46.22-PM-scaled.jpeg","articleSection":["Ambiente","bicentenario","Desarrollo Social","Noticias","Todas"],"inLanguage":"es"},{"@type":"WebPage","@id":"https:\/\/www.manabi.gob.ec\/index.php\/seguimos-sumando-solidaridad-para-nuestros-hermanos-afectados\/","url":"https:\/\/www.manabi.gob.ec\/index.php\/seguimos-sumando-solidaridad-para-nuestros-hermanos-afectados\/","name":"Seguimos sumando solidaridad para nuestros hermanos afectados - Prefectura de Manab\u00ed","isPartOf":{"@id":"https:\/\/www.manabi.gob.ec\/#website"},"primaryImageOfPage":{"@id":"https:\/\/www.manabi.gob.ec\/index.php\/seguimos-sumando-solidaridad-para-nuestros-hermanos-afectados\/#primaryimage"},"image":{"@id":"https:\/\/www.manabi.gob.ec\/index.php\/seguimos-sumando-solidaridad-para-nuestros-hermanos-afectados\/#primaryimage"},"thumbnailUrl":"https:\/\/www.manabi.gob.ec\/wp-content\/uploads\/2025\/03\/WhatsApp-Image-2025-03-17-at-1.46.22-PM-scaled.jpeg","datePublished":"2025-03-17T21:51:01+00:00","dateModified":"2025-03-17T21:51:07+00:00","author":{"@id":"https:\/\/www.manabi.gob.ec\/#\/schema\/person\/c4f117989332ad723a6ced5994aa7d7a"},"breadcrumb":{"@id":"https:\/\/www.manabi.gob.ec\/index.php\/seguimos-sumando-solidaridad-para-nuestros-hermanos-afectados\/#breadcrumb"},"inLanguage":"es","potentialAction":[{"@type":"ReadAction","target":["https:\/\/www.manabi.gob.ec\/index.php\/seguimos-sumando-solidaridad-para-nuestros-hermanos-afectados\/"]}]},{"@type":"ImageObject","inLanguage":"es","@id":"https:\/\/www.manabi.gob.ec\/index.php\/seguimos-sumando-solidaridad-para-nuestros-hermanos-afectados\/#primaryimage","url":"https:\/\/www.manabi.gob.ec\/wp-content\/uploads\/2025\/03\/WhatsApp-Image-2025-03-17-at-1.46.22-PM-scaled.jpeg","contentUrl":"https:\/\/www.manabi.gob.ec\/wp-content\/uploads\/2025\/03\/WhatsApp-Image-2025-03-17-at-1.46.22-PM-scaled.jpeg","width":2560,"height":1706},{"@type":"BreadcrumbList","@id":"https:\/\/www.manabi.gob.ec\/index.php\/seguimos-sumando-solidaridad-para-nuestros-hermanos-afectados\/#breadcrumb","itemListElement":[{"@type":"ListItem","position":1,"name":"Portada","item":"https:\/\/www.manabi.gob.ec\/"},{"@type":"ListItem","position":2,"name":"Seguimos sumando solidaridad para nuestros hermanos afectados"}]},{"@type":"WebSite","@id":"https:\/\/www.manabi.gob.ec\/#website","url":"https:\/\/www.manabi.gob.ec\/","name":"Prefectura de Manab\u00ed","description":"P\u00e1gina web de la prefectura","potentialAction":[{"@type":"SearchAction","target":{"@type":"EntryPoint","urlTemplate":"https:\/\/www.manabi.gob.ec\/?s={search_term_string}"},"query-input":{"@type":"PropertyValueSpecification","valueRequired":true,"valueName":"search_term_string"}}],"inLanguage":"es"},{"@type":"Person","@id":"https:\/\/www.manabi.gob.ec\/#\/schema\/person\/c4f117989332ad723a6ced5994aa7d7a","name":"Lui Ochoa","image":{"@type":"ImageObject","inLanguage":"es","@id":"https:\/\/secure.gravatar.com\/avatar\/6e8017d0fe69dead8a95864d2eb6e1e1d8bf8e01194ba49cf7b897ff038126ba?s=96&d=mm&r=g","url":"https:\/\/secure.gravatar.com\/avatar\/6e8017d0fe69dead8a95864d2eb6e1e1d8bf8e01194ba49cf7b897ff038126ba?s=96&d=mm&r=g","contentUrl":"https:\/\/secure.gravatar.com\/avatar\/6e8017d0fe69dead8a95864d2eb6e1e1d8bf8e01194ba49cf7b897ff038126ba?s=96&d=mm&r=g","caption":"Lui Ochoa"},"url":"https:\/\/www.manabi.gob.ec\/index.php\/author\/lochoa\/"}]}},"jetpack_featured_media_url":"https:\/\/www.manabi.gob.ec\/wp-content\/uploads\/2025\/03\/WhatsApp-Image-2025-03-17-at-1.46.22-PM-scaled.jpeg","_links":{"self":[{"href":"https:\/\/www.manabi.gob.ec\/index.php\/wp-json\/wp\/v2\/posts\/30258","targetHints":{"allow":["GET"]}}],"collection":[{"href":"https:\/\/www.manabi.gob.ec\/index.php\/wp-json\/wp\/v2\/posts"}],"about":[{"href":"https:\/\/www.manabi.gob.ec\/index.php\/wp-json\/wp\/v2\/types\/post"}],"author":[{"embeddable":true,"href":"https:\/\/www.manabi.gob.ec\/index.php\/wp-json\/wp\/v2\/users\/10"}],"replies":[{"embeddable":true,"href":"https:\/\/www.manabi.gob.ec\/index.php\/wp-json\/wp\/v2\/comments?post=30258"}],"version-history":[{"count":1,"href":"https:\/\/www.manabi.gob.ec\/index.php\/wp-json\/wp\/v2\/posts\/30258\/revisions"}],"predecessor-version":[{"id":30260,"href":"https:\/\/www.manabi.gob.ec\/index.php\/wp-json\/wp\/v2\/posts\/30258\/revisions\/30260"}],"wp:featuredmedia":[{"embeddable":true,"href":"https:\/\/www.manabi.gob.ec\/index.php\/wp-json\/wp\/v2\/media\/30259"}],"wp:attachment":[{"href":"https:\/\/www.manabi.gob.ec\/index.php\/wp-json\/wp\/v2\/media?parent=30258"}],"wp:term":[{"taxonomy":"category","embeddable":true,"href":"https:\/\/www.manabi.gob.ec\/index.php\/wp-json\/wp\/v2\/categories?post=30258"},{"taxonomy":"post_tag","embeddable":true,"href":"https:\/\/www.manabi.gob.ec\/index.php\/wp-json\/wp\/v2\/tags?post=30258"}],"curies":[{"name":"wp","href":"https:\/\/api.w.org\/{rel}","templated":true}]}}