{"id":30266,"date":"2025-03-18T15:44:14","date_gmt":"2025-03-18T15:44:14","guid":{"rendered":"https:\/\/www.manabi.gob.ec\/?p=30266"},"modified":"2025-03-21T20:42:37","modified_gmt":"2025-03-21T20:42:37","slug":"prefectura-de-manabi-intensifica-acciones-en-canitas-tras-nuevas-inundaciones","status":"publish","type":"post","link":"https:\/\/www.manabi.gob.ec\/index.php\/prefectura-de-manabi-intensifica-acciones-en-canitas-tras-nuevas-inundaciones\/","title":{"rendered":"Prefectura de Manab\u00ed intensifica acciones en Ca\u00f1itas tras nuevas inundaciones"},"content":{"rendered":"\n<p class=\"p1\">La comunidad de Ca\u00f1itas, en la parroquia Charapot\u00f3 del cant\u00f3n Sucre, sufri\u00f3 nuevamente graves inundaciones tras el desbordamiento de la quebrada del mismo nombre. El prefecto de Manab\u00ed, Leonardo Orlando, se traslad\u00f3 hasta la zona afectada para coordinar acciones inmediatas y evaluar soluciones estructurales ante la emergencia.<\/p>\n\n\n\n<p class=\"p1\">La Prefectura reforz\u00f3 la presencia de maquinaria pesada y personal t\u00e9cnico para la limpieza y rehabilitaci\u00f3n de la v\u00eda estatal que conecta Sucre con Rocafuerte, la cual qued\u00f3 habilitada para el tr\u00e1fico vehicular pasadas las 22h00, luego de varias horas de trabajo.&nbsp;<\/p>\n\n\n\n<p class=\"p1\">Con cargadora frontal, tractor, volquetas, una excavadora de brazo largo y una excavadora de brazo corto, personal de la instituci\u00f3n labor\u00f3 en dos frentes: reapertura de la v\u00eda, y evacuaci\u00f3n de las aguas hacia el r\u00edo Viejo. La comunidad se sum\u00f3 a las labores de protecci\u00f3n de sus bienes a trav\u00e9s de mingas para el llenado y colocaci\u00f3n de sacos de yute rellenos de tierra, los cuales han sido ubicados como barreras de contenci\u00f3n de las aguas.<\/p>\n\n\n\n<p class=\"p1\">Ante la urgencia de la situaci\u00f3n, Orlando anunci\u00f3 que se analiza la implementaci\u00f3n de un pedrapl\u00e9n para mitigar el impacto de futuras inundaciones, ya que el nivel de la v\u00eda es superior al de las calles de Ca\u00f1itas, lo que genera un efecto de contenci\u00f3n del agua y lodo. As\u00ed mismo, se buscar alternativas para distribuir el l\u00edquido hacia el r\u00edo Bachillero.<\/p>\n\n\n\n<p class=\"p1\">El Prefecto insisti\u00f3 que, pese a la falta de recursos, la Prefectura y su empresa p\u00fablica Manab\u00ed Vial seguir\u00e1n brindando asistencia con maquinaria y talento humano. Asimismo, hizo un llamado al Gobierno Nacional para que se destinen fondos que permitan ejecutar soluciones definitivas a estos problemas recurrentes.<\/p>\n\n\n\n<p class=\"p1\">Adem\u00e1s, dijo que el equipo de Desarrollo Humano de la Prefectura continuar\u00e1 en la comunidad atendiendo a las familias damnificadas, y habl\u00f3 de la necesidad de un trabajo articulado entre los distintos niveles de gobierno para enfrentar la crisis invernal, que ha provocado deslizamientos e inundaciones en varias localidades de la provincia.<\/p>\n\n\n\n<p class=\"p1\">Finalmente, Orlando reafirm\u00f3 el compromiso de la Prefectura con la protecci\u00f3n de la vida y los bienes de los manabitas. \u201cNadie est\u00e1 solo en esta emergencia. Seguiremos trabajando sin distinci\u00f3n de banderas pol\u00edticas, en unidad con todas las instituciones y la comunidad. Como Prefectura siempre vamos a dar nuestro m\u00e1ximo contingente para cuidar la vida de la gente, proteger las familias y tambi\u00e9n los bienes, las viviendas\u201d, concluy\u00f3.<\/p>\n","protected":false},"excerpt":{"rendered":"<p>La comunidad de Ca\u00f1itas, en la parroquia Charapot\u00f3 del cant\u00f3n Sucre, sufri\u00f3 nuevamente graves inundaciones tras el desbordamiento de la quebrada del mismo nombre. El prefecto de Manab\u00ed, Leonardo Orlando, se traslad\u00f3 hasta la zona afectada para coordinar acciones inmediatas y evaluar soluciones estructurales ante la emergencia. La Prefectura reforz\u00f3 la presencia de maquinaria pesada [&hellip;]<\/p>\n","protected":false},"author":10,"featured_media":30265,"comment_status":"closed","ping_status":"closed","sticky":false,"template":"","format":"standard","meta":{"_joinchat":[],"footnotes":""},"categories":[150,343,142,170,92,181,339,340,160,91],"tags":[],"class_list":["post-30266","post","type-post","status-publish","format-standard","has-post-thumbnail","hentry","category-ambiente","category-bicentenario","category-desarrollo-social","category-manabi-vial","category-noticias-manabi","category-obra-publica","category-plan-invernal","category-plan-invernal-plan-invernal","category-sucre","category-todas"],"yoast_head":"<!-- This site is optimized with the Yoast SEO plugin v27.4 - https:\/\/yoast.com\/product\/yoast-seo-wordpress\/ -->\n<title>Prefectura de Manab\u00ed intensifica acciones en Ca\u00f1itas tras nuevas inundaciones - Prefectura de Manab\u00ed<\/title>\n<meta name=\"robots\" content=\"index, follow, max-snippet:-1, max-image-preview:large, max-video-preview:-1\" \/>\n<link rel=\"canonical\" href=\"https:\/\/www.manabi.gob.ec\/index.php\/prefectura-de-manabi-intensifica-acciones-en-canitas-tras-nuevas-inundaciones\/\" \/>\n<meta property=\"og:locale\" content=\"es_ES\" \/>\n<meta property=\"og:type\" content=\"article\" \/>\n<meta property=\"og:title\" content=\"Prefectura de Manab\u00ed intensifica acciones en Ca\u00f1itas tras nuevas inundaciones - Prefectura de Manab\u00ed\" \/>\n<meta property=\"og:description\" content=\"La comunidad de Ca\u00f1itas, en la parroquia Charapot\u00f3 del cant\u00f3n Sucre, sufri\u00f3 nuevamente graves inundaciones tras el desbordamiento de la quebrada del mismo nombre. El prefecto de Manab\u00ed, Leonardo Orlando, se traslad\u00f3 hasta la zona afectada para coordinar acciones inmediatas y evaluar soluciones estructurales ante la emergencia. La Prefectura reforz\u00f3 la presencia de maquinaria pesada [&hellip;]\" \/>\n<meta property=\"og:url\" content=\"https:\/\/www.manabi.gob.ec\/index.php\/prefectura-de-manabi-intensifica-acciones-en-canitas-tras-nuevas-inundaciones\/\" \/>\n<meta property=\"og:site_name\" content=\"Prefectura de Manab\u00ed\" \/>\n<meta property=\"article:published_time\" content=\"2025-03-18T15:44:14+00:00\" \/>\n<meta property=\"article:modified_time\" content=\"2025-03-21T20:42:37+00:00\" \/>\n<meta property=\"og:image\" content=\"https:\/\/www.manabi.gob.ec\/wp-content\/uploads\/2025\/03\/ac73692f-7e09-426e-b422-86b242ebec55-1.jpg\" \/>\n\t<meta property=\"og:image:width\" content=\"2000\" \/>\n\t<meta property=\"og:image:height\" content=\"1333\" \/>\n\t<meta property=\"og:image:type\" content=\"image\/jpeg\" \/>\n<meta name=\"author\" content=\"Lui Ochoa\" \/>\n<meta name=\"twitter:card\" content=\"summary_large_image\" \/>\n<meta name=\"twitter:label1\" content=\"Escrito por\" \/>\n\t<meta name=\"twitter:data1\" content=\"Lui Ochoa\" \/>\n\t<meta name=\"twitter:label2\" content=\"Tiempo de lectura\" \/>\n\t<meta name=\"twitter:data2\" content=\"2 minutos\" \/>\n<script type=\"application\/ld+json\" class=\"yoast-schema-graph\">{\"@context\":\"https:\\\/\\\/schema.org\",\"@graph\":[{\"@type\":\"Article\",\"@id\":\"https:\\\/\\\/www.manabi.gob.ec\\\/index.php\\\/prefectura-de-manabi-intensifica-acciones-en-canitas-tras-nuevas-inundaciones\\\/#article\",\"isPartOf\":{\"@id\":\"https:\\\/\\\/www.manabi.gob.ec\\\/index.php\\\/prefectura-de-manabi-intensifica-acciones-en-canitas-tras-nuevas-inundaciones\\\/\"},\"author\":{\"name\":\"Lui Ochoa\",\"@id\":\"https:\\\/\\\/www.manabi.gob.ec\\\/#\\\/schema\\\/person\\\/c4f117989332ad723a6ced5994aa7d7a\"},\"headline\":\"Prefectura de Manab\u00ed intensifica acciones en Ca\u00f1itas tras nuevas inundaciones\",\"datePublished\":\"2025-03-18T15:44:14+00:00\",\"dateModified\":\"2025-03-21T20:42:37+00:00\",\"mainEntityOfPage\":{\"@id\":\"https:\\\/\\\/www.manabi.gob.ec\\\/index.php\\\/prefectura-de-manabi-intensifica-acciones-en-canitas-tras-nuevas-inundaciones\\\/\"},\"wordCount\":437,\"image\":{\"@id\":\"https:\\\/\\\/www.manabi.gob.ec\\\/index.php\\\/prefectura-de-manabi-intensifica-acciones-en-canitas-tras-nuevas-inundaciones\\\/#primaryimage\"},\"thumbnailUrl\":\"https:\\\/\\\/www.manabi.gob.ec\\\/wp-content\\\/uploads\\\/2025\\\/03\\\/ac73692f-7e09-426e-b422-86b242ebec55-1.jpg\",\"articleSection\":[\"Ambiente\",\"bicentenario\",\"Desarrollo Social\",\"Manab\u00ed Vial\",\"Noticias\",\"Obra P\u00fablica\",\"Plan Invernal\",\"PLAN INVERNAL\",\"Sucre\",\"Todas\"],\"inLanguage\":\"es\"},{\"@type\":\"WebPage\",\"@id\":\"https:\\\/\\\/www.manabi.gob.ec\\\/index.php\\\/prefectura-de-manabi-intensifica-acciones-en-canitas-tras-nuevas-inundaciones\\\/\",\"url\":\"https:\\\/\\\/www.manabi.gob.ec\\\/index.php\\\/prefectura-de-manabi-intensifica-acciones-en-canitas-tras-nuevas-inundaciones\\\/\",\"name\":\"Prefectura de Manab\u00ed intensifica acciones en Ca\u00f1itas tras nuevas inundaciones - Prefectura de Manab\u00ed\",\"isPartOf\":{\"@id\":\"https:\\\/\\\/www.manabi.gob.ec\\\/#website\"},\"primaryImageOfPage\":{\"@id\":\"https:\\\/\\\/www.manabi.gob.ec\\\/index.php\\\/prefectura-de-manabi-intensifica-acciones-en-canitas-tras-nuevas-inundaciones\\\/#primaryimage\"},\"image\":{\"@id\":\"https:\\\/\\\/www.manabi.gob.ec\\\/index.php\\\/prefectura-de-manabi-intensifica-acciones-en-canitas-tras-nuevas-inundaciones\\\/#primaryimage\"},\"thumbnailUrl\":\"https:\\\/\\\/www.manabi.gob.ec\\\/wp-content\\\/uploads\\\/2025\\\/03\\\/ac73692f-7e09-426e-b422-86b242ebec55-1.jpg\",\"datePublished\":\"2025-03-18T15:44:14+00:00\",\"dateModified\":\"2025-03-21T20:42:37+00:00\",\"author\":{\"@id\":\"https:\\\/\\\/www.manabi.gob.ec\\\/#\\\/schema\\\/person\\\/c4f117989332ad723a6ced5994aa7d7a\"},\"breadcrumb\":{\"@id\":\"https:\\\/\\\/www.manabi.gob.ec\\\/index.php\\\/prefectura-de-manabi-intensifica-acciones-en-canitas-tras-nuevas-inundaciones\\\/#breadcrumb\"},\"inLanguage\":\"es\",\"potentialAction\":[{\"@type\":\"ReadAction\",\"target\":[\"https:\\\/\\\/www.manabi.gob.ec\\\/index.php\\\/prefectura-de-manabi-intensifica-acciones-en-canitas-tras-nuevas-inundaciones\\\/\"]}]},{\"@type\":\"ImageObject\",\"inLanguage\":\"es\",\"@id\":\"https:\\\/\\\/www.manabi.gob.ec\\\/index.php\\\/prefectura-de-manabi-intensifica-acciones-en-canitas-tras-nuevas-inundaciones\\\/#primaryimage\",\"url\":\"https:\\\/\\\/www.manabi.gob.ec\\\/wp-content\\\/uploads\\\/2025\\\/03\\\/ac73692f-7e09-426e-b422-86b242ebec55-1.jpg\",\"contentUrl\":\"https:\\\/\\\/www.manabi.gob.ec\\\/wp-content\\\/uploads\\\/2025\\\/03\\\/ac73692f-7e09-426e-b422-86b242ebec55-1.jpg\",\"width\":2000,\"height\":1333},{\"@type\":\"BreadcrumbList\",\"@id\":\"https:\\\/\\\/www.manabi.gob.ec\\\/index.php\\\/prefectura-de-manabi-intensifica-acciones-en-canitas-tras-nuevas-inundaciones\\\/#breadcrumb\",\"itemListElement\":[{\"@type\":\"ListItem\",\"position\":1,\"name\":\"Portada\",\"item\":\"https:\\\/\\\/www.manabi.gob.ec\\\/\"},{\"@type\":\"ListItem\",\"position\":2,\"name\":\"Prefectura de Manab\u00ed intensifica acciones en Ca\u00f1itas tras nuevas inundaciones\"}]},{\"@type\":\"WebSite\",\"@id\":\"https:\\\/\\\/www.manabi.gob.ec\\\/#website\",\"url\":\"https:\\\/\\\/www.manabi.gob.ec\\\/\",\"name\":\"Prefectura de Manab\u00ed\",\"description\":\"P\u00e1gina web de la prefectura\",\"potentialAction\":[{\"@type\":\"SearchAction\",\"target\":{\"@type\":\"EntryPoint\",\"urlTemplate\":\"https:\\\/\\\/www.manabi.gob.ec\\\/?s={search_term_string}\"},\"query-input\":{\"@type\":\"PropertyValueSpecification\",\"valueRequired\":true,\"valueName\":\"search_term_string\"}}],\"inLanguage\":\"es\"},{\"@type\":\"Person\",\"@id\":\"https:\\\/\\\/www.manabi.gob.ec\\\/#\\\/schema\\\/person\\\/c4f117989332ad723a6ced5994aa7d7a\",\"name\":\"Lui Ochoa\",\"image\":{\"@type\":\"ImageObject\",\"inLanguage\":\"es\",\"@id\":\"https:\\\/\\\/secure.gravatar.com\\\/avatar\\\/6e8017d0fe69dead8a95864d2eb6e1e1d8bf8e01194ba49cf7b897ff038126ba?s=96&d=mm&r=g\",\"url\":\"https:\\\/\\\/secure.gravatar.com\\\/avatar\\\/6e8017d0fe69dead8a95864d2eb6e1e1d8bf8e01194ba49cf7b897ff038126ba?s=96&d=mm&r=g\",\"contentUrl\":\"https:\\\/\\\/secure.gravatar.com\\\/avatar\\\/6e8017d0fe69dead8a95864d2eb6e1e1d8bf8e01194ba49cf7b897ff038126ba?s=96&d=mm&r=g\",\"caption\":\"Lui Ochoa\"},\"url\":\"https:\\\/\\\/www.manabi.gob.ec\\\/index.php\\\/author\\\/lochoa\\\/\"}]}<\/script>\n<!-- \/ Yoast SEO plugin. -->","yoast_head_json":{"title":"Prefectura de Manab\u00ed intensifica acciones en Ca\u00f1itas tras nuevas inundaciones - Prefectura de Manab\u00ed","robots":{"index":"index","follow":"follow","max-snippet":"max-snippet:-1","max-image-preview":"max-image-preview:large","max-video-preview":"max-video-preview:-1"},"canonical":"https:\/\/www.manabi.gob.ec\/index.php\/prefectura-de-manabi-intensifica-acciones-en-canitas-tras-nuevas-inundaciones\/","og_locale":"es_ES","og_type":"article","og_title":"Prefectura de Manab\u00ed intensifica acciones en Ca\u00f1itas tras nuevas inundaciones - Prefectura de Manab\u00ed","og_description":"La comunidad de Ca\u00f1itas, en la parroquia Charapot\u00f3 del cant\u00f3n Sucre, sufri\u00f3 nuevamente graves inundaciones tras el desbordamiento de la quebrada del mismo nombre. El prefecto de Manab\u00ed, Leonardo Orlando, se traslad\u00f3 hasta la zona afectada para coordinar acciones inmediatas y evaluar soluciones estructurales ante la emergencia. La Prefectura reforz\u00f3 la presencia de maquinaria pesada [&hellip;]","og_url":"https:\/\/www.manabi.gob.ec\/index.php\/prefectura-de-manabi-intensifica-acciones-en-canitas-tras-nuevas-inundaciones\/","og_site_name":"Prefectura de Manab\u00ed","article_published_time":"2025-03-18T15:44:14+00:00","article_modified_time":"2025-03-21T20:42:37+00:00","og_image":[{"width":2000,"height":1333,"url":"https:\/\/www.manabi.gob.ec\/wp-content\/uploads\/2025\/03\/ac73692f-7e09-426e-b422-86b242ebec55-1.jpg","type":"image\/jpeg"}],"author":"Lui Ochoa","twitter_card":"summary_large_image","twitter_misc":{"Escrito por":"Lui Ochoa","Tiempo de lectura":"2 minutos"},"schema":{"@context":"https:\/\/schema.org","@graph":[{"@type":"Article","@id":"https:\/\/www.manabi.gob.ec\/index.php\/prefectura-de-manabi-intensifica-acciones-en-canitas-tras-nuevas-inundaciones\/#article","isPartOf":{"@id":"https:\/\/www.manabi.gob.ec\/index.php\/prefectura-de-manabi-intensifica-acciones-en-canitas-tras-nuevas-inundaciones\/"},"author":{"name":"Lui Ochoa","@id":"https:\/\/www.manabi.gob.ec\/#\/schema\/person\/c4f117989332ad723a6ced5994aa7d7a"},"headline":"Prefectura de Manab\u00ed intensifica acciones en Ca\u00f1itas tras nuevas inundaciones","datePublished":"2025-03-18T15:44:14+00:00","dateModified":"2025-03-21T20:42:37+00:00","mainEntityOfPage":{"@id":"https:\/\/www.manabi.gob.ec\/index.php\/prefectura-de-manabi-intensifica-acciones-en-canitas-tras-nuevas-inundaciones\/"},"wordCount":437,"image":{"@id":"https:\/\/www.manabi.gob.ec\/index.php\/prefectura-de-manabi-intensifica-acciones-en-canitas-tras-nuevas-inundaciones\/#primaryimage"},"thumbnailUrl":"https:\/\/www.manabi.gob.ec\/wp-content\/uploads\/2025\/03\/ac73692f-7e09-426e-b422-86b242ebec55-1.jpg","articleSection":["Ambiente","bicentenario","Desarrollo Social","Manab\u00ed Vial","Noticias","Obra P\u00fablica","Plan Invernal","PLAN INVERNAL","Sucre","Todas"],"inLanguage":"es"},{"@type":"WebPage","@id":"https:\/\/www.manabi.gob.ec\/index.php\/prefectura-de-manabi-intensifica-acciones-en-canitas-tras-nuevas-inundaciones\/","url":"https:\/\/www.manabi.gob.ec\/index.php\/prefectura-de-manabi-intensifica-acciones-en-canitas-tras-nuevas-inundaciones\/","name":"Prefectura de Manab\u00ed intensifica acciones en Ca\u00f1itas tras nuevas inundaciones - Prefectura de Manab\u00ed","isPartOf":{"@id":"https:\/\/www.manabi.gob.ec\/#website"},"primaryImageOfPage":{"@id":"https:\/\/www.manabi.gob.ec\/index.php\/prefectura-de-manabi-intensifica-acciones-en-canitas-tras-nuevas-inundaciones\/#primaryimage"},"image":{"@id":"https:\/\/www.manabi.gob.ec\/index.php\/prefectura-de-manabi-intensifica-acciones-en-canitas-tras-nuevas-inundaciones\/#primaryimage"},"thumbnailUrl":"https:\/\/www.manabi.gob.ec\/wp-content\/uploads\/2025\/03\/ac73692f-7e09-426e-b422-86b242ebec55-1.jpg","datePublished":"2025-03-18T15:44:14+00:00","dateModified":"2025-03-21T20:42:37+00:00","author":{"@id":"https:\/\/www.manabi.gob.ec\/#\/schema\/person\/c4f117989332ad723a6ced5994aa7d7a"},"breadcrumb":{"@id":"https:\/\/www.manabi.gob.ec\/index.php\/prefectura-de-manabi-intensifica-acciones-en-canitas-tras-nuevas-inundaciones\/#breadcrumb"},"inLanguage":"es","potentialAction":[{"@type":"ReadAction","target":["https:\/\/www.manabi.gob.ec\/index.php\/prefectura-de-manabi-intensifica-acciones-en-canitas-tras-nuevas-inundaciones\/"]}]},{"@type":"ImageObject","inLanguage":"es","@id":"https:\/\/www.manabi.gob.ec\/index.php\/prefectura-de-manabi-intensifica-acciones-en-canitas-tras-nuevas-inundaciones\/#primaryimage","url":"https:\/\/www.manabi.gob.ec\/wp-content\/uploads\/2025\/03\/ac73692f-7e09-426e-b422-86b242ebec55-1.jpg","contentUrl":"https:\/\/www.manabi.gob.ec\/wp-content\/uploads\/2025\/03\/ac73692f-7e09-426e-b422-86b242ebec55-1.jpg","width":2000,"height":1333},{"@type":"BreadcrumbList","@id":"https:\/\/www.manabi.gob.ec\/index.php\/prefectura-de-manabi-intensifica-acciones-en-canitas-tras-nuevas-inundaciones\/#breadcrumb","itemListElement":[{"@type":"ListItem","position":1,"name":"Portada","item":"https:\/\/www.manabi.gob.ec\/"},{"@type":"ListItem","position":2,"name":"Prefectura de Manab\u00ed intensifica acciones en Ca\u00f1itas tras nuevas inundaciones"}]},{"@type":"WebSite","@id":"https:\/\/www.manabi.gob.ec\/#website","url":"https:\/\/www.manabi.gob.ec\/","name":"Prefectura de Manab\u00ed","description":"P\u00e1gina web de la prefectura","potentialAction":[{"@type":"SearchAction","target":{"@type":"EntryPoint","urlTemplate":"https:\/\/www.manabi.gob.ec\/?s={search_term_string}"},"query-input":{"@type":"PropertyValueSpecification","valueRequired":true,"valueName":"search_term_string"}}],"inLanguage":"es"},{"@type":"Person","@id":"https:\/\/www.manabi.gob.ec\/#\/schema\/person\/c4f117989332ad723a6ced5994aa7d7a","name":"Lui Ochoa","image":{"@type":"ImageObject","inLanguage":"es","@id":"https:\/\/secure.gravatar.com\/avatar\/6e8017d0fe69dead8a95864d2eb6e1e1d8bf8e01194ba49cf7b897ff038126ba?s=96&d=mm&r=g","url":"https:\/\/secure.gravatar.com\/avatar\/6e8017d0fe69dead8a95864d2eb6e1e1d8bf8e01194ba49cf7b897ff038126ba?s=96&d=mm&r=g","contentUrl":"https:\/\/secure.gravatar.com\/avatar\/6e8017d0fe69dead8a95864d2eb6e1e1d8bf8e01194ba49cf7b897ff038126ba?s=96&d=mm&r=g","caption":"Lui Ochoa"},"url":"https:\/\/www.manabi.gob.ec\/index.php\/author\/lochoa\/"}]}},"jetpack_featured_media_url":"https:\/\/www.manabi.gob.ec\/wp-content\/uploads\/2025\/03\/ac73692f-7e09-426e-b422-86b242ebec55-1.jpg","_links":{"self":[{"href":"https:\/\/www.manabi.gob.ec\/index.php\/wp-json\/wp\/v2\/posts\/30266","targetHints":{"allow":["GET"]}}],"collection":[{"href":"https:\/\/www.manabi.gob.ec\/index.php\/wp-json\/wp\/v2\/posts"}],"about":[{"href":"https:\/\/www.manabi.gob.ec\/index.php\/wp-json\/wp\/v2\/types\/post"}],"author":[{"embeddable":true,"href":"https:\/\/www.manabi.gob.ec\/index.php\/wp-json\/wp\/v2\/users\/10"}],"replies":[{"embeddable":true,"href":"https:\/\/www.manabi.gob.ec\/index.php\/wp-json\/wp\/v2\/comments?post=30266"}],"version-history":[{"count":1,"href":"https:\/\/www.manabi.gob.ec\/index.php\/wp-json\/wp\/v2\/posts\/30266\/revisions"}],"predecessor-version":[{"id":30267,"href":"https:\/\/www.manabi.gob.ec\/index.php\/wp-json\/wp\/v2\/posts\/30266\/revisions\/30267"}],"wp:featuredmedia":[{"embeddable":true,"href":"https:\/\/www.manabi.gob.ec\/index.php\/wp-json\/wp\/v2\/media\/30265"}],"wp:attachment":[{"href":"https:\/\/www.manabi.gob.ec\/index.php\/wp-json\/wp\/v2\/media?parent=30266"}],"wp:term":[{"taxonomy":"category","embeddable":true,"href":"https:\/\/www.manabi.gob.ec\/index.php\/wp-json\/wp\/v2\/categories?post=30266"},{"taxonomy":"post_tag","embeddable":true,"href":"https:\/\/www.manabi.gob.ec\/index.php\/wp-json\/wp\/v2\/tags?post=30266"}],"curies":[{"name":"wp","href":"https:\/\/api.w.org\/{rel}","templated":true}]}}