{"id":30285,"date":"2025-03-21T00:53:42","date_gmt":"2025-03-21T00:53:42","guid":{"rendered":"https:\/\/www.manabi.gob.ec\/?p=30285"},"modified":"2025-03-21T17:03:57","modified_gmt":"2025-03-21T17:03:57","slug":"la-prefectura-atiende-emergencias-invernales-en-portoviejo","status":"publish","type":"post","link":"https:\/\/www.manabi.gob.ec\/index.php\/la-prefectura-atiende-emergencias-invernales-en-portoviejo\/","title":{"rendered":"La Prefectura atiende emergencias invernales en Portoviejo"},"content":{"rendered":"\n<p>El prefecto Leonardo Orlando recorri\u00f3 este jueves 20 de marzo las zonas afectadas por el invierno en las parroquias rurales de Abd\u00f3n Calder\u00f3n y Alhajuela, en el cant\u00f3n Portoviejo, donde supervis\u00f3 las intervenciones de mitigaci\u00f3n y prevenci\u00f3n.<\/p>\n\n\n\n<p>En Calder\u00f3n, el Prefecto inspeccion\u00f3 la colocaci\u00f3n de piedra escollera en el sector de Juan Damas, como parte de los trabajos emergentes de protecci\u00f3n de taludes en la quebrada Bijahual, con el fin de evitar nuevos desbordamientos.<\/p>\n\n\n\n<p>\u00abEstamos agradecidos con el Prefecto por estar presente en el territorio y llegar hasta el lugar de los hechos. Nos satisface que \u00e9l est\u00e1 cumpliendo lo prometido con la colocaci\u00f3n de piedra escollera. Aqu\u00ed, cerca de 300 familias estaban en riesgo de quedar incomunicadas, afectando no solo en nuestro sector sino tambi\u00e9n el centro de la parroquia de Calder\u00f3n\u00bb, expres\u00f3 Monserrate Cede\u00f1o, habitante de la comunidad Juan Pablo Segundo.<\/p>\n\n\n\n<p>Posteriormente, en la comunidad de Agua Blanca, en la parroquia Alhajuela, el Prefecto verific\u00f3 la limpieza de la quebrada, que incluye el retiro de palizadas y sedimentos, as\u00ed como labores emergentes de protecci\u00f3n para reducir el impacto de las lluvias. Estas acciones buscan resguardar a la poblaci\u00f3n y minimizar los riesgos durante la temporada invernal.<\/p>\n\n\n\n<p>Orlando indic\u00f3 que, a pesar de las limitaciones de recursos, la Prefectura de Manab\u00ed reforzar\u00e1 la presencia de maquinaria con la incorporaci\u00f3n de al menos una excavadora adicional y una cargadora frontal, que se sumar\u00e1n a la excavadora y las volquetas que ya est\u00e1n trabajando en el lugar.<\/p>\n\n\n\n<p>El objetivo es habilitar el camino de acceso y continuar atendiendo las emergencias en las comunidades m\u00e1s afectadas y garantizar la seguridad de los manabitas.<\/p>\n","protected":false},"excerpt":{"rendered":"<p>El prefecto Leonardo Orlando recorri\u00f3 este jueves 20 de marzo las zonas afectadas por el invierno en las parroquias rurales de Abd\u00f3n Calder\u00f3n y Alhajuela, en el cant\u00f3n Portoviejo, donde supervis\u00f3 las intervenciones de mitigaci\u00f3n y prevenci\u00f3n. En Calder\u00f3n, el Prefecto inspeccion\u00f3 la colocaci\u00f3n de piedra escollera en el sector de Juan Damas, como parte [&hellip;]<\/p>\n","protected":false},"author":10,"featured_media":30286,"comment_status":"closed","ping_status":"closed","sticky":false,"template":"","format":"standard","meta":{"_joinchat":[],"footnotes":""},"categories":[138,150,343,92,181,339,340,132,91],"tags":[],"class_list":["post-30285","post","type-post","status-publish","format-standard","has-post-thumbnail","hentry","category-24-de-mayo","category-ambiente","category-bicentenario","category-noticias-manabi","category-obra-publica","category-plan-invernal","category-plan-invernal-plan-invernal","category-portoviejo","category-todas"],"yoast_head":"<!-- This site is optimized with the Yoast SEO plugin v27.4 - https:\/\/yoast.com\/product\/yoast-seo-wordpress\/ -->\n<title>La Prefectura atiende emergencias invernales en Portoviejo - Prefectura de Manab\u00ed<\/title>\n<meta name=\"robots\" content=\"index, follow, max-snippet:-1, max-image-preview:large, max-video-preview:-1\" \/>\n<link rel=\"canonical\" href=\"https:\/\/www.manabi.gob.ec\/index.php\/la-prefectura-atiende-emergencias-invernales-en-portoviejo\/\" \/>\n<meta property=\"og:locale\" content=\"es_ES\" \/>\n<meta property=\"og:type\" content=\"article\" \/>\n<meta property=\"og:title\" content=\"La Prefectura atiende emergencias invernales en Portoviejo - Prefectura de Manab\u00ed\" \/>\n<meta property=\"og:description\" content=\"El prefecto Leonardo Orlando recorri\u00f3 este jueves 20 de marzo las zonas afectadas por el invierno en las parroquias rurales de Abd\u00f3n Calder\u00f3n y Alhajuela, en el cant\u00f3n Portoviejo, donde supervis\u00f3 las intervenciones de mitigaci\u00f3n y prevenci\u00f3n. En Calder\u00f3n, el Prefecto inspeccion\u00f3 la colocaci\u00f3n de piedra escollera en el sector de Juan Damas, como parte [&hellip;]\" \/>\n<meta property=\"og:url\" content=\"https:\/\/www.manabi.gob.ec\/index.php\/la-prefectura-atiende-emergencias-invernales-en-portoviejo\/\" \/>\n<meta property=\"og:site_name\" content=\"Prefectura de Manab\u00ed\" \/>\n<meta property=\"article:published_time\" content=\"2025-03-21T00:53:42+00:00\" \/>\n<meta property=\"article:modified_time\" content=\"2025-03-21T17:03:57+00:00\" \/>\n<meta property=\"og:image\" content=\"https:\/\/www.manabi.gob.ec\/wp-content\/uploads\/2025\/03\/80097f6a-4efc-4dfa-9822-c54395f58964-scaled.jpg\" \/>\n\t<meta property=\"og:image:width\" content=\"2560\" \/>\n\t<meta property=\"og:image:height\" content=\"1706\" \/>\n\t<meta property=\"og:image:type\" content=\"image\/jpeg\" \/>\n<meta name=\"author\" content=\"Lui Ochoa\" \/>\n<meta name=\"twitter:card\" content=\"summary_large_image\" \/>\n<meta name=\"twitter:label1\" content=\"Escrito por\" \/>\n\t<meta name=\"twitter:data1\" content=\"Lui Ochoa\" \/>\n\t<meta name=\"twitter:label2\" content=\"Tiempo de lectura\" \/>\n\t<meta name=\"twitter:data2\" content=\"2 minutos\" \/>\n<script type=\"application\/ld+json\" class=\"yoast-schema-graph\">{\"@context\":\"https:\\\/\\\/schema.org\",\"@graph\":[{\"@type\":\"Article\",\"@id\":\"https:\\\/\\\/www.manabi.gob.ec\\\/index.php\\\/la-prefectura-atiende-emergencias-invernales-en-portoviejo\\\/#article\",\"isPartOf\":{\"@id\":\"https:\\\/\\\/www.manabi.gob.ec\\\/index.php\\\/la-prefectura-atiende-emergencias-invernales-en-portoviejo\\\/\"},\"author\":{\"name\":\"Lui Ochoa\",\"@id\":\"https:\\\/\\\/www.manabi.gob.ec\\\/#\\\/schema\\\/person\\\/c4f117989332ad723a6ced5994aa7d7a\"},\"headline\":\"La Prefectura atiende emergencias invernales en Portoviejo\",\"datePublished\":\"2025-03-21T00:53:42+00:00\",\"dateModified\":\"2025-03-21T17:03:57+00:00\",\"mainEntityOfPage\":{\"@id\":\"https:\\\/\\\/www.manabi.gob.ec\\\/index.php\\\/la-prefectura-atiende-emergencias-invernales-en-portoviejo\\\/\"},\"wordCount\":294,\"image\":{\"@id\":\"https:\\\/\\\/www.manabi.gob.ec\\\/index.php\\\/la-prefectura-atiende-emergencias-invernales-en-portoviejo\\\/#primaryimage\"},\"thumbnailUrl\":\"https:\\\/\\\/www.manabi.gob.ec\\\/wp-content\\\/uploads\\\/2025\\\/03\\\/80097f6a-4efc-4dfa-9822-c54395f58964-scaled.jpg\",\"articleSection\":[\"24 de Mayo\",\"Ambiente\",\"bicentenario\",\"Noticias\",\"Obra P\u00fablica\",\"Plan Invernal\",\"PLAN INVERNAL\",\"Portoviejo\",\"Todas\"],\"inLanguage\":\"es\"},{\"@type\":\"WebPage\",\"@id\":\"https:\\\/\\\/www.manabi.gob.ec\\\/index.php\\\/la-prefectura-atiende-emergencias-invernales-en-portoviejo\\\/\",\"url\":\"https:\\\/\\\/www.manabi.gob.ec\\\/index.php\\\/la-prefectura-atiende-emergencias-invernales-en-portoviejo\\\/\",\"name\":\"La Prefectura atiende emergencias invernales en Portoviejo - Prefectura de Manab\u00ed\",\"isPartOf\":{\"@id\":\"https:\\\/\\\/www.manabi.gob.ec\\\/#website\"},\"primaryImageOfPage\":{\"@id\":\"https:\\\/\\\/www.manabi.gob.ec\\\/index.php\\\/la-prefectura-atiende-emergencias-invernales-en-portoviejo\\\/#primaryimage\"},\"image\":{\"@id\":\"https:\\\/\\\/www.manabi.gob.ec\\\/index.php\\\/la-prefectura-atiende-emergencias-invernales-en-portoviejo\\\/#primaryimage\"},\"thumbnailUrl\":\"https:\\\/\\\/www.manabi.gob.ec\\\/wp-content\\\/uploads\\\/2025\\\/03\\\/80097f6a-4efc-4dfa-9822-c54395f58964-scaled.jpg\",\"datePublished\":\"2025-03-21T00:53:42+00:00\",\"dateModified\":\"2025-03-21T17:03:57+00:00\",\"author\":{\"@id\":\"https:\\\/\\\/www.manabi.gob.ec\\\/#\\\/schema\\\/person\\\/c4f117989332ad723a6ced5994aa7d7a\"},\"breadcrumb\":{\"@id\":\"https:\\\/\\\/www.manabi.gob.ec\\\/index.php\\\/la-prefectura-atiende-emergencias-invernales-en-portoviejo\\\/#breadcrumb\"},\"inLanguage\":\"es\",\"potentialAction\":[{\"@type\":\"ReadAction\",\"target\":[\"https:\\\/\\\/www.manabi.gob.ec\\\/index.php\\\/la-prefectura-atiende-emergencias-invernales-en-portoviejo\\\/\"]}]},{\"@type\":\"ImageObject\",\"inLanguage\":\"es\",\"@id\":\"https:\\\/\\\/www.manabi.gob.ec\\\/index.php\\\/la-prefectura-atiende-emergencias-invernales-en-portoviejo\\\/#primaryimage\",\"url\":\"https:\\\/\\\/www.manabi.gob.ec\\\/wp-content\\\/uploads\\\/2025\\\/03\\\/80097f6a-4efc-4dfa-9822-c54395f58964-scaled.jpg\",\"contentUrl\":\"https:\\\/\\\/www.manabi.gob.ec\\\/wp-content\\\/uploads\\\/2025\\\/03\\\/80097f6a-4efc-4dfa-9822-c54395f58964-scaled.jpg\",\"width\":2560,\"height\":1706},{\"@type\":\"BreadcrumbList\",\"@id\":\"https:\\\/\\\/www.manabi.gob.ec\\\/index.php\\\/la-prefectura-atiende-emergencias-invernales-en-portoviejo\\\/#breadcrumb\",\"itemListElement\":[{\"@type\":\"ListItem\",\"position\":1,\"name\":\"Portada\",\"item\":\"https:\\\/\\\/www.manabi.gob.ec\\\/\"},{\"@type\":\"ListItem\",\"position\":2,\"name\":\"La Prefectura atiende emergencias invernales en Portoviejo\"}]},{\"@type\":\"WebSite\",\"@id\":\"https:\\\/\\\/www.manabi.gob.ec\\\/#website\",\"url\":\"https:\\\/\\\/www.manabi.gob.ec\\\/\",\"name\":\"Prefectura de Manab\u00ed\",\"description\":\"P\u00e1gina web de la prefectura\",\"potentialAction\":[{\"@type\":\"SearchAction\",\"target\":{\"@type\":\"EntryPoint\",\"urlTemplate\":\"https:\\\/\\\/www.manabi.gob.ec\\\/?s={search_term_string}\"},\"query-input\":{\"@type\":\"PropertyValueSpecification\",\"valueRequired\":true,\"valueName\":\"search_term_string\"}}],\"inLanguage\":\"es\"},{\"@type\":\"Person\",\"@id\":\"https:\\\/\\\/www.manabi.gob.ec\\\/#\\\/schema\\\/person\\\/c4f117989332ad723a6ced5994aa7d7a\",\"name\":\"Lui Ochoa\",\"image\":{\"@type\":\"ImageObject\",\"inLanguage\":\"es\",\"@id\":\"https:\\\/\\\/secure.gravatar.com\\\/avatar\\\/6e8017d0fe69dead8a95864d2eb6e1e1d8bf8e01194ba49cf7b897ff038126ba?s=96&d=mm&r=g\",\"url\":\"https:\\\/\\\/secure.gravatar.com\\\/avatar\\\/6e8017d0fe69dead8a95864d2eb6e1e1d8bf8e01194ba49cf7b897ff038126ba?s=96&d=mm&r=g\",\"contentUrl\":\"https:\\\/\\\/secure.gravatar.com\\\/avatar\\\/6e8017d0fe69dead8a95864d2eb6e1e1d8bf8e01194ba49cf7b897ff038126ba?s=96&d=mm&r=g\",\"caption\":\"Lui Ochoa\"},\"url\":\"https:\\\/\\\/www.manabi.gob.ec\\\/index.php\\\/author\\\/lochoa\\\/\"}]}<\/script>\n<!-- \/ Yoast SEO plugin. -->","yoast_head_json":{"title":"La Prefectura atiende emergencias invernales en Portoviejo - Prefectura de Manab\u00ed","robots":{"index":"index","follow":"follow","max-snippet":"max-snippet:-1","max-image-preview":"max-image-preview:large","max-video-preview":"max-video-preview:-1"},"canonical":"https:\/\/www.manabi.gob.ec\/index.php\/la-prefectura-atiende-emergencias-invernales-en-portoviejo\/","og_locale":"es_ES","og_type":"article","og_title":"La Prefectura atiende emergencias invernales en Portoviejo - Prefectura de Manab\u00ed","og_description":"El prefecto Leonardo Orlando recorri\u00f3 este jueves 20 de marzo las zonas afectadas por el invierno en las parroquias rurales de Abd\u00f3n Calder\u00f3n y Alhajuela, en el cant\u00f3n Portoviejo, donde supervis\u00f3 las intervenciones de mitigaci\u00f3n y prevenci\u00f3n. En Calder\u00f3n, el Prefecto inspeccion\u00f3 la colocaci\u00f3n de piedra escollera en el sector de Juan Damas, como parte [&hellip;]","og_url":"https:\/\/www.manabi.gob.ec\/index.php\/la-prefectura-atiende-emergencias-invernales-en-portoviejo\/","og_site_name":"Prefectura de Manab\u00ed","article_published_time":"2025-03-21T00:53:42+00:00","article_modified_time":"2025-03-21T17:03:57+00:00","og_image":[{"width":2560,"height":1706,"url":"https:\/\/www.manabi.gob.ec\/wp-content\/uploads\/2025\/03\/80097f6a-4efc-4dfa-9822-c54395f58964-scaled.jpg","type":"image\/jpeg"}],"author":"Lui Ochoa","twitter_card":"summary_large_image","twitter_misc":{"Escrito por":"Lui Ochoa","Tiempo de lectura":"2 minutos"},"schema":{"@context":"https:\/\/schema.org","@graph":[{"@type":"Article","@id":"https:\/\/www.manabi.gob.ec\/index.php\/la-prefectura-atiende-emergencias-invernales-en-portoviejo\/#article","isPartOf":{"@id":"https:\/\/www.manabi.gob.ec\/index.php\/la-prefectura-atiende-emergencias-invernales-en-portoviejo\/"},"author":{"name":"Lui Ochoa","@id":"https:\/\/www.manabi.gob.ec\/#\/schema\/person\/c4f117989332ad723a6ced5994aa7d7a"},"headline":"La Prefectura atiende emergencias invernales en Portoviejo","datePublished":"2025-03-21T00:53:42+00:00","dateModified":"2025-03-21T17:03:57+00:00","mainEntityOfPage":{"@id":"https:\/\/www.manabi.gob.ec\/index.php\/la-prefectura-atiende-emergencias-invernales-en-portoviejo\/"},"wordCount":294,"image":{"@id":"https:\/\/www.manabi.gob.ec\/index.php\/la-prefectura-atiende-emergencias-invernales-en-portoviejo\/#primaryimage"},"thumbnailUrl":"https:\/\/www.manabi.gob.ec\/wp-content\/uploads\/2025\/03\/80097f6a-4efc-4dfa-9822-c54395f58964-scaled.jpg","articleSection":["24 de Mayo","Ambiente","bicentenario","Noticias","Obra P\u00fablica","Plan Invernal","PLAN INVERNAL","Portoviejo","Todas"],"inLanguage":"es"},{"@type":"WebPage","@id":"https:\/\/www.manabi.gob.ec\/index.php\/la-prefectura-atiende-emergencias-invernales-en-portoviejo\/","url":"https:\/\/www.manabi.gob.ec\/index.php\/la-prefectura-atiende-emergencias-invernales-en-portoviejo\/","name":"La Prefectura atiende emergencias invernales en Portoviejo - Prefectura de Manab\u00ed","isPartOf":{"@id":"https:\/\/www.manabi.gob.ec\/#website"},"primaryImageOfPage":{"@id":"https:\/\/www.manabi.gob.ec\/index.php\/la-prefectura-atiende-emergencias-invernales-en-portoviejo\/#primaryimage"},"image":{"@id":"https:\/\/www.manabi.gob.ec\/index.php\/la-prefectura-atiende-emergencias-invernales-en-portoviejo\/#primaryimage"},"thumbnailUrl":"https:\/\/www.manabi.gob.ec\/wp-content\/uploads\/2025\/03\/80097f6a-4efc-4dfa-9822-c54395f58964-scaled.jpg","datePublished":"2025-03-21T00:53:42+00:00","dateModified":"2025-03-21T17:03:57+00:00","author":{"@id":"https:\/\/www.manabi.gob.ec\/#\/schema\/person\/c4f117989332ad723a6ced5994aa7d7a"},"breadcrumb":{"@id":"https:\/\/www.manabi.gob.ec\/index.php\/la-prefectura-atiende-emergencias-invernales-en-portoviejo\/#breadcrumb"},"inLanguage":"es","potentialAction":[{"@type":"ReadAction","target":["https:\/\/www.manabi.gob.ec\/index.php\/la-prefectura-atiende-emergencias-invernales-en-portoviejo\/"]}]},{"@type":"ImageObject","inLanguage":"es","@id":"https:\/\/www.manabi.gob.ec\/index.php\/la-prefectura-atiende-emergencias-invernales-en-portoviejo\/#primaryimage","url":"https:\/\/www.manabi.gob.ec\/wp-content\/uploads\/2025\/03\/80097f6a-4efc-4dfa-9822-c54395f58964-scaled.jpg","contentUrl":"https:\/\/www.manabi.gob.ec\/wp-content\/uploads\/2025\/03\/80097f6a-4efc-4dfa-9822-c54395f58964-scaled.jpg","width":2560,"height":1706},{"@type":"BreadcrumbList","@id":"https:\/\/www.manabi.gob.ec\/index.php\/la-prefectura-atiende-emergencias-invernales-en-portoviejo\/#breadcrumb","itemListElement":[{"@type":"ListItem","position":1,"name":"Portada","item":"https:\/\/www.manabi.gob.ec\/"},{"@type":"ListItem","position":2,"name":"La Prefectura atiende emergencias invernales en Portoviejo"}]},{"@type":"WebSite","@id":"https:\/\/www.manabi.gob.ec\/#website","url":"https:\/\/www.manabi.gob.ec\/","name":"Prefectura de Manab\u00ed","description":"P\u00e1gina web de la prefectura","potentialAction":[{"@type":"SearchAction","target":{"@type":"EntryPoint","urlTemplate":"https:\/\/www.manabi.gob.ec\/?s={search_term_string}"},"query-input":{"@type":"PropertyValueSpecification","valueRequired":true,"valueName":"search_term_string"}}],"inLanguage":"es"},{"@type":"Person","@id":"https:\/\/www.manabi.gob.ec\/#\/schema\/person\/c4f117989332ad723a6ced5994aa7d7a","name":"Lui Ochoa","image":{"@type":"ImageObject","inLanguage":"es","@id":"https:\/\/secure.gravatar.com\/avatar\/6e8017d0fe69dead8a95864d2eb6e1e1d8bf8e01194ba49cf7b897ff038126ba?s=96&d=mm&r=g","url":"https:\/\/secure.gravatar.com\/avatar\/6e8017d0fe69dead8a95864d2eb6e1e1d8bf8e01194ba49cf7b897ff038126ba?s=96&d=mm&r=g","contentUrl":"https:\/\/secure.gravatar.com\/avatar\/6e8017d0fe69dead8a95864d2eb6e1e1d8bf8e01194ba49cf7b897ff038126ba?s=96&d=mm&r=g","caption":"Lui Ochoa"},"url":"https:\/\/www.manabi.gob.ec\/index.php\/author\/lochoa\/"}]}},"jetpack_featured_media_url":"https:\/\/www.manabi.gob.ec\/wp-content\/uploads\/2025\/03\/80097f6a-4efc-4dfa-9822-c54395f58964-scaled.jpg","_links":{"self":[{"href":"https:\/\/www.manabi.gob.ec\/index.php\/wp-json\/wp\/v2\/posts\/30285","targetHints":{"allow":["GET"]}}],"collection":[{"href":"https:\/\/www.manabi.gob.ec\/index.php\/wp-json\/wp\/v2\/posts"}],"about":[{"href":"https:\/\/www.manabi.gob.ec\/index.php\/wp-json\/wp\/v2\/types\/post"}],"author":[{"embeddable":true,"href":"https:\/\/www.manabi.gob.ec\/index.php\/wp-json\/wp\/v2\/users\/10"}],"replies":[{"embeddable":true,"href":"https:\/\/www.manabi.gob.ec\/index.php\/wp-json\/wp\/v2\/comments?post=30285"}],"version-history":[{"count":1,"href":"https:\/\/www.manabi.gob.ec\/index.php\/wp-json\/wp\/v2\/posts\/30285\/revisions"}],"predecessor-version":[{"id":30287,"href":"https:\/\/www.manabi.gob.ec\/index.php\/wp-json\/wp\/v2\/posts\/30285\/revisions\/30287"}],"wp:featuredmedia":[{"embeddable":true,"href":"https:\/\/www.manabi.gob.ec\/index.php\/wp-json\/wp\/v2\/media\/30286"}],"wp:attachment":[{"href":"https:\/\/www.manabi.gob.ec\/index.php\/wp-json\/wp\/v2\/media?parent=30285"}],"wp:term":[{"taxonomy":"category","embeddable":true,"href":"https:\/\/www.manabi.gob.ec\/index.php\/wp-json\/wp\/v2\/categories?post=30285"},{"taxonomy":"post_tag","embeddable":true,"href":"https:\/\/www.manabi.gob.ec\/index.php\/wp-json\/wp\/v2\/tags?post=30285"}],"curies":[{"name":"wp","href":"https:\/\/api.w.org\/{rel}","templated":true}]}}