{"id":30321,"date":"2025-03-26T19:03:50","date_gmt":"2025-03-26T19:03:50","guid":{"rendered":"https:\/\/www.manabi.gob.ec\/?p=30321"},"modified":"2025-04-03T22:11:26","modified_gmt":"2025-04-03T22:11:26","slug":"manabi-cumplio-una-jornada-historica-en-la-oea","status":"publish","type":"post","link":"https:\/\/www.manabi.gob.ec\/index.php\/manabi-cumplio-una-jornada-historica-en-la-oea\/","title":{"rendered":"\u00a1Manab\u00ed cumpli\u00f3 una jornada hist\u00f3rica en la OEA"},"content":{"rendered":"\n<p>Hoy, nuestro Plan de Seguridad y Convivencia Ciudadana fue presentado con \u00e9xito ante el Secretario Luis Almagro y a los 36 estados miembros como una buena pr\u00e1ctica destacada por la OEA y recomendada para replicar en todo el hemisferio. Durante la exposici\u00f3n, se resalt\u00f3 la visi\u00f3n integral de Planificaci\u00f3n al 2030 del Prefecto Leonardo Orlando.<\/p>\n\n\n\n<p> <br>Adem\u00e1s, compartimos otras 4 buenas pr\u00e1cticas de la Prefectura destacadas por la OEA: Escuelas de Formaci\u00f3n Ciudadana, Escuelas del Productor, Mesa de Planificaci\u00f3n y Sistema de Informaci\u00f3n Local.<\/p>\n\n\n\n<p> Un paso firme para fortalecer la seguridad, democracia y el desarrollo de nuestra provincia en el escenario hemisf\u00e9rico.<\/p>\n\n\n\n<p><\/p>\n","protected":false},"excerpt":{"rendered":"<p>Hoy, nuestro Plan de Seguridad y Convivencia Ciudadana fue presentado con \u00e9xito ante el Secretario Luis Almagro y a los 36 estados miembros como una buena pr\u00e1ctica destacada por la OEA y recomendada para replicar en todo el hemisferio. Durante la exposici\u00f3n, se resalt\u00f3 la visi\u00f3n integral de Planificaci\u00f3n al 2030 del Prefecto Leonardo Orlando. [&hellip;]<\/p>\n","protected":false},"author":10,"featured_media":30322,"comment_status":"closed","ping_status":"closed","sticky":false,"template":"","format":"standard","meta":{"_joinchat":[],"footnotes":""},"categories":[150,343,142,92,193,91,81],"tags":[],"class_list":["post-30321","post","type-post","status-publish","format-standard","has-post-thumbnail","hentry","category-ambiente","category-bicentenario","category-desarrollo-social","category-noticias-manabi","category-participacion-ciudadana","category-todas","category-turismo"],"yoast_head":"<!-- This site is optimized with the Yoast SEO plugin v27.4 - https:\/\/yoast.com\/product\/yoast-seo-wordpress\/ -->\n<title>\u00a1Manab\u00ed cumpli\u00f3 una jornada hist\u00f3rica en la OEA - Prefectura de Manab\u00ed<\/title>\n<meta name=\"robots\" content=\"index, follow, max-snippet:-1, max-image-preview:large, max-video-preview:-1\" \/>\n<link rel=\"canonical\" href=\"https:\/\/www.manabi.gob.ec\/index.php\/manabi-cumplio-una-jornada-historica-en-la-oea\/\" \/>\n<meta property=\"og:locale\" content=\"es_ES\" \/>\n<meta property=\"og:type\" content=\"article\" \/>\n<meta property=\"og:title\" content=\"\u00a1Manab\u00ed cumpli\u00f3 una jornada hist\u00f3rica en la OEA - Prefectura de Manab\u00ed\" \/>\n<meta property=\"og:description\" content=\"Hoy, nuestro Plan de Seguridad y Convivencia Ciudadana fue presentado con \u00e9xito ante el Secretario Luis Almagro y a los 36 estados miembros como una buena pr\u00e1ctica destacada por la OEA y recomendada para replicar en todo el hemisferio. Durante la exposici\u00f3n, se resalt\u00f3 la visi\u00f3n integral de Planificaci\u00f3n al 2030 del Prefecto Leonardo Orlando. [&hellip;]\" \/>\n<meta property=\"og:url\" content=\"https:\/\/www.manabi.gob.ec\/index.php\/manabi-cumplio-una-jornada-historica-en-la-oea\/\" \/>\n<meta property=\"og:site_name\" content=\"Prefectura de Manab\u00ed\" \/>\n<meta property=\"article:published_time\" content=\"2025-03-26T19:03:50+00:00\" \/>\n<meta property=\"article:modified_time\" content=\"2025-04-03T22:11:26+00:00\" \/>\n<meta property=\"og:image\" content=\"https:\/\/www.manabi.gob.ec\/wp-content\/uploads\/2025\/03\/WhatsApp-Image-2025-03-26-at-11.52.53-AM.jpeg\" \/>\n\t<meta property=\"og:image:width\" content=\"1280\" \/>\n\t<meta property=\"og:image:height\" content=\"855\" \/>\n\t<meta property=\"og:image:type\" content=\"image\/jpeg\" \/>\n<meta name=\"author\" content=\"Lui Ochoa\" \/>\n<meta name=\"twitter:card\" content=\"summary_large_image\" \/>\n<meta name=\"twitter:label1\" content=\"Escrito por\" \/>\n\t<meta name=\"twitter:data1\" content=\"Lui Ochoa\" \/>\n\t<meta name=\"twitter:label2\" content=\"Tiempo de lectura\" \/>\n\t<meta name=\"twitter:data2\" content=\"1 minuto\" \/>\n<script type=\"application\/ld+json\" class=\"yoast-schema-graph\">{\"@context\":\"https:\\\/\\\/schema.org\",\"@graph\":[{\"@type\":\"Article\",\"@id\":\"https:\\\/\\\/www.manabi.gob.ec\\\/index.php\\\/manabi-cumplio-una-jornada-historica-en-la-oea\\\/#article\",\"isPartOf\":{\"@id\":\"https:\\\/\\\/www.manabi.gob.ec\\\/index.php\\\/manabi-cumplio-una-jornada-historica-en-la-oea\\\/\"},\"author\":{\"name\":\"Lui Ochoa\",\"@id\":\"https:\\\/\\\/www.manabi.gob.ec\\\/#\\\/schema\\\/person\\\/c4f117989332ad723a6ced5994aa7d7a\"},\"headline\":\"\u00a1Manab\u00ed cumpli\u00f3 una jornada hist\u00f3rica en la OEA\",\"datePublished\":\"2025-03-26T19:03:50+00:00\",\"dateModified\":\"2025-04-03T22:11:26+00:00\",\"mainEntityOfPage\":{\"@id\":\"https:\\\/\\\/www.manabi.gob.ec\\\/index.php\\\/manabi-cumplio-una-jornada-historica-en-la-oea\\\/\"},\"wordCount\":117,\"image\":{\"@id\":\"https:\\\/\\\/www.manabi.gob.ec\\\/index.php\\\/manabi-cumplio-una-jornada-historica-en-la-oea\\\/#primaryimage\"},\"thumbnailUrl\":\"https:\\\/\\\/www.manabi.gob.ec\\\/wp-content\\\/uploads\\\/2025\\\/03\\\/WhatsApp-Image-2025-03-26-at-11.52.53-AM.jpeg\",\"articleSection\":[\"Ambiente\",\"bicentenario\",\"Desarrollo Social\",\"Noticias\",\"Participaci\u00f3n ciudadana\",\"Todas\",\"Turismo\"],\"inLanguage\":\"es\"},{\"@type\":\"WebPage\",\"@id\":\"https:\\\/\\\/www.manabi.gob.ec\\\/index.php\\\/manabi-cumplio-una-jornada-historica-en-la-oea\\\/\",\"url\":\"https:\\\/\\\/www.manabi.gob.ec\\\/index.php\\\/manabi-cumplio-una-jornada-historica-en-la-oea\\\/\",\"name\":\"\u00a1Manab\u00ed cumpli\u00f3 una jornada hist\u00f3rica en la OEA - Prefectura de Manab\u00ed\",\"isPartOf\":{\"@id\":\"https:\\\/\\\/www.manabi.gob.ec\\\/#website\"},\"primaryImageOfPage\":{\"@id\":\"https:\\\/\\\/www.manabi.gob.ec\\\/index.php\\\/manabi-cumplio-una-jornada-historica-en-la-oea\\\/#primaryimage\"},\"image\":{\"@id\":\"https:\\\/\\\/www.manabi.gob.ec\\\/index.php\\\/manabi-cumplio-una-jornada-historica-en-la-oea\\\/#primaryimage\"},\"thumbnailUrl\":\"https:\\\/\\\/www.manabi.gob.ec\\\/wp-content\\\/uploads\\\/2025\\\/03\\\/WhatsApp-Image-2025-03-26-at-11.52.53-AM.jpeg\",\"datePublished\":\"2025-03-26T19:03:50+00:00\",\"dateModified\":\"2025-04-03T22:11:26+00:00\",\"author\":{\"@id\":\"https:\\\/\\\/www.manabi.gob.ec\\\/#\\\/schema\\\/person\\\/c4f117989332ad723a6ced5994aa7d7a\"},\"breadcrumb\":{\"@id\":\"https:\\\/\\\/www.manabi.gob.ec\\\/index.php\\\/manabi-cumplio-una-jornada-historica-en-la-oea\\\/#breadcrumb\"},\"inLanguage\":\"es\",\"potentialAction\":[{\"@type\":\"ReadAction\",\"target\":[\"https:\\\/\\\/www.manabi.gob.ec\\\/index.php\\\/manabi-cumplio-una-jornada-historica-en-la-oea\\\/\"]}]},{\"@type\":\"ImageObject\",\"inLanguage\":\"es\",\"@id\":\"https:\\\/\\\/www.manabi.gob.ec\\\/index.php\\\/manabi-cumplio-una-jornada-historica-en-la-oea\\\/#primaryimage\",\"url\":\"https:\\\/\\\/www.manabi.gob.ec\\\/wp-content\\\/uploads\\\/2025\\\/03\\\/WhatsApp-Image-2025-03-26-at-11.52.53-AM.jpeg\",\"contentUrl\":\"https:\\\/\\\/www.manabi.gob.ec\\\/wp-content\\\/uploads\\\/2025\\\/03\\\/WhatsApp-Image-2025-03-26-at-11.52.53-AM.jpeg\",\"width\":1280,\"height\":855},{\"@type\":\"BreadcrumbList\",\"@id\":\"https:\\\/\\\/www.manabi.gob.ec\\\/index.php\\\/manabi-cumplio-una-jornada-historica-en-la-oea\\\/#breadcrumb\",\"itemListElement\":[{\"@type\":\"ListItem\",\"position\":1,\"name\":\"Portada\",\"item\":\"https:\\\/\\\/www.manabi.gob.ec\\\/\"},{\"@type\":\"ListItem\",\"position\":2,\"name\":\"\u00a1Manab\u00ed cumpli\u00f3 una jornada hist\u00f3rica en la OEA\"}]},{\"@type\":\"WebSite\",\"@id\":\"https:\\\/\\\/www.manabi.gob.ec\\\/#website\",\"url\":\"https:\\\/\\\/www.manabi.gob.ec\\\/\",\"name\":\"Prefectura de Manab\u00ed\",\"description\":\"P\u00e1gina web de la prefectura\",\"potentialAction\":[{\"@type\":\"SearchAction\",\"target\":{\"@type\":\"EntryPoint\",\"urlTemplate\":\"https:\\\/\\\/www.manabi.gob.ec\\\/?s={search_term_string}\"},\"query-input\":{\"@type\":\"PropertyValueSpecification\",\"valueRequired\":true,\"valueName\":\"search_term_string\"}}],\"inLanguage\":\"es\"},{\"@type\":\"Person\",\"@id\":\"https:\\\/\\\/www.manabi.gob.ec\\\/#\\\/schema\\\/person\\\/c4f117989332ad723a6ced5994aa7d7a\",\"name\":\"Lui Ochoa\",\"image\":{\"@type\":\"ImageObject\",\"inLanguage\":\"es\",\"@id\":\"https:\\\/\\\/secure.gravatar.com\\\/avatar\\\/6e8017d0fe69dead8a95864d2eb6e1e1d8bf8e01194ba49cf7b897ff038126ba?s=96&d=mm&r=g\",\"url\":\"https:\\\/\\\/secure.gravatar.com\\\/avatar\\\/6e8017d0fe69dead8a95864d2eb6e1e1d8bf8e01194ba49cf7b897ff038126ba?s=96&d=mm&r=g\",\"contentUrl\":\"https:\\\/\\\/secure.gravatar.com\\\/avatar\\\/6e8017d0fe69dead8a95864d2eb6e1e1d8bf8e01194ba49cf7b897ff038126ba?s=96&d=mm&r=g\",\"caption\":\"Lui Ochoa\"},\"url\":\"https:\\\/\\\/www.manabi.gob.ec\\\/index.php\\\/author\\\/lochoa\\\/\"}]}<\/script>\n<!-- \/ Yoast SEO plugin. -->","yoast_head_json":{"title":"\u00a1Manab\u00ed cumpli\u00f3 una jornada hist\u00f3rica en la OEA - Prefectura de Manab\u00ed","robots":{"index":"index","follow":"follow","max-snippet":"max-snippet:-1","max-image-preview":"max-image-preview:large","max-video-preview":"max-video-preview:-1"},"canonical":"https:\/\/www.manabi.gob.ec\/index.php\/manabi-cumplio-una-jornada-historica-en-la-oea\/","og_locale":"es_ES","og_type":"article","og_title":"\u00a1Manab\u00ed cumpli\u00f3 una jornada hist\u00f3rica en la OEA - Prefectura de Manab\u00ed","og_description":"Hoy, nuestro Plan de Seguridad y Convivencia Ciudadana fue presentado con \u00e9xito ante el Secretario Luis Almagro y a los 36 estados miembros como una buena pr\u00e1ctica destacada por la OEA y recomendada para replicar en todo el hemisferio. Durante la exposici\u00f3n, se resalt\u00f3 la visi\u00f3n integral de Planificaci\u00f3n al 2030 del Prefecto Leonardo Orlando. [&hellip;]","og_url":"https:\/\/www.manabi.gob.ec\/index.php\/manabi-cumplio-una-jornada-historica-en-la-oea\/","og_site_name":"Prefectura de Manab\u00ed","article_published_time":"2025-03-26T19:03:50+00:00","article_modified_time":"2025-04-03T22:11:26+00:00","og_image":[{"width":1280,"height":855,"url":"https:\/\/www.manabi.gob.ec\/wp-content\/uploads\/2025\/03\/WhatsApp-Image-2025-03-26-at-11.52.53-AM.jpeg","type":"image\/jpeg"}],"author":"Lui Ochoa","twitter_card":"summary_large_image","twitter_misc":{"Escrito por":"Lui Ochoa","Tiempo de lectura":"1 minuto"},"schema":{"@context":"https:\/\/schema.org","@graph":[{"@type":"Article","@id":"https:\/\/www.manabi.gob.ec\/index.php\/manabi-cumplio-una-jornada-historica-en-la-oea\/#article","isPartOf":{"@id":"https:\/\/www.manabi.gob.ec\/index.php\/manabi-cumplio-una-jornada-historica-en-la-oea\/"},"author":{"name":"Lui Ochoa","@id":"https:\/\/www.manabi.gob.ec\/#\/schema\/person\/c4f117989332ad723a6ced5994aa7d7a"},"headline":"\u00a1Manab\u00ed cumpli\u00f3 una jornada hist\u00f3rica en la OEA","datePublished":"2025-03-26T19:03:50+00:00","dateModified":"2025-04-03T22:11:26+00:00","mainEntityOfPage":{"@id":"https:\/\/www.manabi.gob.ec\/index.php\/manabi-cumplio-una-jornada-historica-en-la-oea\/"},"wordCount":117,"image":{"@id":"https:\/\/www.manabi.gob.ec\/index.php\/manabi-cumplio-una-jornada-historica-en-la-oea\/#primaryimage"},"thumbnailUrl":"https:\/\/www.manabi.gob.ec\/wp-content\/uploads\/2025\/03\/WhatsApp-Image-2025-03-26-at-11.52.53-AM.jpeg","articleSection":["Ambiente","bicentenario","Desarrollo Social","Noticias","Participaci\u00f3n ciudadana","Todas","Turismo"],"inLanguage":"es"},{"@type":"WebPage","@id":"https:\/\/www.manabi.gob.ec\/index.php\/manabi-cumplio-una-jornada-historica-en-la-oea\/","url":"https:\/\/www.manabi.gob.ec\/index.php\/manabi-cumplio-una-jornada-historica-en-la-oea\/","name":"\u00a1Manab\u00ed cumpli\u00f3 una jornada hist\u00f3rica en la OEA - Prefectura de Manab\u00ed","isPartOf":{"@id":"https:\/\/www.manabi.gob.ec\/#website"},"primaryImageOfPage":{"@id":"https:\/\/www.manabi.gob.ec\/index.php\/manabi-cumplio-una-jornada-historica-en-la-oea\/#primaryimage"},"image":{"@id":"https:\/\/www.manabi.gob.ec\/index.php\/manabi-cumplio-una-jornada-historica-en-la-oea\/#primaryimage"},"thumbnailUrl":"https:\/\/www.manabi.gob.ec\/wp-content\/uploads\/2025\/03\/WhatsApp-Image-2025-03-26-at-11.52.53-AM.jpeg","datePublished":"2025-03-26T19:03:50+00:00","dateModified":"2025-04-03T22:11:26+00:00","author":{"@id":"https:\/\/www.manabi.gob.ec\/#\/schema\/person\/c4f117989332ad723a6ced5994aa7d7a"},"breadcrumb":{"@id":"https:\/\/www.manabi.gob.ec\/index.php\/manabi-cumplio-una-jornada-historica-en-la-oea\/#breadcrumb"},"inLanguage":"es","potentialAction":[{"@type":"ReadAction","target":["https:\/\/www.manabi.gob.ec\/index.php\/manabi-cumplio-una-jornada-historica-en-la-oea\/"]}]},{"@type":"ImageObject","inLanguage":"es","@id":"https:\/\/www.manabi.gob.ec\/index.php\/manabi-cumplio-una-jornada-historica-en-la-oea\/#primaryimage","url":"https:\/\/www.manabi.gob.ec\/wp-content\/uploads\/2025\/03\/WhatsApp-Image-2025-03-26-at-11.52.53-AM.jpeg","contentUrl":"https:\/\/www.manabi.gob.ec\/wp-content\/uploads\/2025\/03\/WhatsApp-Image-2025-03-26-at-11.52.53-AM.jpeg","width":1280,"height":855},{"@type":"BreadcrumbList","@id":"https:\/\/www.manabi.gob.ec\/index.php\/manabi-cumplio-una-jornada-historica-en-la-oea\/#breadcrumb","itemListElement":[{"@type":"ListItem","position":1,"name":"Portada","item":"https:\/\/www.manabi.gob.ec\/"},{"@type":"ListItem","position":2,"name":"\u00a1Manab\u00ed cumpli\u00f3 una jornada hist\u00f3rica en la OEA"}]},{"@type":"WebSite","@id":"https:\/\/www.manabi.gob.ec\/#website","url":"https:\/\/www.manabi.gob.ec\/","name":"Prefectura de Manab\u00ed","description":"P\u00e1gina web de la prefectura","potentialAction":[{"@type":"SearchAction","target":{"@type":"EntryPoint","urlTemplate":"https:\/\/www.manabi.gob.ec\/?s={search_term_string}"},"query-input":{"@type":"PropertyValueSpecification","valueRequired":true,"valueName":"search_term_string"}}],"inLanguage":"es"},{"@type":"Person","@id":"https:\/\/www.manabi.gob.ec\/#\/schema\/person\/c4f117989332ad723a6ced5994aa7d7a","name":"Lui Ochoa","image":{"@type":"ImageObject","inLanguage":"es","@id":"https:\/\/secure.gravatar.com\/avatar\/6e8017d0fe69dead8a95864d2eb6e1e1d8bf8e01194ba49cf7b897ff038126ba?s=96&d=mm&r=g","url":"https:\/\/secure.gravatar.com\/avatar\/6e8017d0fe69dead8a95864d2eb6e1e1d8bf8e01194ba49cf7b897ff038126ba?s=96&d=mm&r=g","contentUrl":"https:\/\/secure.gravatar.com\/avatar\/6e8017d0fe69dead8a95864d2eb6e1e1d8bf8e01194ba49cf7b897ff038126ba?s=96&d=mm&r=g","caption":"Lui Ochoa"},"url":"https:\/\/www.manabi.gob.ec\/index.php\/author\/lochoa\/"}]}},"jetpack_featured_media_url":"https:\/\/www.manabi.gob.ec\/wp-content\/uploads\/2025\/03\/WhatsApp-Image-2025-03-26-at-11.52.53-AM.jpeg","_links":{"self":[{"href":"https:\/\/www.manabi.gob.ec\/index.php\/wp-json\/wp\/v2\/posts\/30321","targetHints":{"allow":["GET"]}}],"collection":[{"href":"https:\/\/www.manabi.gob.ec\/index.php\/wp-json\/wp\/v2\/posts"}],"about":[{"href":"https:\/\/www.manabi.gob.ec\/index.php\/wp-json\/wp\/v2\/types\/post"}],"author":[{"embeddable":true,"href":"https:\/\/www.manabi.gob.ec\/index.php\/wp-json\/wp\/v2\/users\/10"}],"replies":[{"embeddable":true,"href":"https:\/\/www.manabi.gob.ec\/index.php\/wp-json\/wp\/v2\/comments?post=30321"}],"version-history":[{"count":1,"href":"https:\/\/www.manabi.gob.ec\/index.php\/wp-json\/wp\/v2\/posts\/30321\/revisions"}],"predecessor-version":[{"id":30323,"href":"https:\/\/www.manabi.gob.ec\/index.php\/wp-json\/wp\/v2\/posts\/30321\/revisions\/30323"}],"wp:featuredmedia":[{"embeddable":true,"href":"https:\/\/www.manabi.gob.ec\/index.php\/wp-json\/wp\/v2\/media\/30322"}],"wp:attachment":[{"href":"https:\/\/www.manabi.gob.ec\/index.php\/wp-json\/wp\/v2\/media?parent=30321"}],"wp:term":[{"taxonomy":"category","embeddable":true,"href":"https:\/\/www.manabi.gob.ec\/index.php\/wp-json\/wp\/v2\/categories?post=30321"},{"taxonomy":"post_tag","embeddable":true,"href":"https:\/\/www.manabi.gob.ec\/index.php\/wp-json\/wp\/v2\/tags?post=30321"}],"curies":[{"name":"wp","href":"https:\/\/api.w.org\/{rel}","templated":true}]}}