{"id":30327,"date":"2025-03-27T13:17:03","date_gmt":"2025-03-27T13:17:03","guid":{"rendered":"https:\/\/www.manabi.gob.ec\/?p=30327"},"modified":"2025-03-27T13:17:10","modified_gmt":"2025-03-27T13:17:10","slug":"prefectura-de-manabi-llego-con-brigada-de-salud-al-cerro-de-guayabal","status":"publish","type":"post","link":"https:\/\/www.manabi.gob.ec\/index.php\/prefectura-de-manabi-llego-con-brigada-de-salud-al-cerro-de-guayabal\/","title":{"rendered":"Prefectura de Manab\u00ed lleg\u00f3 con brigada de salud al Cerro de Guayabal"},"content":{"rendered":"\n<p>M\u00e1s de 200 personas de la comunidad de Cerro Guayabal, en Montecristi, recibieron atenci\u00f3n m\u00e9dica, este mi\u00e9rcoles 26 de marzo, en las \u00e1reas de medicina general, optometr\u00eda, nutrici\u00f3n y odontolog\u00eda, a trav\u00e9s de una brigada de salud organizada por la Prefectura de Manab\u00ed. La atenci\u00f3n se centr\u00f3 especialmente en los grupos prioritarios.<\/p>\n\n\n\n<p>Durante la jornada, se entregaron de manera gratuita medicamentos para el tratamiento de diversas condiciones de salud. Adem\u00e1s, las personas que requer\u00edan correcci\u00f3n visual fueron beneficiadas con la entrega de lentes, contribuyendo as\u00ed a mejorar su salud y calidad de vida.<\/p>\n\n\n\n<p>Asimismo, en el sector Lomas del Porvenir, en el cant\u00f3n Montecristi, se entregaron 45 ayudas humanitarias a personas afectadas por el fuerte invierno, brindando apoyo oportuno a las familias en situaci\u00f3n de vulnerabilidad.<\/p>\n\n\n\n<p>Estas iniciativas reafirman el compromiso de la Prefectura de Manab\u00ed, liderada por Leonardo Orlando, con el bienestar de las comunidades m\u00e1s vulnerables, garantizando el acceso a servicios de salud de calidad y asistencia humanitaria para todos.<\/p>\n","protected":false},"excerpt":{"rendered":"<p>M\u00e1s de 200 personas de la comunidad de Cerro Guayabal, en Montecristi, recibieron atenci\u00f3n m\u00e9dica, este mi\u00e9rcoles 26 de marzo, en las \u00e1reas de medicina general, optometr\u00eda, nutrici\u00f3n y odontolog\u00eda, a trav\u00e9s de una brigada de salud organizada por la Prefectura de Manab\u00ed. La atenci\u00f3n se centr\u00f3 especialmente en los grupos prioritarios. Durante la jornada, [&hellip;]<\/p>\n","protected":false},"author":10,"featured_media":30328,"comment_status":"closed","ping_status":"closed","sticky":false,"template":"","format":"standard","meta":{"_joinchat":[],"footnotes":""},"categories":[150,142,148,92,72,91],"tags":[],"class_list":["post-30327","post","type-post","status-publish","format-standard","has-post-thumbnail","hentry","category-ambiente","category-desarrollo-social","category-montecristi","category-noticias-manabi","category-salud","category-todas"],"yoast_head":"<!-- This site is optimized with the Yoast SEO plugin v27.4 - https:\/\/yoast.com\/product\/yoast-seo-wordpress\/ -->\n<title>Prefectura de Manab\u00ed lleg\u00f3 con brigada de salud al Cerro de Guayabal - Prefectura de Manab\u00ed<\/title>\n<meta name=\"robots\" content=\"index, follow, max-snippet:-1, max-image-preview:large, max-video-preview:-1\" \/>\n<link rel=\"canonical\" href=\"https:\/\/www.manabi.gob.ec\/index.php\/prefectura-de-manabi-llego-con-brigada-de-salud-al-cerro-de-guayabal\/\" \/>\n<meta property=\"og:locale\" content=\"es_ES\" \/>\n<meta property=\"og:type\" content=\"article\" \/>\n<meta property=\"og:title\" content=\"Prefectura de Manab\u00ed lleg\u00f3 con brigada de salud al Cerro de Guayabal - Prefectura de Manab\u00ed\" \/>\n<meta property=\"og:description\" content=\"M\u00e1s de 200 personas de la comunidad de Cerro Guayabal, en Montecristi, recibieron atenci\u00f3n m\u00e9dica, este mi\u00e9rcoles 26 de marzo, en las \u00e1reas de medicina general, optometr\u00eda, nutrici\u00f3n y odontolog\u00eda, a trav\u00e9s de una brigada de salud organizada por la Prefectura de Manab\u00ed. La atenci\u00f3n se centr\u00f3 especialmente en los grupos prioritarios. Durante la jornada, [&hellip;]\" \/>\n<meta property=\"og:url\" content=\"https:\/\/www.manabi.gob.ec\/index.php\/prefectura-de-manabi-llego-con-brigada-de-salud-al-cerro-de-guayabal\/\" \/>\n<meta property=\"og:site_name\" content=\"Prefectura de Manab\u00ed\" \/>\n<meta property=\"article:published_time\" content=\"2025-03-27T13:17:03+00:00\" \/>\n<meta property=\"article:modified_time\" content=\"2025-03-27T13:17:10+00:00\" \/>\n<meta property=\"og:image\" content=\"https:\/\/www.manabi.gob.ec\/wp-content\/uploads\/2025\/03\/WhatsApp-Image-2025-03-26-at-3.18.21-PM-1-scaled.jpeg\" \/>\n\t<meta property=\"og:image:width\" content=\"2560\" \/>\n\t<meta property=\"og:image:height\" content=\"1706\" \/>\n\t<meta property=\"og:image:type\" content=\"image\/jpeg\" \/>\n<meta name=\"author\" content=\"Lui Ochoa\" \/>\n<meta name=\"twitter:card\" content=\"summary_large_image\" \/>\n<meta name=\"twitter:label1\" content=\"Escrito por\" \/>\n\t<meta name=\"twitter:data1\" content=\"Lui Ochoa\" \/>\n\t<meta name=\"twitter:label2\" content=\"Tiempo de lectura\" \/>\n\t<meta name=\"twitter:data2\" content=\"1 minuto\" \/>\n<script type=\"application\/ld+json\" class=\"yoast-schema-graph\">{\"@context\":\"https:\\\/\\\/schema.org\",\"@graph\":[{\"@type\":\"Article\",\"@id\":\"https:\\\/\\\/www.manabi.gob.ec\\\/index.php\\\/prefectura-de-manabi-llego-con-brigada-de-salud-al-cerro-de-guayabal\\\/#article\",\"isPartOf\":{\"@id\":\"https:\\\/\\\/www.manabi.gob.ec\\\/index.php\\\/prefectura-de-manabi-llego-con-brigada-de-salud-al-cerro-de-guayabal\\\/\"},\"author\":{\"name\":\"Lui Ochoa\",\"@id\":\"https:\\\/\\\/www.manabi.gob.ec\\\/#\\\/schema\\\/person\\\/c4f117989332ad723a6ced5994aa7d7a\"},\"headline\":\"Prefectura de Manab\u00ed lleg\u00f3 con brigada de salud al Cerro de Guayabal\",\"datePublished\":\"2025-03-27T13:17:03+00:00\",\"dateModified\":\"2025-03-27T13:17:10+00:00\",\"mainEntityOfPage\":{\"@id\":\"https:\\\/\\\/www.manabi.gob.ec\\\/index.php\\\/prefectura-de-manabi-llego-con-brigada-de-salud-al-cerro-de-guayabal\\\/\"},\"wordCount\":186,\"image\":{\"@id\":\"https:\\\/\\\/www.manabi.gob.ec\\\/index.php\\\/prefectura-de-manabi-llego-con-brigada-de-salud-al-cerro-de-guayabal\\\/#primaryimage\"},\"thumbnailUrl\":\"https:\\\/\\\/www.manabi.gob.ec\\\/wp-content\\\/uploads\\\/2025\\\/03\\\/WhatsApp-Image-2025-03-26-at-3.18.21-PM-1-scaled.jpeg\",\"articleSection\":[\"Ambiente\",\"Desarrollo Social\",\"Montecristi\",\"Noticias\",\"salud\",\"Todas\"],\"inLanguage\":\"es\"},{\"@type\":\"WebPage\",\"@id\":\"https:\\\/\\\/www.manabi.gob.ec\\\/index.php\\\/prefectura-de-manabi-llego-con-brigada-de-salud-al-cerro-de-guayabal\\\/\",\"url\":\"https:\\\/\\\/www.manabi.gob.ec\\\/index.php\\\/prefectura-de-manabi-llego-con-brigada-de-salud-al-cerro-de-guayabal\\\/\",\"name\":\"Prefectura de Manab\u00ed lleg\u00f3 con brigada de salud al Cerro de Guayabal - Prefectura de Manab\u00ed\",\"isPartOf\":{\"@id\":\"https:\\\/\\\/www.manabi.gob.ec\\\/#website\"},\"primaryImageOfPage\":{\"@id\":\"https:\\\/\\\/www.manabi.gob.ec\\\/index.php\\\/prefectura-de-manabi-llego-con-brigada-de-salud-al-cerro-de-guayabal\\\/#primaryimage\"},\"image\":{\"@id\":\"https:\\\/\\\/www.manabi.gob.ec\\\/index.php\\\/prefectura-de-manabi-llego-con-brigada-de-salud-al-cerro-de-guayabal\\\/#primaryimage\"},\"thumbnailUrl\":\"https:\\\/\\\/www.manabi.gob.ec\\\/wp-content\\\/uploads\\\/2025\\\/03\\\/WhatsApp-Image-2025-03-26-at-3.18.21-PM-1-scaled.jpeg\",\"datePublished\":\"2025-03-27T13:17:03+00:00\",\"dateModified\":\"2025-03-27T13:17:10+00:00\",\"author\":{\"@id\":\"https:\\\/\\\/www.manabi.gob.ec\\\/#\\\/schema\\\/person\\\/c4f117989332ad723a6ced5994aa7d7a\"},\"breadcrumb\":{\"@id\":\"https:\\\/\\\/www.manabi.gob.ec\\\/index.php\\\/prefectura-de-manabi-llego-con-brigada-de-salud-al-cerro-de-guayabal\\\/#breadcrumb\"},\"inLanguage\":\"es\",\"potentialAction\":[{\"@type\":\"ReadAction\",\"target\":[\"https:\\\/\\\/www.manabi.gob.ec\\\/index.php\\\/prefectura-de-manabi-llego-con-brigada-de-salud-al-cerro-de-guayabal\\\/\"]}]},{\"@type\":\"ImageObject\",\"inLanguage\":\"es\",\"@id\":\"https:\\\/\\\/www.manabi.gob.ec\\\/index.php\\\/prefectura-de-manabi-llego-con-brigada-de-salud-al-cerro-de-guayabal\\\/#primaryimage\",\"url\":\"https:\\\/\\\/www.manabi.gob.ec\\\/wp-content\\\/uploads\\\/2025\\\/03\\\/WhatsApp-Image-2025-03-26-at-3.18.21-PM-1-scaled.jpeg\",\"contentUrl\":\"https:\\\/\\\/www.manabi.gob.ec\\\/wp-content\\\/uploads\\\/2025\\\/03\\\/WhatsApp-Image-2025-03-26-at-3.18.21-PM-1-scaled.jpeg\",\"width\":2560,\"height\":1706},{\"@type\":\"BreadcrumbList\",\"@id\":\"https:\\\/\\\/www.manabi.gob.ec\\\/index.php\\\/prefectura-de-manabi-llego-con-brigada-de-salud-al-cerro-de-guayabal\\\/#breadcrumb\",\"itemListElement\":[{\"@type\":\"ListItem\",\"position\":1,\"name\":\"Portada\",\"item\":\"https:\\\/\\\/www.manabi.gob.ec\\\/\"},{\"@type\":\"ListItem\",\"position\":2,\"name\":\"Prefectura de Manab\u00ed lleg\u00f3 con brigada de salud al Cerro de Guayabal\"}]},{\"@type\":\"WebSite\",\"@id\":\"https:\\\/\\\/www.manabi.gob.ec\\\/#website\",\"url\":\"https:\\\/\\\/www.manabi.gob.ec\\\/\",\"name\":\"Prefectura de Manab\u00ed\",\"description\":\"P\u00e1gina web de la prefectura\",\"potentialAction\":[{\"@type\":\"SearchAction\",\"target\":{\"@type\":\"EntryPoint\",\"urlTemplate\":\"https:\\\/\\\/www.manabi.gob.ec\\\/?s={search_term_string}\"},\"query-input\":{\"@type\":\"PropertyValueSpecification\",\"valueRequired\":true,\"valueName\":\"search_term_string\"}}],\"inLanguage\":\"es\"},{\"@type\":\"Person\",\"@id\":\"https:\\\/\\\/www.manabi.gob.ec\\\/#\\\/schema\\\/person\\\/c4f117989332ad723a6ced5994aa7d7a\",\"name\":\"Lui Ochoa\",\"image\":{\"@type\":\"ImageObject\",\"inLanguage\":\"es\",\"@id\":\"https:\\\/\\\/secure.gravatar.com\\\/avatar\\\/6e8017d0fe69dead8a95864d2eb6e1e1d8bf8e01194ba49cf7b897ff038126ba?s=96&d=mm&r=g\",\"url\":\"https:\\\/\\\/secure.gravatar.com\\\/avatar\\\/6e8017d0fe69dead8a95864d2eb6e1e1d8bf8e01194ba49cf7b897ff038126ba?s=96&d=mm&r=g\",\"contentUrl\":\"https:\\\/\\\/secure.gravatar.com\\\/avatar\\\/6e8017d0fe69dead8a95864d2eb6e1e1d8bf8e01194ba49cf7b897ff038126ba?s=96&d=mm&r=g\",\"caption\":\"Lui Ochoa\"},\"url\":\"https:\\\/\\\/www.manabi.gob.ec\\\/index.php\\\/author\\\/lochoa\\\/\"}]}<\/script>\n<!-- \/ Yoast SEO plugin. -->","yoast_head_json":{"title":"Prefectura de Manab\u00ed lleg\u00f3 con brigada de salud al Cerro de Guayabal - Prefectura de Manab\u00ed","robots":{"index":"index","follow":"follow","max-snippet":"max-snippet:-1","max-image-preview":"max-image-preview:large","max-video-preview":"max-video-preview:-1"},"canonical":"https:\/\/www.manabi.gob.ec\/index.php\/prefectura-de-manabi-llego-con-brigada-de-salud-al-cerro-de-guayabal\/","og_locale":"es_ES","og_type":"article","og_title":"Prefectura de Manab\u00ed lleg\u00f3 con brigada de salud al Cerro de Guayabal - Prefectura de Manab\u00ed","og_description":"M\u00e1s de 200 personas de la comunidad de Cerro Guayabal, en Montecristi, recibieron atenci\u00f3n m\u00e9dica, este mi\u00e9rcoles 26 de marzo, en las \u00e1reas de medicina general, optometr\u00eda, nutrici\u00f3n y odontolog\u00eda, a trav\u00e9s de una brigada de salud organizada por la Prefectura de Manab\u00ed. La atenci\u00f3n se centr\u00f3 especialmente en los grupos prioritarios. Durante la jornada, [&hellip;]","og_url":"https:\/\/www.manabi.gob.ec\/index.php\/prefectura-de-manabi-llego-con-brigada-de-salud-al-cerro-de-guayabal\/","og_site_name":"Prefectura de Manab\u00ed","article_published_time":"2025-03-27T13:17:03+00:00","article_modified_time":"2025-03-27T13:17:10+00:00","og_image":[{"width":2560,"height":1706,"url":"https:\/\/www.manabi.gob.ec\/wp-content\/uploads\/2025\/03\/WhatsApp-Image-2025-03-26-at-3.18.21-PM-1-scaled.jpeg","type":"image\/jpeg"}],"author":"Lui Ochoa","twitter_card":"summary_large_image","twitter_misc":{"Escrito por":"Lui Ochoa","Tiempo de lectura":"1 minuto"},"schema":{"@context":"https:\/\/schema.org","@graph":[{"@type":"Article","@id":"https:\/\/www.manabi.gob.ec\/index.php\/prefectura-de-manabi-llego-con-brigada-de-salud-al-cerro-de-guayabal\/#article","isPartOf":{"@id":"https:\/\/www.manabi.gob.ec\/index.php\/prefectura-de-manabi-llego-con-brigada-de-salud-al-cerro-de-guayabal\/"},"author":{"name":"Lui Ochoa","@id":"https:\/\/www.manabi.gob.ec\/#\/schema\/person\/c4f117989332ad723a6ced5994aa7d7a"},"headline":"Prefectura de Manab\u00ed lleg\u00f3 con brigada de salud al Cerro de Guayabal","datePublished":"2025-03-27T13:17:03+00:00","dateModified":"2025-03-27T13:17:10+00:00","mainEntityOfPage":{"@id":"https:\/\/www.manabi.gob.ec\/index.php\/prefectura-de-manabi-llego-con-brigada-de-salud-al-cerro-de-guayabal\/"},"wordCount":186,"image":{"@id":"https:\/\/www.manabi.gob.ec\/index.php\/prefectura-de-manabi-llego-con-brigada-de-salud-al-cerro-de-guayabal\/#primaryimage"},"thumbnailUrl":"https:\/\/www.manabi.gob.ec\/wp-content\/uploads\/2025\/03\/WhatsApp-Image-2025-03-26-at-3.18.21-PM-1-scaled.jpeg","articleSection":["Ambiente","Desarrollo Social","Montecristi","Noticias","salud","Todas"],"inLanguage":"es"},{"@type":"WebPage","@id":"https:\/\/www.manabi.gob.ec\/index.php\/prefectura-de-manabi-llego-con-brigada-de-salud-al-cerro-de-guayabal\/","url":"https:\/\/www.manabi.gob.ec\/index.php\/prefectura-de-manabi-llego-con-brigada-de-salud-al-cerro-de-guayabal\/","name":"Prefectura de Manab\u00ed lleg\u00f3 con brigada de salud al Cerro de Guayabal - Prefectura de Manab\u00ed","isPartOf":{"@id":"https:\/\/www.manabi.gob.ec\/#website"},"primaryImageOfPage":{"@id":"https:\/\/www.manabi.gob.ec\/index.php\/prefectura-de-manabi-llego-con-brigada-de-salud-al-cerro-de-guayabal\/#primaryimage"},"image":{"@id":"https:\/\/www.manabi.gob.ec\/index.php\/prefectura-de-manabi-llego-con-brigada-de-salud-al-cerro-de-guayabal\/#primaryimage"},"thumbnailUrl":"https:\/\/www.manabi.gob.ec\/wp-content\/uploads\/2025\/03\/WhatsApp-Image-2025-03-26-at-3.18.21-PM-1-scaled.jpeg","datePublished":"2025-03-27T13:17:03+00:00","dateModified":"2025-03-27T13:17:10+00:00","author":{"@id":"https:\/\/www.manabi.gob.ec\/#\/schema\/person\/c4f117989332ad723a6ced5994aa7d7a"},"breadcrumb":{"@id":"https:\/\/www.manabi.gob.ec\/index.php\/prefectura-de-manabi-llego-con-brigada-de-salud-al-cerro-de-guayabal\/#breadcrumb"},"inLanguage":"es","potentialAction":[{"@type":"ReadAction","target":["https:\/\/www.manabi.gob.ec\/index.php\/prefectura-de-manabi-llego-con-brigada-de-salud-al-cerro-de-guayabal\/"]}]},{"@type":"ImageObject","inLanguage":"es","@id":"https:\/\/www.manabi.gob.ec\/index.php\/prefectura-de-manabi-llego-con-brigada-de-salud-al-cerro-de-guayabal\/#primaryimage","url":"https:\/\/www.manabi.gob.ec\/wp-content\/uploads\/2025\/03\/WhatsApp-Image-2025-03-26-at-3.18.21-PM-1-scaled.jpeg","contentUrl":"https:\/\/www.manabi.gob.ec\/wp-content\/uploads\/2025\/03\/WhatsApp-Image-2025-03-26-at-3.18.21-PM-1-scaled.jpeg","width":2560,"height":1706},{"@type":"BreadcrumbList","@id":"https:\/\/www.manabi.gob.ec\/index.php\/prefectura-de-manabi-llego-con-brigada-de-salud-al-cerro-de-guayabal\/#breadcrumb","itemListElement":[{"@type":"ListItem","position":1,"name":"Portada","item":"https:\/\/www.manabi.gob.ec\/"},{"@type":"ListItem","position":2,"name":"Prefectura de Manab\u00ed lleg\u00f3 con brigada de salud al Cerro de Guayabal"}]},{"@type":"WebSite","@id":"https:\/\/www.manabi.gob.ec\/#website","url":"https:\/\/www.manabi.gob.ec\/","name":"Prefectura de Manab\u00ed","description":"P\u00e1gina web de la prefectura","potentialAction":[{"@type":"SearchAction","target":{"@type":"EntryPoint","urlTemplate":"https:\/\/www.manabi.gob.ec\/?s={search_term_string}"},"query-input":{"@type":"PropertyValueSpecification","valueRequired":true,"valueName":"search_term_string"}}],"inLanguage":"es"},{"@type":"Person","@id":"https:\/\/www.manabi.gob.ec\/#\/schema\/person\/c4f117989332ad723a6ced5994aa7d7a","name":"Lui Ochoa","image":{"@type":"ImageObject","inLanguage":"es","@id":"https:\/\/secure.gravatar.com\/avatar\/6e8017d0fe69dead8a95864d2eb6e1e1d8bf8e01194ba49cf7b897ff038126ba?s=96&d=mm&r=g","url":"https:\/\/secure.gravatar.com\/avatar\/6e8017d0fe69dead8a95864d2eb6e1e1d8bf8e01194ba49cf7b897ff038126ba?s=96&d=mm&r=g","contentUrl":"https:\/\/secure.gravatar.com\/avatar\/6e8017d0fe69dead8a95864d2eb6e1e1d8bf8e01194ba49cf7b897ff038126ba?s=96&d=mm&r=g","caption":"Lui Ochoa"},"url":"https:\/\/www.manabi.gob.ec\/index.php\/author\/lochoa\/"}]}},"jetpack_featured_media_url":"https:\/\/www.manabi.gob.ec\/wp-content\/uploads\/2025\/03\/WhatsApp-Image-2025-03-26-at-3.18.21-PM-1-scaled.jpeg","_links":{"self":[{"href":"https:\/\/www.manabi.gob.ec\/index.php\/wp-json\/wp\/v2\/posts\/30327","targetHints":{"allow":["GET"]}}],"collection":[{"href":"https:\/\/www.manabi.gob.ec\/index.php\/wp-json\/wp\/v2\/posts"}],"about":[{"href":"https:\/\/www.manabi.gob.ec\/index.php\/wp-json\/wp\/v2\/types\/post"}],"author":[{"embeddable":true,"href":"https:\/\/www.manabi.gob.ec\/index.php\/wp-json\/wp\/v2\/users\/10"}],"replies":[{"embeddable":true,"href":"https:\/\/www.manabi.gob.ec\/index.php\/wp-json\/wp\/v2\/comments?post=30327"}],"version-history":[{"count":1,"href":"https:\/\/www.manabi.gob.ec\/index.php\/wp-json\/wp\/v2\/posts\/30327\/revisions"}],"predecessor-version":[{"id":30329,"href":"https:\/\/www.manabi.gob.ec\/index.php\/wp-json\/wp\/v2\/posts\/30327\/revisions\/30329"}],"wp:featuredmedia":[{"embeddable":true,"href":"https:\/\/www.manabi.gob.ec\/index.php\/wp-json\/wp\/v2\/media\/30328"}],"wp:attachment":[{"href":"https:\/\/www.manabi.gob.ec\/index.php\/wp-json\/wp\/v2\/media?parent=30327"}],"wp:term":[{"taxonomy":"category","embeddable":true,"href":"https:\/\/www.manabi.gob.ec\/index.php\/wp-json\/wp\/v2\/categories?post=30327"},{"taxonomy":"post_tag","embeddable":true,"href":"https:\/\/www.manabi.gob.ec\/index.php\/wp-json\/wp\/v2\/tags?post=30327"}],"curies":[{"name":"wp","href":"https:\/\/api.w.org\/{rel}","templated":true}]}}