{"id":30347,"date":"2025-04-01T15:03:37","date_gmt":"2025-04-01T15:03:37","guid":{"rendered":"https:\/\/www.manabi.gob.ec\/?p=30347"},"modified":"2025-04-03T22:11:03","modified_gmt":"2025-04-03T22:11:03","slug":"celebramos-a-pedernales-con-grandes-noticias-para-su-gente","status":"publish","type":"post","link":"https:\/\/www.manabi.gob.ec\/index.php\/celebramos-a-pedernales-con-grandes-noticias-para-su-gente\/","title":{"rendered":"Celebramos a Pedernales con grandes noticias para su gente"},"content":{"rendered":"\n<p>El prefecto de Manab\u00ed, Leonardo Orlando, particip\u00f3 de la conmemoraci\u00f3n por los 33 a\u00f1os de cantonizaci\u00f3n de Pedernales, donde dio a conocer grandes noticias para sus habitantes.<\/p>\n\n\n\n<p>\u201cEn Pedernales hemos priorizado la intervenci\u00f3n vial como eje de productividad y la construcci\u00f3n de 10 puentes, que unen vidas. Tambi\u00e9n trabajamos en grandes proyectos de fomento a productividad, el arte y la cultura\u201d, expres\u00f3 el prefecto en su discurso en la sesi\u00f3n solemne.<\/p>\n\n\n\n<p>Entre las obras destac\u00f3 la construcci\u00f3n del puente de hormig\u00f3n armado sobre el r\u00edo Coaque en el sitio Ca\u00f1averal de Naranjo y La Pimienta, que conecta a muchas comunidades productivas de la zona. A la obra le falta culminar los accesos para ser entregado, y representa una inversi\u00f3n de $ 679.211,11.<\/p>\n\n\n\n<p>En el acto se realiz\u00f3 la firma del Convenio de Cogesti\u00f3n de obras (70\/30) entre la Prefectura de Manab\u00ed y el GAD Cantonal para la rehabilitaci\u00f3n de la avenida 3 de Noviembre, las calles Pedernales, R\u00edo Tachina, Mar\u00eda Auxiliadora y av S\/N hasta la troncal del Pac\u00edfico E15, La inversi\u00f3n total ser\u00e1 de $ 1\u2019542.005,72<\/p>\n\n\n\n<p>Tambi\u00e9n se firm\u00f3 el acta de compromiso para la ejecuci\u00f3n de la segunda etapa del proyecto Escuelas de Fomento de las Artes y Creatividades \u201cLatitud Cero Pedernales\u201d, como parte del proyecto \u201cManab\u00ed te cuenta una historia\u201d.<\/p>\n\n\n\n<p>En la sesi\u00f3n solemne el Prefecto de Manab\u00ed recibi\u00f3 un reconocimiento por parte de la alcald\u00eda de Pedernales al M\u00e9rito Social, por su destacado trabajo como autoridad provincial. El evento cont\u00f3 tambi\u00e9n con la presencia de la presidenta de la Asamblea Nacional, Viviana Veloz, y autoridades de la provincia.<\/p>\n","protected":false},"excerpt":{"rendered":"<p>El prefecto de Manab\u00ed, Leonardo Orlando, particip\u00f3 de la conmemoraci\u00f3n por los 33 a\u00f1os de cantonizaci\u00f3n de Pedernales, donde dio a conocer grandes noticias para sus habitantes. \u201cEn Pedernales hemos priorizado la intervenci\u00f3n vial como eje de productividad y la construcci\u00f3n de 10 puentes, que unen vidas. Tambi\u00e9n trabajamos en grandes proyectos de fomento a [&hellip;]<\/p>\n","protected":false},"author":10,"featured_media":30348,"comment_status":"closed","ping_status":"closed","sticky":false,"template":"","format":"standard","meta":{"_joinchat":[],"footnotes":""},"categories":[343,142,92,137,91],"tags":[],"class_list":["post-30347","post","type-post","status-publish","format-standard","has-post-thumbnail","hentry","category-bicentenario","category-desarrollo-social","category-noticias-manabi","category-pedernales","category-todas"],"yoast_head":"<!-- This site is optimized with the Yoast SEO plugin v27.4 - https:\/\/yoast.com\/product\/yoast-seo-wordpress\/ -->\n<title>Celebramos a Pedernales con grandes noticias para su gente - Prefectura de Manab\u00ed<\/title>\n<meta name=\"robots\" content=\"index, follow, max-snippet:-1, max-image-preview:large, max-video-preview:-1\" \/>\n<link rel=\"canonical\" href=\"https:\/\/www.manabi.gob.ec\/index.php\/celebramos-a-pedernales-con-grandes-noticias-para-su-gente\/\" \/>\n<meta property=\"og:locale\" content=\"es_ES\" \/>\n<meta property=\"og:type\" content=\"article\" \/>\n<meta property=\"og:title\" content=\"Celebramos a Pedernales con grandes noticias para su gente - Prefectura de Manab\u00ed\" \/>\n<meta property=\"og:description\" content=\"El prefecto de Manab\u00ed, Leonardo Orlando, particip\u00f3 de la conmemoraci\u00f3n por los 33 a\u00f1os de cantonizaci\u00f3n de Pedernales, donde dio a conocer grandes noticias para sus habitantes. \u201cEn Pedernales hemos priorizado la intervenci\u00f3n vial como eje de productividad y la construcci\u00f3n de 10 puentes, que unen vidas. Tambi\u00e9n trabajamos en grandes proyectos de fomento a [&hellip;]\" \/>\n<meta property=\"og:url\" content=\"https:\/\/www.manabi.gob.ec\/index.php\/celebramos-a-pedernales-con-grandes-noticias-para-su-gente\/\" \/>\n<meta property=\"og:site_name\" content=\"Prefectura de Manab\u00ed\" \/>\n<meta property=\"article:published_time\" content=\"2025-04-01T15:03:37+00:00\" \/>\n<meta property=\"article:modified_time\" content=\"2025-04-03T22:11:03+00:00\" \/>\n<meta property=\"og:image\" content=\"https:\/\/www.manabi.gob.ec\/wp-content\/uploads\/2025\/04\/WhatsApp-Image-2025-04-01-at-9.58.00-AM-2-scaled.jpeg\" \/>\n\t<meta property=\"og:image:width\" content=\"2560\" \/>\n\t<meta property=\"og:image:height\" content=\"1707\" \/>\n\t<meta property=\"og:image:type\" content=\"image\/jpeg\" \/>\n<meta name=\"author\" content=\"Lui Ochoa\" \/>\n<meta name=\"twitter:card\" content=\"summary_large_image\" \/>\n<meta name=\"twitter:label1\" content=\"Escrito por\" \/>\n\t<meta name=\"twitter:data1\" content=\"Lui Ochoa\" \/>\n\t<meta name=\"twitter:label2\" content=\"Tiempo de lectura\" \/>\n\t<meta name=\"twitter:data2\" content=\"2 minutos\" \/>\n<script type=\"application\/ld+json\" class=\"yoast-schema-graph\">{\"@context\":\"https:\\\/\\\/schema.org\",\"@graph\":[{\"@type\":\"Article\",\"@id\":\"https:\\\/\\\/www.manabi.gob.ec\\\/index.php\\\/celebramos-a-pedernales-con-grandes-noticias-para-su-gente\\\/#article\",\"isPartOf\":{\"@id\":\"https:\\\/\\\/www.manabi.gob.ec\\\/index.php\\\/celebramos-a-pedernales-con-grandes-noticias-para-su-gente\\\/\"},\"author\":{\"name\":\"Lui Ochoa\",\"@id\":\"https:\\\/\\\/www.manabi.gob.ec\\\/#\\\/schema\\\/person\\\/c4f117989332ad723a6ced5994aa7d7a\"},\"headline\":\"Celebramos a Pedernales con grandes noticias para su gente\",\"datePublished\":\"2025-04-01T15:03:37+00:00\",\"dateModified\":\"2025-04-03T22:11:03+00:00\",\"mainEntityOfPage\":{\"@id\":\"https:\\\/\\\/www.manabi.gob.ec\\\/index.php\\\/celebramos-a-pedernales-con-grandes-noticias-para-su-gente\\\/\"},\"wordCount\":288,\"image\":{\"@id\":\"https:\\\/\\\/www.manabi.gob.ec\\\/index.php\\\/celebramos-a-pedernales-con-grandes-noticias-para-su-gente\\\/#primaryimage\"},\"thumbnailUrl\":\"https:\\\/\\\/www.manabi.gob.ec\\\/wp-content\\\/uploads\\\/2025\\\/04\\\/WhatsApp-Image-2025-04-01-at-9.58.00-AM-2-scaled.jpeg\",\"articleSection\":[\"bicentenario\",\"Desarrollo Social\",\"Noticias\",\"Pedernales\",\"Todas\"],\"inLanguage\":\"es\"},{\"@type\":\"WebPage\",\"@id\":\"https:\\\/\\\/www.manabi.gob.ec\\\/index.php\\\/celebramos-a-pedernales-con-grandes-noticias-para-su-gente\\\/\",\"url\":\"https:\\\/\\\/www.manabi.gob.ec\\\/index.php\\\/celebramos-a-pedernales-con-grandes-noticias-para-su-gente\\\/\",\"name\":\"Celebramos a Pedernales con grandes noticias para su gente - Prefectura de Manab\u00ed\",\"isPartOf\":{\"@id\":\"https:\\\/\\\/www.manabi.gob.ec\\\/#website\"},\"primaryImageOfPage\":{\"@id\":\"https:\\\/\\\/www.manabi.gob.ec\\\/index.php\\\/celebramos-a-pedernales-con-grandes-noticias-para-su-gente\\\/#primaryimage\"},\"image\":{\"@id\":\"https:\\\/\\\/www.manabi.gob.ec\\\/index.php\\\/celebramos-a-pedernales-con-grandes-noticias-para-su-gente\\\/#primaryimage\"},\"thumbnailUrl\":\"https:\\\/\\\/www.manabi.gob.ec\\\/wp-content\\\/uploads\\\/2025\\\/04\\\/WhatsApp-Image-2025-04-01-at-9.58.00-AM-2-scaled.jpeg\",\"datePublished\":\"2025-04-01T15:03:37+00:00\",\"dateModified\":\"2025-04-03T22:11:03+00:00\",\"author\":{\"@id\":\"https:\\\/\\\/www.manabi.gob.ec\\\/#\\\/schema\\\/person\\\/c4f117989332ad723a6ced5994aa7d7a\"},\"breadcrumb\":{\"@id\":\"https:\\\/\\\/www.manabi.gob.ec\\\/index.php\\\/celebramos-a-pedernales-con-grandes-noticias-para-su-gente\\\/#breadcrumb\"},\"inLanguage\":\"es\",\"potentialAction\":[{\"@type\":\"ReadAction\",\"target\":[\"https:\\\/\\\/www.manabi.gob.ec\\\/index.php\\\/celebramos-a-pedernales-con-grandes-noticias-para-su-gente\\\/\"]}]},{\"@type\":\"ImageObject\",\"inLanguage\":\"es\",\"@id\":\"https:\\\/\\\/www.manabi.gob.ec\\\/index.php\\\/celebramos-a-pedernales-con-grandes-noticias-para-su-gente\\\/#primaryimage\",\"url\":\"https:\\\/\\\/www.manabi.gob.ec\\\/wp-content\\\/uploads\\\/2025\\\/04\\\/WhatsApp-Image-2025-04-01-at-9.58.00-AM-2-scaled.jpeg\",\"contentUrl\":\"https:\\\/\\\/www.manabi.gob.ec\\\/wp-content\\\/uploads\\\/2025\\\/04\\\/WhatsApp-Image-2025-04-01-at-9.58.00-AM-2-scaled.jpeg\",\"width\":2560,\"height\":1707},{\"@type\":\"BreadcrumbList\",\"@id\":\"https:\\\/\\\/www.manabi.gob.ec\\\/index.php\\\/celebramos-a-pedernales-con-grandes-noticias-para-su-gente\\\/#breadcrumb\",\"itemListElement\":[{\"@type\":\"ListItem\",\"position\":1,\"name\":\"Portada\",\"item\":\"https:\\\/\\\/www.manabi.gob.ec\\\/\"},{\"@type\":\"ListItem\",\"position\":2,\"name\":\"Celebramos a Pedernales con grandes noticias para su gente\"}]},{\"@type\":\"WebSite\",\"@id\":\"https:\\\/\\\/www.manabi.gob.ec\\\/#website\",\"url\":\"https:\\\/\\\/www.manabi.gob.ec\\\/\",\"name\":\"Prefectura de Manab\u00ed\",\"description\":\"P\u00e1gina web de la prefectura\",\"potentialAction\":[{\"@type\":\"SearchAction\",\"target\":{\"@type\":\"EntryPoint\",\"urlTemplate\":\"https:\\\/\\\/www.manabi.gob.ec\\\/?s={search_term_string}\"},\"query-input\":{\"@type\":\"PropertyValueSpecification\",\"valueRequired\":true,\"valueName\":\"search_term_string\"}}],\"inLanguage\":\"es\"},{\"@type\":\"Person\",\"@id\":\"https:\\\/\\\/www.manabi.gob.ec\\\/#\\\/schema\\\/person\\\/c4f117989332ad723a6ced5994aa7d7a\",\"name\":\"Lui Ochoa\",\"image\":{\"@type\":\"ImageObject\",\"inLanguage\":\"es\",\"@id\":\"https:\\\/\\\/secure.gravatar.com\\\/avatar\\\/6e8017d0fe69dead8a95864d2eb6e1e1d8bf8e01194ba49cf7b897ff038126ba?s=96&d=mm&r=g\",\"url\":\"https:\\\/\\\/secure.gravatar.com\\\/avatar\\\/6e8017d0fe69dead8a95864d2eb6e1e1d8bf8e01194ba49cf7b897ff038126ba?s=96&d=mm&r=g\",\"contentUrl\":\"https:\\\/\\\/secure.gravatar.com\\\/avatar\\\/6e8017d0fe69dead8a95864d2eb6e1e1d8bf8e01194ba49cf7b897ff038126ba?s=96&d=mm&r=g\",\"caption\":\"Lui Ochoa\"},\"url\":\"https:\\\/\\\/www.manabi.gob.ec\\\/index.php\\\/author\\\/lochoa\\\/\"}]}<\/script>\n<!-- \/ Yoast SEO plugin. -->","yoast_head_json":{"title":"Celebramos a Pedernales con grandes noticias para su gente - Prefectura de Manab\u00ed","robots":{"index":"index","follow":"follow","max-snippet":"max-snippet:-1","max-image-preview":"max-image-preview:large","max-video-preview":"max-video-preview:-1"},"canonical":"https:\/\/www.manabi.gob.ec\/index.php\/celebramos-a-pedernales-con-grandes-noticias-para-su-gente\/","og_locale":"es_ES","og_type":"article","og_title":"Celebramos a Pedernales con grandes noticias para su gente - Prefectura de Manab\u00ed","og_description":"El prefecto de Manab\u00ed, Leonardo Orlando, particip\u00f3 de la conmemoraci\u00f3n por los 33 a\u00f1os de cantonizaci\u00f3n de Pedernales, donde dio a conocer grandes noticias para sus habitantes. \u201cEn Pedernales hemos priorizado la intervenci\u00f3n vial como eje de productividad y la construcci\u00f3n de 10 puentes, que unen vidas. Tambi\u00e9n trabajamos en grandes proyectos de fomento a [&hellip;]","og_url":"https:\/\/www.manabi.gob.ec\/index.php\/celebramos-a-pedernales-con-grandes-noticias-para-su-gente\/","og_site_name":"Prefectura de Manab\u00ed","article_published_time":"2025-04-01T15:03:37+00:00","article_modified_time":"2025-04-03T22:11:03+00:00","og_image":[{"width":2560,"height":1707,"url":"https:\/\/www.manabi.gob.ec\/wp-content\/uploads\/2025\/04\/WhatsApp-Image-2025-04-01-at-9.58.00-AM-2-scaled.jpeg","type":"image\/jpeg"}],"author":"Lui Ochoa","twitter_card":"summary_large_image","twitter_misc":{"Escrito por":"Lui Ochoa","Tiempo de lectura":"2 minutos"},"schema":{"@context":"https:\/\/schema.org","@graph":[{"@type":"Article","@id":"https:\/\/www.manabi.gob.ec\/index.php\/celebramos-a-pedernales-con-grandes-noticias-para-su-gente\/#article","isPartOf":{"@id":"https:\/\/www.manabi.gob.ec\/index.php\/celebramos-a-pedernales-con-grandes-noticias-para-su-gente\/"},"author":{"name":"Lui Ochoa","@id":"https:\/\/www.manabi.gob.ec\/#\/schema\/person\/c4f117989332ad723a6ced5994aa7d7a"},"headline":"Celebramos a Pedernales con grandes noticias para su gente","datePublished":"2025-04-01T15:03:37+00:00","dateModified":"2025-04-03T22:11:03+00:00","mainEntityOfPage":{"@id":"https:\/\/www.manabi.gob.ec\/index.php\/celebramos-a-pedernales-con-grandes-noticias-para-su-gente\/"},"wordCount":288,"image":{"@id":"https:\/\/www.manabi.gob.ec\/index.php\/celebramos-a-pedernales-con-grandes-noticias-para-su-gente\/#primaryimage"},"thumbnailUrl":"https:\/\/www.manabi.gob.ec\/wp-content\/uploads\/2025\/04\/WhatsApp-Image-2025-04-01-at-9.58.00-AM-2-scaled.jpeg","articleSection":["bicentenario","Desarrollo Social","Noticias","Pedernales","Todas"],"inLanguage":"es"},{"@type":"WebPage","@id":"https:\/\/www.manabi.gob.ec\/index.php\/celebramos-a-pedernales-con-grandes-noticias-para-su-gente\/","url":"https:\/\/www.manabi.gob.ec\/index.php\/celebramos-a-pedernales-con-grandes-noticias-para-su-gente\/","name":"Celebramos a Pedernales con grandes noticias para su gente - Prefectura de Manab\u00ed","isPartOf":{"@id":"https:\/\/www.manabi.gob.ec\/#website"},"primaryImageOfPage":{"@id":"https:\/\/www.manabi.gob.ec\/index.php\/celebramos-a-pedernales-con-grandes-noticias-para-su-gente\/#primaryimage"},"image":{"@id":"https:\/\/www.manabi.gob.ec\/index.php\/celebramos-a-pedernales-con-grandes-noticias-para-su-gente\/#primaryimage"},"thumbnailUrl":"https:\/\/www.manabi.gob.ec\/wp-content\/uploads\/2025\/04\/WhatsApp-Image-2025-04-01-at-9.58.00-AM-2-scaled.jpeg","datePublished":"2025-04-01T15:03:37+00:00","dateModified":"2025-04-03T22:11:03+00:00","author":{"@id":"https:\/\/www.manabi.gob.ec\/#\/schema\/person\/c4f117989332ad723a6ced5994aa7d7a"},"breadcrumb":{"@id":"https:\/\/www.manabi.gob.ec\/index.php\/celebramos-a-pedernales-con-grandes-noticias-para-su-gente\/#breadcrumb"},"inLanguage":"es","potentialAction":[{"@type":"ReadAction","target":["https:\/\/www.manabi.gob.ec\/index.php\/celebramos-a-pedernales-con-grandes-noticias-para-su-gente\/"]}]},{"@type":"ImageObject","inLanguage":"es","@id":"https:\/\/www.manabi.gob.ec\/index.php\/celebramos-a-pedernales-con-grandes-noticias-para-su-gente\/#primaryimage","url":"https:\/\/www.manabi.gob.ec\/wp-content\/uploads\/2025\/04\/WhatsApp-Image-2025-04-01-at-9.58.00-AM-2-scaled.jpeg","contentUrl":"https:\/\/www.manabi.gob.ec\/wp-content\/uploads\/2025\/04\/WhatsApp-Image-2025-04-01-at-9.58.00-AM-2-scaled.jpeg","width":2560,"height":1707},{"@type":"BreadcrumbList","@id":"https:\/\/www.manabi.gob.ec\/index.php\/celebramos-a-pedernales-con-grandes-noticias-para-su-gente\/#breadcrumb","itemListElement":[{"@type":"ListItem","position":1,"name":"Portada","item":"https:\/\/www.manabi.gob.ec\/"},{"@type":"ListItem","position":2,"name":"Celebramos a Pedernales con grandes noticias para su gente"}]},{"@type":"WebSite","@id":"https:\/\/www.manabi.gob.ec\/#website","url":"https:\/\/www.manabi.gob.ec\/","name":"Prefectura de Manab\u00ed","description":"P\u00e1gina web de la prefectura","potentialAction":[{"@type":"SearchAction","target":{"@type":"EntryPoint","urlTemplate":"https:\/\/www.manabi.gob.ec\/?s={search_term_string}"},"query-input":{"@type":"PropertyValueSpecification","valueRequired":true,"valueName":"search_term_string"}}],"inLanguage":"es"},{"@type":"Person","@id":"https:\/\/www.manabi.gob.ec\/#\/schema\/person\/c4f117989332ad723a6ced5994aa7d7a","name":"Lui Ochoa","image":{"@type":"ImageObject","inLanguage":"es","@id":"https:\/\/secure.gravatar.com\/avatar\/6e8017d0fe69dead8a95864d2eb6e1e1d8bf8e01194ba49cf7b897ff038126ba?s=96&d=mm&r=g","url":"https:\/\/secure.gravatar.com\/avatar\/6e8017d0fe69dead8a95864d2eb6e1e1d8bf8e01194ba49cf7b897ff038126ba?s=96&d=mm&r=g","contentUrl":"https:\/\/secure.gravatar.com\/avatar\/6e8017d0fe69dead8a95864d2eb6e1e1d8bf8e01194ba49cf7b897ff038126ba?s=96&d=mm&r=g","caption":"Lui Ochoa"},"url":"https:\/\/www.manabi.gob.ec\/index.php\/author\/lochoa\/"}]}},"jetpack_featured_media_url":"https:\/\/www.manabi.gob.ec\/wp-content\/uploads\/2025\/04\/WhatsApp-Image-2025-04-01-at-9.58.00-AM-2-scaled.jpeg","_links":{"self":[{"href":"https:\/\/www.manabi.gob.ec\/index.php\/wp-json\/wp\/v2\/posts\/30347","targetHints":{"allow":["GET"]}}],"collection":[{"href":"https:\/\/www.manabi.gob.ec\/index.php\/wp-json\/wp\/v2\/posts"}],"about":[{"href":"https:\/\/www.manabi.gob.ec\/index.php\/wp-json\/wp\/v2\/types\/post"}],"author":[{"embeddable":true,"href":"https:\/\/www.manabi.gob.ec\/index.php\/wp-json\/wp\/v2\/users\/10"}],"replies":[{"embeddable":true,"href":"https:\/\/www.manabi.gob.ec\/index.php\/wp-json\/wp\/v2\/comments?post=30347"}],"version-history":[{"count":1,"href":"https:\/\/www.manabi.gob.ec\/index.php\/wp-json\/wp\/v2\/posts\/30347\/revisions"}],"predecessor-version":[{"id":30349,"href":"https:\/\/www.manabi.gob.ec\/index.php\/wp-json\/wp\/v2\/posts\/30347\/revisions\/30349"}],"wp:featuredmedia":[{"embeddable":true,"href":"https:\/\/www.manabi.gob.ec\/index.php\/wp-json\/wp\/v2\/media\/30348"}],"wp:attachment":[{"href":"https:\/\/www.manabi.gob.ec\/index.php\/wp-json\/wp\/v2\/media?parent=30347"}],"wp:term":[{"taxonomy":"category","embeddable":true,"href":"https:\/\/www.manabi.gob.ec\/index.php\/wp-json\/wp\/v2\/categories?post=30347"},{"taxonomy":"post_tag","embeddable":true,"href":"https:\/\/www.manabi.gob.ec\/index.php\/wp-json\/wp\/v2\/tags?post=30347"}],"curies":[{"name":"wp","href":"https:\/\/api.w.org\/{rel}","templated":true}]}}