{"id":30485,"date":"2025-04-08T19:34:42","date_gmt":"2025-04-08T19:34:42","guid":{"rendered":"https:\/\/www.manabi.gob.ec\/?p=30485"},"modified":"2025-04-08T19:34:46","modified_gmt":"2025-04-08T19:34:46","slug":"gestores-culturales-de-manabi-fueron-seleccionados-para-residencia-artistica-internacional","status":"publish","type":"post","link":"https:\/\/www.manabi.gob.ec\/index.php\/gestores-culturales-de-manabi-fueron-seleccionados-para-residencia-artistica-internacional\/","title":{"rendered":"Gestores culturales de Manab\u00ed fueron seleccionados para residencia art\u00edstica internacional"},"content":{"rendered":"\n<p>Un grupo de 6 gestores culturales de nuestra provincia har\u00e1 residencia art\u00edstica en la Fundaci\u00f3n Cultural Ita\u00fa, ubicada en S\u00e3o Paulo de Brasil, lo que representa una valiosa oportunidad de intercambio y formaci\u00f3n para los gestores y creadores culturales manabitas.<\/p>\n\n\n\n<p>El anuncio se dio a conocer este marte 8 abril, en el Cerro Jaboncillo, en un acto especial con la presencia del Prefecto de Manab\u00ed, Leonardo Orlando, y la ministra de Cultura y Patrimonio, Romina Mu\u00f1oz, donde se inform\u00f3 los nombres de los ganadores de la residencia art\u00edstica.<\/p>\n\n\n\n<p>Tras un riguroso proceso de deliberaci\u00f3n, los proyectos beneficiarios de la residencia art\u00edstica internacional son:<\/p>\n\n\n\n<ol class=\"wp-block-list\">\n<li>Escuela de Arte Ra\u00edces y Sue\u00f1os \u2013 Manuel de Jes\u00fas P\u00e1rraga (Cant\u00f3n Sucre)<\/li>\n\n\n\n<li>Escuela de Percusi\u00f3n Comunitaria Los Inocencios \u2013 Freddy David Gonz\u00e1lez Ponce (Jipijapa)<\/li>\n\n\n\n<li>La 310 \u2013 Jazm\u00edn Perero Avenda\u00f1o (Portoviejo)<\/li>\n\n\n\n<li>Fundaci\u00f3n Cultural Scorpio \u2013 Lizardo Navarro Rodr\u00edguez (Rocafuerte)<\/li>\n\n\n\n<li>Centro Cultural Chocolarte \u2013 Zaira Vel\u00e1squez (Bol\u00edvar)<\/li>\n\n\n\n<li>Cine a Orillas del Mar \u2013 Antonio Cede\u00f1o (Manta)<\/li>\n<\/ol>\n\n\n\n<p>Esta selecci\u00f3n se da dentro del marco del convenio de cooperaci\u00f3n interinstitucional entre la Prefectura de Manab\u00ed y el Ministerio de Cultura y Patrimonio, y como parte del proyecto \u201cRutas Culturales y Creativas de Manab\u00ed\u201d, una iniciativa que busca construir una cartograf\u00eda cultural de la provincia, identificando los hitos, infraestructuras e identidades culturales representativas de cada cant\u00f3n manabita.<\/p>\n\n\n\n<p>Durante el proceso de valoraci\u00f3n de los proyectos, el Comit\u00e9 de Selecci\u00f3n evalu\u00f3 las propuestas presentadas tomando en cuenta los siguientes criterios: Pertinencia regional, innovaci\u00f3n y creatividad, viabilidad t\u00e9cnica Impacto social y comunitario, sostenibilidad econ\u00f3mica. En la fase de verificaci\u00f3n, la Prefectura de Manab\u00ed present\u00f3 10 proyectos culturales.<\/p>\n\n\n\n<p>Esta iniciativa reafirma el compromiso de la Prefectura de Manab\u00ed con el fortalecimiento de la identidad cultural, la creatividad territorial y el desarrollo sostenible a trav\u00e9s del arte y la cultura.<\/p>\n","protected":false},"excerpt":{"rendered":"<p>Un grupo de 6 gestores culturales de nuestra provincia har\u00e1 residencia art\u00edstica en la Fundaci\u00f3n Cultural Ita\u00fa, ubicada en S\u00e3o Paulo de Brasil, lo que representa una valiosa oportunidad de intercambio y formaci\u00f3n para los gestores y creadores culturales manabitas. El anuncio se dio a conocer este marte 8 abril, en el Cerro Jaboncillo, en [&hellip;]<\/p>\n","protected":false},"author":10,"featured_media":30486,"comment_status":"closed","ping_status":"closed","sticky":false,"template":"","format":"standard","meta":{"_joinchat":[],"footnotes":""},"categories":[150,142,92,91],"tags":[],"class_list":["post-30485","post","type-post","status-publish","format-standard","has-post-thumbnail","hentry","category-ambiente","category-desarrollo-social","category-noticias-manabi","category-todas"],"yoast_head":"<!-- This site is optimized with the Yoast SEO plugin v27.4 - https:\/\/yoast.com\/product\/yoast-seo-wordpress\/ -->\n<title>Gestores culturales de Manab\u00ed fueron seleccionados para residencia art\u00edstica internacional - Prefectura de Manab\u00ed<\/title>\n<meta name=\"robots\" content=\"index, follow, max-snippet:-1, max-image-preview:large, max-video-preview:-1\" \/>\n<link rel=\"canonical\" href=\"https:\/\/www.manabi.gob.ec\/index.php\/gestores-culturales-de-manabi-fueron-seleccionados-para-residencia-artistica-internacional\/\" \/>\n<meta property=\"og:locale\" content=\"es_ES\" \/>\n<meta property=\"og:type\" content=\"article\" \/>\n<meta property=\"og:title\" content=\"Gestores culturales de Manab\u00ed fueron seleccionados para residencia art\u00edstica internacional - Prefectura de Manab\u00ed\" \/>\n<meta property=\"og:description\" content=\"Un grupo de 6 gestores culturales de nuestra provincia har\u00e1 residencia art\u00edstica en la Fundaci\u00f3n Cultural Ita\u00fa, ubicada en S\u00e3o Paulo de Brasil, lo que representa una valiosa oportunidad de intercambio y formaci\u00f3n para los gestores y creadores culturales manabitas. El anuncio se dio a conocer este marte 8 abril, en el Cerro Jaboncillo, en [&hellip;]\" \/>\n<meta property=\"og:url\" content=\"https:\/\/www.manabi.gob.ec\/index.php\/gestores-culturales-de-manabi-fueron-seleccionados-para-residencia-artistica-internacional\/\" \/>\n<meta property=\"og:site_name\" content=\"Prefectura de Manab\u00ed\" \/>\n<meta property=\"article:published_time\" content=\"2025-04-08T19:34:42+00:00\" \/>\n<meta property=\"article:modified_time\" content=\"2025-04-08T19:34:46+00:00\" \/>\n<meta property=\"og:image\" content=\"https:\/\/www.manabi.gob.ec\/wp-content\/uploads\/2025\/04\/WhatsApp-Image-2025-04-08-at-2.06.56-PM-scaled.jpeg\" \/>\n\t<meta property=\"og:image:width\" content=\"2560\" \/>\n\t<meta property=\"og:image:height\" content=\"1706\" \/>\n\t<meta property=\"og:image:type\" content=\"image\/jpeg\" \/>\n<meta name=\"author\" content=\"Lui Ochoa\" \/>\n<meta name=\"twitter:card\" content=\"summary_large_image\" \/>\n<meta name=\"twitter:label1\" content=\"Escrito por\" \/>\n\t<meta name=\"twitter:data1\" content=\"Lui Ochoa\" \/>\n\t<meta name=\"twitter:label2\" content=\"Tiempo de lectura\" \/>\n\t<meta name=\"twitter:data2\" content=\"2 minutos\" \/>\n<script type=\"application\/ld+json\" class=\"yoast-schema-graph\">{\"@context\":\"https:\\\/\\\/schema.org\",\"@graph\":[{\"@type\":\"Article\",\"@id\":\"https:\\\/\\\/www.manabi.gob.ec\\\/index.php\\\/gestores-culturales-de-manabi-fueron-seleccionados-para-residencia-artistica-internacional\\\/#article\",\"isPartOf\":{\"@id\":\"https:\\\/\\\/www.manabi.gob.ec\\\/index.php\\\/gestores-culturales-de-manabi-fueron-seleccionados-para-residencia-artistica-internacional\\\/\"},\"author\":{\"name\":\"Lui Ochoa\",\"@id\":\"https:\\\/\\\/www.manabi.gob.ec\\\/#\\\/schema\\\/person\\\/c4f117989332ad723a6ced5994aa7d7a\"},\"headline\":\"Gestores culturales de Manab\u00ed fueron seleccionados para residencia art\u00edstica internacional\",\"datePublished\":\"2025-04-08T19:34:42+00:00\",\"dateModified\":\"2025-04-08T19:34:46+00:00\",\"mainEntityOfPage\":{\"@id\":\"https:\\\/\\\/www.manabi.gob.ec\\\/index.php\\\/gestores-culturales-de-manabi-fueron-seleccionados-para-residencia-artistica-internacional\\\/\"},\"wordCount\":330,\"image\":{\"@id\":\"https:\\\/\\\/www.manabi.gob.ec\\\/index.php\\\/gestores-culturales-de-manabi-fueron-seleccionados-para-residencia-artistica-internacional\\\/#primaryimage\"},\"thumbnailUrl\":\"https:\\\/\\\/www.manabi.gob.ec\\\/wp-content\\\/uploads\\\/2025\\\/04\\\/WhatsApp-Image-2025-04-08-at-2.06.56-PM-scaled.jpeg\",\"articleSection\":[\"Ambiente\",\"Desarrollo Social\",\"Noticias\",\"Todas\"],\"inLanguage\":\"es\"},{\"@type\":\"WebPage\",\"@id\":\"https:\\\/\\\/www.manabi.gob.ec\\\/index.php\\\/gestores-culturales-de-manabi-fueron-seleccionados-para-residencia-artistica-internacional\\\/\",\"url\":\"https:\\\/\\\/www.manabi.gob.ec\\\/index.php\\\/gestores-culturales-de-manabi-fueron-seleccionados-para-residencia-artistica-internacional\\\/\",\"name\":\"Gestores culturales de Manab\u00ed fueron seleccionados para residencia art\u00edstica internacional - Prefectura de Manab\u00ed\",\"isPartOf\":{\"@id\":\"https:\\\/\\\/www.manabi.gob.ec\\\/#website\"},\"primaryImageOfPage\":{\"@id\":\"https:\\\/\\\/www.manabi.gob.ec\\\/index.php\\\/gestores-culturales-de-manabi-fueron-seleccionados-para-residencia-artistica-internacional\\\/#primaryimage\"},\"image\":{\"@id\":\"https:\\\/\\\/www.manabi.gob.ec\\\/index.php\\\/gestores-culturales-de-manabi-fueron-seleccionados-para-residencia-artistica-internacional\\\/#primaryimage\"},\"thumbnailUrl\":\"https:\\\/\\\/www.manabi.gob.ec\\\/wp-content\\\/uploads\\\/2025\\\/04\\\/WhatsApp-Image-2025-04-08-at-2.06.56-PM-scaled.jpeg\",\"datePublished\":\"2025-04-08T19:34:42+00:00\",\"dateModified\":\"2025-04-08T19:34:46+00:00\",\"author\":{\"@id\":\"https:\\\/\\\/www.manabi.gob.ec\\\/#\\\/schema\\\/person\\\/c4f117989332ad723a6ced5994aa7d7a\"},\"breadcrumb\":{\"@id\":\"https:\\\/\\\/www.manabi.gob.ec\\\/index.php\\\/gestores-culturales-de-manabi-fueron-seleccionados-para-residencia-artistica-internacional\\\/#breadcrumb\"},\"inLanguage\":\"es\",\"potentialAction\":[{\"@type\":\"ReadAction\",\"target\":[\"https:\\\/\\\/www.manabi.gob.ec\\\/index.php\\\/gestores-culturales-de-manabi-fueron-seleccionados-para-residencia-artistica-internacional\\\/\"]}]},{\"@type\":\"ImageObject\",\"inLanguage\":\"es\",\"@id\":\"https:\\\/\\\/www.manabi.gob.ec\\\/index.php\\\/gestores-culturales-de-manabi-fueron-seleccionados-para-residencia-artistica-internacional\\\/#primaryimage\",\"url\":\"https:\\\/\\\/www.manabi.gob.ec\\\/wp-content\\\/uploads\\\/2025\\\/04\\\/WhatsApp-Image-2025-04-08-at-2.06.56-PM-scaled.jpeg\",\"contentUrl\":\"https:\\\/\\\/www.manabi.gob.ec\\\/wp-content\\\/uploads\\\/2025\\\/04\\\/WhatsApp-Image-2025-04-08-at-2.06.56-PM-scaled.jpeg\",\"width\":2560,\"height\":1706},{\"@type\":\"BreadcrumbList\",\"@id\":\"https:\\\/\\\/www.manabi.gob.ec\\\/index.php\\\/gestores-culturales-de-manabi-fueron-seleccionados-para-residencia-artistica-internacional\\\/#breadcrumb\",\"itemListElement\":[{\"@type\":\"ListItem\",\"position\":1,\"name\":\"Portada\",\"item\":\"https:\\\/\\\/www.manabi.gob.ec\\\/\"},{\"@type\":\"ListItem\",\"position\":2,\"name\":\"Gestores culturales de Manab\u00ed fueron seleccionados para residencia art\u00edstica internacional\"}]},{\"@type\":\"WebSite\",\"@id\":\"https:\\\/\\\/www.manabi.gob.ec\\\/#website\",\"url\":\"https:\\\/\\\/www.manabi.gob.ec\\\/\",\"name\":\"Prefectura de Manab\u00ed\",\"description\":\"P\u00e1gina web de la prefectura\",\"potentialAction\":[{\"@type\":\"SearchAction\",\"target\":{\"@type\":\"EntryPoint\",\"urlTemplate\":\"https:\\\/\\\/www.manabi.gob.ec\\\/?s={search_term_string}\"},\"query-input\":{\"@type\":\"PropertyValueSpecification\",\"valueRequired\":true,\"valueName\":\"search_term_string\"}}],\"inLanguage\":\"es\"},{\"@type\":\"Person\",\"@id\":\"https:\\\/\\\/www.manabi.gob.ec\\\/#\\\/schema\\\/person\\\/c4f117989332ad723a6ced5994aa7d7a\",\"name\":\"Lui Ochoa\",\"image\":{\"@type\":\"ImageObject\",\"inLanguage\":\"es\",\"@id\":\"https:\\\/\\\/secure.gravatar.com\\\/avatar\\\/6e8017d0fe69dead8a95864d2eb6e1e1d8bf8e01194ba49cf7b897ff038126ba?s=96&d=mm&r=g\",\"url\":\"https:\\\/\\\/secure.gravatar.com\\\/avatar\\\/6e8017d0fe69dead8a95864d2eb6e1e1d8bf8e01194ba49cf7b897ff038126ba?s=96&d=mm&r=g\",\"contentUrl\":\"https:\\\/\\\/secure.gravatar.com\\\/avatar\\\/6e8017d0fe69dead8a95864d2eb6e1e1d8bf8e01194ba49cf7b897ff038126ba?s=96&d=mm&r=g\",\"caption\":\"Lui Ochoa\"},\"url\":\"https:\\\/\\\/www.manabi.gob.ec\\\/index.php\\\/author\\\/lochoa\\\/\"}]}<\/script>\n<!-- \/ Yoast SEO plugin. -->","yoast_head_json":{"title":"Gestores culturales de Manab\u00ed fueron seleccionados para residencia art\u00edstica internacional - Prefectura de Manab\u00ed","robots":{"index":"index","follow":"follow","max-snippet":"max-snippet:-1","max-image-preview":"max-image-preview:large","max-video-preview":"max-video-preview:-1"},"canonical":"https:\/\/www.manabi.gob.ec\/index.php\/gestores-culturales-de-manabi-fueron-seleccionados-para-residencia-artistica-internacional\/","og_locale":"es_ES","og_type":"article","og_title":"Gestores culturales de Manab\u00ed fueron seleccionados para residencia art\u00edstica internacional - Prefectura de Manab\u00ed","og_description":"Un grupo de 6 gestores culturales de nuestra provincia har\u00e1 residencia art\u00edstica en la Fundaci\u00f3n Cultural Ita\u00fa, ubicada en S\u00e3o Paulo de Brasil, lo que representa una valiosa oportunidad de intercambio y formaci\u00f3n para los gestores y creadores culturales manabitas. El anuncio se dio a conocer este marte 8 abril, en el Cerro Jaboncillo, en [&hellip;]","og_url":"https:\/\/www.manabi.gob.ec\/index.php\/gestores-culturales-de-manabi-fueron-seleccionados-para-residencia-artistica-internacional\/","og_site_name":"Prefectura de Manab\u00ed","article_published_time":"2025-04-08T19:34:42+00:00","article_modified_time":"2025-04-08T19:34:46+00:00","og_image":[{"width":2560,"height":1706,"url":"https:\/\/www.manabi.gob.ec\/wp-content\/uploads\/2025\/04\/WhatsApp-Image-2025-04-08-at-2.06.56-PM-scaled.jpeg","type":"image\/jpeg"}],"author":"Lui Ochoa","twitter_card":"summary_large_image","twitter_misc":{"Escrito por":"Lui Ochoa","Tiempo de lectura":"2 minutos"},"schema":{"@context":"https:\/\/schema.org","@graph":[{"@type":"Article","@id":"https:\/\/www.manabi.gob.ec\/index.php\/gestores-culturales-de-manabi-fueron-seleccionados-para-residencia-artistica-internacional\/#article","isPartOf":{"@id":"https:\/\/www.manabi.gob.ec\/index.php\/gestores-culturales-de-manabi-fueron-seleccionados-para-residencia-artistica-internacional\/"},"author":{"name":"Lui Ochoa","@id":"https:\/\/www.manabi.gob.ec\/#\/schema\/person\/c4f117989332ad723a6ced5994aa7d7a"},"headline":"Gestores culturales de Manab\u00ed fueron seleccionados para residencia art\u00edstica internacional","datePublished":"2025-04-08T19:34:42+00:00","dateModified":"2025-04-08T19:34:46+00:00","mainEntityOfPage":{"@id":"https:\/\/www.manabi.gob.ec\/index.php\/gestores-culturales-de-manabi-fueron-seleccionados-para-residencia-artistica-internacional\/"},"wordCount":330,"image":{"@id":"https:\/\/www.manabi.gob.ec\/index.php\/gestores-culturales-de-manabi-fueron-seleccionados-para-residencia-artistica-internacional\/#primaryimage"},"thumbnailUrl":"https:\/\/www.manabi.gob.ec\/wp-content\/uploads\/2025\/04\/WhatsApp-Image-2025-04-08-at-2.06.56-PM-scaled.jpeg","articleSection":["Ambiente","Desarrollo Social","Noticias","Todas"],"inLanguage":"es"},{"@type":"WebPage","@id":"https:\/\/www.manabi.gob.ec\/index.php\/gestores-culturales-de-manabi-fueron-seleccionados-para-residencia-artistica-internacional\/","url":"https:\/\/www.manabi.gob.ec\/index.php\/gestores-culturales-de-manabi-fueron-seleccionados-para-residencia-artistica-internacional\/","name":"Gestores culturales de Manab\u00ed fueron seleccionados para residencia art\u00edstica internacional - Prefectura de Manab\u00ed","isPartOf":{"@id":"https:\/\/www.manabi.gob.ec\/#website"},"primaryImageOfPage":{"@id":"https:\/\/www.manabi.gob.ec\/index.php\/gestores-culturales-de-manabi-fueron-seleccionados-para-residencia-artistica-internacional\/#primaryimage"},"image":{"@id":"https:\/\/www.manabi.gob.ec\/index.php\/gestores-culturales-de-manabi-fueron-seleccionados-para-residencia-artistica-internacional\/#primaryimage"},"thumbnailUrl":"https:\/\/www.manabi.gob.ec\/wp-content\/uploads\/2025\/04\/WhatsApp-Image-2025-04-08-at-2.06.56-PM-scaled.jpeg","datePublished":"2025-04-08T19:34:42+00:00","dateModified":"2025-04-08T19:34:46+00:00","author":{"@id":"https:\/\/www.manabi.gob.ec\/#\/schema\/person\/c4f117989332ad723a6ced5994aa7d7a"},"breadcrumb":{"@id":"https:\/\/www.manabi.gob.ec\/index.php\/gestores-culturales-de-manabi-fueron-seleccionados-para-residencia-artistica-internacional\/#breadcrumb"},"inLanguage":"es","potentialAction":[{"@type":"ReadAction","target":["https:\/\/www.manabi.gob.ec\/index.php\/gestores-culturales-de-manabi-fueron-seleccionados-para-residencia-artistica-internacional\/"]}]},{"@type":"ImageObject","inLanguage":"es","@id":"https:\/\/www.manabi.gob.ec\/index.php\/gestores-culturales-de-manabi-fueron-seleccionados-para-residencia-artistica-internacional\/#primaryimage","url":"https:\/\/www.manabi.gob.ec\/wp-content\/uploads\/2025\/04\/WhatsApp-Image-2025-04-08-at-2.06.56-PM-scaled.jpeg","contentUrl":"https:\/\/www.manabi.gob.ec\/wp-content\/uploads\/2025\/04\/WhatsApp-Image-2025-04-08-at-2.06.56-PM-scaled.jpeg","width":2560,"height":1706},{"@type":"BreadcrumbList","@id":"https:\/\/www.manabi.gob.ec\/index.php\/gestores-culturales-de-manabi-fueron-seleccionados-para-residencia-artistica-internacional\/#breadcrumb","itemListElement":[{"@type":"ListItem","position":1,"name":"Portada","item":"https:\/\/www.manabi.gob.ec\/"},{"@type":"ListItem","position":2,"name":"Gestores culturales de Manab\u00ed fueron seleccionados para residencia art\u00edstica internacional"}]},{"@type":"WebSite","@id":"https:\/\/www.manabi.gob.ec\/#website","url":"https:\/\/www.manabi.gob.ec\/","name":"Prefectura de Manab\u00ed","description":"P\u00e1gina web de la prefectura","potentialAction":[{"@type":"SearchAction","target":{"@type":"EntryPoint","urlTemplate":"https:\/\/www.manabi.gob.ec\/?s={search_term_string}"},"query-input":{"@type":"PropertyValueSpecification","valueRequired":true,"valueName":"search_term_string"}}],"inLanguage":"es"},{"@type":"Person","@id":"https:\/\/www.manabi.gob.ec\/#\/schema\/person\/c4f117989332ad723a6ced5994aa7d7a","name":"Lui Ochoa","image":{"@type":"ImageObject","inLanguage":"es","@id":"https:\/\/secure.gravatar.com\/avatar\/6e8017d0fe69dead8a95864d2eb6e1e1d8bf8e01194ba49cf7b897ff038126ba?s=96&d=mm&r=g","url":"https:\/\/secure.gravatar.com\/avatar\/6e8017d0fe69dead8a95864d2eb6e1e1d8bf8e01194ba49cf7b897ff038126ba?s=96&d=mm&r=g","contentUrl":"https:\/\/secure.gravatar.com\/avatar\/6e8017d0fe69dead8a95864d2eb6e1e1d8bf8e01194ba49cf7b897ff038126ba?s=96&d=mm&r=g","caption":"Lui Ochoa"},"url":"https:\/\/www.manabi.gob.ec\/index.php\/author\/lochoa\/"}]}},"jetpack_featured_media_url":"https:\/\/www.manabi.gob.ec\/wp-content\/uploads\/2025\/04\/WhatsApp-Image-2025-04-08-at-2.06.56-PM-scaled.jpeg","_links":{"self":[{"href":"https:\/\/www.manabi.gob.ec\/index.php\/wp-json\/wp\/v2\/posts\/30485","targetHints":{"allow":["GET"]}}],"collection":[{"href":"https:\/\/www.manabi.gob.ec\/index.php\/wp-json\/wp\/v2\/posts"}],"about":[{"href":"https:\/\/www.manabi.gob.ec\/index.php\/wp-json\/wp\/v2\/types\/post"}],"author":[{"embeddable":true,"href":"https:\/\/www.manabi.gob.ec\/index.php\/wp-json\/wp\/v2\/users\/10"}],"replies":[{"embeddable":true,"href":"https:\/\/www.manabi.gob.ec\/index.php\/wp-json\/wp\/v2\/comments?post=30485"}],"version-history":[{"count":1,"href":"https:\/\/www.manabi.gob.ec\/index.php\/wp-json\/wp\/v2\/posts\/30485\/revisions"}],"predecessor-version":[{"id":30487,"href":"https:\/\/www.manabi.gob.ec\/index.php\/wp-json\/wp\/v2\/posts\/30485\/revisions\/30487"}],"wp:featuredmedia":[{"embeddable":true,"href":"https:\/\/www.manabi.gob.ec\/index.php\/wp-json\/wp\/v2\/media\/30486"}],"wp:attachment":[{"href":"https:\/\/www.manabi.gob.ec\/index.php\/wp-json\/wp\/v2\/media?parent=30485"}],"wp:term":[{"taxonomy":"category","embeddable":true,"href":"https:\/\/www.manabi.gob.ec\/index.php\/wp-json\/wp\/v2\/categories?post=30485"},{"taxonomy":"post_tag","embeddable":true,"href":"https:\/\/www.manabi.gob.ec\/index.php\/wp-json\/wp\/v2\/tags?post=30485"}],"curies":[{"name":"wp","href":"https:\/\/api.w.org\/{rel}","templated":true}]}}