{"id":30708,"date":"2025-04-28T17:06:16","date_gmt":"2025-04-28T17:06:16","guid":{"rendered":"https:\/\/www.manabi.gob.ec\/?p=30708"},"modified":"2025-04-28T17:06:21","modified_gmt":"2025-04-28T17:06:21","slug":"prefectura-de-manabi-y-kids-around-the-world-inauguran-un-nuevo-parque-infantil-que-transforma-vidas","status":"publish","type":"post","link":"https:\/\/www.manabi.gob.ec\/index.php\/prefectura-de-manabi-y-kids-around-the-world-inauguran-un-nuevo-parque-infantil-que-transforma-vidas\/","title":{"rendered":"Prefectura de Manab\u00ed y la Fundaci\u00f3n AROUND THE WORLD apoyan a la ni\u00f1ez con espacios de alegr\u00eda"},"content":{"rendered":"\n<p>En un ambiente lleno de alegr\u00eda y color, en la comunidad La Sequita del cant\u00f3n Montecristi, la Prefectura de Manab\u00ed en convenio con la Fundaci\u00f3n Kids AROUND THE WORLD, inaugur\u00f3 un nuevo espacio de juego infantil, como parte de su compromiso con el bienestar integral de la ni\u00f1ez de la provincia.<\/p>\n\n\n\n<p>Esta iniciativa forma parte de un plan de acci\u00f3n que busca mejorar la calidad de vida de ni\u00f1os y ni\u00f1as a trav\u00e9s de espacios seguros y adecuados para la recreaci\u00f3n y el esparcimiento.<\/p>\n\n\n\n<p>Durante el evento, los ni\u00f1os rebosaban de alegr\u00eda, mientras jugaban en las rodaderas y escaleras del juego infantil, reflejo del impacto positivo que este tipo de acciones generan en las comunidades. Este espacio infantil, al aire libre, fomenta a trav\u00e9s de la recreaci\u00f3n la interacci\u00f3n y el sano desarrollo en un entorno amigable y protegido.<\/p>\n\n\n\n<p>La entrega del juego infantil en la comunidad La Sequita del cant\u00f3n Montecristi, ya son 41 de estpos espacios entregados por la Prefectura y la Fundaci\u00f3n AROUND THE WORLD en diferentes sectores de la provincia, consolidando las dos instituciones el compromiso con la ni\u00f1ez manabita.<\/p>\n\n\n\n<p>La Prefectura de Manab\u00ed y la Fundaci\u00f3n AROUND THE WORLD reafirmaron su voluntad de continuar trabajando juntos por una provincia m\u00e1s equitativa, inclusiva y con mejores oportunidades para todos los ni\u00f1os y ni\u00f1as.<\/p>\n","protected":false},"excerpt":{"rendered":"<p>En un ambiente lleno de alegr\u00eda y color, en la comunidad La Sequita del cant\u00f3n Montecristi, la Prefectura de Manab\u00ed en convenio con la Fundaci\u00f3n Kids AROUND THE WORLD, inaugur\u00f3 un nuevo espacio de juego infantil, como parte de su compromiso con el bienestar integral de la ni\u00f1ez de la provincia. Esta iniciativa forma parte [&hellip;]<\/p>\n","protected":false},"author":10,"featured_media":30709,"comment_status":"closed","ping_status":"closed","sticky":false,"template":"","format":"standard","meta":{"_joinchat":[],"footnotes":""},"categories":[150,142,148,92,91],"tags":[],"class_list":["post-30708","post","type-post","status-publish","format-standard","has-post-thumbnail","hentry","category-ambiente","category-desarrollo-social","category-montecristi","category-noticias-manabi","category-todas"],"yoast_head":"<!-- This site is optimized with the Yoast SEO plugin v27.4 - https:\/\/yoast.com\/product\/yoast-seo-wordpress\/ -->\n<title>Prefectura de Manab\u00ed y la Fundaci\u00f3n AROUND THE WORLD apoyan a la ni\u00f1ez con espacios de alegr\u00eda - Prefectura de Manab\u00ed<\/title>\n<meta name=\"description\" content=\"En un ambiente lleno de alegr\u00eda y color, en la comunidad La Sequita del cant\u00f3n Montecristi, la Prefectura de Manab\u00ed en convenio con la Fundaci\u00f3n Kids AROUND THE WORLD, inaugur\u00f3 un nuevo espacio de juego infantil, como parte de su compromiso con el bienestar integral de la ni\u00f1ez de la provincia.Esta iniciativa forma parte de un plan de acci\u00f3n que busca mejorar la calidad de vida de ni\u00f1os y ni\u00f1as a trav\u00e9s de espacios seguros y adecuados para la recreaci\u00f3n y el esparcimiento. Durante el evento, los ni\u00f1os rebosaban de alegr\u00eda, mientras jugaban en las rodaderas y escaleras del juego infantil, reflejo del impacto positivo que este tipo de acciones generan en las comunidades. Este espacio infantil, al aire libre, fomenta a trav\u00e9s de la recreaci\u00f3n la interacci\u00f3n y el sano desarrollo en un entorno amigable y protegido.La entrega del juego infantil en la comunidad La Sequita del cant\u00f3n Montecristi, ya son 41 de estpos espacios entregados por la Prefectura y la Fundaci\u00f3n AROUND THE WORLD en diferentes sectores de la provincia, consolidando las dos instituciones el compromiso con la ni\u00f1ez manabita.La Prefectura de Manab\u00ed y la Fundaci\u00f3n AROUND THE WORLD reafirmaronn su voluntad de continuar trabajando juntos por una provincia m\u00e1s equitativa, inclusiva y con mejores oportunidades para todos los ni\u00f1os y ni\u00f1as.\" \/>\n<meta name=\"robots\" content=\"index, follow, max-snippet:-1, max-image-preview:large, max-video-preview:-1\" \/>\n<link rel=\"canonical\" href=\"https:\/\/www.manabi.gob.ec\/index.php\/prefectura-de-manabi-y-kids-around-the-world-inauguran-un-nuevo-parque-infantil-que-transforma-vidas\/\" \/>\n<meta property=\"og:locale\" content=\"es_ES\" \/>\n<meta property=\"og:type\" content=\"article\" \/>\n<meta property=\"og:title\" content=\"Prefectura de Manab\u00ed y la Fundaci\u00f3n AROUND THE WORLD apoyan a la ni\u00f1ez con espacios de alegr\u00eda - Prefectura de Manab\u00ed\" \/>\n<meta property=\"og:description\" content=\"En un ambiente lleno de alegr\u00eda y color, en la comunidad La Sequita del cant\u00f3n Montecristi, la Prefectura de Manab\u00ed en convenio con la Fundaci\u00f3n Kids AROUND THE WORLD, inaugur\u00f3 un nuevo espacio de juego infantil, como parte de su compromiso con el bienestar integral de la ni\u00f1ez de la provincia.Esta iniciativa forma parte de un plan de acci\u00f3n que busca mejorar la calidad de vida de ni\u00f1os y ni\u00f1as a trav\u00e9s de espacios seguros y adecuados para la recreaci\u00f3n y el esparcimiento. Durante el evento, los ni\u00f1os rebosaban de alegr\u00eda, mientras jugaban en las rodaderas y escaleras del juego infantil, reflejo del impacto positivo que este tipo de acciones generan en las comunidades. Este espacio infantil, al aire libre, fomenta a trav\u00e9s de la recreaci\u00f3n la interacci\u00f3n y el sano desarrollo en un entorno amigable y protegido.La entrega del juego infantil en la comunidad La Sequita del cant\u00f3n Montecristi, ya son 41 de estpos espacios entregados por la Prefectura y la Fundaci\u00f3n AROUND THE WORLD en diferentes sectores de la provincia, consolidando las dos instituciones el compromiso con la ni\u00f1ez manabita.La Prefectura de Manab\u00ed y la Fundaci\u00f3n AROUND THE WORLD reafirmaronn su voluntad de continuar trabajando juntos por una provincia m\u00e1s equitativa, inclusiva y con mejores oportunidades para todos los ni\u00f1os y ni\u00f1as.\" \/>\n<meta property=\"og:url\" content=\"https:\/\/www.manabi.gob.ec\/index.php\/prefectura-de-manabi-y-kids-around-the-world-inauguran-un-nuevo-parque-infantil-que-transforma-vidas\/\" \/>\n<meta property=\"og:site_name\" content=\"Prefectura de Manab\u00ed\" \/>\n<meta property=\"article:published_time\" content=\"2025-04-28T17:06:16+00:00\" \/>\n<meta property=\"article:modified_time\" content=\"2025-04-28T17:06:21+00:00\" \/>\n<meta property=\"og:image\" content=\"https:\/\/www.manabi.gob.ec\/wp-content\/uploads\/2025\/04\/WhatsApp-Image-2025-04-28-at-11.27.29-AM-1024x669.png\" \/>\n\t<meta property=\"og:image:width\" content=\"1024\" \/>\n\t<meta property=\"og:image:height\" content=\"669\" \/>\n\t<meta property=\"og:image:type\" content=\"image\/png\" \/>\n<meta name=\"author\" content=\"Lui Ochoa\" \/>\n<meta name=\"twitter:card\" content=\"summary_large_image\" \/>\n<meta name=\"twitter:label1\" content=\"Escrito por\" \/>\n\t<meta name=\"twitter:data1\" content=\"Lui Ochoa\" \/>\n\t<meta name=\"twitter:label2\" content=\"Tiempo de lectura\" \/>\n\t<meta name=\"twitter:data2\" content=\"2 minutos\" \/>\n<script type=\"application\/ld+json\" class=\"yoast-schema-graph\">{\"@context\":\"https:\\\/\\\/schema.org\",\"@graph\":[{\"@type\":\"Article\",\"@id\":\"https:\\\/\\\/www.manabi.gob.ec\\\/index.php\\\/prefectura-de-manabi-y-kids-around-the-world-inauguran-un-nuevo-parque-infantil-que-transforma-vidas\\\/#article\",\"isPartOf\":{\"@id\":\"https:\\\/\\\/www.manabi.gob.ec\\\/index.php\\\/prefectura-de-manabi-y-kids-around-the-world-inauguran-un-nuevo-parque-infantil-que-transforma-vidas\\\/\"},\"author\":{\"name\":\"Lui Ochoa\",\"@id\":\"https:\\\/\\\/www.manabi.gob.ec\\\/#\\\/schema\\\/person\\\/c4f117989332ad723a6ced5994aa7d7a\"},\"headline\":\"Prefectura de Manab\u00ed y la Fundaci\u00f3n AROUND THE WORLD apoyan a la ni\u00f1ez con espacios de alegr\u00eda\",\"datePublished\":\"2025-04-28T17:06:16+00:00\",\"dateModified\":\"2025-04-28T17:06:21+00:00\",\"mainEntityOfPage\":{\"@id\":\"https:\\\/\\\/www.manabi.gob.ec\\\/index.php\\\/prefectura-de-manabi-y-kids-around-the-world-inauguran-un-nuevo-parque-infantil-que-transforma-vidas\\\/\"},\"wordCount\":257,\"image\":{\"@id\":\"https:\\\/\\\/www.manabi.gob.ec\\\/index.php\\\/prefectura-de-manabi-y-kids-around-the-world-inauguran-un-nuevo-parque-infantil-que-transforma-vidas\\\/#primaryimage\"},\"thumbnailUrl\":\"https:\\\/\\\/www.manabi.gob.ec\\\/wp-content\\\/uploads\\\/2025\\\/04\\\/WhatsApp-Image-2025-04-28-at-11.27.29-AM-scaled.png\",\"articleSection\":[\"Ambiente\",\"Desarrollo Social\",\"Montecristi\",\"Noticias\",\"Todas\"],\"inLanguage\":\"es\"},{\"@type\":\"WebPage\",\"@id\":\"https:\\\/\\\/www.manabi.gob.ec\\\/index.php\\\/prefectura-de-manabi-y-kids-around-the-world-inauguran-un-nuevo-parque-infantil-que-transforma-vidas\\\/\",\"url\":\"https:\\\/\\\/www.manabi.gob.ec\\\/index.php\\\/prefectura-de-manabi-y-kids-around-the-world-inauguran-un-nuevo-parque-infantil-que-transforma-vidas\\\/\",\"name\":\"Prefectura de Manab\u00ed y la Fundaci\u00f3n AROUND THE WORLD apoyan a la ni\u00f1ez con espacios de alegr\u00eda - Prefectura de Manab\u00ed\",\"isPartOf\":{\"@id\":\"https:\\\/\\\/www.manabi.gob.ec\\\/#website\"},\"primaryImageOfPage\":{\"@id\":\"https:\\\/\\\/www.manabi.gob.ec\\\/index.php\\\/prefectura-de-manabi-y-kids-around-the-world-inauguran-un-nuevo-parque-infantil-que-transforma-vidas\\\/#primaryimage\"},\"image\":{\"@id\":\"https:\\\/\\\/www.manabi.gob.ec\\\/index.php\\\/prefectura-de-manabi-y-kids-around-the-world-inauguran-un-nuevo-parque-infantil-que-transforma-vidas\\\/#primaryimage\"},\"thumbnailUrl\":\"https:\\\/\\\/www.manabi.gob.ec\\\/wp-content\\\/uploads\\\/2025\\\/04\\\/WhatsApp-Image-2025-04-28-at-11.27.29-AM-scaled.png\",\"datePublished\":\"2025-04-28T17:06:16+00:00\",\"dateModified\":\"2025-04-28T17:06:21+00:00\",\"author\":{\"@id\":\"https:\\\/\\\/www.manabi.gob.ec\\\/#\\\/schema\\\/person\\\/c4f117989332ad723a6ced5994aa7d7a\"},\"description\":\"En un ambiente lleno de alegr\u00eda y color, en la comunidad La Sequita del cant\u00f3n Montecristi, la Prefectura de Manab\u00ed en convenio con la Fundaci\u00f3n Kids AROUND THE WORLD, inaugur\u00f3 un nuevo espacio de juego infantil, como parte de su compromiso con el bienestar integral de la ni\u00f1ez de la provincia.Esta iniciativa forma parte de un plan de acci\u00f3n que busca mejorar la calidad de vida de ni\u00f1os y ni\u00f1as a trav\u00e9s de espacios seguros y adecuados para la recreaci\u00f3n y el esparcimiento. Durante el evento, los ni\u00f1os rebosaban de alegr\u00eda, mientras jugaban en las rodaderas y escaleras del juego infantil, reflejo del impacto positivo que este tipo de acciones generan en las comunidades. Este espacio infantil, al aire libre, fomenta a trav\u00e9s de la recreaci\u00f3n la interacci\u00f3n y el sano desarrollo en un entorno amigable y protegido.La entrega del juego infantil en la comunidad La Sequita del cant\u00f3n Montecristi, ya son 41 de estpos espacios entregados por la Prefectura y la Fundaci\u00f3n AROUND THE WORLD en diferentes sectores de la provincia, consolidando las dos instituciones el compromiso con la ni\u00f1ez manabita.La Prefectura de Manab\u00ed y la Fundaci\u00f3n AROUND THE WORLD reafirmaronn su voluntad de continuar trabajando juntos por una provincia m\u00e1s equitativa, inclusiva y con mejores oportunidades para todos los ni\u00f1os y ni\u00f1as.\",\"breadcrumb\":{\"@id\":\"https:\\\/\\\/www.manabi.gob.ec\\\/index.php\\\/prefectura-de-manabi-y-kids-around-the-world-inauguran-un-nuevo-parque-infantil-que-transforma-vidas\\\/#breadcrumb\"},\"inLanguage\":\"es\",\"potentialAction\":[{\"@type\":\"ReadAction\",\"target\":[\"https:\\\/\\\/www.manabi.gob.ec\\\/index.php\\\/prefectura-de-manabi-y-kids-around-the-world-inauguran-un-nuevo-parque-infantil-que-transforma-vidas\\\/\"]}]},{\"@type\":\"ImageObject\",\"inLanguage\":\"es\",\"@id\":\"https:\\\/\\\/www.manabi.gob.ec\\\/index.php\\\/prefectura-de-manabi-y-kids-around-the-world-inauguran-un-nuevo-parque-infantil-que-transforma-vidas\\\/#primaryimage\",\"url\":\"https:\\\/\\\/www.manabi.gob.ec\\\/wp-content\\\/uploads\\\/2025\\\/04\\\/WhatsApp-Image-2025-04-28-at-11.27.29-AM-scaled.png\",\"contentUrl\":\"https:\\\/\\\/www.manabi.gob.ec\\\/wp-content\\\/uploads\\\/2025\\\/04\\\/WhatsApp-Image-2025-04-28-at-11.27.29-AM-scaled.png\",\"width\":2560,\"height\":1672},{\"@type\":\"BreadcrumbList\",\"@id\":\"https:\\\/\\\/www.manabi.gob.ec\\\/index.php\\\/prefectura-de-manabi-y-kids-around-the-world-inauguran-un-nuevo-parque-infantil-que-transforma-vidas\\\/#breadcrumb\",\"itemListElement\":[{\"@type\":\"ListItem\",\"position\":1,\"name\":\"Portada\",\"item\":\"https:\\\/\\\/www.manabi.gob.ec\\\/\"},{\"@type\":\"ListItem\",\"position\":2,\"name\":\"Prefectura de Manab\u00ed y la Fundaci\u00f3n AROUND THE WORLD apoyan a la ni\u00f1ez con espacios de alegr\u00eda\"}]},{\"@type\":\"WebSite\",\"@id\":\"https:\\\/\\\/www.manabi.gob.ec\\\/#website\",\"url\":\"https:\\\/\\\/www.manabi.gob.ec\\\/\",\"name\":\"Prefectura de Manab\u00ed\",\"description\":\"P\u00e1gina web de la prefectura\",\"potentialAction\":[{\"@type\":\"SearchAction\",\"target\":{\"@type\":\"EntryPoint\",\"urlTemplate\":\"https:\\\/\\\/www.manabi.gob.ec\\\/?s={search_term_string}\"},\"query-input\":{\"@type\":\"PropertyValueSpecification\",\"valueRequired\":true,\"valueName\":\"search_term_string\"}}],\"inLanguage\":\"es\"},{\"@type\":\"Person\",\"@id\":\"https:\\\/\\\/www.manabi.gob.ec\\\/#\\\/schema\\\/person\\\/c4f117989332ad723a6ced5994aa7d7a\",\"name\":\"Lui Ochoa\",\"image\":{\"@type\":\"ImageObject\",\"inLanguage\":\"es\",\"@id\":\"https:\\\/\\\/secure.gravatar.com\\\/avatar\\\/6e8017d0fe69dead8a95864d2eb6e1e1d8bf8e01194ba49cf7b897ff038126ba?s=96&d=mm&r=g\",\"url\":\"https:\\\/\\\/secure.gravatar.com\\\/avatar\\\/6e8017d0fe69dead8a95864d2eb6e1e1d8bf8e01194ba49cf7b897ff038126ba?s=96&d=mm&r=g\",\"contentUrl\":\"https:\\\/\\\/secure.gravatar.com\\\/avatar\\\/6e8017d0fe69dead8a95864d2eb6e1e1d8bf8e01194ba49cf7b897ff038126ba?s=96&d=mm&r=g\",\"caption\":\"Lui Ochoa\"},\"url\":\"https:\\\/\\\/www.manabi.gob.ec\\\/index.php\\\/author\\\/lochoa\\\/\"}]}<\/script>\n<!-- \/ Yoast SEO plugin. -->","yoast_head_json":{"title":"Prefectura de Manab\u00ed y la Fundaci\u00f3n AROUND THE WORLD apoyan a la ni\u00f1ez con espacios de alegr\u00eda - Prefectura de Manab\u00ed","description":"En un ambiente lleno de alegr\u00eda y color, en la comunidad La Sequita del cant\u00f3n Montecristi, la Prefectura de Manab\u00ed en convenio con la Fundaci\u00f3n Kids AROUND THE WORLD, inaugur\u00f3 un nuevo espacio de juego infantil, como parte de su compromiso con el bienestar integral de la ni\u00f1ez de la provincia.Esta iniciativa forma parte de un plan de acci\u00f3n que busca mejorar la calidad de vida de ni\u00f1os y ni\u00f1as a trav\u00e9s de espacios seguros y adecuados para la recreaci\u00f3n y el esparcimiento. Durante el evento, los ni\u00f1os rebosaban de alegr\u00eda, mientras jugaban en las rodaderas y escaleras del juego infantil, reflejo del impacto positivo que este tipo de acciones generan en las comunidades. Este espacio infantil, al aire libre, fomenta a trav\u00e9s de la recreaci\u00f3n la interacci\u00f3n y el sano desarrollo en un entorno amigable y protegido.La entrega del juego infantil en la comunidad La Sequita del cant\u00f3n Montecristi, ya son 41 de estpos espacios entregados por la Prefectura y la Fundaci\u00f3n AROUND THE WORLD en diferentes sectores de la provincia, consolidando las dos instituciones el compromiso con la ni\u00f1ez manabita.La Prefectura de Manab\u00ed y la Fundaci\u00f3n AROUND THE WORLD reafirmaronn su voluntad de continuar trabajando juntos por una provincia m\u00e1s equitativa, inclusiva y con mejores oportunidades para todos los ni\u00f1os y ni\u00f1as.","robots":{"index":"index","follow":"follow","max-snippet":"max-snippet:-1","max-image-preview":"max-image-preview:large","max-video-preview":"max-video-preview:-1"},"canonical":"https:\/\/www.manabi.gob.ec\/index.php\/prefectura-de-manabi-y-kids-around-the-world-inauguran-un-nuevo-parque-infantil-que-transforma-vidas\/","og_locale":"es_ES","og_type":"article","og_title":"Prefectura de Manab\u00ed y la Fundaci\u00f3n AROUND THE WORLD apoyan a la ni\u00f1ez con espacios de alegr\u00eda - Prefectura de Manab\u00ed","og_description":"En un ambiente lleno de alegr\u00eda y color, en la comunidad La Sequita del cant\u00f3n Montecristi, la Prefectura de Manab\u00ed en convenio con la Fundaci\u00f3n Kids AROUND THE WORLD, inaugur\u00f3 un nuevo espacio de juego infantil, como parte de su compromiso con el bienestar integral de la ni\u00f1ez de la provincia.Esta iniciativa forma parte de un plan de acci\u00f3n que busca mejorar la calidad de vida de ni\u00f1os y ni\u00f1as a trav\u00e9s de espacios seguros y adecuados para la recreaci\u00f3n y el esparcimiento. Durante el evento, los ni\u00f1os rebosaban de alegr\u00eda, mientras jugaban en las rodaderas y escaleras del juego infantil, reflejo del impacto positivo que este tipo de acciones generan en las comunidades. Este espacio infantil, al aire libre, fomenta a trav\u00e9s de la recreaci\u00f3n la interacci\u00f3n y el sano desarrollo en un entorno amigable y protegido.La entrega del juego infantil en la comunidad La Sequita del cant\u00f3n Montecristi, ya son 41 de estpos espacios entregados por la Prefectura y la Fundaci\u00f3n AROUND THE WORLD en diferentes sectores de la provincia, consolidando las dos instituciones el compromiso con la ni\u00f1ez manabita.La Prefectura de Manab\u00ed y la Fundaci\u00f3n AROUND THE WORLD reafirmaronn su voluntad de continuar trabajando juntos por una provincia m\u00e1s equitativa, inclusiva y con mejores oportunidades para todos los ni\u00f1os y ni\u00f1as.","og_url":"https:\/\/www.manabi.gob.ec\/index.php\/prefectura-de-manabi-y-kids-around-the-world-inauguran-un-nuevo-parque-infantil-que-transforma-vidas\/","og_site_name":"Prefectura de Manab\u00ed","article_published_time":"2025-04-28T17:06:16+00:00","article_modified_time":"2025-04-28T17:06:21+00:00","og_image":[{"width":1024,"height":669,"url":"https:\/\/www.manabi.gob.ec\/wp-content\/uploads\/2025\/04\/WhatsApp-Image-2025-04-28-at-11.27.29-AM-1024x669.png","type":"image\/png"}],"author":"Lui Ochoa","twitter_card":"summary_large_image","twitter_misc":{"Escrito por":"Lui Ochoa","Tiempo de lectura":"2 minutos"},"schema":{"@context":"https:\/\/schema.org","@graph":[{"@type":"Article","@id":"https:\/\/www.manabi.gob.ec\/index.php\/prefectura-de-manabi-y-kids-around-the-world-inauguran-un-nuevo-parque-infantil-que-transforma-vidas\/#article","isPartOf":{"@id":"https:\/\/www.manabi.gob.ec\/index.php\/prefectura-de-manabi-y-kids-around-the-world-inauguran-un-nuevo-parque-infantil-que-transforma-vidas\/"},"author":{"name":"Lui Ochoa","@id":"https:\/\/www.manabi.gob.ec\/#\/schema\/person\/c4f117989332ad723a6ced5994aa7d7a"},"headline":"Prefectura de Manab\u00ed y la Fundaci\u00f3n AROUND THE WORLD apoyan a la ni\u00f1ez con espacios de alegr\u00eda","datePublished":"2025-04-28T17:06:16+00:00","dateModified":"2025-04-28T17:06:21+00:00","mainEntityOfPage":{"@id":"https:\/\/www.manabi.gob.ec\/index.php\/prefectura-de-manabi-y-kids-around-the-world-inauguran-un-nuevo-parque-infantil-que-transforma-vidas\/"},"wordCount":257,"image":{"@id":"https:\/\/www.manabi.gob.ec\/index.php\/prefectura-de-manabi-y-kids-around-the-world-inauguran-un-nuevo-parque-infantil-que-transforma-vidas\/#primaryimage"},"thumbnailUrl":"https:\/\/www.manabi.gob.ec\/wp-content\/uploads\/2025\/04\/WhatsApp-Image-2025-04-28-at-11.27.29-AM-scaled.png","articleSection":["Ambiente","Desarrollo Social","Montecristi","Noticias","Todas"],"inLanguage":"es"},{"@type":"WebPage","@id":"https:\/\/www.manabi.gob.ec\/index.php\/prefectura-de-manabi-y-kids-around-the-world-inauguran-un-nuevo-parque-infantil-que-transforma-vidas\/","url":"https:\/\/www.manabi.gob.ec\/index.php\/prefectura-de-manabi-y-kids-around-the-world-inauguran-un-nuevo-parque-infantil-que-transforma-vidas\/","name":"Prefectura de Manab\u00ed y la Fundaci\u00f3n AROUND THE WORLD apoyan a la ni\u00f1ez con espacios de alegr\u00eda - Prefectura de Manab\u00ed","isPartOf":{"@id":"https:\/\/www.manabi.gob.ec\/#website"},"primaryImageOfPage":{"@id":"https:\/\/www.manabi.gob.ec\/index.php\/prefectura-de-manabi-y-kids-around-the-world-inauguran-un-nuevo-parque-infantil-que-transforma-vidas\/#primaryimage"},"image":{"@id":"https:\/\/www.manabi.gob.ec\/index.php\/prefectura-de-manabi-y-kids-around-the-world-inauguran-un-nuevo-parque-infantil-que-transforma-vidas\/#primaryimage"},"thumbnailUrl":"https:\/\/www.manabi.gob.ec\/wp-content\/uploads\/2025\/04\/WhatsApp-Image-2025-04-28-at-11.27.29-AM-scaled.png","datePublished":"2025-04-28T17:06:16+00:00","dateModified":"2025-04-28T17:06:21+00:00","author":{"@id":"https:\/\/www.manabi.gob.ec\/#\/schema\/person\/c4f117989332ad723a6ced5994aa7d7a"},"description":"En un ambiente lleno de alegr\u00eda y color, en la comunidad La Sequita del cant\u00f3n Montecristi, la Prefectura de Manab\u00ed en convenio con la Fundaci\u00f3n Kids AROUND THE WORLD, inaugur\u00f3 un nuevo espacio de juego infantil, como parte de su compromiso con el bienestar integral de la ni\u00f1ez de la provincia.Esta iniciativa forma parte de un plan de acci\u00f3n que busca mejorar la calidad de vida de ni\u00f1os y ni\u00f1as a trav\u00e9s de espacios seguros y adecuados para la recreaci\u00f3n y el esparcimiento. Durante el evento, los ni\u00f1os rebosaban de alegr\u00eda, mientras jugaban en las rodaderas y escaleras del juego infantil, reflejo del impacto positivo que este tipo de acciones generan en las comunidades. Este espacio infantil, al aire libre, fomenta a trav\u00e9s de la recreaci\u00f3n la interacci\u00f3n y el sano desarrollo en un entorno amigable y protegido.La entrega del juego infantil en la comunidad La Sequita del cant\u00f3n Montecristi, ya son 41 de estpos espacios entregados por la Prefectura y la Fundaci\u00f3n AROUND THE WORLD en diferentes sectores de la provincia, consolidando las dos instituciones el compromiso con la ni\u00f1ez manabita.La Prefectura de Manab\u00ed y la Fundaci\u00f3n AROUND THE WORLD reafirmaronn su voluntad de continuar trabajando juntos por una provincia m\u00e1s equitativa, inclusiva y con mejores oportunidades para todos los ni\u00f1os y ni\u00f1as.","breadcrumb":{"@id":"https:\/\/www.manabi.gob.ec\/index.php\/prefectura-de-manabi-y-kids-around-the-world-inauguran-un-nuevo-parque-infantil-que-transforma-vidas\/#breadcrumb"},"inLanguage":"es","potentialAction":[{"@type":"ReadAction","target":["https:\/\/www.manabi.gob.ec\/index.php\/prefectura-de-manabi-y-kids-around-the-world-inauguran-un-nuevo-parque-infantil-que-transforma-vidas\/"]}]},{"@type":"ImageObject","inLanguage":"es","@id":"https:\/\/www.manabi.gob.ec\/index.php\/prefectura-de-manabi-y-kids-around-the-world-inauguran-un-nuevo-parque-infantil-que-transforma-vidas\/#primaryimage","url":"https:\/\/www.manabi.gob.ec\/wp-content\/uploads\/2025\/04\/WhatsApp-Image-2025-04-28-at-11.27.29-AM-scaled.png","contentUrl":"https:\/\/www.manabi.gob.ec\/wp-content\/uploads\/2025\/04\/WhatsApp-Image-2025-04-28-at-11.27.29-AM-scaled.png","width":2560,"height":1672},{"@type":"BreadcrumbList","@id":"https:\/\/www.manabi.gob.ec\/index.php\/prefectura-de-manabi-y-kids-around-the-world-inauguran-un-nuevo-parque-infantil-que-transforma-vidas\/#breadcrumb","itemListElement":[{"@type":"ListItem","position":1,"name":"Portada","item":"https:\/\/www.manabi.gob.ec\/"},{"@type":"ListItem","position":2,"name":"Prefectura de Manab\u00ed y la Fundaci\u00f3n AROUND THE WORLD apoyan a la ni\u00f1ez con espacios de alegr\u00eda"}]},{"@type":"WebSite","@id":"https:\/\/www.manabi.gob.ec\/#website","url":"https:\/\/www.manabi.gob.ec\/","name":"Prefectura de Manab\u00ed","description":"P\u00e1gina web de la prefectura","potentialAction":[{"@type":"SearchAction","target":{"@type":"EntryPoint","urlTemplate":"https:\/\/www.manabi.gob.ec\/?s={search_term_string}"},"query-input":{"@type":"PropertyValueSpecification","valueRequired":true,"valueName":"search_term_string"}}],"inLanguage":"es"},{"@type":"Person","@id":"https:\/\/www.manabi.gob.ec\/#\/schema\/person\/c4f117989332ad723a6ced5994aa7d7a","name":"Lui Ochoa","image":{"@type":"ImageObject","inLanguage":"es","@id":"https:\/\/secure.gravatar.com\/avatar\/6e8017d0fe69dead8a95864d2eb6e1e1d8bf8e01194ba49cf7b897ff038126ba?s=96&d=mm&r=g","url":"https:\/\/secure.gravatar.com\/avatar\/6e8017d0fe69dead8a95864d2eb6e1e1d8bf8e01194ba49cf7b897ff038126ba?s=96&d=mm&r=g","contentUrl":"https:\/\/secure.gravatar.com\/avatar\/6e8017d0fe69dead8a95864d2eb6e1e1d8bf8e01194ba49cf7b897ff038126ba?s=96&d=mm&r=g","caption":"Lui Ochoa"},"url":"https:\/\/www.manabi.gob.ec\/index.php\/author\/lochoa\/"}]}},"jetpack_featured_media_url":"https:\/\/www.manabi.gob.ec\/wp-content\/uploads\/2025\/04\/WhatsApp-Image-2025-04-28-at-11.27.29-AM-scaled.png","_links":{"self":[{"href":"https:\/\/www.manabi.gob.ec\/index.php\/wp-json\/wp\/v2\/posts\/30708","targetHints":{"allow":["GET"]}}],"collection":[{"href":"https:\/\/www.manabi.gob.ec\/index.php\/wp-json\/wp\/v2\/posts"}],"about":[{"href":"https:\/\/www.manabi.gob.ec\/index.php\/wp-json\/wp\/v2\/types\/post"}],"author":[{"embeddable":true,"href":"https:\/\/www.manabi.gob.ec\/index.php\/wp-json\/wp\/v2\/users\/10"}],"replies":[{"embeddable":true,"href":"https:\/\/www.manabi.gob.ec\/index.php\/wp-json\/wp\/v2\/comments?post=30708"}],"version-history":[{"count":1,"href":"https:\/\/www.manabi.gob.ec\/index.php\/wp-json\/wp\/v2\/posts\/30708\/revisions"}],"predecessor-version":[{"id":30710,"href":"https:\/\/www.manabi.gob.ec\/index.php\/wp-json\/wp\/v2\/posts\/30708\/revisions\/30710"}],"wp:featuredmedia":[{"embeddable":true,"href":"https:\/\/www.manabi.gob.ec\/index.php\/wp-json\/wp\/v2\/media\/30709"}],"wp:attachment":[{"href":"https:\/\/www.manabi.gob.ec\/index.php\/wp-json\/wp\/v2\/media?parent=30708"}],"wp:term":[{"taxonomy":"category","embeddable":true,"href":"https:\/\/www.manabi.gob.ec\/index.php\/wp-json\/wp\/v2\/categories?post=30708"},{"taxonomy":"post_tag","embeddable":true,"href":"https:\/\/www.manabi.gob.ec\/index.php\/wp-json\/wp\/v2\/tags?post=30708"}],"curies":[{"name":"wp","href":"https:\/\/api.w.org\/{rel}","templated":true}]}}