{"id":30734,"date":"2025-05-06T01:29:52","date_gmt":"2025-05-06T01:29:52","guid":{"rendered":"https:\/\/www.manabi.gob.ec\/?p=30734"},"modified":"2025-05-06T01:29:52","modified_gmt":"2025-05-06T01:29:52","slug":"130-anos-de-la-primera-proclama-de-la-revolucion-alfarista-fueron-conmemorados-en-chone","status":"publish","type":"post","link":"https:\/\/www.manabi.gob.ec\/index.php\/130-anos-de-la-primera-proclama-de-la-revolucion-alfarista-fueron-conmemorados-en-chone\/","title":{"rendered":"130 A\u00f1os de la Primera Proclama de la Revoluci\u00f3n Alfarista fueron conmemorados en Chone"},"content":{"rendered":"\n<p class=\"p1\">En un acto c\u00edvico, art\u00edstico y cultural, la Prefectura de Manab\u00ed, en coordinaci\u00f3n con la Unidad Educativa 5 de Mayo y la Universidad Laica Eloy Alfaro de Manab\u00ed (ULEAM), sede Chone, conmemor\u00f3 este 5 de mayo, el 130.\u00ba aniversario de la primera proclama de la Revoluci\u00f3n Alfarista, un hecho que marc\u00f3 un antes y un despu\u00e9s en la historia pol\u00edtica del Ecuador.<\/p>\n\n\n\n<p class=\"p1\">La jornada rindi\u00f3 homenaje al legado de Eloy Alfaro, tuvo como prop\u00f3sito no solo recordar un hecho hist\u00f3rico trascendental, sino tambi\u00e9n fortalecer la identidad colectiva, el compromiso con los valores democr\u00e1ticos y la memoria hist\u00f3rica en las nuevas generaciones.<\/p>\n\n\n\n<p class=\"p1\">Durante la ceremonia se expusieron &nbsp; obras art\u00edsticas pintadas a mano con&nbsp; representaciones alusivas a la fecha y en homenaje a este acontecimiento hist\u00f3rico, por parte de estudiantes de la Escuela de Artes Pl\u00e1sticas de la ULEAM, de las cuales cuatro de estas pinturas fueron entregadas a las autoridades para que reposen en cada una de las instituciones que hacen posible este recordatorio cada a\u00f1o. &nbsp;<\/p>\n\n\n\n<p class=\"p1\">\u201cHoy nos convoca una fecha significativa para la historia de Manab\u00ed y de toda la patria, un grito&nbsp; que a\u00fan resuena en la memoria colectiva de nuestro pueblo, el 5 de mayo de 1895, desde esta tierra f\u00e9rtil y de gente valiente se alz\u00f3 la voz de la libertad y la dignidad\u201d, expres\u00f3 el Prefecto Leonardo Orlando.&nbsp;<\/p>\n\n\n\n<p class=\"p1\">La&nbsp; autoridad provincial ratific\u00f3 el&nbsp; compromiso de la prefectura de Manab\u00ed con la lucha de Alfaro, con los valores de aquella revoluci\u00f3n, de trabajar incansablemente por la equidad, el progreso, el desarrollo sostenible, la justicia social, la igualdad y la promoci\u00f3n de la dignidad humana.<\/p>\n","protected":false},"excerpt":{"rendered":"<p>En un acto c\u00edvico, art\u00edstico y cultural, la Prefectura de Manab\u00ed, en coordinaci\u00f3n con la Unidad Educativa 5 de Mayo y la Universidad Laica Eloy Alfaro de Manab\u00ed (ULEAM), sede Chone, conmemor\u00f3 este 5 de mayo, el 130.\u00ba aniversario de la primera proclama de la Revoluci\u00f3n Alfarista, un hecho que marc\u00f3 un antes y un [&hellip;]<\/p>\n","protected":false},"author":10,"featured_media":30733,"comment_status":"closed","ping_status":"","sticky":false,"template":"","format":"standard","meta":{"_joinchat":[],"footnotes":""},"categories":[150,141,142,92,193,91,81],"tags":[],"class_list":["post-30734","post","type-post","status-publish","format-standard","has-post-thumbnail","hentry","category-ambiente","category-chone","category-desarrollo-social","category-noticias-manabi","category-participacion-ciudadana","category-todas","category-turismo"],"yoast_head":"<!-- This site is optimized with the Yoast SEO plugin v27.4 - https:\/\/yoast.com\/product\/yoast-seo-wordpress\/ -->\n<title>130 A\u00f1os de la Primera Proclama de la Revoluci\u00f3n Alfarista fueron conmemorados en Chone - Prefectura de Manab\u00ed<\/title>\n<meta name=\"robots\" content=\"index, follow, max-snippet:-1, max-image-preview:large, max-video-preview:-1\" \/>\n<link rel=\"canonical\" href=\"https:\/\/www.manabi.gob.ec\/index.php\/130-anos-de-la-primera-proclama-de-la-revolucion-alfarista-fueron-conmemorados-en-chone\/\" \/>\n<meta property=\"og:locale\" content=\"es_ES\" \/>\n<meta property=\"og:type\" content=\"article\" \/>\n<meta property=\"og:title\" content=\"130 A\u00f1os de la Primera Proclama de la Revoluci\u00f3n Alfarista fueron conmemorados en Chone - Prefectura de Manab\u00ed\" \/>\n<meta property=\"og:description\" content=\"En un acto c\u00edvico, art\u00edstico y cultural, la Prefectura de Manab\u00ed, en coordinaci\u00f3n con la Unidad Educativa 5 de Mayo y la Universidad Laica Eloy Alfaro de Manab\u00ed (ULEAM), sede Chone, conmemor\u00f3 este 5 de mayo, el 130.\u00ba aniversario de la primera proclama de la Revoluci\u00f3n Alfarista, un hecho que marc\u00f3 un antes y un [&hellip;]\" \/>\n<meta property=\"og:url\" content=\"https:\/\/www.manabi.gob.ec\/index.php\/130-anos-de-la-primera-proclama-de-la-revolucion-alfarista-fueron-conmemorados-en-chone\/\" \/>\n<meta property=\"og:site_name\" content=\"Prefectura de Manab\u00ed\" \/>\n<meta property=\"article:published_time\" content=\"2025-05-06T01:29:52+00:00\" \/>\n<meta property=\"og:image\" content=\"https:\/\/www.manabi.gob.ec\/wp-content\/uploads\/2025\/05\/b753d637-223d-4228-b471-e3fc086d8d25-1.jpg\" \/>\n\t<meta property=\"og:image:width\" content=\"2000\" \/>\n\t<meta property=\"og:image:height\" content=\"1334\" \/>\n\t<meta property=\"og:image:type\" content=\"image\/jpeg\" \/>\n<meta name=\"author\" content=\"Lui Ochoa\" \/>\n<meta name=\"twitter:card\" content=\"summary_large_image\" \/>\n<meta name=\"twitter:label1\" content=\"Escrito por\" \/>\n\t<meta name=\"twitter:data1\" content=\"Lui Ochoa\" \/>\n\t<meta name=\"twitter:label2\" content=\"Tiempo de lectura\" \/>\n\t<meta name=\"twitter:data2\" content=\"1 minuto\" \/>\n<script type=\"application\/ld+json\" class=\"yoast-schema-graph\">{\"@context\":\"https:\\\/\\\/schema.org\",\"@graph\":[{\"@type\":\"Article\",\"@id\":\"https:\\\/\\\/www.manabi.gob.ec\\\/index.php\\\/130-anos-de-la-primera-proclama-de-la-revolucion-alfarista-fueron-conmemorados-en-chone\\\/#article\",\"isPartOf\":{\"@id\":\"https:\\\/\\\/www.manabi.gob.ec\\\/index.php\\\/130-anos-de-la-primera-proclama-de-la-revolucion-alfarista-fueron-conmemorados-en-chone\\\/\"},\"author\":{\"name\":\"Lui Ochoa\",\"@id\":\"https:\\\/\\\/www.manabi.gob.ec\\\/#\\\/schema\\\/person\\\/c4f117989332ad723a6ced5994aa7d7a\"},\"headline\":\"130 A\u00f1os de la Primera Proclama de la Revoluci\u00f3n Alfarista fueron conmemorados en Chone\",\"datePublished\":\"2025-05-06T01:29:52+00:00\",\"mainEntityOfPage\":{\"@id\":\"https:\\\/\\\/www.manabi.gob.ec\\\/index.php\\\/130-anos-de-la-primera-proclama-de-la-revolucion-alfarista-fueron-conmemorados-en-chone\\\/\"},\"wordCount\":303,\"image\":{\"@id\":\"https:\\\/\\\/www.manabi.gob.ec\\\/index.php\\\/130-anos-de-la-primera-proclama-de-la-revolucion-alfarista-fueron-conmemorados-en-chone\\\/#primaryimage\"},\"thumbnailUrl\":\"https:\\\/\\\/www.manabi.gob.ec\\\/wp-content\\\/uploads\\\/2025\\\/05\\\/b753d637-223d-4228-b471-e3fc086d8d25-1.jpg\",\"articleSection\":[\"Ambiente\",\"Chone\",\"Desarrollo Social\",\"Noticias\",\"Participaci\u00f3n ciudadana\",\"Todas\",\"Turismo\"],\"inLanguage\":\"es\"},{\"@type\":\"WebPage\",\"@id\":\"https:\\\/\\\/www.manabi.gob.ec\\\/index.php\\\/130-anos-de-la-primera-proclama-de-la-revolucion-alfarista-fueron-conmemorados-en-chone\\\/\",\"url\":\"https:\\\/\\\/www.manabi.gob.ec\\\/index.php\\\/130-anos-de-la-primera-proclama-de-la-revolucion-alfarista-fueron-conmemorados-en-chone\\\/\",\"name\":\"130 A\u00f1os de la Primera Proclama de la Revoluci\u00f3n Alfarista fueron conmemorados en Chone - Prefectura de Manab\u00ed\",\"isPartOf\":{\"@id\":\"https:\\\/\\\/www.manabi.gob.ec\\\/#website\"},\"primaryImageOfPage\":{\"@id\":\"https:\\\/\\\/www.manabi.gob.ec\\\/index.php\\\/130-anos-de-la-primera-proclama-de-la-revolucion-alfarista-fueron-conmemorados-en-chone\\\/#primaryimage\"},\"image\":{\"@id\":\"https:\\\/\\\/www.manabi.gob.ec\\\/index.php\\\/130-anos-de-la-primera-proclama-de-la-revolucion-alfarista-fueron-conmemorados-en-chone\\\/#primaryimage\"},\"thumbnailUrl\":\"https:\\\/\\\/www.manabi.gob.ec\\\/wp-content\\\/uploads\\\/2025\\\/05\\\/b753d637-223d-4228-b471-e3fc086d8d25-1.jpg\",\"datePublished\":\"2025-05-06T01:29:52+00:00\",\"author\":{\"@id\":\"https:\\\/\\\/www.manabi.gob.ec\\\/#\\\/schema\\\/person\\\/c4f117989332ad723a6ced5994aa7d7a\"},\"breadcrumb\":{\"@id\":\"https:\\\/\\\/www.manabi.gob.ec\\\/index.php\\\/130-anos-de-la-primera-proclama-de-la-revolucion-alfarista-fueron-conmemorados-en-chone\\\/#breadcrumb\"},\"inLanguage\":\"es\",\"potentialAction\":[{\"@type\":\"ReadAction\",\"target\":[\"https:\\\/\\\/www.manabi.gob.ec\\\/index.php\\\/130-anos-de-la-primera-proclama-de-la-revolucion-alfarista-fueron-conmemorados-en-chone\\\/\"]}]},{\"@type\":\"ImageObject\",\"inLanguage\":\"es\",\"@id\":\"https:\\\/\\\/www.manabi.gob.ec\\\/index.php\\\/130-anos-de-la-primera-proclama-de-la-revolucion-alfarista-fueron-conmemorados-en-chone\\\/#primaryimage\",\"url\":\"https:\\\/\\\/www.manabi.gob.ec\\\/wp-content\\\/uploads\\\/2025\\\/05\\\/b753d637-223d-4228-b471-e3fc086d8d25-1.jpg\",\"contentUrl\":\"https:\\\/\\\/www.manabi.gob.ec\\\/wp-content\\\/uploads\\\/2025\\\/05\\\/b753d637-223d-4228-b471-e3fc086d8d25-1.jpg\",\"width\":2000,\"height\":1334},{\"@type\":\"BreadcrumbList\",\"@id\":\"https:\\\/\\\/www.manabi.gob.ec\\\/index.php\\\/130-anos-de-la-primera-proclama-de-la-revolucion-alfarista-fueron-conmemorados-en-chone\\\/#breadcrumb\",\"itemListElement\":[{\"@type\":\"ListItem\",\"position\":1,\"name\":\"Portada\",\"item\":\"https:\\\/\\\/www.manabi.gob.ec\\\/\"},{\"@type\":\"ListItem\",\"position\":2,\"name\":\"130 A\u00f1os de la Primera Proclama de la Revoluci\u00f3n Alfarista fueron conmemorados en Chone\"}]},{\"@type\":\"WebSite\",\"@id\":\"https:\\\/\\\/www.manabi.gob.ec\\\/#website\",\"url\":\"https:\\\/\\\/www.manabi.gob.ec\\\/\",\"name\":\"Prefectura de Manab\u00ed\",\"description\":\"P\u00e1gina web de la prefectura\",\"potentialAction\":[{\"@type\":\"SearchAction\",\"target\":{\"@type\":\"EntryPoint\",\"urlTemplate\":\"https:\\\/\\\/www.manabi.gob.ec\\\/?s={search_term_string}\"},\"query-input\":{\"@type\":\"PropertyValueSpecification\",\"valueRequired\":true,\"valueName\":\"search_term_string\"}}],\"inLanguage\":\"es\"},{\"@type\":\"Person\",\"@id\":\"https:\\\/\\\/www.manabi.gob.ec\\\/#\\\/schema\\\/person\\\/c4f117989332ad723a6ced5994aa7d7a\",\"name\":\"Lui Ochoa\",\"image\":{\"@type\":\"ImageObject\",\"inLanguage\":\"es\",\"@id\":\"https:\\\/\\\/secure.gravatar.com\\\/avatar\\\/6e8017d0fe69dead8a95864d2eb6e1e1d8bf8e01194ba49cf7b897ff038126ba?s=96&d=mm&r=g\",\"url\":\"https:\\\/\\\/secure.gravatar.com\\\/avatar\\\/6e8017d0fe69dead8a95864d2eb6e1e1d8bf8e01194ba49cf7b897ff038126ba?s=96&d=mm&r=g\",\"contentUrl\":\"https:\\\/\\\/secure.gravatar.com\\\/avatar\\\/6e8017d0fe69dead8a95864d2eb6e1e1d8bf8e01194ba49cf7b897ff038126ba?s=96&d=mm&r=g\",\"caption\":\"Lui Ochoa\"},\"url\":\"https:\\\/\\\/www.manabi.gob.ec\\\/index.php\\\/author\\\/lochoa\\\/\"}]}<\/script>\n<!-- \/ Yoast SEO plugin. -->","yoast_head_json":{"title":"130 A\u00f1os de la Primera Proclama de la Revoluci\u00f3n Alfarista fueron conmemorados en Chone - Prefectura de Manab\u00ed","robots":{"index":"index","follow":"follow","max-snippet":"max-snippet:-1","max-image-preview":"max-image-preview:large","max-video-preview":"max-video-preview:-1"},"canonical":"https:\/\/www.manabi.gob.ec\/index.php\/130-anos-de-la-primera-proclama-de-la-revolucion-alfarista-fueron-conmemorados-en-chone\/","og_locale":"es_ES","og_type":"article","og_title":"130 A\u00f1os de la Primera Proclama de la Revoluci\u00f3n Alfarista fueron conmemorados en Chone - Prefectura de Manab\u00ed","og_description":"En un acto c\u00edvico, art\u00edstico y cultural, la Prefectura de Manab\u00ed, en coordinaci\u00f3n con la Unidad Educativa 5 de Mayo y la Universidad Laica Eloy Alfaro de Manab\u00ed (ULEAM), sede Chone, conmemor\u00f3 este 5 de mayo, el 130.\u00ba aniversario de la primera proclama de la Revoluci\u00f3n Alfarista, un hecho que marc\u00f3 un antes y un [&hellip;]","og_url":"https:\/\/www.manabi.gob.ec\/index.php\/130-anos-de-la-primera-proclama-de-la-revolucion-alfarista-fueron-conmemorados-en-chone\/","og_site_name":"Prefectura de Manab\u00ed","article_published_time":"2025-05-06T01:29:52+00:00","og_image":[{"width":2000,"height":1334,"url":"https:\/\/www.manabi.gob.ec\/wp-content\/uploads\/2025\/05\/b753d637-223d-4228-b471-e3fc086d8d25-1.jpg","type":"image\/jpeg"}],"author":"Lui Ochoa","twitter_card":"summary_large_image","twitter_misc":{"Escrito por":"Lui Ochoa","Tiempo de lectura":"1 minuto"},"schema":{"@context":"https:\/\/schema.org","@graph":[{"@type":"Article","@id":"https:\/\/www.manabi.gob.ec\/index.php\/130-anos-de-la-primera-proclama-de-la-revolucion-alfarista-fueron-conmemorados-en-chone\/#article","isPartOf":{"@id":"https:\/\/www.manabi.gob.ec\/index.php\/130-anos-de-la-primera-proclama-de-la-revolucion-alfarista-fueron-conmemorados-en-chone\/"},"author":{"name":"Lui Ochoa","@id":"https:\/\/www.manabi.gob.ec\/#\/schema\/person\/c4f117989332ad723a6ced5994aa7d7a"},"headline":"130 A\u00f1os de la Primera Proclama de la Revoluci\u00f3n Alfarista fueron conmemorados en Chone","datePublished":"2025-05-06T01:29:52+00:00","mainEntityOfPage":{"@id":"https:\/\/www.manabi.gob.ec\/index.php\/130-anos-de-la-primera-proclama-de-la-revolucion-alfarista-fueron-conmemorados-en-chone\/"},"wordCount":303,"image":{"@id":"https:\/\/www.manabi.gob.ec\/index.php\/130-anos-de-la-primera-proclama-de-la-revolucion-alfarista-fueron-conmemorados-en-chone\/#primaryimage"},"thumbnailUrl":"https:\/\/www.manabi.gob.ec\/wp-content\/uploads\/2025\/05\/b753d637-223d-4228-b471-e3fc086d8d25-1.jpg","articleSection":["Ambiente","Chone","Desarrollo Social","Noticias","Participaci\u00f3n ciudadana","Todas","Turismo"],"inLanguage":"es"},{"@type":"WebPage","@id":"https:\/\/www.manabi.gob.ec\/index.php\/130-anos-de-la-primera-proclama-de-la-revolucion-alfarista-fueron-conmemorados-en-chone\/","url":"https:\/\/www.manabi.gob.ec\/index.php\/130-anos-de-la-primera-proclama-de-la-revolucion-alfarista-fueron-conmemorados-en-chone\/","name":"130 A\u00f1os de la Primera Proclama de la Revoluci\u00f3n Alfarista fueron conmemorados en Chone - Prefectura de Manab\u00ed","isPartOf":{"@id":"https:\/\/www.manabi.gob.ec\/#website"},"primaryImageOfPage":{"@id":"https:\/\/www.manabi.gob.ec\/index.php\/130-anos-de-la-primera-proclama-de-la-revolucion-alfarista-fueron-conmemorados-en-chone\/#primaryimage"},"image":{"@id":"https:\/\/www.manabi.gob.ec\/index.php\/130-anos-de-la-primera-proclama-de-la-revolucion-alfarista-fueron-conmemorados-en-chone\/#primaryimage"},"thumbnailUrl":"https:\/\/www.manabi.gob.ec\/wp-content\/uploads\/2025\/05\/b753d637-223d-4228-b471-e3fc086d8d25-1.jpg","datePublished":"2025-05-06T01:29:52+00:00","author":{"@id":"https:\/\/www.manabi.gob.ec\/#\/schema\/person\/c4f117989332ad723a6ced5994aa7d7a"},"breadcrumb":{"@id":"https:\/\/www.manabi.gob.ec\/index.php\/130-anos-de-la-primera-proclama-de-la-revolucion-alfarista-fueron-conmemorados-en-chone\/#breadcrumb"},"inLanguage":"es","potentialAction":[{"@type":"ReadAction","target":["https:\/\/www.manabi.gob.ec\/index.php\/130-anos-de-la-primera-proclama-de-la-revolucion-alfarista-fueron-conmemorados-en-chone\/"]}]},{"@type":"ImageObject","inLanguage":"es","@id":"https:\/\/www.manabi.gob.ec\/index.php\/130-anos-de-la-primera-proclama-de-la-revolucion-alfarista-fueron-conmemorados-en-chone\/#primaryimage","url":"https:\/\/www.manabi.gob.ec\/wp-content\/uploads\/2025\/05\/b753d637-223d-4228-b471-e3fc086d8d25-1.jpg","contentUrl":"https:\/\/www.manabi.gob.ec\/wp-content\/uploads\/2025\/05\/b753d637-223d-4228-b471-e3fc086d8d25-1.jpg","width":2000,"height":1334},{"@type":"BreadcrumbList","@id":"https:\/\/www.manabi.gob.ec\/index.php\/130-anos-de-la-primera-proclama-de-la-revolucion-alfarista-fueron-conmemorados-en-chone\/#breadcrumb","itemListElement":[{"@type":"ListItem","position":1,"name":"Portada","item":"https:\/\/www.manabi.gob.ec\/"},{"@type":"ListItem","position":2,"name":"130 A\u00f1os de la Primera Proclama de la Revoluci\u00f3n Alfarista fueron conmemorados en Chone"}]},{"@type":"WebSite","@id":"https:\/\/www.manabi.gob.ec\/#website","url":"https:\/\/www.manabi.gob.ec\/","name":"Prefectura de Manab\u00ed","description":"P\u00e1gina web de la prefectura","potentialAction":[{"@type":"SearchAction","target":{"@type":"EntryPoint","urlTemplate":"https:\/\/www.manabi.gob.ec\/?s={search_term_string}"},"query-input":{"@type":"PropertyValueSpecification","valueRequired":true,"valueName":"search_term_string"}}],"inLanguage":"es"},{"@type":"Person","@id":"https:\/\/www.manabi.gob.ec\/#\/schema\/person\/c4f117989332ad723a6ced5994aa7d7a","name":"Lui Ochoa","image":{"@type":"ImageObject","inLanguage":"es","@id":"https:\/\/secure.gravatar.com\/avatar\/6e8017d0fe69dead8a95864d2eb6e1e1d8bf8e01194ba49cf7b897ff038126ba?s=96&d=mm&r=g","url":"https:\/\/secure.gravatar.com\/avatar\/6e8017d0fe69dead8a95864d2eb6e1e1d8bf8e01194ba49cf7b897ff038126ba?s=96&d=mm&r=g","contentUrl":"https:\/\/secure.gravatar.com\/avatar\/6e8017d0fe69dead8a95864d2eb6e1e1d8bf8e01194ba49cf7b897ff038126ba?s=96&d=mm&r=g","caption":"Lui Ochoa"},"url":"https:\/\/www.manabi.gob.ec\/index.php\/author\/lochoa\/"}]}},"jetpack_featured_media_url":"https:\/\/www.manabi.gob.ec\/wp-content\/uploads\/2025\/05\/b753d637-223d-4228-b471-e3fc086d8d25-1.jpg","_links":{"self":[{"href":"https:\/\/www.manabi.gob.ec\/index.php\/wp-json\/wp\/v2\/posts\/30734","targetHints":{"allow":["GET"]}}],"collection":[{"href":"https:\/\/www.manabi.gob.ec\/index.php\/wp-json\/wp\/v2\/posts"}],"about":[{"href":"https:\/\/www.manabi.gob.ec\/index.php\/wp-json\/wp\/v2\/types\/post"}],"author":[{"embeddable":true,"href":"https:\/\/www.manabi.gob.ec\/index.php\/wp-json\/wp\/v2\/users\/10"}],"replies":[{"embeddable":true,"href":"https:\/\/www.manabi.gob.ec\/index.php\/wp-json\/wp\/v2\/comments?post=30734"}],"version-history":[{"count":1,"href":"https:\/\/www.manabi.gob.ec\/index.php\/wp-json\/wp\/v2\/posts\/30734\/revisions"}],"predecessor-version":[{"id":30735,"href":"https:\/\/www.manabi.gob.ec\/index.php\/wp-json\/wp\/v2\/posts\/30734\/revisions\/30735"}],"wp:featuredmedia":[{"embeddable":true,"href":"https:\/\/www.manabi.gob.ec\/index.php\/wp-json\/wp\/v2\/media\/30733"}],"wp:attachment":[{"href":"https:\/\/www.manabi.gob.ec\/index.php\/wp-json\/wp\/v2\/media?parent=30734"}],"wp:term":[{"taxonomy":"category","embeddable":true,"href":"https:\/\/www.manabi.gob.ec\/index.php\/wp-json\/wp\/v2\/categories?post=30734"},{"taxonomy":"post_tag","embeddable":true,"href":"https:\/\/www.manabi.gob.ec\/index.php\/wp-json\/wp\/v2\/tags?post=30734"}],"curies":[{"name":"wp","href":"https:\/\/api.w.org\/{rel}","templated":true}]}}