{"id":30763,"date":"2025-05-09T20:01:26","date_gmt":"2025-05-09T20:01:26","guid":{"rendered":"https:\/\/www.manabi.gob.ec\/?p=30763"},"modified":"2025-05-09T20:01:26","modified_gmt":"2025-05-09T20:01:26","slug":"emprendedores-manabitas-ofrecen-opciones-para-regalar-a-mama","status":"publish","type":"post","link":"https:\/\/www.manabi.gob.ec\/index.php\/emprendedores-manabitas-ofrecen-opciones-para-regalar-a-mama\/","title":{"rendered":"Emprendedores manabitas ofrecen opciones para regalar a Mam\u00e1"},"content":{"rendered":"\n<p><\/p>\n\n\n\n<p>Emprendedores manabitas ofrecen opciones para regalar a Mam\u00e1<\/p>\n\n\n\n<p>El viernes 9 de mayo, la planta baja del edificio Lozada se transform\u00f3 en un colorido punto de encuentro para m\u00e1s de 20 emprendedores manabitas, quienes ofrecieron lo mejor de su talento en una activaci\u00f3n especial por el D\u00eda de las Madres.<\/p>\n\n\n\n<p>Le exposici\u00f3n estuvo organizada por la Direcci\u00f3n de Fomento Productivo de la Prefectura de Manab\u00ed, desde las 09h00 hasta las 13h00 y los visitantes recorrieron stands llenos de tradici\u00f3n y creatividad: chocolates artesanales, vinos locales, sombreros, bisuter\u00eda, tejidos a crochet, rompope, alfajores, plantas vivas y un sinf\u00edn de art\u00edculos \u201cHechos 100% en Manab\u00ed\u201d, reafirmando el orgullo por lo nuestro.<\/p>\n\n\n\n<p>La iniciativa no solo rindi\u00f3 homenaje a las madres en su d\u00eda, sino que tambi\u00e9n promovi\u00f3 el consumo local y visibiliz\u00f3 el esfuerzo de emprendedores que mantienen viva la identidad cultural y productiva de la provincia.<\/p>\n\n\n\n<p>Esta jornada se concibi\u00f3 como un espacio para conectar con nuestras ra\u00edces, apoyar el comercio justo y regalar algo aut\u00e9ntico en una fecha tan especial.<\/p>\n\n\n\n<p>Portoviejo, 9 de mayo 2025<\/p>\n","protected":false},"excerpt":{"rendered":"<p>Emprendedores manabitas ofrecen opciones para regalar a Mam\u00e1 El viernes 9 de mayo, la planta baja del edificio Lozada se transform\u00f3 en un colorido punto de encuentro para m\u00e1s de 20 emprendedores manabitas, quienes ofrecieron lo mejor de su talento en una activaci\u00f3n especial por el D\u00eda de las Madres. Le exposici\u00f3n estuvo organizada por [&hellip;]<\/p>\n","protected":false},"author":10,"featured_media":30762,"comment_status":"closed","ping_status":"","sticky":false,"template":"","format":"standard","meta":{"_joinchat":[],"footnotes":""},"categories":[150,343,142,92,91],"tags":[],"class_list":["post-30763","post","type-post","status-publish","format-standard","has-post-thumbnail","hentry","category-ambiente","category-bicentenario","category-desarrollo-social","category-noticias-manabi","category-todas"],"yoast_head":"<!-- This site is optimized with the Yoast SEO plugin v27.4 - https:\/\/yoast.com\/product\/yoast-seo-wordpress\/ -->\n<title>Emprendedores manabitas ofrecen opciones para regalar a Mam\u00e1 - Prefectura de Manab\u00ed<\/title>\n<meta name=\"robots\" content=\"index, follow, max-snippet:-1, max-image-preview:large, max-video-preview:-1\" \/>\n<link rel=\"canonical\" href=\"https:\/\/www.manabi.gob.ec\/index.php\/emprendedores-manabitas-ofrecen-opciones-para-regalar-a-mama\/\" \/>\n<meta property=\"og:locale\" content=\"es_ES\" \/>\n<meta property=\"og:type\" content=\"article\" \/>\n<meta property=\"og:title\" content=\"Emprendedores manabitas ofrecen opciones para regalar a Mam\u00e1 - Prefectura de Manab\u00ed\" \/>\n<meta property=\"og:description\" content=\"Emprendedores manabitas ofrecen opciones para regalar a Mam\u00e1 El viernes 9 de mayo, la planta baja del edificio Lozada se transform\u00f3 en un colorido punto de encuentro para m\u00e1s de 20 emprendedores manabitas, quienes ofrecieron lo mejor de su talento en una activaci\u00f3n especial por el D\u00eda de las Madres. Le exposici\u00f3n estuvo organizada por [&hellip;]\" \/>\n<meta property=\"og:url\" content=\"https:\/\/www.manabi.gob.ec\/index.php\/emprendedores-manabitas-ofrecen-opciones-para-regalar-a-mama\/\" \/>\n<meta property=\"og:site_name\" content=\"Prefectura de Manab\u00ed\" \/>\n<meta property=\"article:published_time\" content=\"2025-05-09T20:01:26+00:00\" \/>\n<meta property=\"og:image\" content=\"https:\/\/www.manabi.gob.ec\/wp-content\/uploads\/2025\/05\/f4979553-2978-4634-b079-4c0204e4272d-1.jpg\" \/>\n\t<meta property=\"og:image:width\" content=\"1600\" \/>\n\t<meta property=\"og:image:height\" content=\"1066\" \/>\n\t<meta property=\"og:image:type\" content=\"image\/jpeg\" \/>\n<meta name=\"author\" content=\"Lui Ochoa\" \/>\n<meta name=\"twitter:card\" content=\"summary_large_image\" \/>\n<meta name=\"twitter:label1\" content=\"Escrito por\" \/>\n\t<meta name=\"twitter:data1\" content=\"Lui Ochoa\" \/>\n\t<meta name=\"twitter:label2\" content=\"Tiempo de lectura\" \/>\n\t<meta name=\"twitter:data2\" content=\"1 minuto\" \/>\n<script type=\"application\/ld+json\" class=\"yoast-schema-graph\">{\"@context\":\"https:\\\/\\\/schema.org\",\"@graph\":[{\"@type\":\"Article\",\"@id\":\"https:\\\/\\\/www.manabi.gob.ec\\\/index.php\\\/emprendedores-manabitas-ofrecen-opciones-para-regalar-a-mama\\\/#article\",\"isPartOf\":{\"@id\":\"https:\\\/\\\/www.manabi.gob.ec\\\/index.php\\\/emprendedores-manabitas-ofrecen-opciones-para-regalar-a-mama\\\/\"},\"author\":{\"name\":\"Lui Ochoa\",\"@id\":\"https:\\\/\\\/www.manabi.gob.ec\\\/#\\\/schema\\\/person\\\/c4f117989332ad723a6ced5994aa7d7a\"},\"headline\":\"Emprendedores manabitas ofrecen opciones para regalar a Mam\u00e1\",\"datePublished\":\"2025-05-09T20:01:26+00:00\",\"mainEntityOfPage\":{\"@id\":\"https:\\\/\\\/www.manabi.gob.ec\\\/index.php\\\/emprendedores-manabitas-ofrecen-opciones-para-regalar-a-mama\\\/\"},\"wordCount\":191,\"image\":{\"@id\":\"https:\\\/\\\/www.manabi.gob.ec\\\/index.php\\\/emprendedores-manabitas-ofrecen-opciones-para-regalar-a-mama\\\/#primaryimage\"},\"thumbnailUrl\":\"https:\\\/\\\/www.manabi.gob.ec\\\/wp-content\\\/uploads\\\/2025\\\/05\\\/f4979553-2978-4634-b079-4c0204e4272d-1.jpg\",\"articleSection\":[\"Ambiente\",\"bicentenario\",\"Desarrollo Social\",\"Noticias\",\"Todas\"],\"inLanguage\":\"es\"},{\"@type\":\"WebPage\",\"@id\":\"https:\\\/\\\/www.manabi.gob.ec\\\/index.php\\\/emprendedores-manabitas-ofrecen-opciones-para-regalar-a-mama\\\/\",\"url\":\"https:\\\/\\\/www.manabi.gob.ec\\\/index.php\\\/emprendedores-manabitas-ofrecen-opciones-para-regalar-a-mama\\\/\",\"name\":\"Emprendedores manabitas ofrecen opciones para regalar a Mam\u00e1 - Prefectura de Manab\u00ed\",\"isPartOf\":{\"@id\":\"https:\\\/\\\/www.manabi.gob.ec\\\/#website\"},\"primaryImageOfPage\":{\"@id\":\"https:\\\/\\\/www.manabi.gob.ec\\\/index.php\\\/emprendedores-manabitas-ofrecen-opciones-para-regalar-a-mama\\\/#primaryimage\"},\"image\":{\"@id\":\"https:\\\/\\\/www.manabi.gob.ec\\\/index.php\\\/emprendedores-manabitas-ofrecen-opciones-para-regalar-a-mama\\\/#primaryimage\"},\"thumbnailUrl\":\"https:\\\/\\\/www.manabi.gob.ec\\\/wp-content\\\/uploads\\\/2025\\\/05\\\/f4979553-2978-4634-b079-4c0204e4272d-1.jpg\",\"datePublished\":\"2025-05-09T20:01:26+00:00\",\"author\":{\"@id\":\"https:\\\/\\\/www.manabi.gob.ec\\\/#\\\/schema\\\/person\\\/c4f117989332ad723a6ced5994aa7d7a\"},\"breadcrumb\":{\"@id\":\"https:\\\/\\\/www.manabi.gob.ec\\\/index.php\\\/emprendedores-manabitas-ofrecen-opciones-para-regalar-a-mama\\\/#breadcrumb\"},\"inLanguage\":\"es\",\"potentialAction\":[{\"@type\":\"ReadAction\",\"target\":[\"https:\\\/\\\/www.manabi.gob.ec\\\/index.php\\\/emprendedores-manabitas-ofrecen-opciones-para-regalar-a-mama\\\/\"]}]},{\"@type\":\"ImageObject\",\"inLanguage\":\"es\",\"@id\":\"https:\\\/\\\/www.manabi.gob.ec\\\/index.php\\\/emprendedores-manabitas-ofrecen-opciones-para-regalar-a-mama\\\/#primaryimage\",\"url\":\"https:\\\/\\\/www.manabi.gob.ec\\\/wp-content\\\/uploads\\\/2025\\\/05\\\/f4979553-2978-4634-b079-4c0204e4272d-1.jpg\",\"contentUrl\":\"https:\\\/\\\/www.manabi.gob.ec\\\/wp-content\\\/uploads\\\/2025\\\/05\\\/f4979553-2978-4634-b079-4c0204e4272d-1.jpg\",\"width\":1600,\"height\":1066},{\"@type\":\"BreadcrumbList\",\"@id\":\"https:\\\/\\\/www.manabi.gob.ec\\\/index.php\\\/emprendedores-manabitas-ofrecen-opciones-para-regalar-a-mama\\\/#breadcrumb\",\"itemListElement\":[{\"@type\":\"ListItem\",\"position\":1,\"name\":\"Portada\",\"item\":\"https:\\\/\\\/www.manabi.gob.ec\\\/\"},{\"@type\":\"ListItem\",\"position\":2,\"name\":\"Emprendedores manabitas ofrecen opciones para regalar a Mam\u00e1\"}]},{\"@type\":\"WebSite\",\"@id\":\"https:\\\/\\\/www.manabi.gob.ec\\\/#website\",\"url\":\"https:\\\/\\\/www.manabi.gob.ec\\\/\",\"name\":\"Prefectura de Manab\u00ed\",\"description\":\"P\u00e1gina web de la prefectura\",\"potentialAction\":[{\"@type\":\"SearchAction\",\"target\":{\"@type\":\"EntryPoint\",\"urlTemplate\":\"https:\\\/\\\/www.manabi.gob.ec\\\/?s={search_term_string}\"},\"query-input\":{\"@type\":\"PropertyValueSpecification\",\"valueRequired\":true,\"valueName\":\"search_term_string\"}}],\"inLanguage\":\"es\"},{\"@type\":\"Person\",\"@id\":\"https:\\\/\\\/www.manabi.gob.ec\\\/#\\\/schema\\\/person\\\/c4f117989332ad723a6ced5994aa7d7a\",\"name\":\"Lui Ochoa\",\"image\":{\"@type\":\"ImageObject\",\"inLanguage\":\"es\",\"@id\":\"https:\\\/\\\/secure.gravatar.com\\\/avatar\\\/6e8017d0fe69dead8a95864d2eb6e1e1d8bf8e01194ba49cf7b897ff038126ba?s=96&d=mm&r=g\",\"url\":\"https:\\\/\\\/secure.gravatar.com\\\/avatar\\\/6e8017d0fe69dead8a95864d2eb6e1e1d8bf8e01194ba49cf7b897ff038126ba?s=96&d=mm&r=g\",\"contentUrl\":\"https:\\\/\\\/secure.gravatar.com\\\/avatar\\\/6e8017d0fe69dead8a95864d2eb6e1e1d8bf8e01194ba49cf7b897ff038126ba?s=96&d=mm&r=g\",\"caption\":\"Lui Ochoa\"},\"url\":\"https:\\\/\\\/www.manabi.gob.ec\\\/index.php\\\/author\\\/lochoa\\\/\"}]}<\/script>\n<!-- \/ Yoast SEO plugin. -->","yoast_head_json":{"title":"Emprendedores manabitas ofrecen opciones para regalar a Mam\u00e1 - Prefectura de Manab\u00ed","robots":{"index":"index","follow":"follow","max-snippet":"max-snippet:-1","max-image-preview":"max-image-preview:large","max-video-preview":"max-video-preview:-1"},"canonical":"https:\/\/www.manabi.gob.ec\/index.php\/emprendedores-manabitas-ofrecen-opciones-para-regalar-a-mama\/","og_locale":"es_ES","og_type":"article","og_title":"Emprendedores manabitas ofrecen opciones para regalar a Mam\u00e1 - Prefectura de Manab\u00ed","og_description":"Emprendedores manabitas ofrecen opciones para regalar a Mam\u00e1 El viernes 9 de mayo, la planta baja del edificio Lozada se transform\u00f3 en un colorido punto de encuentro para m\u00e1s de 20 emprendedores manabitas, quienes ofrecieron lo mejor de su talento en una activaci\u00f3n especial por el D\u00eda de las Madres. Le exposici\u00f3n estuvo organizada por [&hellip;]","og_url":"https:\/\/www.manabi.gob.ec\/index.php\/emprendedores-manabitas-ofrecen-opciones-para-regalar-a-mama\/","og_site_name":"Prefectura de Manab\u00ed","article_published_time":"2025-05-09T20:01:26+00:00","og_image":[{"width":1600,"height":1066,"url":"https:\/\/www.manabi.gob.ec\/wp-content\/uploads\/2025\/05\/f4979553-2978-4634-b079-4c0204e4272d-1.jpg","type":"image\/jpeg"}],"author":"Lui Ochoa","twitter_card":"summary_large_image","twitter_misc":{"Escrito por":"Lui Ochoa","Tiempo de lectura":"1 minuto"},"schema":{"@context":"https:\/\/schema.org","@graph":[{"@type":"Article","@id":"https:\/\/www.manabi.gob.ec\/index.php\/emprendedores-manabitas-ofrecen-opciones-para-regalar-a-mama\/#article","isPartOf":{"@id":"https:\/\/www.manabi.gob.ec\/index.php\/emprendedores-manabitas-ofrecen-opciones-para-regalar-a-mama\/"},"author":{"name":"Lui Ochoa","@id":"https:\/\/www.manabi.gob.ec\/#\/schema\/person\/c4f117989332ad723a6ced5994aa7d7a"},"headline":"Emprendedores manabitas ofrecen opciones para regalar a Mam\u00e1","datePublished":"2025-05-09T20:01:26+00:00","mainEntityOfPage":{"@id":"https:\/\/www.manabi.gob.ec\/index.php\/emprendedores-manabitas-ofrecen-opciones-para-regalar-a-mama\/"},"wordCount":191,"image":{"@id":"https:\/\/www.manabi.gob.ec\/index.php\/emprendedores-manabitas-ofrecen-opciones-para-regalar-a-mama\/#primaryimage"},"thumbnailUrl":"https:\/\/www.manabi.gob.ec\/wp-content\/uploads\/2025\/05\/f4979553-2978-4634-b079-4c0204e4272d-1.jpg","articleSection":["Ambiente","bicentenario","Desarrollo Social","Noticias","Todas"],"inLanguage":"es"},{"@type":"WebPage","@id":"https:\/\/www.manabi.gob.ec\/index.php\/emprendedores-manabitas-ofrecen-opciones-para-regalar-a-mama\/","url":"https:\/\/www.manabi.gob.ec\/index.php\/emprendedores-manabitas-ofrecen-opciones-para-regalar-a-mama\/","name":"Emprendedores manabitas ofrecen opciones para regalar a Mam\u00e1 - Prefectura de Manab\u00ed","isPartOf":{"@id":"https:\/\/www.manabi.gob.ec\/#website"},"primaryImageOfPage":{"@id":"https:\/\/www.manabi.gob.ec\/index.php\/emprendedores-manabitas-ofrecen-opciones-para-regalar-a-mama\/#primaryimage"},"image":{"@id":"https:\/\/www.manabi.gob.ec\/index.php\/emprendedores-manabitas-ofrecen-opciones-para-regalar-a-mama\/#primaryimage"},"thumbnailUrl":"https:\/\/www.manabi.gob.ec\/wp-content\/uploads\/2025\/05\/f4979553-2978-4634-b079-4c0204e4272d-1.jpg","datePublished":"2025-05-09T20:01:26+00:00","author":{"@id":"https:\/\/www.manabi.gob.ec\/#\/schema\/person\/c4f117989332ad723a6ced5994aa7d7a"},"breadcrumb":{"@id":"https:\/\/www.manabi.gob.ec\/index.php\/emprendedores-manabitas-ofrecen-opciones-para-regalar-a-mama\/#breadcrumb"},"inLanguage":"es","potentialAction":[{"@type":"ReadAction","target":["https:\/\/www.manabi.gob.ec\/index.php\/emprendedores-manabitas-ofrecen-opciones-para-regalar-a-mama\/"]}]},{"@type":"ImageObject","inLanguage":"es","@id":"https:\/\/www.manabi.gob.ec\/index.php\/emprendedores-manabitas-ofrecen-opciones-para-regalar-a-mama\/#primaryimage","url":"https:\/\/www.manabi.gob.ec\/wp-content\/uploads\/2025\/05\/f4979553-2978-4634-b079-4c0204e4272d-1.jpg","contentUrl":"https:\/\/www.manabi.gob.ec\/wp-content\/uploads\/2025\/05\/f4979553-2978-4634-b079-4c0204e4272d-1.jpg","width":1600,"height":1066},{"@type":"BreadcrumbList","@id":"https:\/\/www.manabi.gob.ec\/index.php\/emprendedores-manabitas-ofrecen-opciones-para-regalar-a-mama\/#breadcrumb","itemListElement":[{"@type":"ListItem","position":1,"name":"Portada","item":"https:\/\/www.manabi.gob.ec\/"},{"@type":"ListItem","position":2,"name":"Emprendedores manabitas ofrecen opciones para regalar a Mam\u00e1"}]},{"@type":"WebSite","@id":"https:\/\/www.manabi.gob.ec\/#website","url":"https:\/\/www.manabi.gob.ec\/","name":"Prefectura de Manab\u00ed","description":"P\u00e1gina web de la prefectura","potentialAction":[{"@type":"SearchAction","target":{"@type":"EntryPoint","urlTemplate":"https:\/\/www.manabi.gob.ec\/?s={search_term_string}"},"query-input":{"@type":"PropertyValueSpecification","valueRequired":true,"valueName":"search_term_string"}}],"inLanguage":"es"},{"@type":"Person","@id":"https:\/\/www.manabi.gob.ec\/#\/schema\/person\/c4f117989332ad723a6ced5994aa7d7a","name":"Lui Ochoa","image":{"@type":"ImageObject","inLanguage":"es","@id":"https:\/\/secure.gravatar.com\/avatar\/6e8017d0fe69dead8a95864d2eb6e1e1d8bf8e01194ba49cf7b897ff038126ba?s=96&d=mm&r=g","url":"https:\/\/secure.gravatar.com\/avatar\/6e8017d0fe69dead8a95864d2eb6e1e1d8bf8e01194ba49cf7b897ff038126ba?s=96&d=mm&r=g","contentUrl":"https:\/\/secure.gravatar.com\/avatar\/6e8017d0fe69dead8a95864d2eb6e1e1d8bf8e01194ba49cf7b897ff038126ba?s=96&d=mm&r=g","caption":"Lui Ochoa"},"url":"https:\/\/www.manabi.gob.ec\/index.php\/author\/lochoa\/"}]}},"jetpack_featured_media_url":"https:\/\/www.manabi.gob.ec\/wp-content\/uploads\/2025\/05\/f4979553-2978-4634-b079-4c0204e4272d-1.jpg","_links":{"self":[{"href":"https:\/\/www.manabi.gob.ec\/index.php\/wp-json\/wp\/v2\/posts\/30763","targetHints":{"allow":["GET"]}}],"collection":[{"href":"https:\/\/www.manabi.gob.ec\/index.php\/wp-json\/wp\/v2\/posts"}],"about":[{"href":"https:\/\/www.manabi.gob.ec\/index.php\/wp-json\/wp\/v2\/types\/post"}],"author":[{"embeddable":true,"href":"https:\/\/www.manabi.gob.ec\/index.php\/wp-json\/wp\/v2\/users\/10"}],"replies":[{"embeddable":true,"href":"https:\/\/www.manabi.gob.ec\/index.php\/wp-json\/wp\/v2\/comments?post=30763"}],"version-history":[{"count":1,"href":"https:\/\/www.manabi.gob.ec\/index.php\/wp-json\/wp\/v2\/posts\/30763\/revisions"}],"predecessor-version":[{"id":30764,"href":"https:\/\/www.manabi.gob.ec\/index.php\/wp-json\/wp\/v2\/posts\/30763\/revisions\/30764"}],"wp:featuredmedia":[{"embeddable":true,"href":"https:\/\/www.manabi.gob.ec\/index.php\/wp-json\/wp\/v2\/media\/30762"}],"wp:attachment":[{"href":"https:\/\/www.manabi.gob.ec\/index.php\/wp-json\/wp\/v2\/media?parent=30763"}],"wp:term":[{"taxonomy":"category","embeddable":true,"href":"https:\/\/www.manabi.gob.ec\/index.php\/wp-json\/wp\/v2\/categories?post=30763"},{"taxonomy":"post_tag","embeddable":true,"href":"https:\/\/www.manabi.gob.ec\/index.php\/wp-json\/wp\/v2\/tags?post=30763"}],"curies":[{"name":"wp","href":"https:\/\/api.w.org\/{rel}","templated":true}]}}