{"id":30786,"date":"2025-05-13T22:25:41","date_gmt":"2025-05-13T22:25:41","guid":{"rendered":"https:\/\/www.manabi.gob.ec\/?p=30786"},"modified":"2025-05-13T22:25:41","modified_gmt":"2025-05-13T22:25:41","slug":"el-sabor-de-manabi-esta-en-la-uide-de-quito","status":"publish","type":"post","link":"https:\/\/www.manabi.gob.ec\/index.php\/el-sabor-de-manabi-esta-en-la-uide-de-quito\/","title":{"rendered":"El sabor de Manab\u00ed est\u00e1 en la UIDE de Quito"},"content":{"rendered":"\n<p class=\"p1\">\u00abManab\u00ed no solo es una regi\u00f3n, es una experiencia que transforma y enamora\u00bb, dijo el prefecto Leonardo Orlando, durante la presentaci\u00f3n del libro&nbsp;\u00abManab\u00ed Gastronom\u00eda Milenaria\u00bb, 200 recetas y relatos; que se realiz\u00f3&nbsp;en la Universidad Internacional del Ecuador (UIDE), en Quito.<\/p>\n\n\n\n<p class=\"p1\">\u00abEste libro es la celebraci\u00f3n de nuestra identidad, es s\u00edmbolo de resistencia e identidad cultural, de innovaci\u00f3n con ra\u00edces y de una tierra que sigue escribiendo su historia con el sabor de lo aut\u00e9ntico, de lo 100 % hecho en Manab\u00ed, que es sin\u00f3nimo de hecho con amor\u00bb, manifest\u00f3 el Prefecto.<\/p>\n\n\n\n<p class=\"p1\">La bienvenida a tan importante acto la realiz\u00f3 el se\u00f1or Giuseppe Marzano, decano de la Business School de la UIDE, quien agradeci\u00f3 y reconoci\u00f3 la labor del prefecto Leonardo Orlando, por enorgullecernos del Ecuador y de una provincia tan bella como es Manab\u00ed.<\/p>\n\n\n\n<p class=\"p1\">\u00abLo que produce Manab\u00ed, no solo lo consumimos&nbsp;a nivel&nbsp;nacional e internacional, sino que es valorizado en la provincia, y eso vuelve a esa provincia a\u00fan m\u00e1s atractiva desde el punto de vista tur\u00edstico y cultural\u00bb, precis\u00f3&nbsp;Marzano.<\/p>\n\n\n\n<p class=\"p1\">Valentina \u00c1lvarez, cocinera manabita y coautora del libro \u00abManab\u00ed Gastronom\u00eda Milenaria\u00bb, dijo sentirse orgullosa de haber sido parte de este proceso, y pidi\u00f3 a los j\u00f3venes que valoren esas recetas culinarias de las abuelas y mam\u00e1s, porque all\u00ed subyace nuestra identidad.<\/p>\n\n\n\n<p class=\"p1\">\u00abEste libro no solo es un papel, es fuego, le\u00f1a, braza viva, paciencia, es el alma de nuestro pueblo servido en cada plato que cuenta historias, leyendas y mitos\u00bb, indic\u00f3 \u00c1lvarez.<\/p>\n\n\n\n<p class=\"p1\">FIRMA DE CONVENIO<\/p>\n\n\n\n<p class=\"p1\">En el acto se suscribi\u00f3 un&nbsp;convenio marco de cooperaci\u00f3n interinstitucional entre el prefecto de Manab\u00ed, Leonardo Orlando, y Sim\u00f3n Cueva, Rector de la Universidad Internacional del Ecuador, UIDE, para llevar el conocimiento de los sabores y saberes ancestrales de Manab\u00ed al Ecuador y al mundo.<\/p>\n\n\n\n<p class=\"p1\">El rector de la instituci\u00f3n de educaci\u00f3n superior, manifest\u00f3 su apoyo a las acciones que emprende Manab\u00ed. \u201cSiempre vamos a destacar que la gastronom\u00eda manabita es la mejor del pa\u00eds y ustedes han rescatado con acciones la cultura e identidad de su cocina, estamos siempre para trabajar en conjunto\u201d, expres\u00f3 Cueva.&nbsp;<\/p>\n\n\n\n<p class=\"p1\">DATOS<\/p>\n\n\n\n<p class=\"p1\">La semana de la gastronom\u00eda manabita se desarrollar\u00e1 desde el 13 al 15 de mayo en la Universidad Internacional del Ecuador en Quito con masterclass, cocina en vivo y talleres.&nbsp;<\/p>\n\n\n\n<p class=\"p1\">ANTECEDENTES<\/p>\n\n\n\n<p class=\"p1\">El libro \u00abManab\u00ed Gastronom\u00eda Milenaria\u00bb, se lanz\u00f3 oficialmente en Portoviejo, en el Gran Festival Gastron\u00f3mico Internacional, el 25 de octubre, en el parque La Rotonda de Portoviejo.<\/p>\n\n\n\n<p class=\"p1\">En las universidades de Quito: Tecnol\u00f3gica Equinoccial, Las Am\u00e9ricas, San Francisco, y en la UTM y ULEAM de Manab\u00ed, ya se realiz\u00f3 la presentaci\u00f3n del libro&nbsp;\u00abManab\u00ed Gastronom\u00eda Milenaria\u00bb, 200 recetas y relatos.<\/p>\n\n\n\n<p><\/p>\n","protected":false},"excerpt":{"rendered":"<p>\u00abManab\u00ed no solo es una regi\u00f3n, es una experiencia que transforma y enamora\u00bb, dijo el prefecto Leonardo Orlando, durante la presentaci\u00f3n del libro&nbsp;\u00abManab\u00ed Gastronom\u00eda Milenaria\u00bb, 200 recetas y relatos; que se realiz\u00f3&nbsp;en la Universidad Internacional del Ecuador (UIDE), en Quito. \u00abEste libro es la celebraci\u00f3n de nuestra identidad, es s\u00edmbolo de resistencia e identidad cultural, [&hellip;]<\/p>\n","protected":false},"author":10,"featured_media":30785,"comment_status":"closed","ping_status":"","sticky":false,"template":"","format":"standard","meta":{"_joinchat":[],"footnotes":""},"categories":[150,142,92,349,91],"tags":[],"class_list":["post-30786","post","type-post","status-publish","format-standard","has-post-thumbnail","hentry","category-ambiente","category-desarrollo-social","category-noticias-manabi","category-region-gastronomica","category-todas"],"yoast_head":"<!-- This site is optimized with the Yoast SEO plugin v27.4 - https:\/\/yoast.com\/product\/yoast-seo-wordpress\/ -->\n<title>El sabor de Manab\u00ed est\u00e1 en la UIDE de Quito - Prefectura de Manab\u00ed<\/title>\n<meta name=\"robots\" content=\"index, follow, max-snippet:-1, max-image-preview:large, max-video-preview:-1\" \/>\n<link rel=\"canonical\" href=\"https:\/\/www.manabi.gob.ec\/index.php\/el-sabor-de-manabi-esta-en-la-uide-de-quito\/\" \/>\n<meta property=\"og:locale\" content=\"es_ES\" \/>\n<meta property=\"og:type\" content=\"article\" \/>\n<meta property=\"og:title\" content=\"El sabor de Manab\u00ed est\u00e1 en la UIDE de Quito - Prefectura de Manab\u00ed\" \/>\n<meta property=\"og:description\" content=\"\u00abManab\u00ed no solo es una regi\u00f3n, es una experiencia que transforma y enamora\u00bb, dijo el prefecto Leonardo Orlando, durante la presentaci\u00f3n del libro&nbsp;\u00abManab\u00ed Gastronom\u00eda Milenaria\u00bb, 200 recetas y relatos; que se realiz\u00f3&nbsp;en la Universidad Internacional del Ecuador (UIDE), en Quito. \u00abEste libro es la celebraci\u00f3n de nuestra identidad, es s\u00edmbolo de resistencia e identidad cultural, [&hellip;]\" \/>\n<meta property=\"og:url\" content=\"https:\/\/www.manabi.gob.ec\/index.php\/el-sabor-de-manabi-esta-en-la-uide-de-quito\/\" \/>\n<meta property=\"og:site_name\" content=\"Prefectura de Manab\u00ed\" \/>\n<meta property=\"article:published_time\" content=\"2025-05-13T22:25:41+00:00\" \/>\n<meta property=\"og:image\" content=\"https:\/\/www.manabi.gob.ec\/wp-content\/uploads\/2025\/05\/2b78d234-1b6f-421f-958e-a03350406dd2-1.jpg\" \/>\n\t<meta property=\"og:image:width\" content=\"1600\" \/>\n\t<meta property=\"og:image:height\" content=\"1066\" \/>\n\t<meta property=\"og:image:type\" content=\"image\/jpeg\" \/>\n<meta name=\"author\" content=\"Lui Ochoa\" \/>\n<meta name=\"twitter:card\" content=\"summary_large_image\" \/>\n<meta name=\"twitter:label1\" content=\"Escrito por\" \/>\n\t<meta name=\"twitter:data1\" content=\"Lui Ochoa\" \/>\n\t<meta name=\"twitter:label2\" content=\"Tiempo de lectura\" \/>\n\t<meta name=\"twitter:data2\" content=\"2 minutos\" \/>\n<script type=\"application\/ld+json\" class=\"yoast-schema-graph\">{\"@context\":\"https:\\\/\\\/schema.org\",\"@graph\":[{\"@type\":\"Article\",\"@id\":\"https:\\\/\\\/www.manabi.gob.ec\\\/index.php\\\/el-sabor-de-manabi-esta-en-la-uide-de-quito\\\/#article\",\"isPartOf\":{\"@id\":\"https:\\\/\\\/www.manabi.gob.ec\\\/index.php\\\/el-sabor-de-manabi-esta-en-la-uide-de-quito\\\/\"},\"author\":{\"name\":\"Lui Ochoa\",\"@id\":\"https:\\\/\\\/www.manabi.gob.ec\\\/#\\\/schema\\\/person\\\/c4f117989332ad723a6ced5994aa7d7a\"},\"headline\":\"El sabor de Manab\u00ed est\u00e1 en la UIDE de Quito\",\"datePublished\":\"2025-05-13T22:25:41+00:00\",\"mainEntityOfPage\":{\"@id\":\"https:\\\/\\\/www.manabi.gob.ec\\\/index.php\\\/el-sabor-de-manabi-esta-en-la-uide-de-quito\\\/\"},\"wordCount\":481,\"image\":{\"@id\":\"https:\\\/\\\/www.manabi.gob.ec\\\/index.php\\\/el-sabor-de-manabi-esta-en-la-uide-de-quito\\\/#primaryimage\"},\"thumbnailUrl\":\"https:\\\/\\\/www.manabi.gob.ec\\\/wp-content\\\/uploads\\\/2025\\\/05\\\/2b78d234-1b6f-421f-958e-a03350406dd2-1.jpg\",\"articleSection\":[\"Ambiente\",\"Desarrollo Social\",\"Noticias\",\"Regi\u00f3n Gastron\u00f3mica\",\"Todas\"],\"inLanguage\":\"es\"},{\"@type\":\"WebPage\",\"@id\":\"https:\\\/\\\/www.manabi.gob.ec\\\/index.php\\\/el-sabor-de-manabi-esta-en-la-uide-de-quito\\\/\",\"url\":\"https:\\\/\\\/www.manabi.gob.ec\\\/index.php\\\/el-sabor-de-manabi-esta-en-la-uide-de-quito\\\/\",\"name\":\"El sabor de Manab\u00ed est\u00e1 en la UIDE de Quito - Prefectura de Manab\u00ed\",\"isPartOf\":{\"@id\":\"https:\\\/\\\/www.manabi.gob.ec\\\/#website\"},\"primaryImageOfPage\":{\"@id\":\"https:\\\/\\\/www.manabi.gob.ec\\\/index.php\\\/el-sabor-de-manabi-esta-en-la-uide-de-quito\\\/#primaryimage\"},\"image\":{\"@id\":\"https:\\\/\\\/www.manabi.gob.ec\\\/index.php\\\/el-sabor-de-manabi-esta-en-la-uide-de-quito\\\/#primaryimage\"},\"thumbnailUrl\":\"https:\\\/\\\/www.manabi.gob.ec\\\/wp-content\\\/uploads\\\/2025\\\/05\\\/2b78d234-1b6f-421f-958e-a03350406dd2-1.jpg\",\"datePublished\":\"2025-05-13T22:25:41+00:00\",\"author\":{\"@id\":\"https:\\\/\\\/www.manabi.gob.ec\\\/#\\\/schema\\\/person\\\/c4f117989332ad723a6ced5994aa7d7a\"},\"breadcrumb\":{\"@id\":\"https:\\\/\\\/www.manabi.gob.ec\\\/index.php\\\/el-sabor-de-manabi-esta-en-la-uide-de-quito\\\/#breadcrumb\"},\"inLanguage\":\"es\",\"potentialAction\":[{\"@type\":\"ReadAction\",\"target\":[\"https:\\\/\\\/www.manabi.gob.ec\\\/index.php\\\/el-sabor-de-manabi-esta-en-la-uide-de-quito\\\/\"]}]},{\"@type\":\"ImageObject\",\"inLanguage\":\"es\",\"@id\":\"https:\\\/\\\/www.manabi.gob.ec\\\/index.php\\\/el-sabor-de-manabi-esta-en-la-uide-de-quito\\\/#primaryimage\",\"url\":\"https:\\\/\\\/www.manabi.gob.ec\\\/wp-content\\\/uploads\\\/2025\\\/05\\\/2b78d234-1b6f-421f-958e-a03350406dd2-1.jpg\",\"contentUrl\":\"https:\\\/\\\/www.manabi.gob.ec\\\/wp-content\\\/uploads\\\/2025\\\/05\\\/2b78d234-1b6f-421f-958e-a03350406dd2-1.jpg\",\"width\":1600,\"height\":1066},{\"@type\":\"BreadcrumbList\",\"@id\":\"https:\\\/\\\/www.manabi.gob.ec\\\/index.php\\\/el-sabor-de-manabi-esta-en-la-uide-de-quito\\\/#breadcrumb\",\"itemListElement\":[{\"@type\":\"ListItem\",\"position\":1,\"name\":\"Portada\",\"item\":\"https:\\\/\\\/www.manabi.gob.ec\\\/\"},{\"@type\":\"ListItem\",\"position\":2,\"name\":\"El sabor de Manab\u00ed est\u00e1 en la UIDE de Quito\"}]},{\"@type\":\"WebSite\",\"@id\":\"https:\\\/\\\/www.manabi.gob.ec\\\/#website\",\"url\":\"https:\\\/\\\/www.manabi.gob.ec\\\/\",\"name\":\"Prefectura de Manab\u00ed\",\"description\":\"P\u00e1gina web de la prefectura\",\"potentialAction\":[{\"@type\":\"SearchAction\",\"target\":{\"@type\":\"EntryPoint\",\"urlTemplate\":\"https:\\\/\\\/www.manabi.gob.ec\\\/?s={search_term_string}\"},\"query-input\":{\"@type\":\"PropertyValueSpecification\",\"valueRequired\":true,\"valueName\":\"search_term_string\"}}],\"inLanguage\":\"es\"},{\"@type\":\"Person\",\"@id\":\"https:\\\/\\\/www.manabi.gob.ec\\\/#\\\/schema\\\/person\\\/c4f117989332ad723a6ced5994aa7d7a\",\"name\":\"Lui Ochoa\",\"image\":{\"@type\":\"ImageObject\",\"inLanguage\":\"es\",\"@id\":\"https:\\\/\\\/secure.gravatar.com\\\/avatar\\\/6e8017d0fe69dead8a95864d2eb6e1e1d8bf8e01194ba49cf7b897ff038126ba?s=96&d=mm&r=g\",\"url\":\"https:\\\/\\\/secure.gravatar.com\\\/avatar\\\/6e8017d0fe69dead8a95864d2eb6e1e1d8bf8e01194ba49cf7b897ff038126ba?s=96&d=mm&r=g\",\"contentUrl\":\"https:\\\/\\\/secure.gravatar.com\\\/avatar\\\/6e8017d0fe69dead8a95864d2eb6e1e1d8bf8e01194ba49cf7b897ff038126ba?s=96&d=mm&r=g\",\"caption\":\"Lui Ochoa\"},\"url\":\"https:\\\/\\\/www.manabi.gob.ec\\\/index.php\\\/author\\\/lochoa\\\/\"}]}<\/script>\n<!-- \/ Yoast SEO plugin. -->","yoast_head_json":{"title":"El sabor de Manab\u00ed est\u00e1 en la UIDE de Quito - Prefectura de Manab\u00ed","robots":{"index":"index","follow":"follow","max-snippet":"max-snippet:-1","max-image-preview":"max-image-preview:large","max-video-preview":"max-video-preview:-1"},"canonical":"https:\/\/www.manabi.gob.ec\/index.php\/el-sabor-de-manabi-esta-en-la-uide-de-quito\/","og_locale":"es_ES","og_type":"article","og_title":"El sabor de Manab\u00ed est\u00e1 en la UIDE de Quito - Prefectura de Manab\u00ed","og_description":"\u00abManab\u00ed no solo es una regi\u00f3n, es una experiencia que transforma y enamora\u00bb, dijo el prefecto Leonardo Orlando, durante la presentaci\u00f3n del libro&nbsp;\u00abManab\u00ed Gastronom\u00eda Milenaria\u00bb, 200 recetas y relatos; que se realiz\u00f3&nbsp;en la Universidad Internacional del Ecuador (UIDE), en Quito. \u00abEste libro es la celebraci\u00f3n de nuestra identidad, es s\u00edmbolo de resistencia e identidad cultural, [&hellip;]","og_url":"https:\/\/www.manabi.gob.ec\/index.php\/el-sabor-de-manabi-esta-en-la-uide-de-quito\/","og_site_name":"Prefectura de Manab\u00ed","article_published_time":"2025-05-13T22:25:41+00:00","og_image":[{"width":1600,"height":1066,"url":"https:\/\/www.manabi.gob.ec\/wp-content\/uploads\/2025\/05\/2b78d234-1b6f-421f-958e-a03350406dd2-1.jpg","type":"image\/jpeg"}],"author":"Lui Ochoa","twitter_card":"summary_large_image","twitter_misc":{"Escrito por":"Lui Ochoa","Tiempo de lectura":"2 minutos"},"schema":{"@context":"https:\/\/schema.org","@graph":[{"@type":"Article","@id":"https:\/\/www.manabi.gob.ec\/index.php\/el-sabor-de-manabi-esta-en-la-uide-de-quito\/#article","isPartOf":{"@id":"https:\/\/www.manabi.gob.ec\/index.php\/el-sabor-de-manabi-esta-en-la-uide-de-quito\/"},"author":{"name":"Lui Ochoa","@id":"https:\/\/www.manabi.gob.ec\/#\/schema\/person\/c4f117989332ad723a6ced5994aa7d7a"},"headline":"El sabor de Manab\u00ed est\u00e1 en la UIDE de Quito","datePublished":"2025-05-13T22:25:41+00:00","mainEntityOfPage":{"@id":"https:\/\/www.manabi.gob.ec\/index.php\/el-sabor-de-manabi-esta-en-la-uide-de-quito\/"},"wordCount":481,"image":{"@id":"https:\/\/www.manabi.gob.ec\/index.php\/el-sabor-de-manabi-esta-en-la-uide-de-quito\/#primaryimage"},"thumbnailUrl":"https:\/\/www.manabi.gob.ec\/wp-content\/uploads\/2025\/05\/2b78d234-1b6f-421f-958e-a03350406dd2-1.jpg","articleSection":["Ambiente","Desarrollo Social","Noticias","Regi\u00f3n Gastron\u00f3mica","Todas"],"inLanguage":"es"},{"@type":"WebPage","@id":"https:\/\/www.manabi.gob.ec\/index.php\/el-sabor-de-manabi-esta-en-la-uide-de-quito\/","url":"https:\/\/www.manabi.gob.ec\/index.php\/el-sabor-de-manabi-esta-en-la-uide-de-quito\/","name":"El sabor de Manab\u00ed est\u00e1 en la UIDE de Quito - Prefectura de Manab\u00ed","isPartOf":{"@id":"https:\/\/www.manabi.gob.ec\/#website"},"primaryImageOfPage":{"@id":"https:\/\/www.manabi.gob.ec\/index.php\/el-sabor-de-manabi-esta-en-la-uide-de-quito\/#primaryimage"},"image":{"@id":"https:\/\/www.manabi.gob.ec\/index.php\/el-sabor-de-manabi-esta-en-la-uide-de-quito\/#primaryimage"},"thumbnailUrl":"https:\/\/www.manabi.gob.ec\/wp-content\/uploads\/2025\/05\/2b78d234-1b6f-421f-958e-a03350406dd2-1.jpg","datePublished":"2025-05-13T22:25:41+00:00","author":{"@id":"https:\/\/www.manabi.gob.ec\/#\/schema\/person\/c4f117989332ad723a6ced5994aa7d7a"},"breadcrumb":{"@id":"https:\/\/www.manabi.gob.ec\/index.php\/el-sabor-de-manabi-esta-en-la-uide-de-quito\/#breadcrumb"},"inLanguage":"es","potentialAction":[{"@type":"ReadAction","target":["https:\/\/www.manabi.gob.ec\/index.php\/el-sabor-de-manabi-esta-en-la-uide-de-quito\/"]}]},{"@type":"ImageObject","inLanguage":"es","@id":"https:\/\/www.manabi.gob.ec\/index.php\/el-sabor-de-manabi-esta-en-la-uide-de-quito\/#primaryimage","url":"https:\/\/www.manabi.gob.ec\/wp-content\/uploads\/2025\/05\/2b78d234-1b6f-421f-958e-a03350406dd2-1.jpg","contentUrl":"https:\/\/www.manabi.gob.ec\/wp-content\/uploads\/2025\/05\/2b78d234-1b6f-421f-958e-a03350406dd2-1.jpg","width":1600,"height":1066},{"@type":"BreadcrumbList","@id":"https:\/\/www.manabi.gob.ec\/index.php\/el-sabor-de-manabi-esta-en-la-uide-de-quito\/#breadcrumb","itemListElement":[{"@type":"ListItem","position":1,"name":"Portada","item":"https:\/\/www.manabi.gob.ec\/"},{"@type":"ListItem","position":2,"name":"El sabor de Manab\u00ed est\u00e1 en la UIDE de Quito"}]},{"@type":"WebSite","@id":"https:\/\/www.manabi.gob.ec\/#website","url":"https:\/\/www.manabi.gob.ec\/","name":"Prefectura de Manab\u00ed","description":"P\u00e1gina web de la prefectura","potentialAction":[{"@type":"SearchAction","target":{"@type":"EntryPoint","urlTemplate":"https:\/\/www.manabi.gob.ec\/?s={search_term_string}"},"query-input":{"@type":"PropertyValueSpecification","valueRequired":true,"valueName":"search_term_string"}}],"inLanguage":"es"},{"@type":"Person","@id":"https:\/\/www.manabi.gob.ec\/#\/schema\/person\/c4f117989332ad723a6ced5994aa7d7a","name":"Lui Ochoa","image":{"@type":"ImageObject","inLanguage":"es","@id":"https:\/\/secure.gravatar.com\/avatar\/6e8017d0fe69dead8a95864d2eb6e1e1d8bf8e01194ba49cf7b897ff038126ba?s=96&d=mm&r=g","url":"https:\/\/secure.gravatar.com\/avatar\/6e8017d0fe69dead8a95864d2eb6e1e1d8bf8e01194ba49cf7b897ff038126ba?s=96&d=mm&r=g","contentUrl":"https:\/\/secure.gravatar.com\/avatar\/6e8017d0fe69dead8a95864d2eb6e1e1d8bf8e01194ba49cf7b897ff038126ba?s=96&d=mm&r=g","caption":"Lui Ochoa"},"url":"https:\/\/www.manabi.gob.ec\/index.php\/author\/lochoa\/"}]}},"jetpack_featured_media_url":"https:\/\/www.manabi.gob.ec\/wp-content\/uploads\/2025\/05\/2b78d234-1b6f-421f-958e-a03350406dd2-1.jpg","_links":{"self":[{"href":"https:\/\/www.manabi.gob.ec\/index.php\/wp-json\/wp\/v2\/posts\/30786","targetHints":{"allow":["GET"]}}],"collection":[{"href":"https:\/\/www.manabi.gob.ec\/index.php\/wp-json\/wp\/v2\/posts"}],"about":[{"href":"https:\/\/www.manabi.gob.ec\/index.php\/wp-json\/wp\/v2\/types\/post"}],"author":[{"embeddable":true,"href":"https:\/\/www.manabi.gob.ec\/index.php\/wp-json\/wp\/v2\/users\/10"}],"replies":[{"embeddable":true,"href":"https:\/\/www.manabi.gob.ec\/index.php\/wp-json\/wp\/v2\/comments?post=30786"}],"version-history":[{"count":1,"href":"https:\/\/www.manabi.gob.ec\/index.php\/wp-json\/wp\/v2\/posts\/30786\/revisions"}],"predecessor-version":[{"id":30787,"href":"https:\/\/www.manabi.gob.ec\/index.php\/wp-json\/wp\/v2\/posts\/30786\/revisions\/30787"}],"wp:featuredmedia":[{"embeddable":true,"href":"https:\/\/www.manabi.gob.ec\/index.php\/wp-json\/wp\/v2\/media\/30785"}],"wp:attachment":[{"href":"https:\/\/www.manabi.gob.ec\/index.php\/wp-json\/wp\/v2\/media?parent=30786"}],"wp:term":[{"taxonomy":"category","embeddable":true,"href":"https:\/\/www.manabi.gob.ec\/index.php\/wp-json\/wp\/v2\/categories?post=30786"},{"taxonomy":"post_tag","embeddable":true,"href":"https:\/\/www.manabi.gob.ec\/index.php\/wp-json\/wp\/v2\/tags?post=30786"}],"curies":[{"name":"wp","href":"https:\/\/api.w.org\/{rel}","templated":true}]}}