{"id":30907,"date":"2025-05-28T19:35:04","date_gmt":"2025-05-28T19:35:04","guid":{"rendered":"https:\/\/www.manabi.gob.ec\/?p=30907"},"modified":"2025-05-28T19:35:09","modified_gmt":"2025-05-28T19:35:09","slug":"prefectura-de-manabi-fortalece-la-productividad-del-sector-maicero","status":"publish","type":"post","link":"https:\/\/www.manabi.gob.ec\/index.php\/prefectura-de-manabi-fortalece-la-productividad-del-sector-maicero\/","title":{"rendered":"Prefectura de Manab\u00ed fortalece la productividad del sector maicero\u00a0"},"content":{"rendered":"\n<p>Con el compromiso de impulsar el desarrollo integral del sector agr\u00edcola, la Prefectura de Manab\u00ed realiz\u00f3 este mi\u00e9rcoles 28 de mayo la segunda Mesa T\u00e9cnica Provincial de la Cadena de Valor del Ma\u00edz, en el cant\u00f3n Tosagua. La jornada cont\u00f3 con la participaci\u00f3n activa de representantes de todos los eslabones de la cadena: productores, acopiadores, transformadores, comercializadores, t\u00e9cnicos y autoridades locales.&nbsp;<\/p>\n\n\n\n<p>Durante esta segunda edici\u00f3n se presentaron los avances alcanzados desde la primera mesa t\u00e9cnica, realizada el 12 de diciembre de 2024 en la parroquia Pedro Pablo G\u00f3mez, as\u00ed como los resultados de las acciones ejecutadas en el primer cuatrimestre del presente a\u00f1o. Adem\u00e1s, se establecieron nuevos compromisos orientados a mejorar la competitividad del ma\u00edz manabita, mediante una gesti\u00f3n t\u00e9cnica eficiente, el fortalecimiento de capacidades locales y la articulaci\u00f3n de pol\u00edticas p\u00fablicas que garanticen condiciones equitativas para los peque\u00f1os y medianos productores.&nbsp;<\/p>\n\n\n\n<p>Este espacio de di\u00e1logo y planificaci\u00f3n, promovido por la Prefectura en coordinaci\u00f3n con el Ministerio de Agricultura y Ganader\u00eda, el INIAP y los Gobiernos Aut\u00f3nomos Descentralizados cantonales, permiti\u00f3 identificar problem\u00e1ticas prioritarias y proponer soluciones concretas en temas clave como la calidad y disponibilidad de semilla, el fortalecimiento de los procesos de comercializaci\u00f3n y el acompa\u00f1amiento t\u00e9cnico desde los territorios.&nbsp;<\/p>\n\n\n\n<p>Acciones concretas en territorio&nbsp;<\/p>\n\n\n\n<p>En lo que va del 2025, la Prefectura de Manab\u00ed ha entregado semillas e insumos agr\u00edcolas a m\u00e1s de 1.300 productores en la zona sur de la provincia, espec\u00edficamente en el cant\u00f3n 24 de Mayo, reafirmando su compromiso con el fortalecimiento de la producci\u00f3n maicera.&nbsp;<\/p>\n\n\n\n<p>Intervenci\u00f3n de la Prefectura de Manab\u00ed en la cadena de valor del ma\u00edz&nbsp;<\/p>\n\n\n\n<p>Desde el 2019, el Gobierno Aut\u00f3nomo Descentralizado Provincial de Manab\u00ed ha ejecutado varios proyectos clave para el desarrollo del sector:&nbsp;<\/p>\n\n\n\n<p>2019 &#8211; 2020: Se ejecut\u00f3 el proyecto \u201cImpulso a la productividad de ma\u00edz duro amarillo para peque\u00f1os productores\u201d, beneficiando a 1.268 agricultores en los cantones 24 de Mayo, Paj\u00e1n, Santa Ana, Jipijapa, Sucre, San Vicente, Montecristi, Portoviejo, Rocafuerte, Tosagua y Pichincha. El objetivo fue aumentar la productividad y mejorar los ingresos familiares.&nbsp;<\/p>\n\n\n\n<p>2021 &#8211; 2023: Se llevaron a cabo las fases 1 y 2 del proyecto \u201cReactivaci\u00f3n de la productividad de ma\u00edz duro amarillo\u201d, mediante la implementaci\u00f3n de buenas pr\u00e1cticas agr\u00edcolas y asistencia t\u00e9cnica en todos los eslabones de la cadena. Estas intervenciones beneficiaron a 1.977 productores en los cantones Paj\u00e1n, 24 de Mayo, Olmedo, Santa Ana, Bol\u00edvar, Pichincha, Rocafuerte, San Vicente, Tosagua, Jama, Pedernales, Portoviejo, Jipijapa y Montecristi.&nbsp;<\/p>\n\n\n\n<p>2023 &#8211; 2024: se realiz\u00f3 el fortalecimiento en la actividad primaria (BPA\u00b4s) y comercial a los productores de ma\u00edz duro amarillo en 12 cantones de la provincia de Manab\u00ed, a trav\u00e9s de asistencia t\u00e9cnica, a 1.200productores de ma\u00edz. &nbsp;<\/p>\n\n\n\n<p>Con estas acciones, la Prefectura de Manab\u00ed reafirma su compromiso con la promoci\u00f3n del desarrollo rural y la soberan\u00eda alimentaria, posicionando al ma\u00edz como un eje estrat\u00e9gico para el crecimiento econ\u00f3mico y social de la provincia<\/p>\n","protected":false},"excerpt":{"rendered":"<p>Con el compromiso de impulsar el desarrollo integral del sector agr\u00edcola, la Prefectura de Manab\u00ed realiz\u00f3 este mi\u00e9rcoles 28 de mayo la segunda Mesa T\u00e9cnica Provincial de la Cadena de Valor del Ma\u00edz, en el cant\u00f3n Tosagua. La jornada cont\u00f3 con la participaci\u00f3n activa de representantes de todos los eslabones de la cadena: productores, acopiadores, [&hellip;]<\/p>\n","protected":false},"author":10,"featured_media":30908,"comment_status":"closed","ping_status":"closed","sticky":false,"template":"","format":"standard","meta":{"_joinchat":[],"footnotes":""},"categories":[150,343,142,92,140,91,130],"tags":[],"class_list":["post-30907","post","type-post","status-publish","format-standard","has-post-thumbnail","hentry","category-ambiente","category-bicentenario","category-desarrollo-social","category-noticias-manabi","category-produccion","category-todas","category-tosagua"],"yoast_head":"<!-- This site is optimized with the Yoast SEO plugin v27.4 - https:\/\/yoast.com\/product\/yoast-seo-wordpress\/ -->\n<title>Prefectura de Manab\u00ed fortalece la productividad del sector maicero\u00a0 - Prefectura de Manab\u00ed<\/title>\n<meta name=\"description\" content=\"Con el compromiso de impulsar el desarrollo integral del sector agr\u00edcola, la Prefectura de Manab\u00ed realiz\u00f3 este mi\u00e9rcoles 28 de mayo la segunda Mesa T\u00e9cnica Provincial de la Cadena de Valor del Ma\u00edz, en el cant\u00f3n Tosagua. La jornada cont\u00f3 con la participaci\u00f3n activa de representantes de todos los eslabones de la cadena: productores, acopiadores, transformadores, comercializadores, t\u00e9cnicos y autoridades locales. Durante esta segunda edici\u00f3n se presentaron los avances alcanzados desde la primera mesa t\u00e9cnica, realizada el 12 de diciembre de 2024 en la parroquia Pedro Pablo G\u00f3mez, as\u00ed como los resultados de las acciones ejecutadas en el primer cuatrimestre del presente a\u00f1o. Adem\u00e1s, se establecieron nuevos compromisos orientados a mejorar la competitividad del ma\u00edz manabita, mediante una gesti\u00f3n t\u00e9cnica eficiente, el fortalecimiento de capacidades locales y la articulaci\u00f3n de pol\u00edticas p\u00fablicas que garanticen condiciones equitativas para los peque\u00f1os y medianos productores. Este espacio de di\u00e1logo y planificaci\u00f3n, promovido por la Prefectura en coordinaci\u00f3n con el Ministerio de Agricultura y Ganader\u00eda, el INIAP y los Gobiernos Aut\u00f3nomos Descentralizados cantonales, permiti\u00f3 identificar problem\u00e1ticas prioritarias y proponer soluciones concretas en temas clave como la calidad y disponibilidad de semilla, el fortalecimiento de los procesos de comercializaci\u00f3n y el acompa\u00f1amiento t\u00e9cnico desde los territorios. Acciones concretas en territorio En lo que va del 2025, la Prefectura de Manab\u00ed ha entregado semillas e insumos agr\u00edcolas a m\u00e1s de 1.300 productores en la zona sur de la provincia, espec\u00edficamente en el cant\u00f3n 24 de Mayo, reafirmando su compromiso con el fortalecimiento de la producci\u00f3n maicera. Intervenci\u00f3n de la Prefectura de Manab\u00ed en la cadena de valor del ma\u00edz Desde el 2019, el Gobierno Aut\u00f3nomo Descentralizado Provincial de Manab\u00ed ha ejecutado varios proyectos clave para el desarrollo del sector: 2019 - 2020: Se ejecut\u00f3 el proyecto \u201cImpulso a la productividad de ma\u00edz duro amarillo para peque\u00f1os productores\u201d, beneficiando a 1.268 agricultores en los cantones 24 de Mayo, Paj\u00e1n, Santa Ana, Jipijapa, Sucre, San Vicente, Montecristi, Portoviejo, Rocafuerte, Tosagua y Pichincha. El objetivo fue aumentar la productividad y mejorar los ingresos familiares. 2021 - 2023: Se llevaron a cabo las fases 1 y 2 del proyecto \u201cReactivaci\u00f3n de la productividad de ma\u00edz duro amarillo\u201d, mediante la implementaci\u00f3n de buenas pr\u00e1cticas agr\u00edcolas y asistencia t\u00e9cnica en todos los eslabones de la cadena. Estas intervenciones beneficiaron a 1.977 productores en los cantones Paj\u00e1n, 24 de Mayo, Olmedo, Santa Ana, Bol\u00edvar, Pichincha, Rocafuerte, San Vicente, Tosagua, Jama, Pedernales, Portoviejo, Jipijapa y Montecristi. 2023 - 2024: se realiz\u00f3 el fortalecimiento en la actividad primaria (BPA\u00b4s) y comercial a los productores de ma\u00edz duro amarillo en 12 cantones de la provincia de Manab\u00ed, a trav\u00e9s de asistencia t\u00e9cnica, a 1.200productores de ma\u00edz. Con estas acciones, la Prefectura de Manab\u00ed reafirma su compromiso con la promoci\u00f3n del desarrollo rural y la soberan\u00eda alimentaria, posicionando al ma\u00edz como un eje estrat\u00e9gico para el crecimiento econ\u00f3mico y social de la provincia\" \/>\n<meta name=\"robots\" content=\"index, follow, max-snippet:-1, max-image-preview:large, max-video-preview:-1\" \/>\n<link rel=\"canonical\" href=\"https:\/\/www.manabi.gob.ec\/index.php\/prefectura-de-manabi-fortalece-la-productividad-del-sector-maicero\/\" \/>\n<meta property=\"og:locale\" content=\"es_ES\" \/>\n<meta property=\"og:type\" content=\"article\" \/>\n<meta property=\"og:title\" content=\"Prefectura de Manab\u00ed fortalece la productividad del sector maicero\u00a0 - Prefectura de Manab\u00ed\" \/>\n<meta property=\"og:description\" content=\"Con el compromiso de impulsar el desarrollo integral del sector agr\u00edcola, la Prefectura de Manab\u00ed realiz\u00f3 este mi\u00e9rcoles 28 de mayo la segunda Mesa T\u00e9cnica Provincial de la Cadena de Valor del Ma\u00edz, en el cant\u00f3n Tosagua. La jornada cont\u00f3 con la participaci\u00f3n activa de representantes de todos los eslabones de la cadena: productores, acopiadores, transformadores, comercializadores, t\u00e9cnicos y autoridades locales. Durante esta segunda edici\u00f3n se presentaron los avances alcanzados desde la primera mesa t\u00e9cnica, realizada el 12 de diciembre de 2024 en la parroquia Pedro Pablo G\u00f3mez, as\u00ed como los resultados de las acciones ejecutadas en el primer cuatrimestre del presente a\u00f1o. Adem\u00e1s, se establecieron nuevos compromisos orientados a mejorar la competitividad del ma\u00edz manabita, mediante una gesti\u00f3n t\u00e9cnica eficiente, el fortalecimiento de capacidades locales y la articulaci\u00f3n de pol\u00edticas p\u00fablicas que garanticen condiciones equitativas para los peque\u00f1os y medianos productores. Este espacio de di\u00e1logo y planificaci\u00f3n, promovido por la Prefectura en coordinaci\u00f3n con el Ministerio de Agricultura y Ganader\u00eda, el INIAP y los Gobiernos Aut\u00f3nomos Descentralizados cantonales, permiti\u00f3 identificar problem\u00e1ticas prioritarias y proponer soluciones concretas en temas clave como la calidad y disponibilidad de semilla, el fortalecimiento de los procesos de comercializaci\u00f3n y el acompa\u00f1amiento t\u00e9cnico desde los territorios. Acciones concretas en territorio En lo que va del 2025, la Prefectura de Manab\u00ed ha entregado semillas e insumos agr\u00edcolas a m\u00e1s de 1.300 productores en la zona sur de la provincia, espec\u00edficamente en el cant\u00f3n 24 de Mayo, reafirmando su compromiso con el fortalecimiento de la producci\u00f3n maicera. Intervenci\u00f3n de la Prefectura de Manab\u00ed en la cadena de valor del ma\u00edz Desde el 2019, el Gobierno Aut\u00f3nomo Descentralizado Provincial de Manab\u00ed ha ejecutado varios proyectos clave para el desarrollo del sector: 2019 - 2020: Se ejecut\u00f3 el proyecto \u201cImpulso a la productividad de ma\u00edz duro amarillo para peque\u00f1os productores\u201d, beneficiando a 1.268 agricultores en los cantones 24 de Mayo, Paj\u00e1n, Santa Ana, Jipijapa, Sucre, San Vicente, Montecristi, Portoviejo, Rocafuerte, Tosagua y Pichincha. El objetivo fue aumentar la productividad y mejorar los ingresos familiares. 2021 - 2023: Se llevaron a cabo las fases 1 y 2 del proyecto \u201cReactivaci\u00f3n de la productividad de ma\u00edz duro amarillo\u201d, mediante la implementaci\u00f3n de buenas pr\u00e1cticas agr\u00edcolas y asistencia t\u00e9cnica en todos los eslabones de la cadena. Estas intervenciones beneficiaron a 1.977 productores en los cantones Paj\u00e1n, 24 de Mayo, Olmedo, Santa Ana, Bol\u00edvar, Pichincha, Rocafuerte, San Vicente, Tosagua, Jama, Pedernales, Portoviejo, Jipijapa y Montecristi. 2023 - 2024: se realiz\u00f3 el fortalecimiento en la actividad primaria (BPA\u00b4s) y comercial a los productores de ma\u00edz duro amarillo en 12 cantones de la provincia de Manab\u00ed, a trav\u00e9s de asistencia t\u00e9cnica, a 1.200productores de ma\u00edz. Con estas acciones, la Prefectura de Manab\u00ed reafirma su compromiso con la promoci\u00f3n del desarrollo rural y la soberan\u00eda alimentaria, posicionando al ma\u00edz como un eje estrat\u00e9gico para el crecimiento econ\u00f3mico y social de la provincia\" \/>\n<meta property=\"og:url\" content=\"https:\/\/www.manabi.gob.ec\/index.php\/prefectura-de-manabi-fortalece-la-productividad-del-sector-maicero\/\" \/>\n<meta property=\"og:site_name\" content=\"Prefectura de Manab\u00ed\" \/>\n<meta property=\"article:published_time\" content=\"2025-05-28T19:35:04+00:00\" \/>\n<meta property=\"article:modified_time\" content=\"2025-05-28T19:35:09+00:00\" \/>\n<meta property=\"og:image\" content=\"https:\/\/www.manabi.gob.ec\/wp-content\/uploads\/2025\/05\/WhatsApp-Image-2025-05-28-at-1.46.47-PM-scaled.jpeg\" \/>\n\t<meta property=\"og:image:width\" content=\"2560\" \/>\n\t<meta property=\"og:image:height\" content=\"1441\" \/>\n\t<meta property=\"og:image:type\" content=\"image\/jpeg\" \/>\n<meta name=\"author\" content=\"Lui Ochoa\" \/>\n<meta name=\"twitter:card\" content=\"summary_large_image\" \/>\n<meta name=\"twitter:label1\" content=\"Escrito por\" \/>\n\t<meta name=\"twitter:data1\" content=\"Lui Ochoa\" \/>\n\t<meta name=\"twitter:label2\" content=\"Tiempo de lectura\" \/>\n\t<meta name=\"twitter:data2\" content=\"3 minutos\" \/>\n<script type=\"application\/ld+json\" class=\"yoast-schema-graph\">{\"@context\":\"https:\\\/\\\/schema.org\",\"@graph\":[{\"@type\":\"Article\",\"@id\":\"https:\\\/\\\/www.manabi.gob.ec\\\/index.php\\\/prefectura-de-manabi-fortalece-la-productividad-del-sector-maicero\\\/#article\",\"isPartOf\":{\"@id\":\"https:\\\/\\\/www.manabi.gob.ec\\\/index.php\\\/prefectura-de-manabi-fortalece-la-productividad-del-sector-maicero\\\/\"},\"author\":{\"name\":\"Lui Ochoa\",\"@id\":\"https:\\\/\\\/www.manabi.gob.ec\\\/#\\\/schema\\\/person\\\/c4f117989332ad723a6ced5994aa7d7a\"},\"headline\":\"Prefectura de Manab\u00ed fortalece la productividad del sector maicero\u00a0\",\"datePublished\":\"2025-05-28T19:35:04+00:00\",\"dateModified\":\"2025-05-28T19:35:09+00:00\",\"mainEntityOfPage\":{\"@id\":\"https:\\\/\\\/www.manabi.gob.ec\\\/index.php\\\/prefectura-de-manabi-fortalece-la-productividad-del-sector-maicero\\\/\"},\"wordCount\":532,\"image\":{\"@id\":\"https:\\\/\\\/www.manabi.gob.ec\\\/index.php\\\/prefectura-de-manabi-fortalece-la-productividad-del-sector-maicero\\\/#primaryimage\"},\"thumbnailUrl\":\"https:\\\/\\\/www.manabi.gob.ec\\\/wp-content\\\/uploads\\\/2025\\\/05\\\/WhatsApp-Image-2025-05-28-at-1.46.47-PM-scaled.jpeg\",\"articleSection\":[\"Ambiente\",\"bicentenario\",\"Desarrollo Social\",\"Noticias\",\"Producci\u00f3n\",\"Todas\",\"Tosagua\"],\"inLanguage\":\"es\"},{\"@type\":\"WebPage\",\"@id\":\"https:\\\/\\\/www.manabi.gob.ec\\\/index.php\\\/prefectura-de-manabi-fortalece-la-productividad-del-sector-maicero\\\/\",\"url\":\"https:\\\/\\\/www.manabi.gob.ec\\\/index.php\\\/prefectura-de-manabi-fortalece-la-productividad-del-sector-maicero\\\/\",\"name\":\"Prefectura de Manab\u00ed fortalece la productividad del sector maicero\u00a0 - Prefectura de Manab\u00ed\",\"isPartOf\":{\"@id\":\"https:\\\/\\\/www.manabi.gob.ec\\\/#website\"},\"primaryImageOfPage\":{\"@id\":\"https:\\\/\\\/www.manabi.gob.ec\\\/index.php\\\/prefectura-de-manabi-fortalece-la-productividad-del-sector-maicero\\\/#primaryimage\"},\"image\":{\"@id\":\"https:\\\/\\\/www.manabi.gob.ec\\\/index.php\\\/prefectura-de-manabi-fortalece-la-productividad-del-sector-maicero\\\/#primaryimage\"},\"thumbnailUrl\":\"https:\\\/\\\/www.manabi.gob.ec\\\/wp-content\\\/uploads\\\/2025\\\/05\\\/WhatsApp-Image-2025-05-28-at-1.46.47-PM-scaled.jpeg\",\"datePublished\":\"2025-05-28T19:35:04+00:00\",\"dateModified\":\"2025-05-28T19:35:09+00:00\",\"author\":{\"@id\":\"https:\\\/\\\/www.manabi.gob.ec\\\/#\\\/schema\\\/person\\\/c4f117989332ad723a6ced5994aa7d7a\"},\"description\":\"Con el compromiso de impulsar el desarrollo integral del sector agr\u00edcola, la Prefectura de Manab\u00ed realiz\u00f3 este mi\u00e9rcoles 28 de mayo la segunda Mesa T\u00e9cnica Provincial de la Cadena de Valor del Ma\u00edz, en el cant\u00f3n Tosagua. La jornada cont\u00f3 con la participaci\u00f3n activa de representantes de todos los eslabones de la cadena: productores, acopiadores, transformadores, comercializadores, t\u00e9cnicos y autoridades locales. Durante esta segunda edici\u00f3n se presentaron los avances alcanzados desde la primera mesa t\u00e9cnica, realizada el 12 de diciembre de 2024 en la parroquia Pedro Pablo G\u00f3mez, as\u00ed como los resultados de las acciones ejecutadas en el primer cuatrimestre del presente a\u00f1o. Adem\u00e1s, se establecieron nuevos compromisos orientados a mejorar la competitividad del ma\u00edz manabita, mediante una gesti\u00f3n t\u00e9cnica eficiente, el fortalecimiento de capacidades locales y la articulaci\u00f3n de pol\u00edticas p\u00fablicas que garanticen condiciones equitativas para los peque\u00f1os y medianos productores. Este espacio de di\u00e1logo y planificaci\u00f3n, promovido por la Prefectura en coordinaci\u00f3n con el Ministerio de Agricultura y Ganader\u00eda, el INIAP y los Gobiernos Aut\u00f3nomos Descentralizados cantonales, permiti\u00f3 identificar problem\u00e1ticas prioritarias y proponer soluciones concretas en temas clave como la calidad y disponibilidad de semilla, el fortalecimiento de los procesos de comercializaci\u00f3n y el acompa\u00f1amiento t\u00e9cnico desde los territorios. Acciones concretas en territorio En lo que va del 2025, la Prefectura de Manab\u00ed ha entregado semillas e insumos agr\u00edcolas a m\u00e1s de 1.300 productores en la zona sur de la provincia, espec\u00edficamente en el cant\u00f3n 24 de Mayo, reafirmando su compromiso con el fortalecimiento de la producci\u00f3n maicera. Intervenci\u00f3n de la Prefectura de Manab\u00ed en la cadena de valor del ma\u00edz Desde el 2019, el Gobierno Aut\u00f3nomo Descentralizado Provincial de Manab\u00ed ha ejecutado varios proyectos clave para el desarrollo del sector: 2019 - 2020: Se ejecut\u00f3 el proyecto \u201cImpulso a la productividad de ma\u00edz duro amarillo para peque\u00f1os productores\u201d, beneficiando a 1.268 agricultores en los cantones 24 de Mayo, Paj\u00e1n, Santa Ana, Jipijapa, Sucre, San Vicente, Montecristi, Portoviejo, Rocafuerte, Tosagua y Pichincha. El objetivo fue aumentar la productividad y mejorar los ingresos familiares. 2021 - 2023: Se llevaron a cabo las fases 1 y 2 del proyecto \u201cReactivaci\u00f3n de la productividad de ma\u00edz duro amarillo\u201d, mediante la implementaci\u00f3n de buenas pr\u00e1cticas agr\u00edcolas y asistencia t\u00e9cnica en todos los eslabones de la cadena. Estas intervenciones beneficiaron a 1.977 productores en los cantones Paj\u00e1n, 24 de Mayo, Olmedo, Santa Ana, Bol\u00edvar, Pichincha, Rocafuerte, San Vicente, Tosagua, Jama, Pedernales, Portoviejo, Jipijapa y Montecristi. 2023 - 2024: se realiz\u00f3 el fortalecimiento en la actividad primaria (BPA\u00b4s) y comercial a los productores de ma\u00edz duro amarillo en 12 cantones de la provincia de Manab\u00ed, a trav\u00e9s de asistencia t\u00e9cnica, a 1.200productores de ma\u00edz. Con estas acciones, la Prefectura de Manab\u00ed reafirma su compromiso con la promoci\u00f3n del desarrollo rural y la soberan\u00eda alimentaria, posicionando al ma\u00edz como un eje estrat\u00e9gico para el crecimiento econ\u00f3mico y social de la provincia\",\"breadcrumb\":{\"@id\":\"https:\\\/\\\/www.manabi.gob.ec\\\/index.php\\\/prefectura-de-manabi-fortalece-la-productividad-del-sector-maicero\\\/#breadcrumb\"},\"inLanguage\":\"es\",\"potentialAction\":[{\"@type\":\"ReadAction\",\"target\":[\"https:\\\/\\\/www.manabi.gob.ec\\\/index.php\\\/prefectura-de-manabi-fortalece-la-productividad-del-sector-maicero\\\/\"]}]},{\"@type\":\"ImageObject\",\"inLanguage\":\"es\",\"@id\":\"https:\\\/\\\/www.manabi.gob.ec\\\/index.php\\\/prefectura-de-manabi-fortalece-la-productividad-del-sector-maicero\\\/#primaryimage\",\"url\":\"https:\\\/\\\/www.manabi.gob.ec\\\/wp-content\\\/uploads\\\/2025\\\/05\\\/WhatsApp-Image-2025-05-28-at-1.46.47-PM-scaled.jpeg\",\"contentUrl\":\"https:\\\/\\\/www.manabi.gob.ec\\\/wp-content\\\/uploads\\\/2025\\\/05\\\/WhatsApp-Image-2025-05-28-at-1.46.47-PM-scaled.jpeg\",\"width\":2560,\"height\":1441},{\"@type\":\"BreadcrumbList\",\"@id\":\"https:\\\/\\\/www.manabi.gob.ec\\\/index.php\\\/prefectura-de-manabi-fortalece-la-productividad-del-sector-maicero\\\/#breadcrumb\",\"itemListElement\":[{\"@type\":\"ListItem\",\"position\":1,\"name\":\"Portada\",\"item\":\"https:\\\/\\\/www.manabi.gob.ec\\\/\"},{\"@type\":\"ListItem\",\"position\":2,\"name\":\"Prefectura de Manab\u00ed fortalece la productividad del sector maicero\u00a0\"}]},{\"@type\":\"WebSite\",\"@id\":\"https:\\\/\\\/www.manabi.gob.ec\\\/#website\",\"url\":\"https:\\\/\\\/www.manabi.gob.ec\\\/\",\"name\":\"Prefectura de Manab\u00ed\",\"description\":\"P\u00e1gina web de la prefectura\",\"potentialAction\":[{\"@type\":\"SearchAction\",\"target\":{\"@type\":\"EntryPoint\",\"urlTemplate\":\"https:\\\/\\\/www.manabi.gob.ec\\\/?s={search_term_string}\"},\"query-input\":{\"@type\":\"PropertyValueSpecification\",\"valueRequired\":true,\"valueName\":\"search_term_string\"}}],\"inLanguage\":\"es\"},{\"@type\":\"Person\",\"@id\":\"https:\\\/\\\/www.manabi.gob.ec\\\/#\\\/schema\\\/person\\\/c4f117989332ad723a6ced5994aa7d7a\",\"name\":\"Lui Ochoa\",\"image\":{\"@type\":\"ImageObject\",\"inLanguage\":\"es\",\"@id\":\"https:\\\/\\\/secure.gravatar.com\\\/avatar\\\/6e8017d0fe69dead8a95864d2eb6e1e1d8bf8e01194ba49cf7b897ff038126ba?s=96&d=mm&r=g\",\"url\":\"https:\\\/\\\/secure.gravatar.com\\\/avatar\\\/6e8017d0fe69dead8a95864d2eb6e1e1d8bf8e01194ba49cf7b897ff038126ba?s=96&d=mm&r=g\",\"contentUrl\":\"https:\\\/\\\/secure.gravatar.com\\\/avatar\\\/6e8017d0fe69dead8a95864d2eb6e1e1d8bf8e01194ba49cf7b897ff038126ba?s=96&d=mm&r=g\",\"caption\":\"Lui Ochoa\"},\"url\":\"https:\\\/\\\/www.manabi.gob.ec\\\/index.php\\\/author\\\/lochoa\\\/\"}]}<\/script>\n<!-- \/ Yoast SEO plugin. -->","yoast_head_json":{"title":"Prefectura de Manab\u00ed fortalece la productividad del sector maicero\u00a0 - Prefectura de Manab\u00ed","description":"Con el compromiso de impulsar el desarrollo integral del sector agr\u00edcola, la Prefectura de Manab\u00ed realiz\u00f3 este mi\u00e9rcoles 28 de mayo la segunda Mesa T\u00e9cnica Provincial de la Cadena de Valor del Ma\u00edz, en el cant\u00f3n Tosagua. La jornada cont\u00f3 con la participaci\u00f3n activa de representantes de todos los eslabones de la cadena: productores, acopiadores, transformadores, comercializadores, t\u00e9cnicos y autoridades locales. Durante esta segunda edici\u00f3n se presentaron los avances alcanzados desde la primera mesa t\u00e9cnica, realizada el 12 de diciembre de 2024 en la parroquia Pedro Pablo G\u00f3mez, as\u00ed como los resultados de las acciones ejecutadas en el primer cuatrimestre del presente a\u00f1o. Adem\u00e1s, se establecieron nuevos compromisos orientados a mejorar la competitividad del ma\u00edz manabita, mediante una gesti\u00f3n t\u00e9cnica eficiente, el fortalecimiento de capacidades locales y la articulaci\u00f3n de pol\u00edticas p\u00fablicas que garanticen condiciones equitativas para los peque\u00f1os y medianos productores. Este espacio de di\u00e1logo y planificaci\u00f3n, promovido por la Prefectura en coordinaci\u00f3n con el Ministerio de Agricultura y Ganader\u00eda, el INIAP y los Gobiernos Aut\u00f3nomos Descentralizados cantonales, permiti\u00f3 identificar problem\u00e1ticas prioritarias y proponer soluciones concretas en temas clave como la calidad y disponibilidad de semilla, el fortalecimiento de los procesos de comercializaci\u00f3n y el acompa\u00f1amiento t\u00e9cnico desde los territorios. Acciones concretas en territorio En lo que va del 2025, la Prefectura de Manab\u00ed ha entregado semillas e insumos agr\u00edcolas a m\u00e1s de 1.300 productores en la zona sur de la provincia, espec\u00edficamente en el cant\u00f3n 24 de Mayo, reafirmando su compromiso con el fortalecimiento de la producci\u00f3n maicera. Intervenci\u00f3n de la Prefectura de Manab\u00ed en la cadena de valor del ma\u00edz Desde el 2019, el Gobierno Aut\u00f3nomo Descentralizado Provincial de Manab\u00ed ha ejecutado varios proyectos clave para el desarrollo del sector: 2019 - 2020: Se ejecut\u00f3 el proyecto \u201cImpulso a la productividad de ma\u00edz duro amarillo para peque\u00f1os productores\u201d, beneficiando a 1.268 agricultores en los cantones 24 de Mayo, Paj\u00e1n, Santa Ana, Jipijapa, Sucre, San Vicente, Montecristi, Portoviejo, Rocafuerte, Tosagua y Pichincha. El objetivo fue aumentar la productividad y mejorar los ingresos familiares. 2021 - 2023: Se llevaron a cabo las fases 1 y 2 del proyecto \u201cReactivaci\u00f3n de la productividad de ma\u00edz duro amarillo\u201d, mediante la implementaci\u00f3n de buenas pr\u00e1cticas agr\u00edcolas y asistencia t\u00e9cnica en todos los eslabones de la cadena. Estas intervenciones beneficiaron a 1.977 productores en los cantones Paj\u00e1n, 24 de Mayo, Olmedo, Santa Ana, Bol\u00edvar, Pichincha, Rocafuerte, San Vicente, Tosagua, Jama, Pedernales, Portoviejo, Jipijapa y Montecristi. 2023 - 2024: se realiz\u00f3 el fortalecimiento en la actividad primaria (BPA\u00b4s) y comercial a los productores de ma\u00edz duro amarillo en 12 cantones de la provincia de Manab\u00ed, a trav\u00e9s de asistencia t\u00e9cnica, a 1.200productores de ma\u00edz. Con estas acciones, la Prefectura de Manab\u00ed reafirma su compromiso con la promoci\u00f3n del desarrollo rural y la soberan\u00eda alimentaria, posicionando al ma\u00edz como un eje estrat\u00e9gico para el crecimiento econ\u00f3mico y social de la provincia","robots":{"index":"index","follow":"follow","max-snippet":"max-snippet:-1","max-image-preview":"max-image-preview:large","max-video-preview":"max-video-preview:-1"},"canonical":"https:\/\/www.manabi.gob.ec\/index.php\/prefectura-de-manabi-fortalece-la-productividad-del-sector-maicero\/","og_locale":"es_ES","og_type":"article","og_title":"Prefectura de Manab\u00ed fortalece la productividad del sector maicero\u00a0 - Prefectura de Manab\u00ed","og_description":"Con el compromiso de impulsar el desarrollo integral del sector agr\u00edcola, la Prefectura de Manab\u00ed realiz\u00f3 este mi\u00e9rcoles 28 de mayo la segunda Mesa T\u00e9cnica Provincial de la Cadena de Valor del Ma\u00edz, en el cant\u00f3n Tosagua. La jornada cont\u00f3 con la participaci\u00f3n activa de representantes de todos los eslabones de la cadena: productores, acopiadores, transformadores, comercializadores, t\u00e9cnicos y autoridades locales. Durante esta segunda edici\u00f3n se presentaron los avances alcanzados desde la primera mesa t\u00e9cnica, realizada el 12 de diciembre de 2024 en la parroquia Pedro Pablo G\u00f3mez, as\u00ed como los resultados de las acciones ejecutadas en el primer cuatrimestre del presente a\u00f1o. Adem\u00e1s, se establecieron nuevos compromisos orientados a mejorar la competitividad del ma\u00edz manabita, mediante una gesti\u00f3n t\u00e9cnica eficiente, el fortalecimiento de capacidades locales y la articulaci\u00f3n de pol\u00edticas p\u00fablicas que garanticen condiciones equitativas para los peque\u00f1os y medianos productores. Este espacio de di\u00e1logo y planificaci\u00f3n, promovido por la Prefectura en coordinaci\u00f3n con el Ministerio de Agricultura y Ganader\u00eda, el INIAP y los Gobiernos Aut\u00f3nomos Descentralizados cantonales, permiti\u00f3 identificar problem\u00e1ticas prioritarias y proponer soluciones concretas en temas clave como la calidad y disponibilidad de semilla, el fortalecimiento de los procesos de comercializaci\u00f3n y el acompa\u00f1amiento t\u00e9cnico desde los territorios. Acciones concretas en territorio En lo que va del 2025, la Prefectura de Manab\u00ed ha entregado semillas e insumos agr\u00edcolas a m\u00e1s de 1.300 productores en la zona sur de la provincia, espec\u00edficamente en el cant\u00f3n 24 de Mayo, reafirmando su compromiso con el fortalecimiento de la producci\u00f3n maicera. Intervenci\u00f3n de la Prefectura de Manab\u00ed en la cadena de valor del ma\u00edz Desde el 2019, el Gobierno Aut\u00f3nomo Descentralizado Provincial de Manab\u00ed ha ejecutado varios proyectos clave para el desarrollo del sector: 2019 - 2020: Se ejecut\u00f3 el proyecto \u201cImpulso a la productividad de ma\u00edz duro amarillo para peque\u00f1os productores\u201d, beneficiando a 1.268 agricultores en los cantones 24 de Mayo, Paj\u00e1n, Santa Ana, Jipijapa, Sucre, San Vicente, Montecristi, Portoviejo, Rocafuerte, Tosagua y Pichincha. El objetivo fue aumentar la productividad y mejorar los ingresos familiares. 2021 - 2023: Se llevaron a cabo las fases 1 y 2 del proyecto \u201cReactivaci\u00f3n de la productividad de ma\u00edz duro amarillo\u201d, mediante la implementaci\u00f3n de buenas pr\u00e1cticas agr\u00edcolas y asistencia t\u00e9cnica en todos los eslabones de la cadena. Estas intervenciones beneficiaron a 1.977 productores en los cantones Paj\u00e1n, 24 de Mayo, Olmedo, Santa Ana, Bol\u00edvar, Pichincha, Rocafuerte, San Vicente, Tosagua, Jama, Pedernales, Portoviejo, Jipijapa y Montecristi. 2023 - 2024: se realiz\u00f3 el fortalecimiento en la actividad primaria (BPA\u00b4s) y comercial a los productores de ma\u00edz duro amarillo en 12 cantones de la provincia de Manab\u00ed, a trav\u00e9s de asistencia t\u00e9cnica, a 1.200productores de ma\u00edz. Con estas acciones, la Prefectura de Manab\u00ed reafirma su compromiso con la promoci\u00f3n del desarrollo rural y la soberan\u00eda alimentaria, posicionando al ma\u00edz como un eje estrat\u00e9gico para el crecimiento econ\u00f3mico y social de la provincia","og_url":"https:\/\/www.manabi.gob.ec\/index.php\/prefectura-de-manabi-fortalece-la-productividad-del-sector-maicero\/","og_site_name":"Prefectura de Manab\u00ed","article_published_time":"2025-05-28T19:35:04+00:00","article_modified_time":"2025-05-28T19:35:09+00:00","og_image":[{"width":2560,"height":1441,"url":"https:\/\/www.manabi.gob.ec\/wp-content\/uploads\/2025\/05\/WhatsApp-Image-2025-05-28-at-1.46.47-PM-scaled.jpeg","type":"image\/jpeg"}],"author":"Lui Ochoa","twitter_card":"summary_large_image","twitter_misc":{"Escrito por":"Lui Ochoa","Tiempo de lectura":"3 minutos"},"schema":{"@context":"https:\/\/schema.org","@graph":[{"@type":"Article","@id":"https:\/\/www.manabi.gob.ec\/index.php\/prefectura-de-manabi-fortalece-la-productividad-del-sector-maicero\/#article","isPartOf":{"@id":"https:\/\/www.manabi.gob.ec\/index.php\/prefectura-de-manabi-fortalece-la-productividad-del-sector-maicero\/"},"author":{"name":"Lui Ochoa","@id":"https:\/\/www.manabi.gob.ec\/#\/schema\/person\/c4f117989332ad723a6ced5994aa7d7a"},"headline":"Prefectura de Manab\u00ed fortalece la productividad del sector maicero\u00a0","datePublished":"2025-05-28T19:35:04+00:00","dateModified":"2025-05-28T19:35:09+00:00","mainEntityOfPage":{"@id":"https:\/\/www.manabi.gob.ec\/index.php\/prefectura-de-manabi-fortalece-la-productividad-del-sector-maicero\/"},"wordCount":532,"image":{"@id":"https:\/\/www.manabi.gob.ec\/index.php\/prefectura-de-manabi-fortalece-la-productividad-del-sector-maicero\/#primaryimage"},"thumbnailUrl":"https:\/\/www.manabi.gob.ec\/wp-content\/uploads\/2025\/05\/WhatsApp-Image-2025-05-28-at-1.46.47-PM-scaled.jpeg","articleSection":["Ambiente","bicentenario","Desarrollo Social","Noticias","Producci\u00f3n","Todas","Tosagua"],"inLanguage":"es"},{"@type":"WebPage","@id":"https:\/\/www.manabi.gob.ec\/index.php\/prefectura-de-manabi-fortalece-la-productividad-del-sector-maicero\/","url":"https:\/\/www.manabi.gob.ec\/index.php\/prefectura-de-manabi-fortalece-la-productividad-del-sector-maicero\/","name":"Prefectura de Manab\u00ed fortalece la productividad del sector maicero\u00a0 - Prefectura de Manab\u00ed","isPartOf":{"@id":"https:\/\/www.manabi.gob.ec\/#website"},"primaryImageOfPage":{"@id":"https:\/\/www.manabi.gob.ec\/index.php\/prefectura-de-manabi-fortalece-la-productividad-del-sector-maicero\/#primaryimage"},"image":{"@id":"https:\/\/www.manabi.gob.ec\/index.php\/prefectura-de-manabi-fortalece-la-productividad-del-sector-maicero\/#primaryimage"},"thumbnailUrl":"https:\/\/www.manabi.gob.ec\/wp-content\/uploads\/2025\/05\/WhatsApp-Image-2025-05-28-at-1.46.47-PM-scaled.jpeg","datePublished":"2025-05-28T19:35:04+00:00","dateModified":"2025-05-28T19:35:09+00:00","author":{"@id":"https:\/\/www.manabi.gob.ec\/#\/schema\/person\/c4f117989332ad723a6ced5994aa7d7a"},"description":"Con el compromiso de impulsar el desarrollo integral del sector agr\u00edcola, la Prefectura de Manab\u00ed realiz\u00f3 este mi\u00e9rcoles 28 de mayo la segunda Mesa T\u00e9cnica Provincial de la Cadena de Valor del Ma\u00edz, en el cant\u00f3n Tosagua. La jornada cont\u00f3 con la participaci\u00f3n activa de representantes de todos los eslabones de la cadena: productores, acopiadores, transformadores, comercializadores, t\u00e9cnicos y autoridades locales. Durante esta segunda edici\u00f3n se presentaron los avances alcanzados desde la primera mesa t\u00e9cnica, realizada el 12 de diciembre de 2024 en la parroquia Pedro Pablo G\u00f3mez, as\u00ed como los resultados de las acciones ejecutadas en el primer cuatrimestre del presente a\u00f1o. Adem\u00e1s, se establecieron nuevos compromisos orientados a mejorar la competitividad del ma\u00edz manabita, mediante una gesti\u00f3n t\u00e9cnica eficiente, el fortalecimiento de capacidades locales y la articulaci\u00f3n de pol\u00edticas p\u00fablicas que garanticen condiciones equitativas para los peque\u00f1os y medianos productores. Este espacio de di\u00e1logo y planificaci\u00f3n, promovido por la Prefectura en coordinaci\u00f3n con el Ministerio de Agricultura y Ganader\u00eda, el INIAP y los Gobiernos Aut\u00f3nomos Descentralizados cantonales, permiti\u00f3 identificar problem\u00e1ticas prioritarias y proponer soluciones concretas en temas clave como la calidad y disponibilidad de semilla, el fortalecimiento de los procesos de comercializaci\u00f3n y el acompa\u00f1amiento t\u00e9cnico desde los territorios. Acciones concretas en territorio En lo que va del 2025, la Prefectura de Manab\u00ed ha entregado semillas e insumos agr\u00edcolas a m\u00e1s de 1.300 productores en la zona sur de la provincia, espec\u00edficamente en el cant\u00f3n 24 de Mayo, reafirmando su compromiso con el fortalecimiento de la producci\u00f3n maicera. Intervenci\u00f3n de la Prefectura de Manab\u00ed en la cadena de valor del ma\u00edz Desde el 2019, el Gobierno Aut\u00f3nomo Descentralizado Provincial de Manab\u00ed ha ejecutado varios proyectos clave para el desarrollo del sector: 2019 - 2020: Se ejecut\u00f3 el proyecto \u201cImpulso a la productividad de ma\u00edz duro amarillo para peque\u00f1os productores\u201d, beneficiando a 1.268 agricultores en los cantones 24 de Mayo, Paj\u00e1n, Santa Ana, Jipijapa, Sucre, San Vicente, Montecristi, Portoviejo, Rocafuerte, Tosagua y Pichincha. El objetivo fue aumentar la productividad y mejorar los ingresos familiares. 2021 - 2023: Se llevaron a cabo las fases 1 y 2 del proyecto \u201cReactivaci\u00f3n de la productividad de ma\u00edz duro amarillo\u201d, mediante la implementaci\u00f3n de buenas pr\u00e1cticas agr\u00edcolas y asistencia t\u00e9cnica en todos los eslabones de la cadena. Estas intervenciones beneficiaron a 1.977 productores en los cantones Paj\u00e1n, 24 de Mayo, Olmedo, Santa Ana, Bol\u00edvar, Pichincha, Rocafuerte, San Vicente, Tosagua, Jama, Pedernales, Portoviejo, Jipijapa y Montecristi. 2023 - 2024: se realiz\u00f3 el fortalecimiento en la actividad primaria (BPA\u00b4s) y comercial a los productores de ma\u00edz duro amarillo en 12 cantones de la provincia de Manab\u00ed, a trav\u00e9s de asistencia t\u00e9cnica, a 1.200productores de ma\u00edz. Con estas acciones, la Prefectura de Manab\u00ed reafirma su compromiso con la promoci\u00f3n del desarrollo rural y la soberan\u00eda alimentaria, posicionando al ma\u00edz como un eje estrat\u00e9gico para el crecimiento econ\u00f3mico y social de la provincia","breadcrumb":{"@id":"https:\/\/www.manabi.gob.ec\/index.php\/prefectura-de-manabi-fortalece-la-productividad-del-sector-maicero\/#breadcrumb"},"inLanguage":"es","potentialAction":[{"@type":"ReadAction","target":["https:\/\/www.manabi.gob.ec\/index.php\/prefectura-de-manabi-fortalece-la-productividad-del-sector-maicero\/"]}]},{"@type":"ImageObject","inLanguage":"es","@id":"https:\/\/www.manabi.gob.ec\/index.php\/prefectura-de-manabi-fortalece-la-productividad-del-sector-maicero\/#primaryimage","url":"https:\/\/www.manabi.gob.ec\/wp-content\/uploads\/2025\/05\/WhatsApp-Image-2025-05-28-at-1.46.47-PM-scaled.jpeg","contentUrl":"https:\/\/www.manabi.gob.ec\/wp-content\/uploads\/2025\/05\/WhatsApp-Image-2025-05-28-at-1.46.47-PM-scaled.jpeg","width":2560,"height":1441},{"@type":"BreadcrumbList","@id":"https:\/\/www.manabi.gob.ec\/index.php\/prefectura-de-manabi-fortalece-la-productividad-del-sector-maicero\/#breadcrumb","itemListElement":[{"@type":"ListItem","position":1,"name":"Portada","item":"https:\/\/www.manabi.gob.ec\/"},{"@type":"ListItem","position":2,"name":"Prefectura de Manab\u00ed fortalece la productividad del sector maicero\u00a0"}]},{"@type":"WebSite","@id":"https:\/\/www.manabi.gob.ec\/#website","url":"https:\/\/www.manabi.gob.ec\/","name":"Prefectura de Manab\u00ed","description":"P\u00e1gina web de la prefectura","potentialAction":[{"@type":"SearchAction","target":{"@type":"EntryPoint","urlTemplate":"https:\/\/www.manabi.gob.ec\/?s={search_term_string}"},"query-input":{"@type":"PropertyValueSpecification","valueRequired":true,"valueName":"search_term_string"}}],"inLanguage":"es"},{"@type":"Person","@id":"https:\/\/www.manabi.gob.ec\/#\/schema\/person\/c4f117989332ad723a6ced5994aa7d7a","name":"Lui Ochoa","image":{"@type":"ImageObject","inLanguage":"es","@id":"https:\/\/secure.gravatar.com\/avatar\/6e8017d0fe69dead8a95864d2eb6e1e1d8bf8e01194ba49cf7b897ff038126ba?s=96&d=mm&r=g","url":"https:\/\/secure.gravatar.com\/avatar\/6e8017d0fe69dead8a95864d2eb6e1e1d8bf8e01194ba49cf7b897ff038126ba?s=96&d=mm&r=g","contentUrl":"https:\/\/secure.gravatar.com\/avatar\/6e8017d0fe69dead8a95864d2eb6e1e1d8bf8e01194ba49cf7b897ff038126ba?s=96&d=mm&r=g","caption":"Lui Ochoa"},"url":"https:\/\/www.manabi.gob.ec\/index.php\/author\/lochoa\/"}]}},"jetpack_featured_media_url":"https:\/\/www.manabi.gob.ec\/wp-content\/uploads\/2025\/05\/WhatsApp-Image-2025-05-28-at-1.46.47-PM-scaled.jpeg","_links":{"self":[{"href":"https:\/\/www.manabi.gob.ec\/index.php\/wp-json\/wp\/v2\/posts\/30907","targetHints":{"allow":["GET"]}}],"collection":[{"href":"https:\/\/www.manabi.gob.ec\/index.php\/wp-json\/wp\/v2\/posts"}],"about":[{"href":"https:\/\/www.manabi.gob.ec\/index.php\/wp-json\/wp\/v2\/types\/post"}],"author":[{"embeddable":true,"href":"https:\/\/www.manabi.gob.ec\/index.php\/wp-json\/wp\/v2\/users\/10"}],"replies":[{"embeddable":true,"href":"https:\/\/www.manabi.gob.ec\/index.php\/wp-json\/wp\/v2\/comments?post=30907"}],"version-history":[{"count":1,"href":"https:\/\/www.manabi.gob.ec\/index.php\/wp-json\/wp\/v2\/posts\/30907\/revisions"}],"predecessor-version":[{"id":30909,"href":"https:\/\/www.manabi.gob.ec\/index.php\/wp-json\/wp\/v2\/posts\/30907\/revisions\/30909"}],"wp:featuredmedia":[{"embeddable":true,"href":"https:\/\/www.manabi.gob.ec\/index.php\/wp-json\/wp\/v2\/media\/30908"}],"wp:attachment":[{"href":"https:\/\/www.manabi.gob.ec\/index.php\/wp-json\/wp\/v2\/media?parent=30907"}],"wp:term":[{"taxonomy":"category","embeddable":true,"href":"https:\/\/www.manabi.gob.ec\/index.php\/wp-json\/wp\/v2\/categories?post=30907"},{"taxonomy":"post_tag","embeddable":true,"href":"https:\/\/www.manabi.gob.ec\/index.php\/wp-json\/wp\/v2\/tags?post=30907"}],"curies":[{"name":"wp","href":"https:\/\/api.w.org\/{rel}","templated":true}]}}