{"id":31023,"date":"2025-06-02T21:17:24","date_gmt":"2025-06-02T21:17:24","guid":{"rendered":"https:\/\/www.manabi.gob.ec\/?p=31023"},"modified":"2025-06-02T21:17:24","modified_gmt":"2025-06-02T21:17:24","slug":"entregamos-semillas-de-pasto-a-pequenos-ganaderos-de-flavio-alfaro","status":"publish","type":"post","link":"https:\/\/www.manabi.gob.ec\/index.php\/entregamos-semillas-de-pasto-a-pequenos-ganaderos-de-flavio-alfaro\/","title":{"rendered":"Entregamos semillas de pasto a peque\u00f1os&nbsp; ganaderos de Flavio Alfaro"},"content":{"rendered":"\n<p class=\"p1\">En el marco de su compromiso con el desarrollo agropecuario sostenible, la Prefectura de Manab\u00ed contin\u00faa con la entrega de semillas de pasto mejoradas, a los peque\u00f1os productores ganaderos de varios cantones de la provincia. \u00c9sta es adaptadas a los suelos y al clima tropical de la regi\u00f3n manabita.<\/p>\n\n\n\n<p class=\"p1\">El s\u00e1bado 31 de mayo, en&nbsp; Flavio Alfaro, se realiz\u00f3 una nueva entrega&nbsp; semillas a los productores, como parte del proyecto Escuelas de Campo Ganaderas, beneficiando de manera directa a 300 productores &#8211; 221 hombres y 79 mujeres &#8211; . Ellos son parte de las 12 escuelas que funcionan en los cantones Flavio Alfaro, Chone, El Carmen y Pichincha.<\/p>\n\n\n\n<p class=\"p1\">&nbsp;El objetivo principal del proyecto es apoyar a los peque\u00f1os y medianos ganaderos, y fortalecer la alimentaci\u00f3n del ganad,&nbsp; mejorar la capacidad forrajera de las fincas productivas.<\/p>\n\n\n\n<p class=\"p1\">La distribuci\u00f3n de semillas ha llegado tambi\u00e9n a otros cantones como: 24 de Mayo, Olmedo, Santa Ana y Paj\u00e1n, y se proyecta entregar m\u00e1s de 1.500 kilos de semillas mejoradas a&nbsp; 500 peque\u00f1os productores ganaderos, que participan en las 20 Escuelas del Productor Ganadero.<\/p>\n\n\n\n<p class=\"p1\">Adem\u00e1s de esta provisi\u00f3n, el proyecto promueve pr\u00e1cticas sostenibles como la regeneraci\u00f3n de suelos, la reducci\u00f3n de gases de efecto invernadero y el impulso a la econom\u00eda rural, contribuyendo a una ganader\u00eda m\u00e1s eficiente, resiliente y amigable con el ambiente.<\/p>\n\n\n\n<p class=\"p1\">Las Escuelas de Campo Ganaderas implementan conocimientos tecnol\u00f3gicos como cercas el\u00e9ctricas, sistemas silvopastoriles, y la elaboraci\u00f3n de abonos org\u00e1nicos, entre otras herramientas como la inseminaci\u00f3n artificial para el mejoramiento gen\u00e9tico del ganado y capacitaciones continuas&nbsp; orientadas a mejorar la producci\u00f3n y recuperar los ecosistemas.<\/p>\n\n\n\n<p class=\"p1\">\u201dEs la primera vez que este tipo de apoyo se dirige a peque\u00f1os productores. Este respaldo es muy valioso, hemos aprendido c\u00f3mo llevar adelante una ganader\u00eda sostenible y amigable con el medio ambiente\u201d, expres\u00f3 V\u00edctor Zambrano, productor de la parroquia San Antonio de Chone.&nbsp;<\/p>\n\n\n\n<p class=\"p1\">Durante el evento, el prefecto Leonardo Orlando reafirm\u00f3 su compromiso con el sector rural. \u201cUstedes son los protagonistas de las Escuelas del Productor\u201d, dijo, y que seguir\u00e1 trabajando junto a los productores para seguir construyendo un territorio m\u00e1s justo, pr\u00f3spero y resiliente.<\/p>\n","protected":false},"excerpt":{"rendered":"<p>En el marco de su compromiso con el desarrollo agropecuario sostenible, la Prefectura de Manab\u00ed contin\u00faa con la entrega de semillas de pasto mejoradas, a los peque\u00f1os productores ganaderos de varios cantones de la provincia. \u00c9sta es adaptadas a los suelos y al clima tropical de la regi\u00f3n manabita. El s\u00e1bado 31 de mayo, en&nbsp; [&hellip;]<\/p>\n","protected":false},"author":10,"featured_media":31022,"comment_status":"closed","ping_status":"","sticky":false,"template":"","format":"standard","meta":{"_joinchat":[],"footnotes":""},"categories":[150,142,151,92,140,91],"tags":[],"class_list":["post-31023","post","type-post","status-publish","format-standard","has-post-thumbnail","hentry","category-ambiente","category-desarrollo-social","category-flavio-alfaro","category-noticias-manabi","category-produccion","category-todas"],"yoast_head":"<!-- This site is optimized with the Yoast SEO plugin v27.4 - https:\/\/yoast.com\/product\/yoast-seo-wordpress\/ -->\n<title>Entregamos semillas de pasto a peque\u00f1os&nbsp; ganaderos de Flavio Alfaro - Prefectura de Manab\u00ed<\/title>\n<meta name=\"robots\" content=\"index, follow, max-snippet:-1, max-image-preview:large, max-video-preview:-1\" \/>\n<link rel=\"canonical\" href=\"https:\/\/www.manabi.gob.ec\/index.php\/entregamos-semillas-de-pasto-a-pequenos-ganaderos-de-flavio-alfaro\/\" \/>\n<meta property=\"og:locale\" content=\"es_ES\" \/>\n<meta property=\"og:type\" content=\"article\" \/>\n<meta property=\"og:title\" content=\"Entregamos semillas de pasto a peque\u00f1os&nbsp; ganaderos de Flavio Alfaro - Prefectura de Manab\u00ed\" \/>\n<meta property=\"og:description\" content=\"En el marco de su compromiso con el desarrollo agropecuario sostenible, la Prefectura de Manab\u00ed contin\u00faa con la entrega de semillas de pasto mejoradas, a los peque\u00f1os productores ganaderos de varios cantones de la provincia. \u00c9sta es adaptadas a los suelos y al clima tropical de la regi\u00f3n manabita. El s\u00e1bado 31 de mayo, en&nbsp; [&hellip;]\" \/>\n<meta property=\"og:url\" content=\"https:\/\/www.manabi.gob.ec\/index.php\/entregamos-semillas-de-pasto-a-pequenos-ganaderos-de-flavio-alfaro\/\" \/>\n<meta property=\"og:site_name\" content=\"Prefectura de Manab\u00ed\" \/>\n<meta property=\"article:published_time\" content=\"2025-06-02T21:17:24+00:00\" \/>\n<meta property=\"og:image\" content=\"https:\/\/www.manabi.gob.ec\/wp-content\/uploads\/2025\/06\/6d2662c9-17d7-4230-bfcd-c9a71759d487-1.jpg\" \/>\n\t<meta property=\"og:image:width\" content=\"2000\" \/>\n\t<meta property=\"og:image:height\" content=\"1333\" \/>\n\t<meta property=\"og:image:type\" content=\"image\/jpeg\" \/>\n<meta name=\"author\" content=\"Lui Ochoa\" \/>\n<meta name=\"twitter:card\" content=\"summary_large_image\" \/>\n<meta name=\"twitter:label1\" content=\"Escrito por\" \/>\n\t<meta name=\"twitter:data1\" content=\"Lui Ochoa\" \/>\n\t<meta name=\"twitter:label2\" content=\"Tiempo de lectura\" \/>\n\t<meta name=\"twitter:data2\" content=\"2 minutos\" \/>\n<script type=\"application\/ld+json\" class=\"yoast-schema-graph\">{\"@context\":\"https:\\\/\\\/schema.org\",\"@graph\":[{\"@type\":\"Article\",\"@id\":\"https:\\\/\\\/www.manabi.gob.ec\\\/index.php\\\/entregamos-semillas-de-pasto-a-pequenos-ganaderos-de-flavio-alfaro\\\/#article\",\"isPartOf\":{\"@id\":\"https:\\\/\\\/www.manabi.gob.ec\\\/index.php\\\/entregamos-semillas-de-pasto-a-pequenos-ganaderos-de-flavio-alfaro\\\/\"},\"author\":{\"name\":\"Lui Ochoa\",\"@id\":\"https:\\\/\\\/www.manabi.gob.ec\\\/#\\\/schema\\\/person\\\/c4f117989332ad723a6ced5994aa7d7a\"},\"headline\":\"Entregamos semillas de pasto a peque\u00f1os&nbsp; ganaderos de Flavio Alfaro\",\"datePublished\":\"2025-06-02T21:17:24+00:00\",\"mainEntityOfPage\":{\"@id\":\"https:\\\/\\\/www.manabi.gob.ec\\\/index.php\\\/entregamos-semillas-de-pasto-a-pequenos-ganaderos-de-flavio-alfaro\\\/\"},\"wordCount\":390,\"image\":{\"@id\":\"https:\\\/\\\/www.manabi.gob.ec\\\/index.php\\\/entregamos-semillas-de-pasto-a-pequenos-ganaderos-de-flavio-alfaro\\\/#primaryimage\"},\"thumbnailUrl\":\"https:\\\/\\\/www.manabi.gob.ec\\\/wp-content\\\/uploads\\\/2025\\\/06\\\/6d2662c9-17d7-4230-bfcd-c9a71759d487-1.jpg\",\"articleSection\":[\"Ambiente\",\"Desarrollo Social\",\"Flavio Alfaro\",\"Noticias\",\"Producci\u00f3n\",\"Todas\"],\"inLanguage\":\"es\"},{\"@type\":\"WebPage\",\"@id\":\"https:\\\/\\\/www.manabi.gob.ec\\\/index.php\\\/entregamos-semillas-de-pasto-a-pequenos-ganaderos-de-flavio-alfaro\\\/\",\"url\":\"https:\\\/\\\/www.manabi.gob.ec\\\/index.php\\\/entregamos-semillas-de-pasto-a-pequenos-ganaderos-de-flavio-alfaro\\\/\",\"name\":\"Entregamos semillas de pasto a peque\u00f1os&nbsp; ganaderos de Flavio Alfaro - Prefectura de Manab\u00ed\",\"isPartOf\":{\"@id\":\"https:\\\/\\\/www.manabi.gob.ec\\\/#website\"},\"primaryImageOfPage\":{\"@id\":\"https:\\\/\\\/www.manabi.gob.ec\\\/index.php\\\/entregamos-semillas-de-pasto-a-pequenos-ganaderos-de-flavio-alfaro\\\/#primaryimage\"},\"image\":{\"@id\":\"https:\\\/\\\/www.manabi.gob.ec\\\/index.php\\\/entregamos-semillas-de-pasto-a-pequenos-ganaderos-de-flavio-alfaro\\\/#primaryimage\"},\"thumbnailUrl\":\"https:\\\/\\\/www.manabi.gob.ec\\\/wp-content\\\/uploads\\\/2025\\\/06\\\/6d2662c9-17d7-4230-bfcd-c9a71759d487-1.jpg\",\"datePublished\":\"2025-06-02T21:17:24+00:00\",\"author\":{\"@id\":\"https:\\\/\\\/www.manabi.gob.ec\\\/#\\\/schema\\\/person\\\/c4f117989332ad723a6ced5994aa7d7a\"},\"breadcrumb\":{\"@id\":\"https:\\\/\\\/www.manabi.gob.ec\\\/index.php\\\/entregamos-semillas-de-pasto-a-pequenos-ganaderos-de-flavio-alfaro\\\/#breadcrumb\"},\"inLanguage\":\"es\",\"potentialAction\":[{\"@type\":\"ReadAction\",\"target\":[\"https:\\\/\\\/www.manabi.gob.ec\\\/index.php\\\/entregamos-semillas-de-pasto-a-pequenos-ganaderos-de-flavio-alfaro\\\/\"]}]},{\"@type\":\"ImageObject\",\"inLanguage\":\"es\",\"@id\":\"https:\\\/\\\/www.manabi.gob.ec\\\/index.php\\\/entregamos-semillas-de-pasto-a-pequenos-ganaderos-de-flavio-alfaro\\\/#primaryimage\",\"url\":\"https:\\\/\\\/www.manabi.gob.ec\\\/wp-content\\\/uploads\\\/2025\\\/06\\\/6d2662c9-17d7-4230-bfcd-c9a71759d487-1.jpg\",\"contentUrl\":\"https:\\\/\\\/www.manabi.gob.ec\\\/wp-content\\\/uploads\\\/2025\\\/06\\\/6d2662c9-17d7-4230-bfcd-c9a71759d487-1.jpg\",\"width\":2000,\"height\":1333},{\"@type\":\"BreadcrumbList\",\"@id\":\"https:\\\/\\\/www.manabi.gob.ec\\\/index.php\\\/entregamos-semillas-de-pasto-a-pequenos-ganaderos-de-flavio-alfaro\\\/#breadcrumb\",\"itemListElement\":[{\"@type\":\"ListItem\",\"position\":1,\"name\":\"Portada\",\"item\":\"https:\\\/\\\/www.manabi.gob.ec\\\/\"},{\"@type\":\"ListItem\",\"position\":2,\"name\":\"Entregamos semillas de pasto a peque\u00f1os&nbsp; ganaderos de Flavio Alfaro\"}]},{\"@type\":\"WebSite\",\"@id\":\"https:\\\/\\\/www.manabi.gob.ec\\\/#website\",\"url\":\"https:\\\/\\\/www.manabi.gob.ec\\\/\",\"name\":\"Prefectura de Manab\u00ed\",\"description\":\"P\u00e1gina web de la prefectura\",\"potentialAction\":[{\"@type\":\"SearchAction\",\"target\":{\"@type\":\"EntryPoint\",\"urlTemplate\":\"https:\\\/\\\/www.manabi.gob.ec\\\/?s={search_term_string}\"},\"query-input\":{\"@type\":\"PropertyValueSpecification\",\"valueRequired\":true,\"valueName\":\"search_term_string\"}}],\"inLanguage\":\"es\"},{\"@type\":\"Person\",\"@id\":\"https:\\\/\\\/www.manabi.gob.ec\\\/#\\\/schema\\\/person\\\/c4f117989332ad723a6ced5994aa7d7a\",\"name\":\"Lui Ochoa\",\"image\":{\"@type\":\"ImageObject\",\"inLanguage\":\"es\",\"@id\":\"https:\\\/\\\/secure.gravatar.com\\\/avatar\\\/6e8017d0fe69dead8a95864d2eb6e1e1d8bf8e01194ba49cf7b897ff038126ba?s=96&d=mm&r=g\",\"url\":\"https:\\\/\\\/secure.gravatar.com\\\/avatar\\\/6e8017d0fe69dead8a95864d2eb6e1e1d8bf8e01194ba49cf7b897ff038126ba?s=96&d=mm&r=g\",\"contentUrl\":\"https:\\\/\\\/secure.gravatar.com\\\/avatar\\\/6e8017d0fe69dead8a95864d2eb6e1e1d8bf8e01194ba49cf7b897ff038126ba?s=96&d=mm&r=g\",\"caption\":\"Lui Ochoa\"},\"url\":\"https:\\\/\\\/www.manabi.gob.ec\\\/index.php\\\/author\\\/lochoa\\\/\"}]}<\/script>\n<!-- \/ Yoast SEO plugin. -->","yoast_head_json":{"title":"Entregamos semillas de pasto a peque\u00f1os&nbsp; ganaderos de Flavio Alfaro - Prefectura de Manab\u00ed","robots":{"index":"index","follow":"follow","max-snippet":"max-snippet:-1","max-image-preview":"max-image-preview:large","max-video-preview":"max-video-preview:-1"},"canonical":"https:\/\/www.manabi.gob.ec\/index.php\/entregamos-semillas-de-pasto-a-pequenos-ganaderos-de-flavio-alfaro\/","og_locale":"es_ES","og_type":"article","og_title":"Entregamos semillas de pasto a peque\u00f1os&nbsp; ganaderos de Flavio Alfaro - Prefectura de Manab\u00ed","og_description":"En el marco de su compromiso con el desarrollo agropecuario sostenible, la Prefectura de Manab\u00ed contin\u00faa con la entrega de semillas de pasto mejoradas, a los peque\u00f1os productores ganaderos de varios cantones de la provincia. \u00c9sta es adaptadas a los suelos y al clima tropical de la regi\u00f3n manabita. El s\u00e1bado 31 de mayo, en&nbsp; [&hellip;]","og_url":"https:\/\/www.manabi.gob.ec\/index.php\/entregamos-semillas-de-pasto-a-pequenos-ganaderos-de-flavio-alfaro\/","og_site_name":"Prefectura de Manab\u00ed","article_published_time":"2025-06-02T21:17:24+00:00","og_image":[{"width":2000,"height":1333,"url":"https:\/\/www.manabi.gob.ec\/wp-content\/uploads\/2025\/06\/6d2662c9-17d7-4230-bfcd-c9a71759d487-1.jpg","type":"image\/jpeg"}],"author":"Lui Ochoa","twitter_card":"summary_large_image","twitter_misc":{"Escrito por":"Lui Ochoa","Tiempo de lectura":"2 minutos"},"schema":{"@context":"https:\/\/schema.org","@graph":[{"@type":"Article","@id":"https:\/\/www.manabi.gob.ec\/index.php\/entregamos-semillas-de-pasto-a-pequenos-ganaderos-de-flavio-alfaro\/#article","isPartOf":{"@id":"https:\/\/www.manabi.gob.ec\/index.php\/entregamos-semillas-de-pasto-a-pequenos-ganaderos-de-flavio-alfaro\/"},"author":{"name":"Lui Ochoa","@id":"https:\/\/www.manabi.gob.ec\/#\/schema\/person\/c4f117989332ad723a6ced5994aa7d7a"},"headline":"Entregamos semillas de pasto a peque\u00f1os&nbsp; ganaderos de Flavio Alfaro","datePublished":"2025-06-02T21:17:24+00:00","mainEntityOfPage":{"@id":"https:\/\/www.manabi.gob.ec\/index.php\/entregamos-semillas-de-pasto-a-pequenos-ganaderos-de-flavio-alfaro\/"},"wordCount":390,"image":{"@id":"https:\/\/www.manabi.gob.ec\/index.php\/entregamos-semillas-de-pasto-a-pequenos-ganaderos-de-flavio-alfaro\/#primaryimage"},"thumbnailUrl":"https:\/\/www.manabi.gob.ec\/wp-content\/uploads\/2025\/06\/6d2662c9-17d7-4230-bfcd-c9a71759d487-1.jpg","articleSection":["Ambiente","Desarrollo Social","Flavio Alfaro","Noticias","Producci\u00f3n","Todas"],"inLanguage":"es"},{"@type":"WebPage","@id":"https:\/\/www.manabi.gob.ec\/index.php\/entregamos-semillas-de-pasto-a-pequenos-ganaderos-de-flavio-alfaro\/","url":"https:\/\/www.manabi.gob.ec\/index.php\/entregamos-semillas-de-pasto-a-pequenos-ganaderos-de-flavio-alfaro\/","name":"Entregamos semillas de pasto a peque\u00f1os&nbsp; ganaderos de Flavio Alfaro - Prefectura de Manab\u00ed","isPartOf":{"@id":"https:\/\/www.manabi.gob.ec\/#website"},"primaryImageOfPage":{"@id":"https:\/\/www.manabi.gob.ec\/index.php\/entregamos-semillas-de-pasto-a-pequenos-ganaderos-de-flavio-alfaro\/#primaryimage"},"image":{"@id":"https:\/\/www.manabi.gob.ec\/index.php\/entregamos-semillas-de-pasto-a-pequenos-ganaderos-de-flavio-alfaro\/#primaryimage"},"thumbnailUrl":"https:\/\/www.manabi.gob.ec\/wp-content\/uploads\/2025\/06\/6d2662c9-17d7-4230-bfcd-c9a71759d487-1.jpg","datePublished":"2025-06-02T21:17:24+00:00","author":{"@id":"https:\/\/www.manabi.gob.ec\/#\/schema\/person\/c4f117989332ad723a6ced5994aa7d7a"},"breadcrumb":{"@id":"https:\/\/www.manabi.gob.ec\/index.php\/entregamos-semillas-de-pasto-a-pequenos-ganaderos-de-flavio-alfaro\/#breadcrumb"},"inLanguage":"es","potentialAction":[{"@type":"ReadAction","target":["https:\/\/www.manabi.gob.ec\/index.php\/entregamos-semillas-de-pasto-a-pequenos-ganaderos-de-flavio-alfaro\/"]}]},{"@type":"ImageObject","inLanguage":"es","@id":"https:\/\/www.manabi.gob.ec\/index.php\/entregamos-semillas-de-pasto-a-pequenos-ganaderos-de-flavio-alfaro\/#primaryimage","url":"https:\/\/www.manabi.gob.ec\/wp-content\/uploads\/2025\/06\/6d2662c9-17d7-4230-bfcd-c9a71759d487-1.jpg","contentUrl":"https:\/\/www.manabi.gob.ec\/wp-content\/uploads\/2025\/06\/6d2662c9-17d7-4230-bfcd-c9a71759d487-1.jpg","width":2000,"height":1333},{"@type":"BreadcrumbList","@id":"https:\/\/www.manabi.gob.ec\/index.php\/entregamos-semillas-de-pasto-a-pequenos-ganaderos-de-flavio-alfaro\/#breadcrumb","itemListElement":[{"@type":"ListItem","position":1,"name":"Portada","item":"https:\/\/www.manabi.gob.ec\/"},{"@type":"ListItem","position":2,"name":"Entregamos semillas de pasto a peque\u00f1os&nbsp; ganaderos de Flavio Alfaro"}]},{"@type":"WebSite","@id":"https:\/\/www.manabi.gob.ec\/#website","url":"https:\/\/www.manabi.gob.ec\/","name":"Prefectura de Manab\u00ed","description":"P\u00e1gina web de la prefectura","potentialAction":[{"@type":"SearchAction","target":{"@type":"EntryPoint","urlTemplate":"https:\/\/www.manabi.gob.ec\/?s={search_term_string}"},"query-input":{"@type":"PropertyValueSpecification","valueRequired":true,"valueName":"search_term_string"}}],"inLanguage":"es"},{"@type":"Person","@id":"https:\/\/www.manabi.gob.ec\/#\/schema\/person\/c4f117989332ad723a6ced5994aa7d7a","name":"Lui Ochoa","image":{"@type":"ImageObject","inLanguage":"es","@id":"https:\/\/secure.gravatar.com\/avatar\/6e8017d0fe69dead8a95864d2eb6e1e1d8bf8e01194ba49cf7b897ff038126ba?s=96&d=mm&r=g","url":"https:\/\/secure.gravatar.com\/avatar\/6e8017d0fe69dead8a95864d2eb6e1e1d8bf8e01194ba49cf7b897ff038126ba?s=96&d=mm&r=g","contentUrl":"https:\/\/secure.gravatar.com\/avatar\/6e8017d0fe69dead8a95864d2eb6e1e1d8bf8e01194ba49cf7b897ff038126ba?s=96&d=mm&r=g","caption":"Lui Ochoa"},"url":"https:\/\/www.manabi.gob.ec\/index.php\/author\/lochoa\/"}]}},"jetpack_featured_media_url":"https:\/\/www.manabi.gob.ec\/wp-content\/uploads\/2025\/06\/6d2662c9-17d7-4230-bfcd-c9a71759d487-1.jpg","_links":{"self":[{"href":"https:\/\/www.manabi.gob.ec\/index.php\/wp-json\/wp\/v2\/posts\/31023","targetHints":{"allow":["GET"]}}],"collection":[{"href":"https:\/\/www.manabi.gob.ec\/index.php\/wp-json\/wp\/v2\/posts"}],"about":[{"href":"https:\/\/www.manabi.gob.ec\/index.php\/wp-json\/wp\/v2\/types\/post"}],"author":[{"embeddable":true,"href":"https:\/\/www.manabi.gob.ec\/index.php\/wp-json\/wp\/v2\/users\/10"}],"replies":[{"embeddable":true,"href":"https:\/\/www.manabi.gob.ec\/index.php\/wp-json\/wp\/v2\/comments?post=31023"}],"version-history":[{"count":1,"href":"https:\/\/www.manabi.gob.ec\/index.php\/wp-json\/wp\/v2\/posts\/31023\/revisions"}],"predecessor-version":[{"id":31024,"href":"https:\/\/www.manabi.gob.ec\/index.php\/wp-json\/wp\/v2\/posts\/31023\/revisions\/31024"}],"wp:featuredmedia":[{"embeddable":true,"href":"https:\/\/www.manabi.gob.ec\/index.php\/wp-json\/wp\/v2\/media\/31022"}],"wp:attachment":[{"href":"https:\/\/www.manabi.gob.ec\/index.php\/wp-json\/wp\/v2\/media?parent=31023"}],"wp:term":[{"taxonomy":"category","embeddable":true,"href":"https:\/\/www.manabi.gob.ec\/index.php\/wp-json\/wp\/v2\/categories?post=31023"},{"taxonomy":"post_tag","embeddable":true,"href":"https:\/\/www.manabi.gob.ec\/index.php\/wp-json\/wp\/v2\/tags?post=31023"}],"curies":[{"name":"wp","href":"https:\/\/api.w.org\/{rel}","templated":true}]}}