{"id":31201,"date":"2025-06-19T15:18:32","date_gmt":"2025-06-19T15:18:32","guid":{"rendered":"https:\/\/www.manabi.gob.ec\/?p=31201"},"modified":"2025-06-19T15:18:39","modified_gmt":"2025-06-19T15:18:39","slug":"jipijapa-se-prepara-para-el-festival-del-ceviche-con-musica-arte-y-emprendimientos","status":"publish","type":"post","link":"https:\/\/www.manabi.gob.ec\/index.php\/jipijapa-se-prepara-para-el-festival-del-ceviche-con-musica-arte-y-emprendimientos\/","title":{"rendered":"Jipijapa se prepara para el Festival del Ceviche con m\u00fasica, arte y emprendimientos"},"content":{"rendered":"\n<p>El mes del manabitismo se celebra a lo grande en la provincia y este 22 de junio, Jipijapa se prepara para brindar lo mejor de la gastronom\u00eda manabita con el Festival del Ceviche.<\/p>\n\n\n\n<p>Este gran evento, impulsado por la Prefectura de Manab\u00ed en articulaci\u00f3n con el GAD Municipal, contar\u00e1 con la participaci\u00f3n de 25 servidores gastron\u00f3micos y 25 emprendedores que se encargar\u00e1n de mostrar lo mejor de nuestro sabor, y en donde se destacar\u00e1 el famoso ceviche de Jipijapa en sus diversas presentaciones.<\/p>\n\n\n\n<p>Adem\u00e1s, como parte de la programaci\u00f3n, que iniciar\u00e1 desde las 10h00, se contar\u00e1 con la presentaci\u00f3n de artistas, cultura, danza tradicional y para cerrar con broche de oro, la presentaci\u00f3n de la orquesta Los Diamantes.<\/p>\n\n\n\n<p>El encuentro ser\u00e1 el pr\u00f3ximo 22 de junio de 2025, en la plazoleta La Libertad, ubicada en el centro de Jipijapa, en las calles 9 de octubre entre Bol\u00edvar y Sucre.<\/p>\n","protected":false},"excerpt":{"rendered":"<p>El mes del manabitismo se celebra a lo grande en la provincia y este 22 de junio, Jipijapa se prepara para brindar lo mejor de la gastronom\u00eda manabita con el Festival del Ceviche. Este gran evento, impulsado por la Prefectura de Manab\u00ed en articulaci\u00f3n con el GAD Municipal, contar\u00e1 con la participaci\u00f3n de 25 servidores [&hellip;]<\/p>\n","protected":false},"author":10,"featured_media":31202,"comment_status":"closed","ping_status":"closed","sticky":false,"template":"","format":"standard","meta":{"_joinchat":[],"footnotes":""},"categories":[150,142,123,92,349,91,81],"tags":[],"class_list":["post-31201","post","type-post","status-publish","format-standard","has-post-thumbnail","hentry","category-ambiente","category-desarrollo-social","category-jipijapa","category-noticias-manabi","category-region-gastronomica","category-todas","category-turismo"],"yoast_head":"<!-- This site is optimized with the Yoast SEO plugin v27.4 - https:\/\/yoast.com\/product\/yoast-seo-wordpress\/ -->\n<title>Jipijapa se prepara para el Festival del Ceviche con m\u00fasica, arte y emprendimientos - Prefectura de Manab\u00ed<\/title>\n<meta name=\"robots\" content=\"index, follow, max-snippet:-1, max-image-preview:large, max-video-preview:-1\" \/>\n<link rel=\"canonical\" href=\"https:\/\/www.manabi.gob.ec\/index.php\/jipijapa-se-prepara-para-el-festival-del-ceviche-con-musica-arte-y-emprendimientos\/\" \/>\n<meta property=\"og:locale\" content=\"es_ES\" \/>\n<meta property=\"og:type\" content=\"article\" \/>\n<meta property=\"og:title\" content=\"Jipijapa se prepara para el Festival del Ceviche con m\u00fasica, arte y emprendimientos - Prefectura de Manab\u00ed\" \/>\n<meta property=\"og:description\" content=\"El mes del manabitismo se celebra a lo grande en la provincia y este 22 de junio, Jipijapa se prepara para brindar lo mejor de la gastronom\u00eda manabita con el Festival del Ceviche. Este gran evento, impulsado por la Prefectura de Manab\u00ed en articulaci\u00f3n con el GAD Municipal, contar\u00e1 con la participaci\u00f3n de 25 servidores [&hellip;]\" \/>\n<meta property=\"og:url\" content=\"https:\/\/www.manabi.gob.ec\/index.php\/jipijapa-se-prepara-para-el-festival-del-ceviche-con-musica-arte-y-emprendimientos\/\" \/>\n<meta property=\"og:site_name\" content=\"Prefectura de Manab\u00ed\" \/>\n<meta property=\"article:published_time\" content=\"2025-06-19T15:18:32+00:00\" \/>\n<meta property=\"article:modified_time\" content=\"2025-06-19T15:18:39+00:00\" \/>\n<meta property=\"og:image\" content=\"https:\/\/www.manabi.gob.ec\/wp-content\/uploads\/2025\/06\/WhatsApp-Image-2025-06-19-at-10.15.15-AM-1024x574.png\" \/>\n\t<meta property=\"og:image:width\" content=\"1024\" \/>\n\t<meta property=\"og:image:height\" content=\"574\" \/>\n\t<meta property=\"og:image:type\" content=\"image\/png\" \/>\n<meta name=\"author\" content=\"Lui Ochoa\" \/>\n<meta name=\"twitter:card\" content=\"summary_large_image\" \/>\n<meta name=\"twitter:label1\" content=\"Escrito por\" \/>\n\t<meta name=\"twitter:data1\" content=\"Lui Ochoa\" \/>\n\t<meta name=\"twitter:label2\" content=\"Tiempo de lectura\" \/>\n\t<meta name=\"twitter:data2\" content=\"1 minuto\" \/>\n<script type=\"application\/ld+json\" class=\"yoast-schema-graph\">{\"@context\":\"https:\\\/\\\/schema.org\",\"@graph\":[{\"@type\":\"Article\",\"@id\":\"https:\\\/\\\/www.manabi.gob.ec\\\/index.php\\\/jipijapa-se-prepara-para-el-festival-del-ceviche-con-musica-arte-y-emprendimientos\\\/#article\",\"isPartOf\":{\"@id\":\"https:\\\/\\\/www.manabi.gob.ec\\\/index.php\\\/jipijapa-se-prepara-para-el-festival-del-ceviche-con-musica-arte-y-emprendimientos\\\/\"},\"author\":{\"name\":\"Lui Ochoa\",\"@id\":\"https:\\\/\\\/www.manabi.gob.ec\\\/#\\\/schema\\\/person\\\/c4f117989332ad723a6ced5994aa7d7a\"},\"headline\":\"Jipijapa se prepara para el Festival del Ceviche con m\u00fasica, arte y emprendimientos\",\"datePublished\":\"2025-06-19T15:18:32+00:00\",\"dateModified\":\"2025-06-19T15:18:39+00:00\",\"mainEntityOfPage\":{\"@id\":\"https:\\\/\\\/www.manabi.gob.ec\\\/index.php\\\/jipijapa-se-prepara-para-el-festival-del-ceviche-con-musica-arte-y-emprendimientos\\\/\"},\"wordCount\":168,\"image\":{\"@id\":\"https:\\\/\\\/www.manabi.gob.ec\\\/index.php\\\/jipijapa-se-prepara-para-el-festival-del-ceviche-con-musica-arte-y-emprendimientos\\\/#primaryimage\"},\"thumbnailUrl\":\"https:\\\/\\\/www.manabi.gob.ec\\\/wp-content\\\/uploads\\\/2025\\\/06\\\/WhatsApp-Image-2025-06-19-at-10.15.15-AM.png\",\"articleSection\":[\"Ambiente\",\"Desarrollo Social\",\"Jipijapa\",\"Noticias\",\"Regi\u00f3n Gastron\u00f3mica\",\"Todas\",\"Turismo\"],\"inLanguage\":\"es\"},{\"@type\":\"WebPage\",\"@id\":\"https:\\\/\\\/www.manabi.gob.ec\\\/index.php\\\/jipijapa-se-prepara-para-el-festival-del-ceviche-con-musica-arte-y-emprendimientos\\\/\",\"url\":\"https:\\\/\\\/www.manabi.gob.ec\\\/index.php\\\/jipijapa-se-prepara-para-el-festival-del-ceviche-con-musica-arte-y-emprendimientos\\\/\",\"name\":\"Jipijapa se prepara para el Festival del Ceviche con m\u00fasica, arte y emprendimientos - Prefectura de Manab\u00ed\",\"isPartOf\":{\"@id\":\"https:\\\/\\\/www.manabi.gob.ec\\\/#website\"},\"primaryImageOfPage\":{\"@id\":\"https:\\\/\\\/www.manabi.gob.ec\\\/index.php\\\/jipijapa-se-prepara-para-el-festival-del-ceviche-con-musica-arte-y-emprendimientos\\\/#primaryimage\"},\"image\":{\"@id\":\"https:\\\/\\\/www.manabi.gob.ec\\\/index.php\\\/jipijapa-se-prepara-para-el-festival-del-ceviche-con-musica-arte-y-emprendimientos\\\/#primaryimage\"},\"thumbnailUrl\":\"https:\\\/\\\/www.manabi.gob.ec\\\/wp-content\\\/uploads\\\/2025\\\/06\\\/WhatsApp-Image-2025-06-19-at-10.15.15-AM.png\",\"datePublished\":\"2025-06-19T15:18:32+00:00\",\"dateModified\":\"2025-06-19T15:18:39+00:00\",\"author\":{\"@id\":\"https:\\\/\\\/www.manabi.gob.ec\\\/#\\\/schema\\\/person\\\/c4f117989332ad723a6ced5994aa7d7a\"},\"breadcrumb\":{\"@id\":\"https:\\\/\\\/www.manabi.gob.ec\\\/index.php\\\/jipijapa-se-prepara-para-el-festival-del-ceviche-con-musica-arte-y-emprendimientos\\\/#breadcrumb\"},\"inLanguage\":\"es\",\"potentialAction\":[{\"@type\":\"ReadAction\",\"target\":[\"https:\\\/\\\/www.manabi.gob.ec\\\/index.php\\\/jipijapa-se-prepara-para-el-festival-del-ceviche-con-musica-arte-y-emprendimientos\\\/\"]}]},{\"@type\":\"ImageObject\",\"inLanguage\":\"es\",\"@id\":\"https:\\\/\\\/www.manabi.gob.ec\\\/index.php\\\/jipijapa-se-prepara-para-el-festival-del-ceviche-con-musica-arte-y-emprendimientos\\\/#primaryimage\",\"url\":\"https:\\\/\\\/www.manabi.gob.ec\\\/wp-content\\\/uploads\\\/2025\\\/06\\\/WhatsApp-Image-2025-06-19-at-10.15.15-AM.png\",\"contentUrl\":\"https:\\\/\\\/www.manabi.gob.ec\\\/wp-content\\\/uploads\\\/2025\\\/06\\\/WhatsApp-Image-2025-06-19-at-10.15.15-AM.png\",\"width\":2560,\"height\":1435},{\"@type\":\"BreadcrumbList\",\"@id\":\"https:\\\/\\\/www.manabi.gob.ec\\\/index.php\\\/jipijapa-se-prepara-para-el-festival-del-ceviche-con-musica-arte-y-emprendimientos\\\/#breadcrumb\",\"itemListElement\":[{\"@type\":\"ListItem\",\"position\":1,\"name\":\"Portada\",\"item\":\"https:\\\/\\\/www.manabi.gob.ec\\\/\"},{\"@type\":\"ListItem\",\"position\":2,\"name\":\"Jipijapa se prepara para el Festival del Ceviche con m\u00fasica, arte y emprendimientos\"}]},{\"@type\":\"WebSite\",\"@id\":\"https:\\\/\\\/www.manabi.gob.ec\\\/#website\",\"url\":\"https:\\\/\\\/www.manabi.gob.ec\\\/\",\"name\":\"Prefectura de Manab\u00ed\",\"description\":\"P\u00e1gina web de la prefectura\",\"potentialAction\":[{\"@type\":\"SearchAction\",\"target\":{\"@type\":\"EntryPoint\",\"urlTemplate\":\"https:\\\/\\\/www.manabi.gob.ec\\\/?s={search_term_string}\"},\"query-input\":{\"@type\":\"PropertyValueSpecification\",\"valueRequired\":true,\"valueName\":\"search_term_string\"}}],\"inLanguage\":\"es\"},{\"@type\":\"Person\",\"@id\":\"https:\\\/\\\/www.manabi.gob.ec\\\/#\\\/schema\\\/person\\\/c4f117989332ad723a6ced5994aa7d7a\",\"name\":\"Lui Ochoa\",\"image\":{\"@type\":\"ImageObject\",\"inLanguage\":\"es\",\"@id\":\"https:\\\/\\\/secure.gravatar.com\\\/avatar\\\/6e8017d0fe69dead8a95864d2eb6e1e1d8bf8e01194ba49cf7b897ff038126ba?s=96&d=mm&r=g\",\"url\":\"https:\\\/\\\/secure.gravatar.com\\\/avatar\\\/6e8017d0fe69dead8a95864d2eb6e1e1d8bf8e01194ba49cf7b897ff038126ba?s=96&d=mm&r=g\",\"contentUrl\":\"https:\\\/\\\/secure.gravatar.com\\\/avatar\\\/6e8017d0fe69dead8a95864d2eb6e1e1d8bf8e01194ba49cf7b897ff038126ba?s=96&d=mm&r=g\",\"caption\":\"Lui Ochoa\"},\"url\":\"https:\\\/\\\/www.manabi.gob.ec\\\/index.php\\\/author\\\/lochoa\\\/\"}]}<\/script>\n<!-- \/ Yoast SEO plugin. -->","yoast_head_json":{"title":"Jipijapa se prepara para el Festival del Ceviche con m\u00fasica, arte y emprendimientos - Prefectura de Manab\u00ed","robots":{"index":"index","follow":"follow","max-snippet":"max-snippet:-1","max-image-preview":"max-image-preview:large","max-video-preview":"max-video-preview:-1"},"canonical":"https:\/\/www.manabi.gob.ec\/index.php\/jipijapa-se-prepara-para-el-festival-del-ceviche-con-musica-arte-y-emprendimientos\/","og_locale":"es_ES","og_type":"article","og_title":"Jipijapa se prepara para el Festival del Ceviche con m\u00fasica, arte y emprendimientos - Prefectura de Manab\u00ed","og_description":"El mes del manabitismo se celebra a lo grande en la provincia y este 22 de junio, Jipijapa se prepara para brindar lo mejor de la gastronom\u00eda manabita con el Festival del Ceviche. Este gran evento, impulsado por la Prefectura de Manab\u00ed en articulaci\u00f3n con el GAD Municipal, contar\u00e1 con la participaci\u00f3n de 25 servidores [&hellip;]","og_url":"https:\/\/www.manabi.gob.ec\/index.php\/jipijapa-se-prepara-para-el-festival-del-ceviche-con-musica-arte-y-emprendimientos\/","og_site_name":"Prefectura de Manab\u00ed","article_published_time":"2025-06-19T15:18:32+00:00","article_modified_time":"2025-06-19T15:18:39+00:00","og_image":[{"width":1024,"height":574,"url":"https:\/\/www.manabi.gob.ec\/wp-content\/uploads\/2025\/06\/WhatsApp-Image-2025-06-19-at-10.15.15-AM-1024x574.png","type":"image\/png"}],"author":"Lui Ochoa","twitter_card":"summary_large_image","twitter_misc":{"Escrito por":"Lui Ochoa","Tiempo de lectura":"1 minuto"},"schema":{"@context":"https:\/\/schema.org","@graph":[{"@type":"Article","@id":"https:\/\/www.manabi.gob.ec\/index.php\/jipijapa-se-prepara-para-el-festival-del-ceviche-con-musica-arte-y-emprendimientos\/#article","isPartOf":{"@id":"https:\/\/www.manabi.gob.ec\/index.php\/jipijapa-se-prepara-para-el-festival-del-ceviche-con-musica-arte-y-emprendimientos\/"},"author":{"name":"Lui Ochoa","@id":"https:\/\/www.manabi.gob.ec\/#\/schema\/person\/c4f117989332ad723a6ced5994aa7d7a"},"headline":"Jipijapa se prepara para el Festival del Ceviche con m\u00fasica, arte y emprendimientos","datePublished":"2025-06-19T15:18:32+00:00","dateModified":"2025-06-19T15:18:39+00:00","mainEntityOfPage":{"@id":"https:\/\/www.manabi.gob.ec\/index.php\/jipijapa-se-prepara-para-el-festival-del-ceviche-con-musica-arte-y-emprendimientos\/"},"wordCount":168,"image":{"@id":"https:\/\/www.manabi.gob.ec\/index.php\/jipijapa-se-prepara-para-el-festival-del-ceviche-con-musica-arte-y-emprendimientos\/#primaryimage"},"thumbnailUrl":"https:\/\/www.manabi.gob.ec\/wp-content\/uploads\/2025\/06\/WhatsApp-Image-2025-06-19-at-10.15.15-AM.png","articleSection":["Ambiente","Desarrollo Social","Jipijapa","Noticias","Regi\u00f3n Gastron\u00f3mica","Todas","Turismo"],"inLanguage":"es"},{"@type":"WebPage","@id":"https:\/\/www.manabi.gob.ec\/index.php\/jipijapa-se-prepara-para-el-festival-del-ceviche-con-musica-arte-y-emprendimientos\/","url":"https:\/\/www.manabi.gob.ec\/index.php\/jipijapa-se-prepara-para-el-festival-del-ceviche-con-musica-arte-y-emprendimientos\/","name":"Jipijapa se prepara para el Festival del Ceviche con m\u00fasica, arte y emprendimientos - Prefectura de Manab\u00ed","isPartOf":{"@id":"https:\/\/www.manabi.gob.ec\/#website"},"primaryImageOfPage":{"@id":"https:\/\/www.manabi.gob.ec\/index.php\/jipijapa-se-prepara-para-el-festival-del-ceviche-con-musica-arte-y-emprendimientos\/#primaryimage"},"image":{"@id":"https:\/\/www.manabi.gob.ec\/index.php\/jipijapa-se-prepara-para-el-festival-del-ceviche-con-musica-arte-y-emprendimientos\/#primaryimage"},"thumbnailUrl":"https:\/\/www.manabi.gob.ec\/wp-content\/uploads\/2025\/06\/WhatsApp-Image-2025-06-19-at-10.15.15-AM.png","datePublished":"2025-06-19T15:18:32+00:00","dateModified":"2025-06-19T15:18:39+00:00","author":{"@id":"https:\/\/www.manabi.gob.ec\/#\/schema\/person\/c4f117989332ad723a6ced5994aa7d7a"},"breadcrumb":{"@id":"https:\/\/www.manabi.gob.ec\/index.php\/jipijapa-se-prepara-para-el-festival-del-ceviche-con-musica-arte-y-emprendimientos\/#breadcrumb"},"inLanguage":"es","potentialAction":[{"@type":"ReadAction","target":["https:\/\/www.manabi.gob.ec\/index.php\/jipijapa-se-prepara-para-el-festival-del-ceviche-con-musica-arte-y-emprendimientos\/"]}]},{"@type":"ImageObject","inLanguage":"es","@id":"https:\/\/www.manabi.gob.ec\/index.php\/jipijapa-se-prepara-para-el-festival-del-ceviche-con-musica-arte-y-emprendimientos\/#primaryimage","url":"https:\/\/www.manabi.gob.ec\/wp-content\/uploads\/2025\/06\/WhatsApp-Image-2025-06-19-at-10.15.15-AM.png","contentUrl":"https:\/\/www.manabi.gob.ec\/wp-content\/uploads\/2025\/06\/WhatsApp-Image-2025-06-19-at-10.15.15-AM.png","width":2560,"height":1435},{"@type":"BreadcrumbList","@id":"https:\/\/www.manabi.gob.ec\/index.php\/jipijapa-se-prepara-para-el-festival-del-ceviche-con-musica-arte-y-emprendimientos\/#breadcrumb","itemListElement":[{"@type":"ListItem","position":1,"name":"Portada","item":"https:\/\/www.manabi.gob.ec\/"},{"@type":"ListItem","position":2,"name":"Jipijapa se prepara para el Festival del Ceviche con m\u00fasica, arte y emprendimientos"}]},{"@type":"WebSite","@id":"https:\/\/www.manabi.gob.ec\/#website","url":"https:\/\/www.manabi.gob.ec\/","name":"Prefectura de Manab\u00ed","description":"P\u00e1gina web de la prefectura","potentialAction":[{"@type":"SearchAction","target":{"@type":"EntryPoint","urlTemplate":"https:\/\/www.manabi.gob.ec\/?s={search_term_string}"},"query-input":{"@type":"PropertyValueSpecification","valueRequired":true,"valueName":"search_term_string"}}],"inLanguage":"es"},{"@type":"Person","@id":"https:\/\/www.manabi.gob.ec\/#\/schema\/person\/c4f117989332ad723a6ced5994aa7d7a","name":"Lui Ochoa","image":{"@type":"ImageObject","inLanguage":"es","@id":"https:\/\/secure.gravatar.com\/avatar\/6e8017d0fe69dead8a95864d2eb6e1e1d8bf8e01194ba49cf7b897ff038126ba?s=96&d=mm&r=g","url":"https:\/\/secure.gravatar.com\/avatar\/6e8017d0fe69dead8a95864d2eb6e1e1d8bf8e01194ba49cf7b897ff038126ba?s=96&d=mm&r=g","contentUrl":"https:\/\/secure.gravatar.com\/avatar\/6e8017d0fe69dead8a95864d2eb6e1e1d8bf8e01194ba49cf7b897ff038126ba?s=96&d=mm&r=g","caption":"Lui Ochoa"},"url":"https:\/\/www.manabi.gob.ec\/index.php\/author\/lochoa\/"}]}},"jetpack_featured_media_url":"https:\/\/www.manabi.gob.ec\/wp-content\/uploads\/2025\/06\/WhatsApp-Image-2025-06-19-at-10.15.15-AM.png","_links":{"self":[{"href":"https:\/\/www.manabi.gob.ec\/index.php\/wp-json\/wp\/v2\/posts\/31201","targetHints":{"allow":["GET"]}}],"collection":[{"href":"https:\/\/www.manabi.gob.ec\/index.php\/wp-json\/wp\/v2\/posts"}],"about":[{"href":"https:\/\/www.manabi.gob.ec\/index.php\/wp-json\/wp\/v2\/types\/post"}],"author":[{"embeddable":true,"href":"https:\/\/www.manabi.gob.ec\/index.php\/wp-json\/wp\/v2\/users\/10"}],"replies":[{"embeddable":true,"href":"https:\/\/www.manabi.gob.ec\/index.php\/wp-json\/wp\/v2\/comments?post=31201"}],"version-history":[{"count":1,"href":"https:\/\/www.manabi.gob.ec\/index.php\/wp-json\/wp\/v2\/posts\/31201\/revisions"}],"predecessor-version":[{"id":31203,"href":"https:\/\/www.manabi.gob.ec\/index.php\/wp-json\/wp\/v2\/posts\/31201\/revisions\/31203"}],"wp:featuredmedia":[{"embeddable":true,"href":"https:\/\/www.manabi.gob.ec\/index.php\/wp-json\/wp\/v2\/media\/31202"}],"wp:attachment":[{"href":"https:\/\/www.manabi.gob.ec\/index.php\/wp-json\/wp\/v2\/media?parent=31201"}],"wp:term":[{"taxonomy":"category","embeddable":true,"href":"https:\/\/www.manabi.gob.ec\/index.php\/wp-json\/wp\/v2\/categories?post=31201"},{"taxonomy":"post_tag","embeddable":true,"href":"https:\/\/www.manabi.gob.ec\/index.php\/wp-json\/wp\/v2\/tags?post=31201"}],"curies":[{"name":"wp","href":"https:\/\/api.w.org\/{rel}","templated":true}]}}