{"id":31671,"date":"2025-08-07T19:19:59","date_gmt":"2025-08-07T19:19:59","guid":{"rendered":"https:\/\/www.manabi.gob.ec\/?p=31671"},"modified":"2025-08-07T19:37:44","modified_gmt":"2025-08-07T19:37:44","slug":"prefecto-superviso-trabajos-del-puente-el-cady-y-la-via-cuatro-esquinas-pachinche-en-medio-de-portoviejo","status":"publish","type":"post","link":"https:\/\/www.manabi.gob.ec\/index.php\/prefecto-superviso-trabajos-del-puente-el-cady-y-la-via-cuatro-esquinas-pachinche-en-medio-de-portoviejo\/","title":{"rendered":"Prefecto supervis\u00f3 trabajos del puente El Cady y la v\u00eda Cuatro Esquinas &#8211; Pachinche en Medio de Portoviejo"},"content":{"rendered":"\n<p>La construcci\u00f3n del puente El Cady, sobre el r\u00edo Portoviejo, tiene un avance del 53%, y a buen ritmo avanzan los trabajos en la v\u00eda la v\u00eda Cuatro Esquinas &#8211; Estancia Vieja &#8211; Pachinche en Medio y la rehabilitaci\u00f3n del tramo Estancia Vieja &#8211; Pachinche.<\/p>\n\n\n\n<p>Estas obras fueron recorridas por el prefecto, Leonardo Orlando, el jueves 6 de agosto, quien conoci\u00f3 los avances de los trabajos y condiciones actuales de las obras. Estuvo acompa\u00f1ado del equipo t\u00e9cnico de la instituci\u00f3n.<\/p>\n\n\n\n<p>El puente El Cady se construye con hormig\u00f3n armado y tendr\u00e1 45 metros de longitud y 8.5 metros de ancho. Actualmente se est\u00e1n transportando las vigas en 4 tramos, para ser unidas en sitio y posteriormente iniciar con el montaje.<\/p>\n\n\n\n<p>La inversi\u00f3n del viaducto es de $677.575,72 y se financia con recursos propios de la Prefectura y beneficiar\u00e1 a m\u00e1s de 31.500 personas, de manera directa e indirecta; y, a su vez unir\u00e1 a Portoviejo con Santa Ana.<\/p>\n\n\n\n<p>Luz Alc\u00edvar, presidenta barrial de La Mocora, manifest\u00f3 su agradecimiento al Prefecto por la ejecuci\u00f3n del puente que fortalecer\u00e1 la conectividad de las zonas urbana y rural de Portoviejo.<\/p>\n\n\n\n<p>V\u00eda Cuatro Esquinas &#8211; Estancia Vieja &#8211; Pachinche en Medio.<br>En el tramo de El Cady hacia Pachinche en Medio el Prefecto verific\u00f3 la colocaci\u00f3n de material filtrante y material de sub base, en la abscisa 6+600 y 6+800, respectivamente.<br>Tambi\u00e9n se trabaja en las pantallas del puente, a la altura de Pachinche en Medio, en la abscisa 10+600.<br>La obra vial es de 10.9 kil\u00f3metros de longitud y tiene un avance del 66.68%. Fue contratada por la Prefectura de Manab\u00ed, y su inversi\u00f3n es de $4\u2019502.424,22 (m\u00e1s IVA), financiada a trav\u00e9s del Banco de Desarrollo del Ecuador.<\/p>\n","protected":false},"excerpt":{"rendered":"<p>La construcci\u00f3n del puente El Cady, sobre el r\u00edo Portoviejo, tiene un avance del 53%, y a buen ritmo avanzan los trabajos en la v\u00eda la v\u00eda Cuatro Esquinas &#8211; Estancia Vieja &#8211; Pachinche en Medio y la rehabilitaci\u00f3n del tramo Estancia Vieja &#8211; Pachinche. Estas obras fueron recorridas por el prefecto, Leonardo Orlando, el [&hellip;]<\/p>\n","protected":false},"author":10,"featured_media":31674,"comment_status":"closed","ping_status":"closed","sticky":false,"template":"","format":"standard","meta":{"_joinchat":[],"footnotes":""},"categories":[150,142,152,181,132,91,127],"tags":[],"class_list":["post-31671","post","type-post","status-publish","format-standard","has-post-thumbnail","hentry","category-ambiente","category-desarrollo-social","category-novillo","category-obra-publica","category-portoviejo","category-todas","category-vialidad"],"yoast_head":"<!-- This site is optimized with the Yoast SEO plugin v27.4 - https:\/\/yoast.com\/product\/yoast-seo-wordpress\/ -->\n<title>Prefecto supervis\u00f3 trabajos del puente El Cady y la v\u00eda Cuatro Esquinas - Pachinche en Medio de Portoviejo - Prefectura de Manab\u00ed<\/title>\n<meta name=\"robots\" content=\"index, follow, max-snippet:-1, max-image-preview:large, max-video-preview:-1\" \/>\n<link rel=\"canonical\" href=\"https:\/\/www.manabi.gob.ec\/index.php\/prefecto-superviso-trabajos-del-puente-el-cady-y-la-via-cuatro-esquinas-pachinche-en-medio-de-portoviejo\/\" \/>\n<meta property=\"og:locale\" content=\"es_ES\" \/>\n<meta property=\"og:type\" content=\"article\" \/>\n<meta property=\"og:title\" content=\"Prefecto supervis\u00f3 trabajos del puente El Cady y la v\u00eda Cuatro Esquinas - Pachinche en Medio de Portoviejo - Prefectura de Manab\u00ed\" \/>\n<meta property=\"og:description\" content=\"La construcci\u00f3n del puente El Cady, sobre el r\u00edo Portoviejo, tiene un avance del 53%, y a buen ritmo avanzan los trabajos en la v\u00eda la v\u00eda Cuatro Esquinas &#8211; Estancia Vieja &#8211; Pachinche en Medio y la rehabilitaci\u00f3n del tramo Estancia Vieja &#8211; Pachinche. Estas obras fueron recorridas por el prefecto, Leonardo Orlando, el [&hellip;]\" \/>\n<meta property=\"og:url\" content=\"https:\/\/www.manabi.gob.ec\/index.php\/prefecto-superviso-trabajos-del-puente-el-cady-y-la-via-cuatro-esquinas-pachinche-en-medio-de-portoviejo\/\" \/>\n<meta property=\"og:site_name\" content=\"Prefectura de Manab\u00ed\" \/>\n<meta property=\"article:published_time\" content=\"2025-08-07T19:19:59+00:00\" \/>\n<meta property=\"article:modified_time\" content=\"2025-08-07T19:37:44+00:00\" \/>\n<meta property=\"og:image\" content=\"https:\/\/www.manabi.gob.ec\/wp-content\/uploads\/2025\/08\/WhatsApp-Image-2025-08-06-at-7.18.29-PM-scaled.jpeg\" \/>\n\t<meta property=\"og:image:width\" content=\"2560\" \/>\n\t<meta property=\"og:image:height\" content=\"1706\" \/>\n\t<meta property=\"og:image:type\" content=\"image\/jpeg\" \/>\n<meta name=\"author\" content=\"Lui Ochoa\" \/>\n<meta name=\"twitter:card\" content=\"summary_large_image\" \/>\n<meta name=\"twitter:label1\" content=\"Escrito por\" \/>\n\t<meta name=\"twitter:data1\" content=\"Lui Ochoa\" \/>\n\t<meta name=\"twitter:label2\" content=\"Tiempo de lectura\" \/>\n\t<meta name=\"twitter:data2\" content=\"2 minutos\" \/>\n<script type=\"application\/ld+json\" class=\"yoast-schema-graph\">{\"@context\":\"https:\\\/\\\/schema.org\",\"@graph\":[{\"@type\":\"Article\",\"@id\":\"https:\\\/\\\/www.manabi.gob.ec\\\/index.php\\\/prefecto-superviso-trabajos-del-puente-el-cady-y-la-via-cuatro-esquinas-pachinche-en-medio-de-portoviejo\\\/#article\",\"isPartOf\":{\"@id\":\"https:\\\/\\\/www.manabi.gob.ec\\\/index.php\\\/prefecto-superviso-trabajos-del-puente-el-cady-y-la-via-cuatro-esquinas-pachinche-en-medio-de-portoviejo\\\/\"},\"author\":{\"name\":\"Lui Ochoa\",\"@id\":\"https:\\\/\\\/www.manabi.gob.ec\\\/#\\\/schema\\\/person\\\/c4f117989332ad723a6ced5994aa7d7a\"},\"headline\":\"Prefecto supervis\u00f3 trabajos del puente El Cady y la v\u00eda Cuatro Esquinas &#8211; Pachinche en Medio de Portoviejo\",\"datePublished\":\"2025-08-07T19:19:59+00:00\",\"dateModified\":\"2025-08-07T19:37:44+00:00\",\"mainEntityOfPage\":{\"@id\":\"https:\\\/\\\/www.manabi.gob.ec\\\/index.php\\\/prefecto-superviso-trabajos-del-puente-el-cady-y-la-via-cuatro-esquinas-pachinche-en-medio-de-portoviejo\\\/\"},\"wordCount\":312,\"image\":{\"@id\":\"https:\\\/\\\/www.manabi.gob.ec\\\/index.php\\\/prefecto-superviso-trabajos-del-puente-el-cady-y-la-via-cuatro-esquinas-pachinche-en-medio-de-portoviejo\\\/#primaryimage\"},\"thumbnailUrl\":\"https:\\\/\\\/www.manabi.gob.ec\\\/wp-content\\\/uploads\\\/2025\\\/08\\\/WhatsApp-Image-2025-08-06-at-7.18.29-PM-scaled.jpeg\",\"articleSection\":[\"Ambiente\",\"Desarrollo Social\",\"Novillo\",\"Obra P\u00fablica\",\"Portoviejo\",\"Todas\",\"Vialidad\"],\"inLanguage\":\"es\"},{\"@type\":\"WebPage\",\"@id\":\"https:\\\/\\\/www.manabi.gob.ec\\\/index.php\\\/prefecto-superviso-trabajos-del-puente-el-cady-y-la-via-cuatro-esquinas-pachinche-en-medio-de-portoviejo\\\/\",\"url\":\"https:\\\/\\\/www.manabi.gob.ec\\\/index.php\\\/prefecto-superviso-trabajos-del-puente-el-cady-y-la-via-cuatro-esquinas-pachinche-en-medio-de-portoviejo\\\/\",\"name\":\"Prefecto supervis\u00f3 trabajos del puente El Cady y la v\u00eda Cuatro Esquinas - Pachinche en Medio de Portoviejo - Prefectura de Manab\u00ed\",\"isPartOf\":{\"@id\":\"https:\\\/\\\/www.manabi.gob.ec\\\/#website\"},\"primaryImageOfPage\":{\"@id\":\"https:\\\/\\\/www.manabi.gob.ec\\\/index.php\\\/prefecto-superviso-trabajos-del-puente-el-cady-y-la-via-cuatro-esquinas-pachinche-en-medio-de-portoviejo\\\/#primaryimage\"},\"image\":{\"@id\":\"https:\\\/\\\/www.manabi.gob.ec\\\/index.php\\\/prefecto-superviso-trabajos-del-puente-el-cady-y-la-via-cuatro-esquinas-pachinche-en-medio-de-portoviejo\\\/#primaryimage\"},\"thumbnailUrl\":\"https:\\\/\\\/www.manabi.gob.ec\\\/wp-content\\\/uploads\\\/2025\\\/08\\\/WhatsApp-Image-2025-08-06-at-7.18.29-PM-scaled.jpeg\",\"datePublished\":\"2025-08-07T19:19:59+00:00\",\"dateModified\":\"2025-08-07T19:37:44+00:00\",\"author\":{\"@id\":\"https:\\\/\\\/www.manabi.gob.ec\\\/#\\\/schema\\\/person\\\/c4f117989332ad723a6ced5994aa7d7a\"},\"breadcrumb\":{\"@id\":\"https:\\\/\\\/www.manabi.gob.ec\\\/index.php\\\/prefecto-superviso-trabajos-del-puente-el-cady-y-la-via-cuatro-esquinas-pachinche-en-medio-de-portoviejo\\\/#breadcrumb\"},\"inLanguage\":\"es\",\"potentialAction\":[{\"@type\":\"ReadAction\",\"target\":[\"https:\\\/\\\/www.manabi.gob.ec\\\/index.php\\\/prefecto-superviso-trabajos-del-puente-el-cady-y-la-via-cuatro-esquinas-pachinche-en-medio-de-portoviejo\\\/\"]}]},{\"@type\":\"ImageObject\",\"inLanguage\":\"es\",\"@id\":\"https:\\\/\\\/www.manabi.gob.ec\\\/index.php\\\/prefecto-superviso-trabajos-del-puente-el-cady-y-la-via-cuatro-esquinas-pachinche-en-medio-de-portoviejo\\\/#primaryimage\",\"url\":\"https:\\\/\\\/www.manabi.gob.ec\\\/wp-content\\\/uploads\\\/2025\\\/08\\\/WhatsApp-Image-2025-08-06-at-7.18.29-PM-scaled.jpeg\",\"contentUrl\":\"https:\\\/\\\/www.manabi.gob.ec\\\/wp-content\\\/uploads\\\/2025\\\/08\\\/WhatsApp-Image-2025-08-06-at-7.18.29-PM-scaled.jpeg\",\"width\":2560,\"height\":1706},{\"@type\":\"BreadcrumbList\",\"@id\":\"https:\\\/\\\/www.manabi.gob.ec\\\/index.php\\\/prefecto-superviso-trabajos-del-puente-el-cady-y-la-via-cuatro-esquinas-pachinche-en-medio-de-portoviejo\\\/#breadcrumb\",\"itemListElement\":[{\"@type\":\"ListItem\",\"position\":1,\"name\":\"Portada\",\"item\":\"https:\\\/\\\/www.manabi.gob.ec\\\/\"},{\"@type\":\"ListItem\",\"position\":2,\"name\":\"Prefecto supervis\u00f3 trabajos del puente El Cady y la v\u00eda Cuatro Esquinas &#8211; Pachinche en Medio de Portoviejo\"}]},{\"@type\":\"WebSite\",\"@id\":\"https:\\\/\\\/www.manabi.gob.ec\\\/#website\",\"url\":\"https:\\\/\\\/www.manabi.gob.ec\\\/\",\"name\":\"Prefectura de Manab\u00ed\",\"description\":\"P\u00e1gina web de la prefectura\",\"potentialAction\":[{\"@type\":\"SearchAction\",\"target\":{\"@type\":\"EntryPoint\",\"urlTemplate\":\"https:\\\/\\\/www.manabi.gob.ec\\\/?s={search_term_string}\"},\"query-input\":{\"@type\":\"PropertyValueSpecification\",\"valueRequired\":true,\"valueName\":\"search_term_string\"}}],\"inLanguage\":\"es\"},{\"@type\":\"Person\",\"@id\":\"https:\\\/\\\/www.manabi.gob.ec\\\/#\\\/schema\\\/person\\\/c4f117989332ad723a6ced5994aa7d7a\",\"name\":\"Lui Ochoa\",\"image\":{\"@type\":\"ImageObject\",\"inLanguage\":\"es\",\"@id\":\"https:\\\/\\\/secure.gravatar.com\\\/avatar\\\/6e8017d0fe69dead8a95864d2eb6e1e1d8bf8e01194ba49cf7b897ff038126ba?s=96&d=mm&r=g\",\"url\":\"https:\\\/\\\/secure.gravatar.com\\\/avatar\\\/6e8017d0fe69dead8a95864d2eb6e1e1d8bf8e01194ba49cf7b897ff038126ba?s=96&d=mm&r=g\",\"contentUrl\":\"https:\\\/\\\/secure.gravatar.com\\\/avatar\\\/6e8017d0fe69dead8a95864d2eb6e1e1d8bf8e01194ba49cf7b897ff038126ba?s=96&d=mm&r=g\",\"caption\":\"Lui Ochoa\"},\"url\":\"https:\\\/\\\/www.manabi.gob.ec\\\/index.php\\\/author\\\/lochoa\\\/\"}]}<\/script>\n<!-- \/ Yoast SEO plugin. -->","yoast_head_json":{"title":"Prefecto supervis\u00f3 trabajos del puente El Cady y la v\u00eda Cuatro Esquinas - Pachinche en Medio de Portoviejo - Prefectura de Manab\u00ed","robots":{"index":"index","follow":"follow","max-snippet":"max-snippet:-1","max-image-preview":"max-image-preview:large","max-video-preview":"max-video-preview:-1"},"canonical":"https:\/\/www.manabi.gob.ec\/index.php\/prefecto-superviso-trabajos-del-puente-el-cady-y-la-via-cuatro-esquinas-pachinche-en-medio-de-portoviejo\/","og_locale":"es_ES","og_type":"article","og_title":"Prefecto supervis\u00f3 trabajos del puente El Cady y la v\u00eda Cuatro Esquinas - Pachinche en Medio de Portoviejo - Prefectura de Manab\u00ed","og_description":"La construcci\u00f3n del puente El Cady, sobre el r\u00edo Portoviejo, tiene un avance del 53%, y a buen ritmo avanzan los trabajos en la v\u00eda la v\u00eda Cuatro Esquinas &#8211; Estancia Vieja &#8211; Pachinche en Medio y la rehabilitaci\u00f3n del tramo Estancia Vieja &#8211; Pachinche. Estas obras fueron recorridas por el prefecto, Leonardo Orlando, el [&hellip;]","og_url":"https:\/\/www.manabi.gob.ec\/index.php\/prefecto-superviso-trabajos-del-puente-el-cady-y-la-via-cuatro-esquinas-pachinche-en-medio-de-portoviejo\/","og_site_name":"Prefectura de Manab\u00ed","article_published_time":"2025-08-07T19:19:59+00:00","article_modified_time":"2025-08-07T19:37:44+00:00","og_image":[{"width":2560,"height":1706,"url":"https:\/\/www.manabi.gob.ec\/wp-content\/uploads\/2025\/08\/WhatsApp-Image-2025-08-06-at-7.18.29-PM-scaled.jpeg","type":"image\/jpeg"}],"author":"Lui Ochoa","twitter_card":"summary_large_image","twitter_misc":{"Escrito por":"Lui Ochoa","Tiempo de lectura":"2 minutos"},"schema":{"@context":"https:\/\/schema.org","@graph":[{"@type":"Article","@id":"https:\/\/www.manabi.gob.ec\/index.php\/prefecto-superviso-trabajos-del-puente-el-cady-y-la-via-cuatro-esquinas-pachinche-en-medio-de-portoviejo\/#article","isPartOf":{"@id":"https:\/\/www.manabi.gob.ec\/index.php\/prefecto-superviso-trabajos-del-puente-el-cady-y-la-via-cuatro-esquinas-pachinche-en-medio-de-portoviejo\/"},"author":{"name":"Lui Ochoa","@id":"https:\/\/www.manabi.gob.ec\/#\/schema\/person\/c4f117989332ad723a6ced5994aa7d7a"},"headline":"Prefecto supervis\u00f3 trabajos del puente El Cady y la v\u00eda Cuatro Esquinas &#8211; Pachinche en Medio de Portoviejo","datePublished":"2025-08-07T19:19:59+00:00","dateModified":"2025-08-07T19:37:44+00:00","mainEntityOfPage":{"@id":"https:\/\/www.manabi.gob.ec\/index.php\/prefecto-superviso-trabajos-del-puente-el-cady-y-la-via-cuatro-esquinas-pachinche-en-medio-de-portoviejo\/"},"wordCount":312,"image":{"@id":"https:\/\/www.manabi.gob.ec\/index.php\/prefecto-superviso-trabajos-del-puente-el-cady-y-la-via-cuatro-esquinas-pachinche-en-medio-de-portoviejo\/#primaryimage"},"thumbnailUrl":"https:\/\/www.manabi.gob.ec\/wp-content\/uploads\/2025\/08\/WhatsApp-Image-2025-08-06-at-7.18.29-PM-scaled.jpeg","articleSection":["Ambiente","Desarrollo Social","Novillo","Obra P\u00fablica","Portoviejo","Todas","Vialidad"],"inLanguage":"es"},{"@type":"WebPage","@id":"https:\/\/www.manabi.gob.ec\/index.php\/prefecto-superviso-trabajos-del-puente-el-cady-y-la-via-cuatro-esquinas-pachinche-en-medio-de-portoviejo\/","url":"https:\/\/www.manabi.gob.ec\/index.php\/prefecto-superviso-trabajos-del-puente-el-cady-y-la-via-cuatro-esquinas-pachinche-en-medio-de-portoviejo\/","name":"Prefecto supervis\u00f3 trabajos del puente El Cady y la v\u00eda Cuatro Esquinas - Pachinche en Medio de Portoviejo - Prefectura de Manab\u00ed","isPartOf":{"@id":"https:\/\/www.manabi.gob.ec\/#website"},"primaryImageOfPage":{"@id":"https:\/\/www.manabi.gob.ec\/index.php\/prefecto-superviso-trabajos-del-puente-el-cady-y-la-via-cuatro-esquinas-pachinche-en-medio-de-portoviejo\/#primaryimage"},"image":{"@id":"https:\/\/www.manabi.gob.ec\/index.php\/prefecto-superviso-trabajos-del-puente-el-cady-y-la-via-cuatro-esquinas-pachinche-en-medio-de-portoviejo\/#primaryimage"},"thumbnailUrl":"https:\/\/www.manabi.gob.ec\/wp-content\/uploads\/2025\/08\/WhatsApp-Image-2025-08-06-at-7.18.29-PM-scaled.jpeg","datePublished":"2025-08-07T19:19:59+00:00","dateModified":"2025-08-07T19:37:44+00:00","author":{"@id":"https:\/\/www.manabi.gob.ec\/#\/schema\/person\/c4f117989332ad723a6ced5994aa7d7a"},"breadcrumb":{"@id":"https:\/\/www.manabi.gob.ec\/index.php\/prefecto-superviso-trabajos-del-puente-el-cady-y-la-via-cuatro-esquinas-pachinche-en-medio-de-portoviejo\/#breadcrumb"},"inLanguage":"es","potentialAction":[{"@type":"ReadAction","target":["https:\/\/www.manabi.gob.ec\/index.php\/prefecto-superviso-trabajos-del-puente-el-cady-y-la-via-cuatro-esquinas-pachinche-en-medio-de-portoviejo\/"]}]},{"@type":"ImageObject","inLanguage":"es","@id":"https:\/\/www.manabi.gob.ec\/index.php\/prefecto-superviso-trabajos-del-puente-el-cady-y-la-via-cuatro-esquinas-pachinche-en-medio-de-portoviejo\/#primaryimage","url":"https:\/\/www.manabi.gob.ec\/wp-content\/uploads\/2025\/08\/WhatsApp-Image-2025-08-06-at-7.18.29-PM-scaled.jpeg","contentUrl":"https:\/\/www.manabi.gob.ec\/wp-content\/uploads\/2025\/08\/WhatsApp-Image-2025-08-06-at-7.18.29-PM-scaled.jpeg","width":2560,"height":1706},{"@type":"BreadcrumbList","@id":"https:\/\/www.manabi.gob.ec\/index.php\/prefecto-superviso-trabajos-del-puente-el-cady-y-la-via-cuatro-esquinas-pachinche-en-medio-de-portoviejo\/#breadcrumb","itemListElement":[{"@type":"ListItem","position":1,"name":"Portada","item":"https:\/\/www.manabi.gob.ec\/"},{"@type":"ListItem","position":2,"name":"Prefecto supervis\u00f3 trabajos del puente El Cady y la v\u00eda Cuatro Esquinas &#8211; Pachinche en Medio de Portoviejo"}]},{"@type":"WebSite","@id":"https:\/\/www.manabi.gob.ec\/#website","url":"https:\/\/www.manabi.gob.ec\/","name":"Prefectura de Manab\u00ed","description":"P\u00e1gina web de la prefectura","potentialAction":[{"@type":"SearchAction","target":{"@type":"EntryPoint","urlTemplate":"https:\/\/www.manabi.gob.ec\/?s={search_term_string}"},"query-input":{"@type":"PropertyValueSpecification","valueRequired":true,"valueName":"search_term_string"}}],"inLanguage":"es"},{"@type":"Person","@id":"https:\/\/www.manabi.gob.ec\/#\/schema\/person\/c4f117989332ad723a6ced5994aa7d7a","name":"Lui Ochoa","image":{"@type":"ImageObject","inLanguage":"es","@id":"https:\/\/secure.gravatar.com\/avatar\/6e8017d0fe69dead8a95864d2eb6e1e1d8bf8e01194ba49cf7b897ff038126ba?s=96&d=mm&r=g","url":"https:\/\/secure.gravatar.com\/avatar\/6e8017d0fe69dead8a95864d2eb6e1e1d8bf8e01194ba49cf7b897ff038126ba?s=96&d=mm&r=g","contentUrl":"https:\/\/secure.gravatar.com\/avatar\/6e8017d0fe69dead8a95864d2eb6e1e1d8bf8e01194ba49cf7b897ff038126ba?s=96&d=mm&r=g","caption":"Lui Ochoa"},"url":"https:\/\/www.manabi.gob.ec\/index.php\/author\/lochoa\/"}]}},"jetpack_featured_media_url":"https:\/\/www.manabi.gob.ec\/wp-content\/uploads\/2025\/08\/WhatsApp-Image-2025-08-06-at-7.18.29-PM-scaled.jpeg","_links":{"self":[{"href":"https:\/\/www.manabi.gob.ec\/index.php\/wp-json\/wp\/v2\/posts\/31671","targetHints":{"allow":["GET"]}}],"collection":[{"href":"https:\/\/www.manabi.gob.ec\/index.php\/wp-json\/wp\/v2\/posts"}],"about":[{"href":"https:\/\/www.manabi.gob.ec\/index.php\/wp-json\/wp\/v2\/types\/post"}],"author":[{"embeddable":true,"href":"https:\/\/www.manabi.gob.ec\/index.php\/wp-json\/wp\/v2\/users\/10"}],"replies":[{"embeddable":true,"href":"https:\/\/www.manabi.gob.ec\/index.php\/wp-json\/wp\/v2\/comments?post=31671"}],"version-history":[{"count":1,"href":"https:\/\/www.manabi.gob.ec\/index.php\/wp-json\/wp\/v2\/posts\/31671\/revisions"}],"predecessor-version":[{"id":31673,"href":"https:\/\/www.manabi.gob.ec\/index.php\/wp-json\/wp\/v2\/posts\/31671\/revisions\/31673"}],"wp:featuredmedia":[{"embeddable":true,"href":"https:\/\/www.manabi.gob.ec\/index.php\/wp-json\/wp\/v2\/media\/31674"}],"wp:attachment":[{"href":"https:\/\/www.manabi.gob.ec\/index.php\/wp-json\/wp\/v2\/media?parent=31671"}],"wp:term":[{"taxonomy":"category","embeddable":true,"href":"https:\/\/www.manabi.gob.ec\/index.php\/wp-json\/wp\/v2\/categories?post=31671"},{"taxonomy":"post_tag","embeddable":true,"href":"https:\/\/www.manabi.gob.ec\/index.php\/wp-json\/wp\/v2\/tags?post=31671"}],"curies":[{"name":"wp","href":"https:\/\/api.w.org\/{rel}","templated":true}]}}