{"id":31675,"date":"2025-08-07T21:10:22","date_gmt":"2025-08-07T21:10:22","guid":{"rendered":"https:\/\/www.manabi.gob.ec\/?p=31675"},"modified":"2025-08-07T21:10:26","modified_gmt":"2025-08-07T21:10:26","slug":"prefectura-de-manabi-promueve-la-lactancia-materna-con-feria-de-salud-en-portoviejo","status":"publish","type":"post","link":"https:\/\/www.manabi.gob.ec\/index.php\/prefectura-de-manabi-promueve-la-lactancia-materna-con-feria-de-salud-en-portoviejo\/","title":{"rendered":"Prefectura de Manab\u00ed promueve la lactancia materna con feria de salud en Portoviejo"},"content":{"rendered":"\n<p>El parque Las Vegas de Portoviejo fue el epicentro de la salud, este jueves 7 de agosto, con los proyectos de bienestar impulsados por la Prefectura de Manab\u00ed para los manabitas.<\/p>\n\n\n\n<p>En el marco de la Semana Mundial de la Lactancia, se desarroll\u00f3 una feria de la salud que cont\u00f3 con espacios de atenci\u00f3n m\u00e9dica, medicina gratuita, informaci\u00f3n nutricional y de lactancia, as\u00ed como espacios l\u00fadicos y de emprendimientos para las familias que se dieron cita en el lugar.<\/p>\n\n\n\n<p>Andrea Aguilera, madre de una beb\u00e9 de un a\u00f1o, agradeci\u00f3 a la Prefectura por brindar estos servicios m\u00e9dicos gratuitos e informativos que ayudan a mejorar el crecimiento de su hija.<\/p>\n\n\n\n<p>Durante esta jornada se realizaron un total de 280 atenciones y tambi\u00e9n se brind\u00f3 informaci\u00f3n y servicios con el personal de psicolog\u00eda, la unidad contra la violencia de g\u00e9nero y terapia f\u00edsica.<\/p>\n","protected":false},"excerpt":{"rendered":"<p>El parque Las Vegas de Portoviejo fue el epicentro de la salud, este jueves 7 de agosto, con los proyectos de bienestar impulsados por la Prefectura de Manab\u00ed para los manabitas. En el marco de la Semana Mundial de la Lactancia, se desarroll\u00f3 una feria de la salud que cont\u00f3 con espacios de atenci\u00f3n m\u00e9dica, [&hellip;]<\/p>\n","protected":false},"author":10,"featured_media":31676,"comment_status":"closed","ping_status":"closed","sticky":false,"template":"","format":"standard","meta":{"_joinchat":[],"footnotes":""},"categories":[150,142,92,72,91],"tags":[],"class_list":["post-31675","post","type-post","status-publish","format-standard","has-post-thumbnail","hentry","category-ambiente","category-desarrollo-social","category-noticias-manabi","category-salud","category-todas"],"yoast_head":"<!-- This site is optimized with the Yoast SEO plugin v27.4 - https:\/\/yoast.com\/product\/yoast-seo-wordpress\/ -->\n<title>Prefectura de Manab\u00ed promueve la lactancia materna con feria de salud en Portoviejo - Prefectura de Manab\u00ed<\/title>\n<meta name=\"robots\" content=\"index, follow, max-snippet:-1, max-image-preview:large, max-video-preview:-1\" \/>\n<link rel=\"canonical\" href=\"https:\/\/www.manabi.gob.ec\/index.php\/prefectura-de-manabi-promueve-la-lactancia-materna-con-feria-de-salud-en-portoviejo\/\" \/>\n<meta property=\"og:locale\" content=\"es_ES\" \/>\n<meta property=\"og:type\" content=\"article\" \/>\n<meta property=\"og:title\" content=\"Prefectura de Manab\u00ed promueve la lactancia materna con feria de salud en Portoviejo - Prefectura de Manab\u00ed\" \/>\n<meta property=\"og:description\" content=\"El parque Las Vegas de Portoviejo fue el epicentro de la salud, este jueves 7 de agosto, con los proyectos de bienestar impulsados por la Prefectura de Manab\u00ed para los manabitas. En el marco de la Semana Mundial de la Lactancia, se desarroll\u00f3 una feria de la salud que cont\u00f3 con espacios de atenci\u00f3n m\u00e9dica, [&hellip;]\" \/>\n<meta property=\"og:url\" content=\"https:\/\/www.manabi.gob.ec\/index.php\/prefectura-de-manabi-promueve-la-lactancia-materna-con-feria-de-salud-en-portoviejo\/\" \/>\n<meta property=\"og:site_name\" content=\"Prefectura de Manab\u00ed\" \/>\n<meta property=\"article:published_time\" content=\"2025-08-07T21:10:22+00:00\" \/>\n<meta property=\"article:modified_time\" content=\"2025-08-07T21:10:26+00:00\" \/>\n<meta property=\"og:image\" content=\"https:\/\/www.manabi.gob.ec\/wp-content\/uploads\/2025\/08\/WhatsApp-Image-2025-08-07-at-3.30.55-PM-scaled.jpeg\" \/>\n\t<meta property=\"og:image:width\" content=\"2560\" \/>\n\t<meta property=\"og:image:height\" content=\"1706\" \/>\n\t<meta property=\"og:image:type\" content=\"image\/jpeg\" \/>\n<meta name=\"author\" content=\"Lui Ochoa\" \/>\n<meta name=\"twitter:card\" content=\"summary_large_image\" \/>\n<meta name=\"twitter:label1\" content=\"Escrito por\" \/>\n\t<meta name=\"twitter:data1\" content=\"Lui Ochoa\" \/>\n\t<meta name=\"twitter:label2\" content=\"Tiempo de lectura\" \/>\n\t<meta name=\"twitter:data2\" content=\"1 minuto\" \/>\n<script type=\"application\/ld+json\" class=\"yoast-schema-graph\">{\"@context\":\"https:\\\/\\\/schema.org\",\"@graph\":[{\"@type\":\"Article\",\"@id\":\"https:\\\/\\\/www.manabi.gob.ec\\\/index.php\\\/prefectura-de-manabi-promueve-la-lactancia-materna-con-feria-de-salud-en-portoviejo\\\/#article\",\"isPartOf\":{\"@id\":\"https:\\\/\\\/www.manabi.gob.ec\\\/index.php\\\/prefectura-de-manabi-promueve-la-lactancia-materna-con-feria-de-salud-en-portoviejo\\\/\"},\"author\":{\"name\":\"Lui Ochoa\",\"@id\":\"https:\\\/\\\/www.manabi.gob.ec\\\/#\\\/schema\\\/person\\\/c4f117989332ad723a6ced5994aa7d7a\"},\"headline\":\"Prefectura de Manab\u00ed promueve la lactancia materna con feria de salud en Portoviejo\",\"datePublished\":\"2025-08-07T21:10:22+00:00\",\"dateModified\":\"2025-08-07T21:10:26+00:00\",\"mainEntityOfPage\":{\"@id\":\"https:\\\/\\\/www.manabi.gob.ec\\\/index.php\\\/prefectura-de-manabi-promueve-la-lactancia-materna-con-feria-de-salud-en-portoviejo\\\/\"},\"wordCount\":163,\"image\":{\"@id\":\"https:\\\/\\\/www.manabi.gob.ec\\\/index.php\\\/prefectura-de-manabi-promueve-la-lactancia-materna-con-feria-de-salud-en-portoviejo\\\/#primaryimage\"},\"thumbnailUrl\":\"https:\\\/\\\/www.manabi.gob.ec\\\/wp-content\\\/uploads\\\/2025\\\/08\\\/WhatsApp-Image-2025-08-07-at-3.30.55-PM-scaled.jpeg\",\"articleSection\":[\"Ambiente\",\"Desarrollo Social\",\"Noticias\",\"salud\",\"Todas\"],\"inLanguage\":\"es\"},{\"@type\":\"WebPage\",\"@id\":\"https:\\\/\\\/www.manabi.gob.ec\\\/index.php\\\/prefectura-de-manabi-promueve-la-lactancia-materna-con-feria-de-salud-en-portoviejo\\\/\",\"url\":\"https:\\\/\\\/www.manabi.gob.ec\\\/index.php\\\/prefectura-de-manabi-promueve-la-lactancia-materna-con-feria-de-salud-en-portoviejo\\\/\",\"name\":\"Prefectura de Manab\u00ed promueve la lactancia materna con feria de salud en Portoviejo - Prefectura de Manab\u00ed\",\"isPartOf\":{\"@id\":\"https:\\\/\\\/www.manabi.gob.ec\\\/#website\"},\"primaryImageOfPage\":{\"@id\":\"https:\\\/\\\/www.manabi.gob.ec\\\/index.php\\\/prefectura-de-manabi-promueve-la-lactancia-materna-con-feria-de-salud-en-portoviejo\\\/#primaryimage\"},\"image\":{\"@id\":\"https:\\\/\\\/www.manabi.gob.ec\\\/index.php\\\/prefectura-de-manabi-promueve-la-lactancia-materna-con-feria-de-salud-en-portoviejo\\\/#primaryimage\"},\"thumbnailUrl\":\"https:\\\/\\\/www.manabi.gob.ec\\\/wp-content\\\/uploads\\\/2025\\\/08\\\/WhatsApp-Image-2025-08-07-at-3.30.55-PM-scaled.jpeg\",\"datePublished\":\"2025-08-07T21:10:22+00:00\",\"dateModified\":\"2025-08-07T21:10:26+00:00\",\"author\":{\"@id\":\"https:\\\/\\\/www.manabi.gob.ec\\\/#\\\/schema\\\/person\\\/c4f117989332ad723a6ced5994aa7d7a\"},\"breadcrumb\":{\"@id\":\"https:\\\/\\\/www.manabi.gob.ec\\\/index.php\\\/prefectura-de-manabi-promueve-la-lactancia-materna-con-feria-de-salud-en-portoviejo\\\/#breadcrumb\"},\"inLanguage\":\"es\",\"potentialAction\":[{\"@type\":\"ReadAction\",\"target\":[\"https:\\\/\\\/www.manabi.gob.ec\\\/index.php\\\/prefectura-de-manabi-promueve-la-lactancia-materna-con-feria-de-salud-en-portoviejo\\\/\"]}]},{\"@type\":\"ImageObject\",\"inLanguage\":\"es\",\"@id\":\"https:\\\/\\\/www.manabi.gob.ec\\\/index.php\\\/prefectura-de-manabi-promueve-la-lactancia-materna-con-feria-de-salud-en-portoviejo\\\/#primaryimage\",\"url\":\"https:\\\/\\\/www.manabi.gob.ec\\\/wp-content\\\/uploads\\\/2025\\\/08\\\/WhatsApp-Image-2025-08-07-at-3.30.55-PM-scaled.jpeg\",\"contentUrl\":\"https:\\\/\\\/www.manabi.gob.ec\\\/wp-content\\\/uploads\\\/2025\\\/08\\\/WhatsApp-Image-2025-08-07-at-3.30.55-PM-scaled.jpeg\",\"width\":2560,\"height\":1706},{\"@type\":\"BreadcrumbList\",\"@id\":\"https:\\\/\\\/www.manabi.gob.ec\\\/index.php\\\/prefectura-de-manabi-promueve-la-lactancia-materna-con-feria-de-salud-en-portoviejo\\\/#breadcrumb\",\"itemListElement\":[{\"@type\":\"ListItem\",\"position\":1,\"name\":\"Portada\",\"item\":\"https:\\\/\\\/www.manabi.gob.ec\\\/\"},{\"@type\":\"ListItem\",\"position\":2,\"name\":\"Prefectura de Manab\u00ed promueve la lactancia materna con feria de salud en Portoviejo\"}]},{\"@type\":\"WebSite\",\"@id\":\"https:\\\/\\\/www.manabi.gob.ec\\\/#website\",\"url\":\"https:\\\/\\\/www.manabi.gob.ec\\\/\",\"name\":\"Prefectura de Manab\u00ed\",\"description\":\"P\u00e1gina web de la prefectura\",\"potentialAction\":[{\"@type\":\"SearchAction\",\"target\":{\"@type\":\"EntryPoint\",\"urlTemplate\":\"https:\\\/\\\/www.manabi.gob.ec\\\/?s={search_term_string}\"},\"query-input\":{\"@type\":\"PropertyValueSpecification\",\"valueRequired\":true,\"valueName\":\"search_term_string\"}}],\"inLanguage\":\"es\"},{\"@type\":\"Person\",\"@id\":\"https:\\\/\\\/www.manabi.gob.ec\\\/#\\\/schema\\\/person\\\/c4f117989332ad723a6ced5994aa7d7a\",\"name\":\"Lui Ochoa\",\"image\":{\"@type\":\"ImageObject\",\"inLanguage\":\"es\",\"@id\":\"https:\\\/\\\/secure.gravatar.com\\\/avatar\\\/6e8017d0fe69dead8a95864d2eb6e1e1d8bf8e01194ba49cf7b897ff038126ba?s=96&d=mm&r=g\",\"url\":\"https:\\\/\\\/secure.gravatar.com\\\/avatar\\\/6e8017d0fe69dead8a95864d2eb6e1e1d8bf8e01194ba49cf7b897ff038126ba?s=96&d=mm&r=g\",\"contentUrl\":\"https:\\\/\\\/secure.gravatar.com\\\/avatar\\\/6e8017d0fe69dead8a95864d2eb6e1e1d8bf8e01194ba49cf7b897ff038126ba?s=96&d=mm&r=g\",\"caption\":\"Lui Ochoa\"},\"url\":\"https:\\\/\\\/www.manabi.gob.ec\\\/index.php\\\/author\\\/lochoa\\\/\"}]}<\/script>\n<!-- \/ Yoast SEO plugin. -->","yoast_head_json":{"title":"Prefectura de Manab\u00ed promueve la lactancia materna con feria de salud en Portoviejo - Prefectura de Manab\u00ed","robots":{"index":"index","follow":"follow","max-snippet":"max-snippet:-1","max-image-preview":"max-image-preview:large","max-video-preview":"max-video-preview:-1"},"canonical":"https:\/\/www.manabi.gob.ec\/index.php\/prefectura-de-manabi-promueve-la-lactancia-materna-con-feria-de-salud-en-portoviejo\/","og_locale":"es_ES","og_type":"article","og_title":"Prefectura de Manab\u00ed promueve la lactancia materna con feria de salud en Portoviejo - Prefectura de Manab\u00ed","og_description":"El parque Las Vegas de Portoviejo fue el epicentro de la salud, este jueves 7 de agosto, con los proyectos de bienestar impulsados por la Prefectura de Manab\u00ed para los manabitas. En el marco de la Semana Mundial de la Lactancia, se desarroll\u00f3 una feria de la salud que cont\u00f3 con espacios de atenci\u00f3n m\u00e9dica, [&hellip;]","og_url":"https:\/\/www.manabi.gob.ec\/index.php\/prefectura-de-manabi-promueve-la-lactancia-materna-con-feria-de-salud-en-portoviejo\/","og_site_name":"Prefectura de Manab\u00ed","article_published_time":"2025-08-07T21:10:22+00:00","article_modified_time":"2025-08-07T21:10:26+00:00","og_image":[{"width":2560,"height":1706,"url":"https:\/\/www.manabi.gob.ec\/wp-content\/uploads\/2025\/08\/WhatsApp-Image-2025-08-07-at-3.30.55-PM-scaled.jpeg","type":"image\/jpeg"}],"author":"Lui Ochoa","twitter_card":"summary_large_image","twitter_misc":{"Escrito por":"Lui Ochoa","Tiempo de lectura":"1 minuto"},"schema":{"@context":"https:\/\/schema.org","@graph":[{"@type":"Article","@id":"https:\/\/www.manabi.gob.ec\/index.php\/prefectura-de-manabi-promueve-la-lactancia-materna-con-feria-de-salud-en-portoviejo\/#article","isPartOf":{"@id":"https:\/\/www.manabi.gob.ec\/index.php\/prefectura-de-manabi-promueve-la-lactancia-materna-con-feria-de-salud-en-portoviejo\/"},"author":{"name":"Lui Ochoa","@id":"https:\/\/www.manabi.gob.ec\/#\/schema\/person\/c4f117989332ad723a6ced5994aa7d7a"},"headline":"Prefectura de Manab\u00ed promueve la lactancia materna con feria de salud en Portoviejo","datePublished":"2025-08-07T21:10:22+00:00","dateModified":"2025-08-07T21:10:26+00:00","mainEntityOfPage":{"@id":"https:\/\/www.manabi.gob.ec\/index.php\/prefectura-de-manabi-promueve-la-lactancia-materna-con-feria-de-salud-en-portoviejo\/"},"wordCount":163,"image":{"@id":"https:\/\/www.manabi.gob.ec\/index.php\/prefectura-de-manabi-promueve-la-lactancia-materna-con-feria-de-salud-en-portoviejo\/#primaryimage"},"thumbnailUrl":"https:\/\/www.manabi.gob.ec\/wp-content\/uploads\/2025\/08\/WhatsApp-Image-2025-08-07-at-3.30.55-PM-scaled.jpeg","articleSection":["Ambiente","Desarrollo Social","Noticias","salud","Todas"],"inLanguage":"es"},{"@type":"WebPage","@id":"https:\/\/www.manabi.gob.ec\/index.php\/prefectura-de-manabi-promueve-la-lactancia-materna-con-feria-de-salud-en-portoviejo\/","url":"https:\/\/www.manabi.gob.ec\/index.php\/prefectura-de-manabi-promueve-la-lactancia-materna-con-feria-de-salud-en-portoviejo\/","name":"Prefectura de Manab\u00ed promueve la lactancia materna con feria de salud en Portoviejo - Prefectura de Manab\u00ed","isPartOf":{"@id":"https:\/\/www.manabi.gob.ec\/#website"},"primaryImageOfPage":{"@id":"https:\/\/www.manabi.gob.ec\/index.php\/prefectura-de-manabi-promueve-la-lactancia-materna-con-feria-de-salud-en-portoviejo\/#primaryimage"},"image":{"@id":"https:\/\/www.manabi.gob.ec\/index.php\/prefectura-de-manabi-promueve-la-lactancia-materna-con-feria-de-salud-en-portoviejo\/#primaryimage"},"thumbnailUrl":"https:\/\/www.manabi.gob.ec\/wp-content\/uploads\/2025\/08\/WhatsApp-Image-2025-08-07-at-3.30.55-PM-scaled.jpeg","datePublished":"2025-08-07T21:10:22+00:00","dateModified":"2025-08-07T21:10:26+00:00","author":{"@id":"https:\/\/www.manabi.gob.ec\/#\/schema\/person\/c4f117989332ad723a6ced5994aa7d7a"},"breadcrumb":{"@id":"https:\/\/www.manabi.gob.ec\/index.php\/prefectura-de-manabi-promueve-la-lactancia-materna-con-feria-de-salud-en-portoviejo\/#breadcrumb"},"inLanguage":"es","potentialAction":[{"@type":"ReadAction","target":["https:\/\/www.manabi.gob.ec\/index.php\/prefectura-de-manabi-promueve-la-lactancia-materna-con-feria-de-salud-en-portoviejo\/"]}]},{"@type":"ImageObject","inLanguage":"es","@id":"https:\/\/www.manabi.gob.ec\/index.php\/prefectura-de-manabi-promueve-la-lactancia-materna-con-feria-de-salud-en-portoviejo\/#primaryimage","url":"https:\/\/www.manabi.gob.ec\/wp-content\/uploads\/2025\/08\/WhatsApp-Image-2025-08-07-at-3.30.55-PM-scaled.jpeg","contentUrl":"https:\/\/www.manabi.gob.ec\/wp-content\/uploads\/2025\/08\/WhatsApp-Image-2025-08-07-at-3.30.55-PM-scaled.jpeg","width":2560,"height":1706},{"@type":"BreadcrumbList","@id":"https:\/\/www.manabi.gob.ec\/index.php\/prefectura-de-manabi-promueve-la-lactancia-materna-con-feria-de-salud-en-portoviejo\/#breadcrumb","itemListElement":[{"@type":"ListItem","position":1,"name":"Portada","item":"https:\/\/www.manabi.gob.ec\/"},{"@type":"ListItem","position":2,"name":"Prefectura de Manab\u00ed promueve la lactancia materna con feria de salud en Portoviejo"}]},{"@type":"WebSite","@id":"https:\/\/www.manabi.gob.ec\/#website","url":"https:\/\/www.manabi.gob.ec\/","name":"Prefectura de Manab\u00ed","description":"P\u00e1gina web de la prefectura","potentialAction":[{"@type":"SearchAction","target":{"@type":"EntryPoint","urlTemplate":"https:\/\/www.manabi.gob.ec\/?s={search_term_string}"},"query-input":{"@type":"PropertyValueSpecification","valueRequired":true,"valueName":"search_term_string"}}],"inLanguage":"es"},{"@type":"Person","@id":"https:\/\/www.manabi.gob.ec\/#\/schema\/person\/c4f117989332ad723a6ced5994aa7d7a","name":"Lui Ochoa","image":{"@type":"ImageObject","inLanguage":"es","@id":"https:\/\/secure.gravatar.com\/avatar\/6e8017d0fe69dead8a95864d2eb6e1e1d8bf8e01194ba49cf7b897ff038126ba?s=96&d=mm&r=g","url":"https:\/\/secure.gravatar.com\/avatar\/6e8017d0fe69dead8a95864d2eb6e1e1d8bf8e01194ba49cf7b897ff038126ba?s=96&d=mm&r=g","contentUrl":"https:\/\/secure.gravatar.com\/avatar\/6e8017d0fe69dead8a95864d2eb6e1e1d8bf8e01194ba49cf7b897ff038126ba?s=96&d=mm&r=g","caption":"Lui Ochoa"},"url":"https:\/\/www.manabi.gob.ec\/index.php\/author\/lochoa\/"}]}},"jetpack_featured_media_url":"https:\/\/www.manabi.gob.ec\/wp-content\/uploads\/2025\/08\/WhatsApp-Image-2025-08-07-at-3.30.55-PM-scaled.jpeg","_links":{"self":[{"href":"https:\/\/www.manabi.gob.ec\/index.php\/wp-json\/wp\/v2\/posts\/31675","targetHints":{"allow":["GET"]}}],"collection":[{"href":"https:\/\/www.manabi.gob.ec\/index.php\/wp-json\/wp\/v2\/posts"}],"about":[{"href":"https:\/\/www.manabi.gob.ec\/index.php\/wp-json\/wp\/v2\/types\/post"}],"author":[{"embeddable":true,"href":"https:\/\/www.manabi.gob.ec\/index.php\/wp-json\/wp\/v2\/users\/10"}],"replies":[{"embeddable":true,"href":"https:\/\/www.manabi.gob.ec\/index.php\/wp-json\/wp\/v2\/comments?post=31675"}],"version-history":[{"count":1,"href":"https:\/\/www.manabi.gob.ec\/index.php\/wp-json\/wp\/v2\/posts\/31675\/revisions"}],"predecessor-version":[{"id":31677,"href":"https:\/\/www.manabi.gob.ec\/index.php\/wp-json\/wp\/v2\/posts\/31675\/revisions\/31677"}],"wp:featuredmedia":[{"embeddable":true,"href":"https:\/\/www.manabi.gob.ec\/index.php\/wp-json\/wp\/v2\/media\/31676"}],"wp:attachment":[{"href":"https:\/\/www.manabi.gob.ec\/index.php\/wp-json\/wp\/v2\/media?parent=31675"}],"wp:term":[{"taxonomy":"category","embeddable":true,"href":"https:\/\/www.manabi.gob.ec\/index.php\/wp-json\/wp\/v2\/categories?post=31675"},{"taxonomy":"post_tag","embeddable":true,"href":"https:\/\/www.manabi.gob.ec\/index.php\/wp-json\/wp\/v2\/tags?post=31675"}],"curies":[{"name":"wp","href":"https:\/\/api.w.org\/{rel}","templated":true}]}}