{"id":31687,"date":"2025-08-12T14:55:04","date_gmt":"2025-08-12T14:55:04","guid":{"rendered":"https:\/\/www.manabi.gob.ec\/?p=31687"},"modified":"2025-08-12T14:55:04","modified_gmt":"2025-08-12T14:55:04","slug":"inicia-con-fuerza-el-mantenimiento-vial-desde-el-redondel-de-la-tejedora-en-montecristi-hasta-el-iess-en-manta","status":"publish","type":"post","link":"https:\/\/www.manabi.gob.ec\/index.php\/inicia-con-fuerza-el-mantenimiento-vial-desde-el-redondel-de-la-tejedora-en-montecristi-hasta-el-iess-en-manta\/","title":{"rendered":"Inicia con fuerza el mantenimiento vial desde el redondel de la Tejedora en Montecristi hasta el IESS en Manta."},"content":{"rendered":"\n<p class=\"p1\">La Prefectura de Manab\u00ed a trav\u00e9s de la Empresa P\u00fablica Manab\u00ed Vial inicia con el mantenimiento a nivel de bacheo de la v\u00eda Montecristi &#8211; Manta que comprende desde el redondel de la Tejedora Manabita de la parroquia Colorado del cant\u00f3n Montecristi, hasta el hospital del IESS Manta.&nbsp;<\/p>\n\n\n\n<p class=\"p1\">Una vez que se reanud\u00f3 a nivel nacional el despacho del material para el asfalto, se comienzan con estos trabajos de mantenimiento que comprenden 2.57 km.<\/p>\n\n\n\n<p class=\"p1\">El prefecto de Manab\u00ed, Leonardo Orlando, supervis\u00f3 el inicio de los trabajos y se realiz\u00f3 una carpa t\u00e9cnica &#8211; explicativa para dar a conocer los detalles de la intervenci\u00f3n, que iniciaron este martes 12 de agosto, desde el redondel con direcci\u00f3n al hospital.&nbsp;<\/p>\n\n\n\n<p class=\"p1\">La inversi\u00f3n de este mantenimiento vial es de $ 310,133.49 y se ejecuta a trav\u00e9s de un convenio interinstitucional entre la Prefectura (53%) y el GAD Montecristi (47%).<\/p>\n","protected":false},"excerpt":{"rendered":"<p>La Prefectura de Manab\u00ed a trav\u00e9s de la Empresa P\u00fablica Manab\u00ed Vial inicia con el mantenimiento a nivel de bacheo de la v\u00eda Montecristi &#8211; Manta que comprende desde el redondel de la Tejedora Manabita de la parroquia Colorado del cant\u00f3n Montecristi, hasta el hospital del IESS Manta.&nbsp; Una vez que se reanud\u00f3 a nivel [&hellip;]<\/p>\n","protected":false},"author":10,"featured_media":31686,"comment_status":"closed","ping_status":"","sticky":false,"template":"","format":"standard","meta":{"_joinchat":[],"footnotes":""},"categories":[150,142,156,92,181,91],"tags":[360],"class_list":["post-31687","post","type-post","status-publish","format-standard","has-post-thumbnail","hentry","category-ambiente","category-desarrollo-social","category-manta","category-noticias-manabi","category-obra-publica","category-todas","tag-obras"],"yoast_head":"<!-- This site is optimized with the Yoast SEO plugin v27.4 - https:\/\/yoast.com\/product\/yoast-seo-wordpress\/ -->\n<title>Inicia con fuerza el mantenimiento vial desde el redondel de la Tejedora en Montecristi hasta el IESS en Manta. - Prefectura de Manab\u00ed<\/title>\n<meta name=\"robots\" content=\"index, follow, max-snippet:-1, max-image-preview:large, max-video-preview:-1\" \/>\n<link rel=\"canonical\" href=\"https:\/\/www.manabi.gob.ec\/index.php\/inicia-con-fuerza-el-mantenimiento-vial-desde-el-redondel-de-la-tejedora-en-montecristi-hasta-el-iess-en-manta\/\" \/>\n<meta property=\"og:locale\" content=\"es_ES\" \/>\n<meta property=\"og:type\" content=\"article\" \/>\n<meta property=\"og:title\" content=\"Inicia con fuerza el mantenimiento vial desde el redondel de la Tejedora en Montecristi hasta el IESS en Manta. - Prefectura de Manab\u00ed\" \/>\n<meta property=\"og:description\" content=\"La Prefectura de Manab\u00ed a trav\u00e9s de la Empresa P\u00fablica Manab\u00ed Vial inicia con el mantenimiento a nivel de bacheo de la v\u00eda Montecristi &#8211; Manta que comprende desde el redondel de la Tejedora Manabita de la parroquia Colorado del cant\u00f3n Montecristi, hasta el hospital del IESS Manta.&nbsp; Una vez que se reanud\u00f3 a nivel [&hellip;]\" \/>\n<meta property=\"og:url\" content=\"https:\/\/www.manabi.gob.ec\/index.php\/inicia-con-fuerza-el-mantenimiento-vial-desde-el-redondel-de-la-tejedora-en-montecristi-hasta-el-iess-en-manta\/\" \/>\n<meta property=\"og:site_name\" content=\"Prefectura de Manab\u00ed\" \/>\n<meta property=\"article:published_time\" content=\"2025-08-12T14:55:04+00:00\" \/>\n<meta property=\"og:image\" content=\"https:\/\/www.manabi.gob.ec\/wp-content\/uploads\/2025\/08\/e088b1d6-1286-458c-a8d4-a56983f98aad.jpg\" \/>\n\t<meta property=\"og:image:width\" content=\"2000\" \/>\n\t<meta property=\"og:image:height\" content=\"1125\" \/>\n\t<meta property=\"og:image:type\" content=\"image\/jpeg\" \/>\n<meta name=\"author\" content=\"Lui Ochoa\" \/>\n<meta name=\"twitter:card\" content=\"summary_large_image\" \/>\n<meta name=\"twitter:label1\" content=\"Escrito por\" \/>\n\t<meta name=\"twitter:data1\" content=\"Lui Ochoa\" \/>\n\t<meta name=\"twitter:label2\" content=\"Tiempo de lectura\" \/>\n\t<meta name=\"twitter:data2\" content=\"1 minuto\" \/>\n<script type=\"application\/ld+json\" class=\"yoast-schema-graph\">{\"@context\":\"https:\\\/\\\/schema.org\",\"@graph\":[{\"@type\":\"Article\",\"@id\":\"https:\\\/\\\/www.manabi.gob.ec\\\/index.php\\\/inicia-con-fuerza-el-mantenimiento-vial-desde-el-redondel-de-la-tejedora-en-montecristi-hasta-el-iess-en-manta\\\/#article\",\"isPartOf\":{\"@id\":\"https:\\\/\\\/www.manabi.gob.ec\\\/index.php\\\/inicia-con-fuerza-el-mantenimiento-vial-desde-el-redondel-de-la-tejedora-en-montecristi-hasta-el-iess-en-manta\\\/\"},\"author\":{\"name\":\"Lui Ochoa\",\"@id\":\"https:\\\/\\\/www.manabi.gob.ec\\\/#\\\/schema\\\/person\\\/c4f117989332ad723a6ced5994aa7d7a\"},\"headline\":\"Inicia con fuerza el mantenimiento vial desde el redondel de la Tejedora en Montecristi hasta el IESS en Manta.\",\"datePublished\":\"2025-08-12T14:55:04+00:00\",\"mainEntityOfPage\":{\"@id\":\"https:\\\/\\\/www.manabi.gob.ec\\\/index.php\\\/inicia-con-fuerza-el-mantenimiento-vial-desde-el-redondel-de-la-tejedora-en-montecristi-hasta-el-iess-en-manta\\\/\"},\"wordCount\":169,\"image\":{\"@id\":\"https:\\\/\\\/www.manabi.gob.ec\\\/index.php\\\/inicia-con-fuerza-el-mantenimiento-vial-desde-el-redondel-de-la-tejedora-en-montecristi-hasta-el-iess-en-manta\\\/#primaryimage\"},\"thumbnailUrl\":\"https:\\\/\\\/www.manabi.gob.ec\\\/wp-content\\\/uploads\\\/2025\\\/08\\\/e088b1d6-1286-458c-a8d4-a56983f98aad.jpg\",\"keywords\":[\"obras\"],\"articleSection\":[\"Ambiente\",\"Desarrollo Social\",\"Manta\",\"Noticias\",\"Obra P\u00fablica\",\"Todas\"],\"inLanguage\":\"es\"},{\"@type\":\"WebPage\",\"@id\":\"https:\\\/\\\/www.manabi.gob.ec\\\/index.php\\\/inicia-con-fuerza-el-mantenimiento-vial-desde-el-redondel-de-la-tejedora-en-montecristi-hasta-el-iess-en-manta\\\/\",\"url\":\"https:\\\/\\\/www.manabi.gob.ec\\\/index.php\\\/inicia-con-fuerza-el-mantenimiento-vial-desde-el-redondel-de-la-tejedora-en-montecristi-hasta-el-iess-en-manta\\\/\",\"name\":\"Inicia con fuerza el mantenimiento vial desde el redondel de la Tejedora en Montecristi hasta el IESS en Manta. - Prefectura de Manab\u00ed\",\"isPartOf\":{\"@id\":\"https:\\\/\\\/www.manabi.gob.ec\\\/#website\"},\"primaryImageOfPage\":{\"@id\":\"https:\\\/\\\/www.manabi.gob.ec\\\/index.php\\\/inicia-con-fuerza-el-mantenimiento-vial-desde-el-redondel-de-la-tejedora-en-montecristi-hasta-el-iess-en-manta\\\/#primaryimage\"},\"image\":{\"@id\":\"https:\\\/\\\/www.manabi.gob.ec\\\/index.php\\\/inicia-con-fuerza-el-mantenimiento-vial-desde-el-redondel-de-la-tejedora-en-montecristi-hasta-el-iess-en-manta\\\/#primaryimage\"},\"thumbnailUrl\":\"https:\\\/\\\/www.manabi.gob.ec\\\/wp-content\\\/uploads\\\/2025\\\/08\\\/e088b1d6-1286-458c-a8d4-a56983f98aad.jpg\",\"datePublished\":\"2025-08-12T14:55:04+00:00\",\"author\":{\"@id\":\"https:\\\/\\\/www.manabi.gob.ec\\\/#\\\/schema\\\/person\\\/c4f117989332ad723a6ced5994aa7d7a\"},\"breadcrumb\":{\"@id\":\"https:\\\/\\\/www.manabi.gob.ec\\\/index.php\\\/inicia-con-fuerza-el-mantenimiento-vial-desde-el-redondel-de-la-tejedora-en-montecristi-hasta-el-iess-en-manta\\\/#breadcrumb\"},\"inLanguage\":\"es\",\"potentialAction\":[{\"@type\":\"ReadAction\",\"target\":[\"https:\\\/\\\/www.manabi.gob.ec\\\/index.php\\\/inicia-con-fuerza-el-mantenimiento-vial-desde-el-redondel-de-la-tejedora-en-montecristi-hasta-el-iess-en-manta\\\/\"]}]},{\"@type\":\"ImageObject\",\"inLanguage\":\"es\",\"@id\":\"https:\\\/\\\/www.manabi.gob.ec\\\/index.php\\\/inicia-con-fuerza-el-mantenimiento-vial-desde-el-redondel-de-la-tejedora-en-montecristi-hasta-el-iess-en-manta\\\/#primaryimage\",\"url\":\"https:\\\/\\\/www.manabi.gob.ec\\\/wp-content\\\/uploads\\\/2025\\\/08\\\/e088b1d6-1286-458c-a8d4-a56983f98aad.jpg\",\"contentUrl\":\"https:\\\/\\\/www.manabi.gob.ec\\\/wp-content\\\/uploads\\\/2025\\\/08\\\/e088b1d6-1286-458c-a8d4-a56983f98aad.jpg\",\"width\":2000,\"height\":1125},{\"@type\":\"BreadcrumbList\",\"@id\":\"https:\\\/\\\/www.manabi.gob.ec\\\/index.php\\\/inicia-con-fuerza-el-mantenimiento-vial-desde-el-redondel-de-la-tejedora-en-montecristi-hasta-el-iess-en-manta\\\/#breadcrumb\",\"itemListElement\":[{\"@type\":\"ListItem\",\"position\":1,\"name\":\"Portada\",\"item\":\"https:\\\/\\\/www.manabi.gob.ec\\\/\"},{\"@type\":\"ListItem\",\"position\":2,\"name\":\"Inicia con fuerza el mantenimiento vial desde el redondel de la Tejedora en Montecristi hasta el IESS en Manta.\"}]},{\"@type\":\"WebSite\",\"@id\":\"https:\\\/\\\/www.manabi.gob.ec\\\/#website\",\"url\":\"https:\\\/\\\/www.manabi.gob.ec\\\/\",\"name\":\"Prefectura de Manab\u00ed\",\"description\":\"P\u00e1gina web de la prefectura\",\"potentialAction\":[{\"@type\":\"SearchAction\",\"target\":{\"@type\":\"EntryPoint\",\"urlTemplate\":\"https:\\\/\\\/www.manabi.gob.ec\\\/?s={search_term_string}\"},\"query-input\":{\"@type\":\"PropertyValueSpecification\",\"valueRequired\":true,\"valueName\":\"search_term_string\"}}],\"inLanguage\":\"es\"},{\"@type\":\"Person\",\"@id\":\"https:\\\/\\\/www.manabi.gob.ec\\\/#\\\/schema\\\/person\\\/c4f117989332ad723a6ced5994aa7d7a\",\"name\":\"Lui Ochoa\",\"image\":{\"@type\":\"ImageObject\",\"inLanguage\":\"es\",\"@id\":\"https:\\\/\\\/secure.gravatar.com\\\/avatar\\\/6e8017d0fe69dead8a95864d2eb6e1e1d8bf8e01194ba49cf7b897ff038126ba?s=96&d=mm&r=g\",\"url\":\"https:\\\/\\\/secure.gravatar.com\\\/avatar\\\/6e8017d0fe69dead8a95864d2eb6e1e1d8bf8e01194ba49cf7b897ff038126ba?s=96&d=mm&r=g\",\"contentUrl\":\"https:\\\/\\\/secure.gravatar.com\\\/avatar\\\/6e8017d0fe69dead8a95864d2eb6e1e1d8bf8e01194ba49cf7b897ff038126ba?s=96&d=mm&r=g\",\"caption\":\"Lui Ochoa\"},\"url\":\"https:\\\/\\\/www.manabi.gob.ec\\\/index.php\\\/author\\\/lochoa\\\/\"}]}<\/script>\n<!-- \/ Yoast SEO plugin. -->","yoast_head_json":{"title":"Inicia con fuerza el mantenimiento vial desde el redondel de la Tejedora en Montecristi hasta el IESS en Manta. - Prefectura de Manab\u00ed","robots":{"index":"index","follow":"follow","max-snippet":"max-snippet:-1","max-image-preview":"max-image-preview:large","max-video-preview":"max-video-preview:-1"},"canonical":"https:\/\/www.manabi.gob.ec\/index.php\/inicia-con-fuerza-el-mantenimiento-vial-desde-el-redondel-de-la-tejedora-en-montecristi-hasta-el-iess-en-manta\/","og_locale":"es_ES","og_type":"article","og_title":"Inicia con fuerza el mantenimiento vial desde el redondel de la Tejedora en Montecristi hasta el IESS en Manta. - Prefectura de Manab\u00ed","og_description":"La Prefectura de Manab\u00ed a trav\u00e9s de la Empresa P\u00fablica Manab\u00ed Vial inicia con el mantenimiento a nivel de bacheo de la v\u00eda Montecristi &#8211; Manta que comprende desde el redondel de la Tejedora Manabita de la parroquia Colorado del cant\u00f3n Montecristi, hasta el hospital del IESS Manta.&nbsp; Una vez que se reanud\u00f3 a nivel [&hellip;]","og_url":"https:\/\/www.manabi.gob.ec\/index.php\/inicia-con-fuerza-el-mantenimiento-vial-desde-el-redondel-de-la-tejedora-en-montecristi-hasta-el-iess-en-manta\/","og_site_name":"Prefectura de Manab\u00ed","article_published_time":"2025-08-12T14:55:04+00:00","og_image":[{"width":2000,"height":1125,"url":"https:\/\/www.manabi.gob.ec\/wp-content\/uploads\/2025\/08\/e088b1d6-1286-458c-a8d4-a56983f98aad.jpg","type":"image\/jpeg"}],"author":"Lui Ochoa","twitter_card":"summary_large_image","twitter_misc":{"Escrito por":"Lui Ochoa","Tiempo de lectura":"1 minuto"},"schema":{"@context":"https:\/\/schema.org","@graph":[{"@type":"Article","@id":"https:\/\/www.manabi.gob.ec\/index.php\/inicia-con-fuerza-el-mantenimiento-vial-desde-el-redondel-de-la-tejedora-en-montecristi-hasta-el-iess-en-manta\/#article","isPartOf":{"@id":"https:\/\/www.manabi.gob.ec\/index.php\/inicia-con-fuerza-el-mantenimiento-vial-desde-el-redondel-de-la-tejedora-en-montecristi-hasta-el-iess-en-manta\/"},"author":{"name":"Lui Ochoa","@id":"https:\/\/www.manabi.gob.ec\/#\/schema\/person\/c4f117989332ad723a6ced5994aa7d7a"},"headline":"Inicia con fuerza el mantenimiento vial desde el redondel de la Tejedora en Montecristi hasta el IESS en Manta.","datePublished":"2025-08-12T14:55:04+00:00","mainEntityOfPage":{"@id":"https:\/\/www.manabi.gob.ec\/index.php\/inicia-con-fuerza-el-mantenimiento-vial-desde-el-redondel-de-la-tejedora-en-montecristi-hasta-el-iess-en-manta\/"},"wordCount":169,"image":{"@id":"https:\/\/www.manabi.gob.ec\/index.php\/inicia-con-fuerza-el-mantenimiento-vial-desde-el-redondel-de-la-tejedora-en-montecristi-hasta-el-iess-en-manta\/#primaryimage"},"thumbnailUrl":"https:\/\/www.manabi.gob.ec\/wp-content\/uploads\/2025\/08\/e088b1d6-1286-458c-a8d4-a56983f98aad.jpg","keywords":["obras"],"articleSection":["Ambiente","Desarrollo Social","Manta","Noticias","Obra P\u00fablica","Todas"],"inLanguage":"es"},{"@type":"WebPage","@id":"https:\/\/www.manabi.gob.ec\/index.php\/inicia-con-fuerza-el-mantenimiento-vial-desde-el-redondel-de-la-tejedora-en-montecristi-hasta-el-iess-en-manta\/","url":"https:\/\/www.manabi.gob.ec\/index.php\/inicia-con-fuerza-el-mantenimiento-vial-desde-el-redondel-de-la-tejedora-en-montecristi-hasta-el-iess-en-manta\/","name":"Inicia con fuerza el mantenimiento vial desde el redondel de la Tejedora en Montecristi hasta el IESS en Manta. - Prefectura de Manab\u00ed","isPartOf":{"@id":"https:\/\/www.manabi.gob.ec\/#website"},"primaryImageOfPage":{"@id":"https:\/\/www.manabi.gob.ec\/index.php\/inicia-con-fuerza-el-mantenimiento-vial-desde-el-redondel-de-la-tejedora-en-montecristi-hasta-el-iess-en-manta\/#primaryimage"},"image":{"@id":"https:\/\/www.manabi.gob.ec\/index.php\/inicia-con-fuerza-el-mantenimiento-vial-desde-el-redondel-de-la-tejedora-en-montecristi-hasta-el-iess-en-manta\/#primaryimage"},"thumbnailUrl":"https:\/\/www.manabi.gob.ec\/wp-content\/uploads\/2025\/08\/e088b1d6-1286-458c-a8d4-a56983f98aad.jpg","datePublished":"2025-08-12T14:55:04+00:00","author":{"@id":"https:\/\/www.manabi.gob.ec\/#\/schema\/person\/c4f117989332ad723a6ced5994aa7d7a"},"breadcrumb":{"@id":"https:\/\/www.manabi.gob.ec\/index.php\/inicia-con-fuerza-el-mantenimiento-vial-desde-el-redondel-de-la-tejedora-en-montecristi-hasta-el-iess-en-manta\/#breadcrumb"},"inLanguage":"es","potentialAction":[{"@type":"ReadAction","target":["https:\/\/www.manabi.gob.ec\/index.php\/inicia-con-fuerza-el-mantenimiento-vial-desde-el-redondel-de-la-tejedora-en-montecristi-hasta-el-iess-en-manta\/"]}]},{"@type":"ImageObject","inLanguage":"es","@id":"https:\/\/www.manabi.gob.ec\/index.php\/inicia-con-fuerza-el-mantenimiento-vial-desde-el-redondel-de-la-tejedora-en-montecristi-hasta-el-iess-en-manta\/#primaryimage","url":"https:\/\/www.manabi.gob.ec\/wp-content\/uploads\/2025\/08\/e088b1d6-1286-458c-a8d4-a56983f98aad.jpg","contentUrl":"https:\/\/www.manabi.gob.ec\/wp-content\/uploads\/2025\/08\/e088b1d6-1286-458c-a8d4-a56983f98aad.jpg","width":2000,"height":1125},{"@type":"BreadcrumbList","@id":"https:\/\/www.manabi.gob.ec\/index.php\/inicia-con-fuerza-el-mantenimiento-vial-desde-el-redondel-de-la-tejedora-en-montecristi-hasta-el-iess-en-manta\/#breadcrumb","itemListElement":[{"@type":"ListItem","position":1,"name":"Portada","item":"https:\/\/www.manabi.gob.ec\/"},{"@type":"ListItem","position":2,"name":"Inicia con fuerza el mantenimiento vial desde el redondel de la Tejedora en Montecristi hasta el IESS en Manta."}]},{"@type":"WebSite","@id":"https:\/\/www.manabi.gob.ec\/#website","url":"https:\/\/www.manabi.gob.ec\/","name":"Prefectura de Manab\u00ed","description":"P\u00e1gina web de la prefectura","potentialAction":[{"@type":"SearchAction","target":{"@type":"EntryPoint","urlTemplate":"https:\/\/www.manabi.gob.ec\/?s={search_term_string}"},"query-input":{"@type":"PropertyValueSpecification","valueRequired":true,"valueName":"search_term_string"}}],"inLanguage":"es"},{"@type":"Person","@id":"https:\/\/www.manabi.gob.ec\/#\/schema\/person\/c4f117989332ad723a6ced5994aa7d7a","name":"Lui Ochoa","image":{"@type":"ImageObject","inLanguage":"es","@id":"https:\/\/secure.gravatar.com\/avatar\/6e8017d0fe69dead8a95864d2eb6e1e1d8bf8e01194ba49cf7b897ff038126ba?s=96&d=mm&r=g","url":"https:\/\/secure.gravatar.com\/avatar\/6e8017d0fe69dead8a95864d2eb6e1e1d8bf8e01194ba49cf7b897ff038126ba?s=96&d=mm&r=g","contentUrl":"https:\/\/secure.gravatar.com\/avatar\/6e8017d0fe69dead8a95864d2eb6e1e1d8bf8e01194ba49cf7b897ff038126ba?s=96&d=mm&r=g","caption":"Lui Ochoa"},"url":"https:\/\/www.manabi.gob.ec\/index.php\/author\/lochoa\/"}]}},"jetpack_featured_media_url":"https:\/\/www.manabi.gob.ec\/wp-content\/uploads\/2025\/08\/e088b1d6-1286-458c-a8d4-a56983f98aad.jpg","_links":{"self":[{"href":"https:\/\/www.manabi.gob.ec\/index.php\/wp-json\/wp\/v2\/posts\/31687","targetHints":{"allow":["GET"]}}],"collection":[{"href":"https:\/\/www.manabi.gob.ec\/index.php\/wp-json\/wp\/v2\/posts"}],"about":[{"href":"https:\/\/www.manabi.gob.ec\/index.php\/wp-json\/wp\/v2\/types\/post"}],"author":[{"embeddable":true,"href":"https:\/\/www.manabi.gob.ec\/index.php\/wp-json\/wp\/v2\/users\/10"}],"replies":[{"embeddable":true,"href":"https:\/\/www.manabi.gob.ec\/index.php\/wp-json\/wp\/v2\/comments?post=31687"}],"version-history":[{"count":1,"href":"https:\/\/www.manabi.gob.ec\/index.php\/wp-json\/wp\/v2\/posts\/31687\/revisions"}],"predecessor-version":[{"id":31688,"href":"https:\/\/www.manabi.gob.ec\/index.php\/wp-json\/wp\/v2\/posts\/31687\/revisions\/31688"}],"wp:featuredmedia":[{"embeddable":true,"href":"https:\/\/www.manabi.gob.ec\/index.php\/wp-json\/wp\/v2\/media\/31686"}],"wp:attachment":[{"href":"https:\/\/www.manabi.gob.ec\/index.php\/wp-json\/wp\/v2\/media?parent=31687"}],"wp:term":[{"taxonomy":"category","embeddable":true,"href":"https:\/\/www.manabi.gob.ec\/index.php\/wp-json\/wp\/v2\/categories?post=31687"},{"taxonomy":"post_tag","embeddable":true,"href":"https:\/\/www.manabi.gob.ec\/index.php\/wp-json\/wp\/v2\/tags?post=31687"}],"curies":[{"name":"wp","href":"https:\/\/api.w.org\/{rel}","templated":true}]}}