{"id":31689,"date":"2025-08-12T18:15:34","date_gmt":"2025-08-12T18:15:34","guid":{"rendered":"https:\/\/www.manabi.gob.ec\/?p=31689"},"modified":"2025-08-12T18:15:39","modified_gmt":"2025-08-12T18:15:39","slug":"continuamos-fortaleciendo-el-campo-con-ciencia-y-tradicion","status":"publish","type":"post","link":"https:\/\/www.manabi.gob.ec\/index.php\/continuamos-fortaleciendo-el-campo-con-ciencia-y-tradicion\/","title":{"rendered":"Continuamos fortaleciendo el campo con ciencia y tradici\u00f3n"},"content":{"rendered":"\n<p>Captura de microorganismos en las Escuelas del Productor Ganadero<br>En el marco de la Pol\u00edtica P\u00fablica Agroecol\u00f3gica, que impulsa proyectos y actividades para el desarrollo sostenible del territorio, la Prefectura de Manab\u00ed, a trav\u00e9s del programa Manab\u00ed se Reactiva, contin\u00faa fortaleciendo los saberes y pr\u00e1cticas productivas que garantizan la rentabilidad, la preservaci\u00f3n del medio ambiente y la soberan\u00eda alimentaria.<\/p>\n\n\n\n<p>El Proyecto Escuela del Productor inici\u00f3 una nueva edici\u00f3n con 167 nuevas escuelas y 6.125 productores vinculados. Cabe indicar que, entre 2024 y julio de 2025, se incorporaron 3.076 familias productoras y se implementaron 105 Escuelas de Campo, dirigidas a productores agr\u00edcolas, ganaderos, pesqueros y acuicultores.<\/p>\n\n\n\n<p>Un ejemplo de este trabajo se desarrolla en la parroquia Canuto, del cant\u00f3n Chone, donde se realiz\u00f3 una capacitaci\u00f3n pr\u00e1ctica en captura de microorganismos para la producci\u00f3n de fertilizantes y la mejora de suelos.<\/p>\n\n\n\n<p>Esta t\u00e9cnica, que combina innovaci\u00f3n con conocimientos ancestrales, permite a los productores proteger la salud del suelo, mejorar la calidad de los pastos y optimizar el rendimiento productivo de manera sostenible. En esta escuela participan ganaderos y ganaderas comprometidos con la producci\u00f3n responsable. De los 500 productores beneficiados en las 20 Escuelas Ganaderas activas (septiembre 2024 \u2013 agosto 2026), 140 son mujeres, quienes desempe\u00f1an un papel protag\u00f3nico en el desarrollo rural de sus comunidades.<\/p>\n\n\n\n<p>La actividad no solo refuerza las capacidades t\u00e9cnicas, sino que tambi\u00e9n promueve la uni\u00f3n comunitaria y el intercambio de experiencias, consolidando la visi\u00f3n de un campo m\u00e1s productivo, inclusivo y sostenible.<\/p>\n","protected":false},"excerpt":{"rendered":"<p>Captura de microorganismos en las Escuelas del Productor GanaderoEn el marco de la Pol\u00edtica P\u00fablica Agroecol\u00f3gica, que impulsa proyectos y actividades para el desarrollo sostenible del territorio, la Prefectura de Manab\u00ed, a trav\u00e9s del programa Manab\u00ed se Reactiva, contin\u00faa fortaleciendo los saberes y pr\u00e1cticas productivas que garantizan la rentabilidad, la preservaci\u00f3n del medio ambiente y [&hellip;]<\/p>\n","protected":false},"author":10,"featured_media":31690,"comment_status":"closed","ping_status":"closed","sticky":false,"template":"","format":"standard","meta":{"_joinchat":[],"footnotes":""},"categories":[150,142,152,91],"tags":[],"class_list":["post-31689","post","type-post","status-publish","format-standard","has-post-thumbnail","hentry","category-ambiente","category-desarrollo-social","category-novillo","category-todas"],"yoast_head":"<!-- This site is optimized with the Yoast SEO plugin v27.4 - https:\/\/yoast.com\/product\/yoast-seo-wordpress\/ -->\n<title>Continuamos fortaleciendo el campo con ciencia y tradici\u00f3n - Prefectura de Manab\u00ed<\/title>\n<meta name=\"robots\" content=\"index, follow, max-snippet:-1, max-image-preview:large, max-video-preview:-1\" \/>\n<link rel=\"canonical\" href=\"https:\/\/www.manabi.gob.ec\/index.php\/continuamos-fortaleciendo-el-campo-con-ciencia-y-tradicion\/\" \/>\n<meta property=\"og:locale\" content=\"es_ES\" \/>\n<meta property=\"og:type\" content=\"article\" \/>\n<meta property=\"og:title\" content=\"Continuamos fortaleciendo el campo con ciencia y tradici\u00f3n - Prefectura de Manab\u00ed\" \/>\n<meta property=\"og:description\" content=\"Captura de microorganismos en las Escuelas del Productor GanaderoEn el marco de la Pol\u00edtica P\u00fablica Agroecol\u00f3gica, que impulsa proyectos y actividades para el desarrollo sostenible del territorio, la Prefectura de Manab\u00ed, a trav\u00e9s del programa Manab\u00ed se Reactiva, contin\u00faa fortaleciendo los saberes y pr\u00e1cticas productivas que garantizan la rentabilidad, la preservaci\u00f3n del medio ambiente y [&hellip;]\" \/>\n<meta property=\"og:url\" content=\"https:\/\/www.manabi.gob.ec\/index.php\/continuamos-fortaleciendo-el-campo-con-ciencia-y-tradicion\/\" \/>\n<meta property=\"og:site_name\" content=\"Prefectura de Manab\u00ed\" \/>\n<meta property=\"article:published_time\" content=\"2025-08-12T18:15:34+00:00\" \/>\n<meta property=\"article:modified_time\" content=\"2025-08-12T18:15:39+00:00\" \/>\n<meta property=\"og:image\" content=\"https:\/\/www.manabi.gob.ec\/wp-content\/uploads\/2025\/08\/WhatsApp-Image-2025-08-12-at-12.55.28-PM.jpg\" \/>\n\t<meta property=\"og:image:width\" content=\"2008\" \/>\n\t<meta property=\"og:image:height\" content=\"1600\" \/>\n\t<meta property=\"og:image:type\" content=\"image\/jpeg\" \/>\n<meta name=\"author\" content=\"Lui Ochoa\" \/>\n<meta name=\"twitter:card\" content=\"summary_large_image\" \/>\n<meta name=\"twitter:label1\" content=\"Escrito por\" \/>\n\t<meta name=\"twitter:data1\" content=\"Lui Ochoa\" \/>\n\t<meta name=\"twitter:label2\" content=\"Tiempo de lectura\" \/>\n\t<meta name=\"twitter:data2\" content=\"2 minutos\" \/>\n<script type=\"application\/ld+json\" class=\"yoast-schema-graph\">{\"@context\":\"https:\\\/\\\/schema.org\",\"@graph\":[{\"@type\":\"Article\",\"@id\":\"https:\\\/\\\/www.manabi.gob.ec\\\/index.php\\\/continuamos-fortaleciendo-el-campo-con-ciencia-y-tradicion\\\/#article\",\"isPartOf\":{\"@id\":\"https:\\\/\\\/www.manabi.gob.ec\\\/index.php\\\/continuamos-fortaleciendo-el-campo-con-ciencia-y-tradicion\\\/\"},\"author\":{\"name\":\"Lui Ochoa\",\"@id\":\"https:\\\/\\\/www.manabi.gob.ec\\\/#\\\/schema\\\/person\\\/c4f117989332ad723a6ced5994aa7d7a\"},\"headline\":\"Continuamos fortaleciendo el campo con ciencia y tradici\u00f3n\",\"datePublished\":\"2025-08-12T18:15:34+00:00\",\"dateModified\":\"2025-08-12T18:15:39+00:00\",\"mainEntityOfPage\":{\"@id\":\"https:\\\/\\\/www.manabi.gob.ec\\\/index.php\\\/continuamos-fortaleciendo-el-campo-con-ciencia-y-tradicion\\\/\"},\"wordCount\":264,\"image\":{\"@id\":\"https:\\\/\\\/www.manabi.gob.ec\\\/index.php\\\/continuamos-fortaleciendo-el-campo-con-ciencia-y-tradicion\\\/#primaryimage\"},\"thumbnailUrl\":\"https:\\\/\\\/www.manabi.gob.ec\\\/wp-content\\\/uploads\\\/2025\\\/08\\\/WhatsApp-Image-2025-08-12-at-12.55.28-PM.jpg\",\"articleSection\":[\"Ambiente\",\"Desarrollo Social\",\"Novillo\",\"Todas\"],\"inLanguage\":\"es\"},{\"@type\":\"WebPage\",\"@id\":\"https:\\\/\\\/www.manabi.gob.ec\\\/index.php\\\/continuamos-fortaleciendo-el-campo-con-ciencia-y-tradicion\\\/\",\"url\":\"https:\\\/\\\/www.manabi.gob.ec\\\/index.php\\\/continuamos-fortaleciendo-el-campo-con-ciencia-y-tradicion\\\/\",\"name\":\"Continuamos fortaleciendo el campo con ciencia y tradici\u00f3n - Prefectura de Manab\u00ed\",\"isPartOf\":{\"@id\":\"https:\\\/\\\/www.manabi.gob.ec\\\/#website\"},\"primaryImageOfPage\":{\"@id\":\"https:\\\/\\\/www.manabi.gob.ec\\\/index.php\\\/continuamos-fortaleciendo-el-campo-con-ciencia-y-tradicion\\\/#primaryimage\"},\"image\":{\"@id\":\"https:\\\/\\\/www.manabi.gob.ec\\\/index.php\\\/continuamos-fortaleciendo-el-campo-con-ciencia-y-tradicion\\\/#primaryimage\"},\"thumbnailUrl\":\"https:\\\/\\\/www.manabi.gob.ec\\\/wp-content\\\/uploads\\\/2025\\\/08\\\/WhatsApp-Image-2025-08-12-at-12.55.28-PM.jpg\",\"datePublished\":\"2025-08-12T18:15:34+00:00\",\"dateModified\":\"2025-08-12T18:15:39+00:00\",\"author\":{\"@id\":\"https:\\\/\\\/www.manabi.gob.ec\\\/#\\\/schema\\\/person\\\/c4f117989332ad723a6ced5994aa7d7a\"},\"breadcrumb\":{\"@id\":\"https:\\\/\\\/www.manabi.gob.ec\\\/index.php\\\/continuamos-fortaleciendo-el-campo-con-ciencia-y-tradicion\\\/#breadcrumb\"},\"inLanguage\":\"es\",\"potentialAction\":[{\"@type\":\"ReadAction\",\"target\":[\"https:\\\/\\\/www.manabi.gob.ec\\\/index.php\\\/continuamos-fortaleciendo-el-campo-con-ciencia-y-tradicion\\\/\"]}]},{\"@type\":\"ImageObject\",\"inLanguage\":\"es\",\"@id\":\"https:\\\/\\\/www.manabi.gob.ec\\\/index.php\\\/continuamos-fortaleciendo-el-campo-con-ciencia-y-tradicion\\\/#primaryimage\",\"url\":\"https:\\\/\\\/www.manabi.gob.ec\\\/wp-content\\\/uploads\\\/2025\\\/08\\\/WhatsApp-Image-2025-08-12-at-12.55.28-PM.jpg\",\"contentUrl\":\"https:\\\/\\\/www.manabi.gob.ec\\\/wp-content\\\/uploads\\\/2025\\\/08\\\/WhatsApp-Image-2025-08-12-at-12.55.28-PM.jpg\",\"width\":2008,\"height\":1600},{\"@type\":\"BreadcrumbList\",\"@id\":\"https:\\\/\\\/www.manabi.gob.ec\\\/index.php\\\/continuamos-fortaleciendo-el-campo-con-ciencia-y-tradicion\\\/#breadcrumb\",\"itemListElement\":[{\"@type\":\"ListItem\",\"position\":1,\"name\":\"Portada\",\"item\":\"https:\\\/\\\/www.manabi.gob.ec\\\/\"},{\"@type\":\"ListItem\",\"position\":2,\"name\":\"Continuamos fortaleciendo el campo con ciencia y tradici\u00f3n\"}]},{\"@type\":\"WebSite\",\"@id\":\"https:\\\/\\\/www.manabi.gob.ec\\\/#website\",\"url\":\"https:\\\/\\\/www.manabi.gob.ec\\\/\",\"name\":\"Prefectura de Manab\u00ed\",\"description\":\"P\u00e1gina web de la prefectura\",\"potentialAction\":[{\"@type\":\"SearchAction\",\"target\":{\"@type\":\"EntryPoint\",\"urlTemplate\":\"https:\\\/\\\/www.manabi.gob.ec\\\/?s={search_term_string}\"},\"query-input\":{\"@type\":\"PropertyValueSpecification\",\"valueRequired\":true,\"valueName\":\"search_term_string\"}}],\"inLanguage\":\"es\"},{\"@type\":\"Person\",\"@id\":\"https:\\\/\\\/www.manabi.gob.ec\\\/#\\\/schema\\\/person\\\/c4f117989332ad723a6ced5994aa7d7a\",\"name\":\"Lui Ochoa\",\"image\":{\"@type\":\"ImageObject\",\"inLanguage\":\"es\",\"@id\":\"https:\\\/\\\/secure.gravatar.com\\\/avatar\\\/6e8017d0fe69dead8a95864d2eb6e1e1d8bf8e01194ba49cf7b897ff038126ba?s=96&d=mm&r=g\",\"url\":\"https:\\\/\\\/secure.gravatar.com\\\/avatar\\\/6e8017d0fe69dead8a95864d2eb6e1e1d8bf8e01194ba49cf7b897ff038126ba?s=96&d=mm&r=g\",\"contentUrl\":\"https:\\\/\\\/secure.gravatar.com\\\/avatar\\\/6e8017d0fe69dead8a95864d2eb6e1e1d8bf8e01194ba49cf7b897ff038126ba?s=96&d=mm&r=g\",\"caption\":\"Lui Ochoa\"},\"url\":\"https:\\\/\\\/www.manabi.gob.ec\\\/index.php\\\/author\\\/lochoa\\\/\"}]}<\/script>\n<!-- \/ Yoast SEO plugin. -->","yoast_head_json":{"title":"Continuamos fortaleciendo el campo con ciencia y tradici\u00f3n - Prefectura de Manab\u00ed","robots":{"index":"index","follow":"follow","max-snippet":"max-snippet:-1","max-image-preview":"max-image-preview:large","max-video-preview":"max-video-preview:-1"},"canonical":"https:\/\/www.manabi.gob.ec\/index.php\/continuamos-fortaleciendo-el-campo-con-ciencia-y-tradicion\/","og_locale":"es_ES","og_type":"article","og_title":"Continuamos fortaleciendo el campo con ciencia y tradici\u00f3n - Prefectura de Manab\u00ed","og_description":"Captura de microorganismos en las Escuelas del Productor GanaderoEn el marco de la Pol\u00edtica P\u00fablica Agroecol\u00f3gica, que impulsa proyectos y actividades para el desarrollo sostenible del territorio, la Prefectura de Manab\u00ed, a trav\u00e9s del programa Manab\u00ed se Reactiva, contin\u00faa fortaleciendo los saberes y pr\u00e1cticas productivas que garantizan la rentabilidad, la preservaci\u00f3n del medio ambiente y [&hellip;]","og_url":"https:\/\/www.manabi.gob.ec\/index.php\/continuamos-fortaleciendo-el-campo-con-ciencia-y-tradicion\/","og_site_name":"Prefectura de Manab\u00ed","article_published_time":"2025-08-12T18:15:34+00:00","article_modified_time":"2025-08-12T18:15:39+00:00","og_image":[{"width":2008,"height":1600,"url":"https:\/\/www.manabi.gob.ec\/wp-content\/uploads\/2025\/08\/WhatsApp-Image-2025-08-12-at-12.55.28-PM.jpg","type":"image\/jpeg"}],"author":"Lui Ochoa","twitter_card":"summary_large_image","twitter_misc":{"Escrito por":"Lui Ochoa","Tiempo de lectura":"2 minutos"},"schema":{"@context":"https:\/\/schema.org","@graph":[{"@type":"Article","@id":"https:\/\/www.manabi.gob.ec\/index.php\/continuamos-fortaleciendo-el-campo-con-ciencia-y-tradicion\/#article","isPartOf":{"@id":"https:\/\/www.manabi.gob.ec\/index.php\/continuamos-fortaleciendo-el-campo-con-ciencia-y-tradicion\/"},"author":{"name":"Lui Ochoa","@id":"https:\/\/www.manabi.gob.ec\/#\/schema\/person\/c4f117989332ad723a6ced5994aa7d7a"},"headline":"Continuamos fortaleciendo el campo con ciencia y tradici\u00f3n","datePublished":"2025-08-12T18:15:34+00:00","dateModified":"2025-08-12T18:15:39+00:00","mainEntityOfPage":{"@id":"https:\/\/www.manabi.gob.ec\/index.php\/continuamos-fortaleciendo-el-campo-con-ciencia-y-tradicion\/"},"wordCount":264,"image":{"@id":"https:\/\/www.manabi.gob.ec\/index.php\/continuamos-fortaleciendo-el-campo-con-ciencia-y-tradicion\/#primaryimage"},"thumbnailUrl":"https:\/\/www.manabi.gob.ec\/wp-content\/uploads\/2025\/08\/WhatsApp-Image-2025-08-12-at-12.55.28-PM.jpg","articleSection":["Ambiente","Desarrollo Social","Novillo","Todas"],"inLanguage":"es"},{"@type":"WebPage","@id":"https:\/\/www.manabi.gob.ec\/index.php\/continuamos-fortaleciendo-el-campo-con-ciencia-y-tradicion\/","url":"https:\/\/www.manabi.gob.ec\/index.php\/continuamos-fortaleciendo-el-campo-con-ciencia-y-tradicion\/","name":"Continuamos fortaleciendo el campo con ciencia y tradici\u00f3n - Prefectura de Manab\u00ed","isPartOf":{"@id":"https:\/\/www.manabi.gob.ec\/#website"},"primaryImageOfPage":{"@id":"https:\/\/www.manabi.gob.ec\/index.php\/continuamos-fortaleciendo-el-campo-con-ciencia-y-tradicion\/#primaryimage"},"image":{"@id":"https:\/\/www.manabi.gob.ec\/index.php\/continuamos-fortaleciendo-el-campo-con-ciencia-y-tradicion\/#primaryimage"},"thumbnailUrl":"https:\/\/www.manabi.gob.ec\/wp-content\/uploads\/2025\/08\/WhatsApp-Image-2025-08-12-at-12.55.28-PM.jpg","datePublished":"2025-08-12T18:15:34+00:00","dateModified":"2025-08-12T18:15:39+00:00","author":{"@id":"https:\/\/www.manabi.gob.ec\/#\/schema\/person\/c4f117989332ad723a6ced5994aa7d7a"},"breadcrumb":{"@id":"https:\/\/www.manabi.gob.ec\/index.php\/continuamos-fortaleciendo-el-campo-con-ciencia-y-tradicion\/#breadcrumb"},"inLanguage":"es","potentialAction":[{"@type":"ReadAction","target":["https:\/\/www.manabi.gob.ec\/index.php\/continuamos-fortaleciendo-el-campo-con-ciencia-y-tradicion\/"]}]},{"@type":"ImageObject","inLanguage":"es","@id":"https:\/\/www.manabi.gob.ec\/index.php\/continuamos-fortaleciendo-el-campo-con-ciencia-y-tradicion\/#primaryimage","url":"https:\/\/www.manabi.gob.ec\/wp-content\/uploads\/2025\/08\/WhatsApp-Image-2025-08-12-at-12.55.28-PM.jpg","contentUrl":"https:\/\/www.manabi.gob.ec\/wp-content\/uploads\/2025\/08\/WhatsApp-Image-2025-08-12-at-12.55.28-PM.jpg","width":2008,"height":1600},{"@type":"BreadcrumbList","@id":"https:\/\/www.manabi.gob.ec\/index.php\/continuamos-fortaleciendo-el-campo-con-ciencia-y-tradicion\/#breadcrumb","itemListElement":[{"@type":"ListItem","position":1,"name":"Portada","item":"https:\/\/www.manabi.gob.ec\/"},{"@type":"ListItem","position":2,"name":"Continuamos fortaleciendo el campo con ciencia y tradici\u00f3n"}]},{"@type":"WebSite","@id":"https:\/\/www.manabi.gob.ec\/#website","url":"https:\/\/www.manabi.gob.ec\/","name":"Prefectura de Manab\u00ed","description":"P\u00e1gina web de la prefectura","potentialAction":[{"@type":"SearchAction","target":{"@type":"EntryPoint","urlTemplate":"https:\/\/www.manabi.gob.ec\/?s={search_term_string}"},"query-input":{"@type":"PropertyValueSpecification","valueRequired":true,"valueName":"search_term_string"}}],"inLanguage":"es"},{"@type":"Person","@id":"https:\/\/www.manabi.gob.ec\/#\/schema\/person\/c4f117989332ad723a6ced5994aa7d7a","name":"Lui Ochoa","image":{"@type":"ImageObject","inLanguage":"es","@id":"https:\/\/secure.gravatar.com\/avatar\/6e8017d0fe69dead8a95864d2eb6e1e1d8bf8e01194ba49cf7b897ff038126ba?s=96&d=mm&r=g","url":"https:\/\/secure.gravatar.com\/avatar\/6e8017d0fe69dead8a95864d2eb6e1e1d8bf8e01194ba49cf7b897ff038126ba?s=96&d=mm&r=g","contentUrl":"https:\/\/secure.gravatar.com\/avatar\/6e8017d0fe69dead8a95864d2eb6e1e1d8bf8e01194ba49cf7b897ff038126ba?s=96&d=mm&r=g","caption":"Lui Ochoa"},"url":"https:\/\/www.manabi.gob.ec\/index.php\/author\/lochoa\/"}]}},"jetpack_featured_media_url":"https:\/\/www.manabi.gob.ec\/wp-content\/uploads\/2025\/08\/WhatsApp-Image-2025-08-12-at-12.55.28-PM.jpg","_links":{"self":[{"href":"https:\/\/www.manabi.gob.ec\/index.php\/wp-json\/wp\/v2\/posts\/31689","targetHints":{"allow":["GET"]}}],"collection":[{"href":"https:\/\/www.manabi.gob.ec\/index.php\/wp-json\/wp\/v2\/posts"}],"about":[{"href":"https:\/\/www.manabi.gob.ec\/index.php\/wp-json\/wp\/v2\/types\/post"}],"author":[{"embeddable":true,"href":"https:\/\/www.manabi.gob.ec\/index.php\/wp-json\/wp\/v2\/users\/10"}],"replies":[{"embeddable":true,"href":"https:\/\/www.manabi.gob.ec\/index.php\/wp-json\/wp\/v2\/comments?post=31689"}],"version-history":[{"count":1,"href":"https:\/\/www.manabi.gob.ec\/index.php\/wp-json\/wp\/v2\/posts\/31689\/revisions"}],"predecessor-version":[{"id":31691,"href":"https:\/\/www.manabi.gob.ec\/index.php\/wp-json\/wp\/v2\/posts\/31689\/revisions\/31691"}],"wp:featuredmedia":[{"embeddable":true,"href":"https:\/\/www.manabi.gob.ec\/index.php\/wp-json\/wp\/v2\/media\/31690"}],"wp:attachment":[{"href":"https:\/\/www.manabi.gob.ec\/index.php\/wp-json\/wp\/v2\/media?parent=31689"}],"wp:term":[{"taxonomy":"category","embeddable":true,"href":"https:\/\/www.manabi.gob.ec\/index.php\/wp-json\/wp\/v2\/categories?post=31689"},{"taxonomy":"post_tag","embeddable":true,"href":"https:\/\/www.manabi.gob.ec\/index.php\/wp-json\/wp\/v2\/tags?post=31689"}],"curies":[{"name":"wp","href":"https:\/\/api.w.org\/{rel}","templated":true}]}}