{"id":31701,"date":"2025-08-14T13:31:17","date_gmt":"2025-08-14T13:31:17","guid":{"rendered":"https:\/\/www.manabi.gob.ec\/?p=31701"},"modified":"2025-08-14T13:31:22","modified_gmt":"2025-08-14T13:31:22","slug":"nueva-via-une-pajan-y-jipijapa-y-fortalece-el-desarrollo-productivo-de-manabi","status":"publish","type":"post","link":"https:\/\/www.manabi.gob.ec\/index.php\/nueva-via-une-pajan-y-jipijapa-y-fortalece-el-desarrollo-productivo-de-manabi\/","title":{"rendered":"Nueva v\u00eda une Paj\u00e1n y Jipijapa y fortalece el desarrollo productivo de Manab\u00ed"},"content":{"rendered":"\n<p>La Prefectura de Manab\u00ed, liderada por el prefecto Leonardo Orlando, entreg\u00f3 el pasado viernes 8 de agosto, la v\u00eda Paj\u00e1n \u2013 Trinidad de San Lorenzo \u2013 San Lorenzo \u2013 Boca de Misbaque, una obra esperada por d\u00e9cadas que impulsa la conectividad y el desarrollo de un sector altamente productivo en ganader\u00eda, y agricultura con productos como caf\u00e9, cacao, ma\u00edz y habas.<\/p>\n\n\n\n<p>La intervenci\u00f3n beneficia a diversas comunidades, entre ellas: Las Casitas de Campozano, Entrada a Mocoral, Cruz del Bajo, Bajo Grande, El Porvenir, Buenos Aires Trinidad, El Corozo, La Puntilla, San Lorenzo, El Chontal, San Francisco, Boca de Misbaque, Ramo Grande, El Carmen Vargas Torres, Sobeida, Mar\u00eda de Oro, La Canoa, R\u00edo Chico y Mocoral.<br>Para la ejecuci\u00f3n de esta obra, la Prefectura de Manab\u00ed invirti\u00f3 m\u00e1s de un mill\u00f3n de d\u00f3lares en la intervenci\u00f3n de 5,9 kil\u00f3metros, garantizando una v\u00eda de calidad que mejora la movilidad y fortalece la econom\u00eda local.<\/p>\n\n\n\n<p>\u201cHoy entregamos una obra de dignidad y esperanza, que integra a dos cantones hermanos y abre nuevas oportunidades para nuestras comunidades\u201d, afirm\u00f3 el Prefecto.<\/p>\n\n\n\n<p>Kathy Nieves, moradora de San Lorenzo, no ocult\u00f3 su emoci\u00f3n al agradecer al prefecto Orlando por esta obra: \u201cHoy somos felices por esta v\u00eda, gracias al esfuerzo y cari\u00f1o de un prefecto que no se olvida de su gente\u201d.<\/p>\n\n\n\n<p>Durante el acto, el Prefecto recibi\u00f3 una placa de reconocimiento por su aporte al desarrollo de la zona, en especial de Misbaque. Adem\u00e1s, Benjam\u00edn Zorrilla, emprendedor de R\u00edo Chico, expres\u00f3 su gratitud por el respaldo y fortalecimiento a su negocio, destacando la producci\u00f3n de su chocolate Choco Benjam\u00edn, elaborado con cacao fino de aroma.<\/p>\n\n\n\n<p>En la misma jornada, el Prefecto supervis\u00f3 los trabajos en la v\u00eda Misbaque \u2013 Ramo Grande, donde avanza la construcci\u00f3n del terrapl\u00e9n de un tramo de 6,5 kil\u00f3metros. Este trabajo forma parte de un ambicioso plan vial intercantonal que prev\u00e9 intervenir aproximadamente 55 kil\u00f3metros de caminos rurales desde Paj\u00e1n que conecta sitios como la Trinidad de San Lorenzo, Boca de Misbaque, Ramo Grande, Vargas Torres, Las Maravillas hasta Mainas. As\u00ed como la conexi\u00f3n desde Monas a Mainas, y desde las Maravillas hacia la parroquia La Uni\u00f3n del Cant\u00f3n Jipijapa.<\/p>\n","protected":false},"excerpt":{"rendered":"<p>La Prefectura de Manab\u00ed, liderada por el prefecto Leonardo Orlando, entreg\u00f3 el pasado viernes 8 de agosto, la v\u00eda Paj\u00e1n \u2013 Trinidad de San Lorenzo \u2013 San Lorenzo \u2013 Boca de Misbaque, una obra esperada por d\u00e9cadas que impulsa la conectividad y el desarrollo de un sector altamente productivo en ganader\u00eda, y agricultura con productos [&hellip;]<\/p>\n","protected":false},"author":10,"featured_media":31703,"comment_status":"closed","ping_status":"closed","sticky":false,"template":"","format":"standard","meta":{"_joinchat":[],"footnotes":""},"categories":[150,142,123,92,181,126,91,127],"tags":[],"class_list":["post-31701","post","type-post","status-publish","format-standard","has-post-thumbnail","hentry","category-ambiente","category-desarrollo-social","category-jipijapa","category-noticias-manabi","category-obra-publica","category-pajan","category-todas","category-vialidad"],"yoast_head":"<!-- This site is optimized with the Yoast SEO plugin v27.4 - https:\/\/yoast.com\/product\/yoast-seo-wordpress\/ -->\n<title>Nueva v\u00eda une Paj\u00e1n y Jipijapa y fortalece el desarrollo productivo de Manab\u00ed - Prefectura de Manab\u00ed<\/title>\n<meta name=\"robots\" content=\"index, follow, max-snippet:-1, max-image-preview:large, max-video-preview:-1\" \/>\n<link rel=\"canonical\" href=\"https:\/\/www.manabi.gob.ec\/index.php\/nueva-via-une-pajan-y-jipijapa-y-fortalece-el-desarrollo-productivo-de-manabi\/\" \/>\n<meta property=\"og:locale\" content=\"es_ES\" \/>\n<meta property=\"og:type\" content=\"article\" \/>\n<meta property=\"og:title\" content=\"Nueva v\u00eda une Paj\u00e1n y Jipijapa y fortalece el desarrollo productivo de Manab\u00ed - Prefectura de Manab\u00ed\" \/>\n<meta property=\"og:description\" content=\"La Prefectura de Manab\u00ed, liderada por el prefecto Leonardo Orlando, entreg\u00f3 el pasado viernes 8 de agosto, la v\u00eda Paj\u00e1n \u2013 Trinidad de San Lorenzo \u2013 San Lorenzo \u2013 Boca de Misbaque, una obra esperada por d\u00e9cadas que impulsa la conectividad y el desarrollo de un sector altamente productivo en ganader\u00eda, y agricultura con productos [&hellip;]\" \/>\n<meta property=\"og:url\" content=\"https:\/\/www.manabi.gob.ec\/index.php\/nueva-via-une-pajan-y-jipijapa-y-fortalece-el-desarrollo-productivo-de-manabi\/\" \/>\n<meta property=\"og:site_name\" content=\"Prefectura de Manab\u00ed\" \/>\n<meta property=\"article:published_time\" content=\"2025-08-14T13:31:17+00:00\" \/>\n<meta property=\"article:modified_time\" content=\"2025-08-14T13:31:22+00:00\" \/>\n<meta property=\"og:image\" content=\"https:\/\/www.manabi.gob.ec\/wp-content\/uploads\/2025\/08\/WhatsApp-Image-2025-08-13-at-11.22.13-AM-scaled.jpeg\" \/>\n\t<meta property=\"og:image:width\" content=\"2560\" \/>\n\t<meta property=\"og:image:height\" content=\"1706\" \/>\n\t<meta property=\"og:image:type\" content=\"image\/jpeg\" \/>\n<meta name=\"author\" content=\"Lui Ochoa\" \/>\n<meta name=\"twitter:card\" content=\"summary_large_image\" \/>\n<meta name=\"twitter:label1\" content=\"Escrito por\" \/>\n\t<meta name=\"twitter:data1\" content=\"Lui Ochoa\" \/>\n\t<meta name=\"twitter:label2\" content=\"Tiempo de lectura\" \/>\n\t<meta name=\"twitter:data2\" content=\"2 minutos\" \/>\n<script type=\"application\/ld+json\" class=\"yoast-schema-graph\">{\"@context\":\"https:\\\/\\\/schema.org\",\"@graph\":[{\"@type\":\"Article\",\"@id\":\"https:\\\/\\\/www.manabi.gob.ec\\\/index.php\\\/nueva-via-une-pajan-y-jipijapa-y-fortalece-el-desarrollo-productivo-de-manabi\\\/#article\",\"isPartOf\":{\"@id\":\"https:\\\/\\\/www.manabi.gob.ec\\\/index.php\\\/nueva-via-une-pajan-y-jipijapa-y-fortalece-el-desarrollo-productivo-de-manabi\\\/\"},\"author\":{\"name\":\"Lui Ochoa\",\"@id\":\"https:\\\/\\\/www.manabi.gob.ec\\\/#\\\/schema\\\/person\\\/c4f117989332ad723a6ced5994aa7d7a\"},\"headline\":\"Nueva v\u00eda une Paj\u00e1n y Jipijapa y fortalece el desarrollo productivo de Manab\u00ed\",\"datePublished\":\"2025-08-14T13:31:17+00:00\",\"dateModified\":\"2025-08-14T13:31:22+00:00\",\"mainEntityOfPage\":{\"@id\":\"https:\\\/\\\/www.manabi.gob.ec\\\/index.php\\\/nueva-via-une-pajan-y-jipijapa-y-fortalece-el-desarrollo-productivo-de-manabi\\\/\"},\"wordCount\":398,\"image\":{\"@id\":\"https:\\\/\\\/www.manabi.gob.ec\\\/index.php\\\/nueva-via-une-pajan-y-jipijapa-y-fortalece-el-desarrollo-productivo-de-manabi\\\/#primaryimage\"},\"thumbnailUrl\":\"https:\\\/\\\/www.manabi.gob.ec\\\/wp-content\\\/uploads\\\/2025\\\/08\\\/WhatsApp-Image-2025-08-13-at-11.22.13-AM-scaled.jpeg\",\"articleSection\":[\"Ambiente\",\"Desarrollo Social\",\"Jipijapa\",\"Noticias\",\"Obra P\u00fablica\",\"Paj\u00e1n\",\"Todas\",\"Vialidad\"],\"inLanguage\":\"es\"},{\"@type\":\"WebPage\",\"@id\":\"https:\\\/\\\/www.manabi.gob.ec\\\/index.php\\\/nueva-via-une-pajan-y-jipijapa-y-fortalece-el-desarrollo-productivo-de-manabi\\\/\",\"url\":\"https:\\\/\\\/www.manabi.gob.ec\\\/index.php\\\/nueva-via-une-pajan-y-jipijapa-y-fortalece-el-desarrollo-productivo-de-manabi\\\/\",\"name\":\"Nueva v\u00eda une Paj\u00e1n y Jipijapa y fortalece el desarrollo productivo de Manab\u00ed - Prefectura de Manab\u00ed\",\"isPartOf\":{\"@id\":\"https:\\\/\\\/www.manabi.gob.ec\\\/#website\"},\"primaryImageOfPage\":{\"@id\":\"https:\\\/\\\/www.manabi.gob.ec\\\/index.php\\\/nueva-via-une-pajan-y-jipijapa-y-fortalece-el-desarrollo-productivo-de-manabi\\\/#primaryimage\"},\"image\":{\"@id\":\"https:\\\/\\\/www.manabi.gob.ec\\\/index.php\\\/nueva-via-une-pajan-y-jipijapa-y-fortalece-el-desarrollo-productivo-de-manabi\\\/#primaryimage\"},\"thumbnailUrl\":\"https:\\\/\\\/www.manabi.gob.ec\\\/wp-content\\\/uploads\\\/2025\\\/08\\\/WhatsApp-Image-2025-08-13-at-11.22.13-AM-scaled.jpeg\",\"datePublished\":\"2025-08-14T13:31:17+00:00\",\"dateModified\":\"2025-08-14T13:31:22+00:00\",\"author\":{\"@id\":\"https:\\\/\\\/www.manabi.gob.ec\\\/#\\\/schema\\\/person\\\/c4f117989332ad723a6ced5994aa7d7a\"},\"breadcrumb\":{\"@id\":\"https:\\\/\\\/www.manabi.gob.ec\\\/index.php\\\/nueva-via-une-pajan-y-jipijapa-y-fortalece-el-desarrollo-productivo-de-manabi\\\/#breadcrumb\"},\"inLanguage\":\"es\",\"potentialAction\":[{\"@type\":\"ReadAction\",\"target\":[\"https:\\\/\\\/www.manabi.gob.ec\\\/index.php\\\/nueva-via-une-pajan-y-jipijapa-y-fortalece-el-desarrollo-productivo-de-manabi\\\/\"]}]},{\"@type\":\"ImageObject\",\"inLanguage\":\"es\",\"@id\":\"https:\\\/\\\/www.manabi.gob.ec\\\/index.php\\\/nueva-via-une-pajan-y-jipijapa-y-fortalece-el-desarrollo-productivo-de-manabi\\\/#primaryimage\",\"url\":\"https:\\\/\\\/www.manabi.gob.ec\\\/wp-content\\\/uploads\\\/2025\\\/08\\\/WhatsApp-Image-2025-08-13-at-11.22.13-AM-scaled.jpeg\",\"contentUrl\":\"https:\\\/\\\/www.manabi.gob.ec\\\/wp-content\\\/uploads\\\/2025\\\/08\\\/WhatsApp-Image-2025-08-13-at-11.22.13-AM-scaled.jpeg\",\"width\":2560,\"height\":1706},{\"@type\":\"BreadcrumbList\",\"@id\":\"https:\\\/\\\/www.manabi.gob.ec\\\/index.php\\\/nueva-via-une-pajan-y-jipijapa-y-fortalece-el-desarrollo-productivo-de-manabi\\\/#breadcrumb\",\"itemListElement\":[{\"@type\":\"ListItem\",\"position\":1,\"name\":\"Portada\",\"item\":\"https:\\\/\\\/www.manabi.gob.ec\\\/\"},{\"@type\":\"ListItem\",\"position\":2,\"name\":\"Nueva v\u00eda une Paj\u00e1n y Jipijapa y fortalece el desarrollo productivo de Manab\u00ed\"}]},{\"@type\":\"WebSite\",\"@id\":\"https:\\\/\\\/www.manabi.gob.ec\\\/#website\",\"url\":\"https:\\\/\\\/www.manabi.gob.ec\\\/\",\"name\":\"Prefectura de Manab\u00ed\",\"description\":\"P\u00e1gina web de la prefectura\",\"potentialAction\":[{\"@type\":\"SearchAction\",\"target\":{\"@type\":\"EntryPoint\",\"urlTemplate\":\"https:\\\/\\\/www.manabi.gob.ec\\\/?s={search_term_string}\"},\"query-input\":{\"@type\":\"PropertyValueSpecification\",\"valueRequired\":true,\"valueName\":\"search_term_string\"}}],\"inLanguage\":\"es\"},{\"@type\":\"Person\",\"@id\":\"https:\\\/\\\/www.manabi.gob.ec\\\/#\\\/schema\\\/person\\\/c4f117989332ad723a6ced5994aa7d7a\",\"name\":\"Lui Ochoa\",\"image\":{\"@type\":\"ImageObject\",\"inLanguage\":\"es\",\"@id\":\"https:\\\/\\\/secure.gravatar.com\\\/avatar\\\/6e8017d0fe69dead8a95864d2eb6e1e1d8bf8e01194ba49cf7b897ff038126ba?s=96&d=mm&r=g\",\"url\":\"https:\\\/\\\/secure.gravatar.com\\\/avatar\\\/6e8017d0fe69dead8a95864d2eb6e1e1d8bf8e01194ba49cf7b897ff038126ba?s=96&d=mm&r=g\",\"contentUrl\":\"https:\\\/\\\/secure.gravatar.com\\\/avatar\\\/6e8017d0fe69dead8a95864d2eb6e1e1d8bf8e01194ba49cf7b897ff038126ba?s=96&d=mm&r=g\",\"caption\":\"Lui Ochoa\"},\"url\":\"https:\\\/\\\/www.manabi.gob.ec\\\/index.php\\\/author\\\/lochoa\\\/\"}]}<\/script>\n<!-- \/ Yoast SEO plugin. -->","yoast_head_json":{"title":"Nueva v\u00eda une Paj\u00e1n y Jipijapa y fortalece el desarrollo productivo de Manab\u00ed - Prefectura de Manab\u00ed","robots":{"index":"index","follow":"follow","max-snippet":"max-snippet:-1","max-image-preview":"max-image-preview:large","max-video-preview":"max-video-preview:-1"},"canonical":"https:\/\/www.manabi.gob.ec\/index.php\/nueva-via-une-pajan-y-jipijapa-y-fortalece-el-desarrollo-productivo-de-manabi\/","og_locale":"es_ES","og_type":"article","og_title":"Nueva v\u00eda une Paj\u00e1n y Jipijapa y fortalece el desarrollo productivo de Manab\u00ed - Prefectura de Manab\u00ed","og_description":"La Prefectura de Manab\u00ed, liderada por el prefecto Leonardo Orlando, entreg\u00f3 el pasado viernes 8 de agosto, la v\u00eda Paj\u00e1n \u2013 Trinidad de San Lorenzo \u2013 San Lorenzo \u2013 Boca de Misbaque, una obra esperada por d\u00e9cadas que impulsa la conectividad y el desarrollo de un sector altamente productivo en ganader\u00eda, y agricultura con productos [&hellip;]","og_url":"https:\/\/www.manabi.gob.ec\/index.php\/nueva-via-une-pajan-y-jipijapa-y-fortalece-el-desarrollo-productivo-de-manabi\/","og_site_name":"Prefectura de Manab\u00ed","article_published_time":"2025-08-14T13:31:17+00:00","article_modified_time":"2025-08-14T13:31:22+00:00","og_image":[{"width":2560,"height":1706,"url":"https:\/\/www.manabi.gob.ec\/wp-content\/uploads\/2025\/08\/WhatsApp-Image-2025-08-13-at-11.22.13-AM-scaled.jpeg","type":"image\/jpeg"}],"author":"Lui Ochoa","twitter_card":"summary_large_image","twitter_misc":{"Escrito por":"Lui Ochoa","Tiempo de lectura":"2 minutos"},"schema":{"@context":"https:\/\/schema.org","@graph":[{"@type":"Article","@id":"https:\/\/www.manabi.gob.ec\/index.php\/nueva-via-une-pajan-y-jipijapa-y-fortalece-el-desarrollo-productivo-de-manabi\/#article","isPartOf":{"@id":"https:\/\/www.manabi.gob.ec\/index.php\/nueva-via-une-pajan-y-jipijapa-y-fortalece-el-desarrollo-productivo-de-manabi\/"},"author":{"name":"Lui Ochoa","@id":"https:\/\/www.manabi.gob.ec\/#\/schema\/person\/c4f117989332ad723a6ced5994aa7d7a"},"headline":"Nueva v\u00eda une Paj\u00e1n y Jipijapa y fortalece el desarrollo productivo de Manab\u00ed","datePublished":"2025-08-14T13:31:17+00:00","dateModified":"2025-08-14T13:31:22+00:00","mainEntityOfPage":{"@id":"https:\/\/www.manabi.gob.ec\/index.php\/nueva-via-une-pajan-y-jipijapa-y-fortalece-el-desarrollo-productivo-de-manabi\/"},"wordCount":398,"image":{"@id":"https:\/\/www.manabi.gob.ec\/index.php\/nueva-via-une-pajan-y-jipijapa-y-fortalece-el-desarrollo-productivo-de-manabi\/#primaryimage"},"thumbnailUrl":"https:\/\/www.manabi.gob.ec\/wp-content\/uploads\/2025\/08\/WhatsApp-Image-2025-08-13-at-11.22.13-AM-scaled.jpeg","articleSection":["Ambiente","Desarrollo Social","Jipijapa","Noticias","Obra P\u00fablica","Paj\u00e1n","Todas","Vialidad"],"inLanguage":"es"},{"@type":"WebPage","@id":"https:\/\/www.manabi.gob.ec\/index.php\/nueva-via-une-pajan-y-jipijapa-y-fortalece-el-desarrollo-productivo-de-manabi\/","url":"https:\/\/www.manabi.gob.ec\/index.php\/nueva-via-une-pajan-y-jipijapa-y-fortalece-el-desarrollo-productivo-de-manabi\/","name":"Nueva v\u00eda une Paj\u00e1n y Jipijapa y fortalece el desarrollo productivo de Manab\u00ed - Prefectura de Manab\u00ed","isPartOf":{"@id":"https:\/\/www.manabi.gob.ec\/#website"},"primaryImageOfPage":{"@id":"https:\/\/www.manabi.gob.ec\/index.php\/nueva-via-une-pajan-y-jipijapa-y-fortalece-el-desarrollo-productivo-de-manabi\/#primaryimage"},"image":{"@id":"https:\/\/www.manabi.gob.ec\/index.php\/nueva-via-une-pajan-y-jipijapa-y-fortalece-el-desarrollo-productivo-de-manabi\/#primaryimage"},"thumbnailUrl":"https:\/\/www.manabi.gob.ec\/wp-content\/uploads\/2025\/08\/WhatsApp-Image-2025-08-13-at-11.22.13-AM-scaled.jpeg","datePublished":"2025-08-14T13:31:17+00:00","dateModified":"2025-08-14T13:31:22+00:00","author":{"@id":"https:\/\/www.manabi.gob.ec\/#\/schema\/person\/c4f117989332ad723a6ced5994aa7d7a"},"breadcrumb":{"@id":"https:\/\/www.manabi.gob.ec\/index.php\/nueva-via-une-pajan-y-jipijapa-y-fortalece-el-desarrollo-productivo-de-manabi\/#breadcrumb"},"inLanguage":"es","potentialAction":[{"@type":"ReadAction","target":["https:\/\/www.manabi.gob.ec\/index.php\/nueva-via-une-pajan-y-jipijapa-y-fortalece-el-desarrollo-productivo-de-manabi\/"]}]},{"@type":"ImageObject","inLanguage":"es","@id":"https:\/\/www.manabi.gob.ec\/index.php\/nueva-via-une-pajan-y-jipijapa-y-fortalece-el-desarrollo-productivo-de-manabi\/#primaryimage","url":"https:\/\/www.manabi.gob.ec\/wp-content\/uploads\/2025\/08\/WhatsApp-Image-2025-08-13-at-11.22.13-AM-scaled.jpeg","contentUrl":"https:\/\/www.manabi.gob.ec\/wp-content\/uploads\/2025\/08\/WhatsApp-Image-2025-08-13-at-11.22.13-AM-scaled.jpeg","width":2560,"height":1706},{"@type":"BreadcrumbList","@id":"https:\/\/www.manabi.gob.ec\/index.php\/nueva-via-une-pajan-y-jipijapa-y-fortalece-el-desarrollo-productivo-de-manabi\/#breadcrumb","itemListElement":[{"@type":"ListItem","position":1,"name":"Portada","item":"https:\/\/www.manabi.gob.ec\/"},{"@type":"ListItem","position":2,"name":"Nueva v\u00eda une Paj\u00e1n y Jipijapa y fortalece el desarrollo productivo de Manab\u00ed"}]},{"@type":"WebSite","@id":"https:\/\/www.manabi.gob.ec\/#website","url":"https:\/\/www.manabi.gob.ec\/","name":"Prefectura de Manab\u00ed","description":"P\u00e1gina web de la prefectura","potentialAction":[{"@type":"SearchAction","target":{"@type":"EntryPoint","urlTemplate":"https:\/\/www.manabi.gob.ec\/?s={search_term_string}"},"query-input":{"@type":"PropertyValueSpecification","valueRequired":true,"valueName":"search_term_string"}}],"inLanguage":"es"},{"@type":"Person","@id":"https:\/\/www.manabi.gob.ec\/#\/schema\/person\/c4f117989332ad723a6ced5994aa7d7a","name":"Lui Ochoa","image":{"@type":"ImageObject","inLanguage":"es","@id":"https:\/\/secure.gravatar.com\/avatar\/6e8017d0fe69dead8a95864d2eb6e1e1d8bf8e01194ba49cf7b897ff038126ba?s=96&d=mm&r=g","url":"https:\/\/secure.gravatar.com\/avatar\/6e8017d0fe69dead8a95864d2eb6e1e1d8bf8e01194ba49cf7b897ff038126ba?s=96&d=mm&r=g","contentUrl":"https:\/\/secure.gravatar.com\/avatar\/6e8017d0fe69dead8a95864d2eb6e1e1d8bf8e01194ba49cf7b897ff038126ba?s=96&d=mm&r=g","caption":"Lui Ochoa"},"url":"https:\/\/www.manabi.gob.ec\/index.php\/author\/lochoa\/"}]}},"jetpack_featured_media_url":"https:\/\/www.manabi.gob.ec\/wp-content\/uploads\/2025\/08\/WhatsApp-Image-2025-08-13-at-11.22.13-AM-scaled.jpeg","_links":{"self":[{"href":"https:\/\/www.manabi.gob.ec\/index.php\/wp-json\/wp\/v2\/posts\/31701","targetHints":{"allow":["GET"]}}],"collection":[{"href":"https:\/\/www.manabi.gob.ec\/index.php\/wp-json\/wp\/v2\/posts"}],"about":[{"href":"https:\/\/www.manabi.gob.ec\/index.php\/wp-json\/wp\/v2\/types\/post"}],"author":[{"embeddable":true,"href":"https:\/\/www.manabi.gob.ec\/index.php\/wp-json\/wp\/v2\/users\/10"}],"replies":[{"embeddable":true,"href":"https:\/\/www.manabi.gob.ec\/index.php\/wp-json\/wp\/v2\/comments?post=31701"}],"version-history":[{"count":1,"href":"https:\/\/www.manabi.gob.ec\/index.php\/wp-json\/wp\/v2\/posts\/31701\/revisions"}],"predecessor-version":[{"id":31704,"href":"https:\/\/www.manabi.gob.ec\/index.php\/wp-json\/wp\/v2\/posts\/31701\/revisions\/31704"}],"wp:featuredmedia":[{"embeddable":true,"href":"https:\/\/www.manabi.gob.ec\/index.php\/wp-json\/wp\/v2\/media\/31703"}],"wp:attachment":[{"href":"https:\/\/www.manabi.gob.ec\/index.php\/wp-json\/wp\/v2\/media?parent=31701"}],"wp:term":[{"taxonomy":"category","embeddable":true,"href":"https:\/\/www.manabi.gob.ec\/index.php\/wp-json\/wp\/v2\/categories?post=31701"},{"taxonomy":"post_tag","embeddable":true,"href":"https:\/\/www.manabi.gob.ec\/index.php\/wp-json\/wp\/v2\/tags?post=31701"}],"curies":[{"name":"wp","href":"https:\/\/api.w.org\/{rel}","templated":true}]}}