{"id":31712,"date":"2025-08-14T19:26:37","date_gmt":"2025-08-14T19:26:37","guid":{"rendered":"https:\/\/www.manabi.gob.ec\/?p=31712"},"modified":"2025-08-14T19:26:37","modified_gmt":"2025-08-14T19:26:37","slug":"ya-se-ven-los-resultados","status":"publish","type":"post","link":"https:\/\/www.manabi.gob.ec\/index.php\/ya-se-ven-los-resultados\/","title":{"rendered":"\u00a1Ya se ven los resultados!"},"content":{"rendered":"\n<p class=\"p1\">Contin\u00faa con fuerza el mantenimiento vial Montecristi \u2013 Manta, conectando progreso y oportunidades<\/p>\n\n\n\n<p class=\"p1\">Con el compromiso de fortalecer la infraestructura vial y potenciar el desarrollo econ\u00f3mico de la provincia, la Prefectura de Manab\u00ed, a trav\u00e9s de su Empresa P\u00fablica Manab\u00ed Vial, inici\u00f3 este martes el mantenimiento de la v\u00eda Montecristi \u2013 Manta, en el tramo comprendido entre el redondel de la Tejedora Manabita, en la parroquia Colorado del cant\u00f3n Montecristi, y el hospital del IESS Manta.<\/p>\n\n\n\n<p class=\"p1\">Hasta este jueves, los trabajos registran un avance del 10%. El plazo de ejecuci\u00f3n es de 90 d\u00edas, sujeto a la oportuna provisi\u00f3n de insumos para la producci\u00f3n de asfalto (AC20) por parte de la Refiner\u00eda.<\/p>\n","protected":false},"excerpt":{"rendered":"<p>Contin\u00faa con fuerza el mantenimiento vial Montecristi \u2013 Manta, conectando progreso y oportunidades Con el compromiso de fortalecer la infraestructura vial y potenciar el desarrollo econ\u00f3mico de la provincia, la Prefectura de Manab\u00ed, a trav\u00e9s de su Empresa P\u00fablica Manab\u00ed Vial, inici\u00f3 este martes el mantenimiento de la v\u00eda Montecristi \u2013 Manta, en el tramo [&hellip;]<\/p>\n","protected":false},"author":10,"featured_media":31711,"comment_status":"closed","ping_status":"","sticky":false,"template":"","format":"standard","meta":{"_joinchat":[],"footnotes":""},"categories":[150,142,156,148,92,91],"tags":[],"class_list":["post-31712","post","type-post","status-publish","format-standard","has-post-thumbnail","hentry","category-ambiente","category-desarrollo-social","category-manta","category-montecristi","category-noticias-manabi","category-todas"],"yoast_head":"<!-- This site is optimized with the Yoast SEO plugin v27.4 - https:\/\/yoast.com\/product\/yoast-seo-wordpress\/ -->\n<title>\u00a1Ya se ven los resultados! - Prefectura de Manab\u00ed<\/title>\n<meta name=\"robots\" content=\"index, follow, max-snippet:-1, max-image-preview:large, max-video-preview:-1\" \/>\n<link rel=\"canonical\" href=\"https:\/\/www.manabi.gob.ec\/index.php\/ya-se-ven-los-resultados\/\" \/>\n<meta property=\"og:locale\" content=\"es_ES\" \/>\n<meta property=\"og:type\" content=\"article\" \/>\n<meta property=\"og:title\" content=\"\u00a1Ya se ven los resultados! - Prefectura de Manab\u00ed\" \/>\n<meta property=\"og:description\" content=\"Contin\u00faa con fuerza el mantenimiento vial Montecristi \u2013 Manta, conectando progreso y oportunidades Con el compromiso de fortalecer la infraestructura vial y potenciar el desarrollo econ\u00f3mico de la provincia, la Prefectura de Manab\u00ed, a trav\u00e9s de su Empresa P\u00fablica Manab\u00ed Vial, inici\u00f3 este martes el mantenimiento de la v\u00eda Montecristi \u2013 Manta, en el tramo [&hellip;]\" \/>\n<meta property=\"og:url\" content=\"https:\/\/www.manabi.gob.ec\/index.php\/ya-se-ven-los-resultados\/\" \/>\n<meta property=\"og:site_name\" content=\"Prefectura de Manab\u00ed\" \/>\n<meta property=\"article:published_time\" content=\"2025-08-14T19:26:37+00:00\" \/>\n<meta property=\"og:image\" content=\"https:\/\/www.manabi.gob.ec\/wp-content\/uploads\/2025\/08\/a54bc696-897e-40de-b672-a018281018ad.jpg\" \/>\n\t<meta property=\"og:image:width\" content=\"2000\" \/>\n\t<meta property=\"og:image:height\" content=\"1333\" \/>\n\t<meta property=\"og:image:type\" content=\"image\/jpeg\" \/>\n<meta name=\"author\" content=\"Lui Ochoa\" \/>\n<meta name=\"twitter:card\" content=\"summary_large_image\" \/>\n<meta name=\"twitter:label1\" content=\"Escrito por\" \/>\n\t<meta name=\"twitter:data1\" content=\"Lui Ochoa\" \/>\n\t<meta name=\"twitter:label2\" content=\"Tiempo de lectura\" \/>\n\t<meta name=\"twitter:data2\" content=\"1 minuto\" \/>\n<script type=\"application\/ld+json\" class=\"yoast-schema-graph\">{\"@context\":\"https:\\\/\\\/schema.org\",\"@graph\":[{\"@type\":\"Article\",\"@id\":\"https:\\\/\\\/www.manabi.gob.ec\\\/index.php\\\/ya-se-ven-los-resultados\\\/#article\",\"isPartOf\":{\"@id\":\"https:\\\/\\\/www.manabi.gob.ec\\\/index.php\\\/ya-se-ven-los-resultados\\\/\"},\"author\":{\"name\":\"Lui Ochoa\",\"@id\":\"https:\\\/\\\/www.manabi.gob.ec\\\/#\\\/schema\\\/person\\\/c4f117989332ad723a6ced5994aa7d7a\"},\"headline\":\"\u00a1Ya se ven los resultados!\",\"datePublished\":\"2025-08-14T19:26:37+00:00\",\"mainEntityOfPage\":{\"@id\":\"https:\\\/\\\/www.manabi.gob.ec\\\/index.php\\\/ya-se-ven-los-resultados\\\/\"},\"wordCount\":124,\"image\":{\"@id\":\"https:\\\/\\\/www.manabi.gob.ec\\\/index.php\\\/ya-se-ven-los-resultados\\\/#primaryimage\"},\"thumbnailUrl\":\"https:\\\/\\\/www.manabi.gob.ec\\\/wp-content\\\/uploads\\\/2025\\\/08\\\/a54bc696-897e-40de-b672-a018281018ad.jpg\",\"articleSection\":[\"Ambiente\",\"Desarrollo Social\",\"Manta\",\"Montecristi\",\"Noticias\",\"Todas\"],\"inLanguage\":\"es\"},{\"@type\":\"WebPage\",\"@id\":\"https:\\\/\\\/www.manabi.gob.ec\\\/index.php\\\/ya-se-ven-los-resultados\\\/\",\"url\":\"https:\\\/\\\/www.manabi.gob.ec\\\/index.php\\\/ya-se-ven-los-resultados\\\/\",\"name\":\"\u00a1Ya se ven los resultados! - Prefectura de Manab\u00ed\",\"isPartOf\":{\"@id\":\"https:\\\/\\\/www.manabi.gob.ec\\\/#website\"},\"primaryImageOfPage\":{\"@id\":\"https:\\\/\\\/www.manabi.gob.ec\\\/index.php\\\/ya-se-ven-los-resultados\\\/#primaryimage\"},\"image\":{\"@id\":\"https:\\\/\\\/www.manabi.gob.ec\\\/index.php\\\/ya-se-ven-los-resultados\\\/#primaryimage\"},\"thumbnailUrl\":\"https:\\\/\\\/www.manabi.gob.ec\\\/wp-content\\\/uploads\\\/2025\\\/08\\\/a54bc696-897e-40de-b672-a018281018ad.jpg\",\"datePublished\":\"2025-08-14T19:26:37+00:00\",\"author\":{\"@id\":\"https:\\\/\\\/www.manabi.gob.ec\\\/#\\\/schema\\\/person\\\/c4f117989332ad723a6ced5994aa7d7a\"},\"breadcrumb\":{\"@id\":\"https:\\\/\\\/www.manabi.gob.ec\\\/index.php\\\/ya-se-ven-los-resultados\\\/#breadcrumb\"},\"inLanguage\":\"es\",\"potentialAction\":[{\"@type\":\"ReadAction\",\"target\":[\"https:\\\/\\\/www.manabi.gob.ec\\\/index.php\\\/ya-se-ven-los-resultados\\\/\"]}]},{\"@type\":\"ImageObject\",\"inLanguage\":\"es\",\"@id\":\"https:\\\/\\\/www.manabi.gob.ec\\\/index.php\\\/ya-se-ven-los-resultados\\\/#primaryimage\",\"url\":\"https:\\\/\\\/www.manabi.gob.ec\\\/wp-content\\\/uploads\\\/2025\\\/08\\\/a54bc696-897e-40de-b672-a018281018ad.jpg\",\"contentUrl\":\"https:\\\/\\\/www.manabi.gob.ec\\\/wp-content\\\/uploads\\\/2025\\\/08\\\/a54bc696-897e-40de-b672-a018281018ad.jpg\",\"width\":2000,\"height\":1333},{\"@type\":\"BreadcrumbList\",\"@id\":\"https:\\\/\\\/www.manabi.gob.ec\\\/index.php\\\/ya-se-ven-los-resultados\\\/#breadcrumb\",\"itemListElement\":[{\"@type\":\"ListItem\",\"position\":1,\"name\":\"Portada\",\"item\":\"https:\\\/\\\/www.manabi.gob.ec\\\/\"},{\"@type\":\"ListItem\",\"position\":2,\"name\":\"\u00a1Ya se ven los resultados!\"}]},{\"@type\":\"WebSite\",\"@id\":\"https:\\\/\\\/www.manabi.gob.ec\\\/#website\",\"url\":\"https:\\\/\\\/www.manabi.gob.ec\\\/\",\"name\":\"Prefectura de Manab\u00ed\",\"description\":\"P\u00e1gina web de la prefectura\",\"potentialAction\":[{\"@type\":\"SearchAction\",\"target\":{\"@type\":\"EntryPoint\",\"urlTemplate\":\"https:\\\/\\\/www.manabi.gob.ec\\\/?s={search_term_string}\"},\"query-input\":{\"@type\":\"PropertyValueSpecification\",\"valueRequired\":true,\"valueName\":\"search_term_string\"}}],\"inLanguage\":\"es\"},{\"@type\":\"Person\",\"@id\":\"https:\\\/\\\/www.manabi.gob.ec\\\/#\\\/schema\\\/person\\\/c4f117989332ad723a6ced5994aa7d7a\",\"name\":\"Lui Ochoa\",\"image\":{\"@type\":\"ImageObject\",\"inLanguage\":\"es\",\"@id\":\"https:\\\/\\\/secure.gravatar.com\\\/avatar\\\/6e8017d0fe69dead8a95864d2eb6e1e1d8bf8e01194ba49cf7b897ff038126ba?s=96&d=mm&r=g\",\"url\":\"https:\\\/\\\/secure.gravatar.com\\\/avatar\\\/6e8017d0fe69dead8a95864d2eb6e1e1d8bf8e01194ba49cf7b897ff038126ba?s=96&d=mm&r=g\",\"contentUrl\":\"https:\\\/\\\/secure.gravatar.com\\\/avatar\\\/6e8017d0fe69dead8a95864d2eb6e1e1d8bf8e01194ba49cf7b897ff038126ba?s=96&d=mm&r=g\",\"caption\":\"Lui Ochoa\"},\"url\":\"https:\\\/\\\/www.manabi.gob.ec\\\/index.php\\\/author\\\/lochoa\\\/\"}]}<\/script>\n<!-- \/ Yoast SEO plugin. -->","yoast_head_json":{"title":"\u00a1Ya se ven los resultados! - Prefectura de Manab\u00ed","robots":{"index":"index","follow":"follow","max-snippet":"max-snippet:-1","max-image-preview":"max-image-preview:large","max-video-preview":"max-video-preview:-1"},"canonical":"https:\/\/www.manabi.gob.ec\/index.php\/ya-se-ven-los-resultados\/","og_locale":"es_ES","og_type":"article","og_title":"\u00a1Ya se ven los resultados! - Prefectura de Manab\u00ed","og_description":"Contin\u00faa con fuerza el mantenimiento vial Montecristi \u2013 Manta, conectando progreso y oportunidades Con el compromiso de fortalecer la infraestructura vial y potenciar el desarrollo econ\u00f3mico de la provincia, la Prefectura de Manab\u00ed, a trav\u00e9s de su Empresa P\u00fablica Manab\u00ed Vial, inici\u00f3 este martes el mantenimiento de la v\u00eda Montecristi \u2013 Manta, en el tramo [&hellip;]","og_url":"https:\/\/www.manabi.gob.ec\/index.php\/ya-se-ven-los-resultados\/","og_site_name":"Prefectura de Manab\u00ed","article_published_time":"2025-08-14T19:26:37+00:00","og_image":[{"width":2000,"height":1333,"url":"https:\/\/www.manabi.gob.ec\/wp-content\/uploads\/2025\/08\/a54bc696-897e-40de-b672-a018281018ad.jpg","type":"image\/jpeg"}],"author":"Lui Ochoa","twitter_card":"summary_large_image","twitter_misc":{"Escrito por":"Lui Ochoa","Tiempo de lectura":"1 minuto"},"schema":{"@context":"https:\/\/schema.org","@graph":[{"@type":"Article","@id":"https:\/\/www.manabi.gob.ec\/index.php\/ya-se-ven-los-resultados\/#article","isPartOf":{"@id":"https:\/\/www.manabi.gob.ec\/index.php\/ya-se-ven-los-resultados\/"},"author":{"name":"Lui Ochoa","@id":"https:\/\/www.manabi.gob.ec\/#\/schema\/person\/c4f117989332ad723a6ced5994aa7d7a"},"headline":"\u00a1Ya se ven los resultados!","datePublished":"2025-08-14T19:26:37+00:00","mainEntityOfPage":{"@id":"https:\/\/www.manabi.gob.ec\/index.php\/ya-se-ven-los-resultados\/"},"wordCount":124,"image":{"@id":"https:\/\/www.manabi.gob.ec\/index.php\/ya-se-ven-los-resultados\/#primaryimage"},"thumbnailUrl":"https:\/\/www.manabi.gob.ec\/wp-content\/uploads\/2025\/08\/a54bc696-897e-40de-b672-a018281018ad.jpg","articleSection":["Ambiente","Desarrollo Social","Manta","Montecristi","Noticias","Todas"],"inLanguage":"es"},{"@type":"WebPage","@id":"https:\/\/www.manabi.gob.ec\/index.php\/ya-se-ven-los-resultados\/","url":"https:\/\/www.manabi.gob.ec\/index.php\/ya-se-ven-los-resultados\/","name":"\u00a1Ya se ven los resultados! - Prefectura de Manab\u00ed","isPartOf":{"@id":"https:\/\/www.manabi.gob.ec\/#website"},"primaryImageOfPage":{"@id":"https:\/\/www.manabi.gob.ec\/index.php\/ya-se-ven-los-resultados\/#primaryimage"},"image":{"@id":"https:\/\/www.manabi.gob.ec\/index.php\/ya-se-ven-los-resultados\/#primaryimage"},"thumbnailUrl":"https:\/\/www.manabi.gob.ec\/wp-content\/uploads\/2025\/08\/a54bc696-897e-40de-b672-a018281018ad.jpg","datePublished":"2025-08-14T19:26:37+00:00","author":{"@id":"https:\/\/www.manabi.gob.ec\/#\/schema\/person\/c4f117989332ad723a6ced5994aa7d7a"},"breadcrumb":{"@id":"https:\/\/www.manabi.gob.ec\/index.php\/ya-se-ven-los-resultados\/#breadcrumb"},"inLanguage":"es","potentialAction":[{"@type":"ReadAction","target":["https:\/\/www.manabi.gob.ec\/index.php\/ya-se-ven-los-resultados\/"]}]},{"@type":"ImageObject","inLanguage":"es","@id":"https:\/\/www.manabi.gob.ec\/index.php\/ya-se-ven-los-resultados\/#primaryimage","url":"https:\/\/www.manabi.gob.ec\/wp-content\/uploads\/2025\/08\/a54bc696-897e-40de-b672-a018281018ad.jpg","contentUrl":"https:\/\/www.manabi.gob.ec\/wp-content\/uploads\/2025\/08\/a54bc696-897e-40de-b672-a018281018ad.jpg","width":2000,"height":1333},{"@type":"BreadcrumbList","@id":"https:\/\/www.manabi.gob.ec\/index.php\/ya-se-ven-los-resultados\/#breadcrumb","itemListElement":[{"@type":"ListItem","position":1,"name":"Portada","item":"https:\/\/www.manabi.gob.ec\/"},{"@type":"ListItem","position":2,"name":"\u00a1Ya se ven los resultados!"}]},{"@type":"WebSite","@id":"https:\/\/www.manabi.gob.ec\/#website","url":"https:\/\/www.manabi.gob.ec\/","name":"Prefectura de Manab\u00ed","description":"P\u00e1gina web de la prefectura","potentialAction":[{"@type":"SearchAction","target":{"@type":"EntryPoint","urlTemplate":"https:\/\/www.manabi.gob.ec\/?s={search_term_string}"},"query-input":{"@type":"PropertyValueSpecification","valueRequired":true,"valueName":"search_term_string"}}],"inLanguage":"es"},{"@type":"Person","@id":"https:\/\/www.manabi.gob.ec\/#\/schema\/person\/c4f117989332ad723a6ced5994aa7d7a","name":"Lui Ochoa","image":{"@type":"ImageObject","inLanguage":"es","@id":"https:\/\/secure.gravatar.com\/avatar\/6e8017d0fe69dead8a95864d2eb6e1e1d8bf8e01194ba49cf7b897ff038126ba?s=96&d=mm&r=g","url":"https:\/\/secure.gravatar.com\/avatar\/6e8017d0fe69dead8a95864d2eb6e1e1d8bf8e01194ba49cf7b897ff038126ba?s=96&d=mm&r=g","contentUrl":"https:\/\/secure.gravatar.com\/avatar\/6e8017d0fe69dead8a95864d2eb6e1e1d8bf8e01194ba49cf7b897ff038126ba?s=96&d=mm&r=g","caption":"Lui Ochoa"},"url":"https:\/\/www.manabi.gob.ec\/index.php\/author\/lochoa\/"}]}},"jetpack_featured_media_url":"https:\/\/www.manabi.gob.ec\/wp-content\/uploads\/2025\/08\/a54bc696-897e-40de-b672-a018281018ad.jpg","_links":{"self":[{"href":"https:\/\/www.manabi.gob.ec\/index.php\/wp-json\/wp\/v2\/posts\/31712","targetHints":{"allow":["GET"]}}],"collection":[{"href":"https:\/\/www.manabi.gob.ec\/index.php\/wp-json\/wp\/v2\/posts"}],"about":[{"href":"https:\/\/www.manabi.gob.ec\/index.php\/wp-json\/wp\/v2\/types\/post"}],"author":[{"embeddable":true,"href":"https:\/\/www.manabi.gob.ec\/index.php\/wp-json\/wp\/v2\/users\/10"}],"replies":[{"embeddable":true,"href":"https:\/\/www.manabi.gob.ec\/index.php\/wp-json\/wp\/v2\/comments?post=31712"}],"version-history":[{"count":1,"href":"https:\/\/www.manabi.gob.ec\/index.php\/wp-json\/wp\/v2\/posts\/31712\/revisions"}],"predecessor-version":[{"id":31713,"href":"https:\/\/www.manabi.gob.ec\/index.php\/wp-json\/wp\/v2\/posts\/31712\/revisions\/31713"}],"wp:featuredmedia":[{"embeddable":true,"href":"https:\/\/www.manabi.gob.ec\/index.php\/wp-json\/wp\/v2\/media\/31711"}],"wp:attachment":[{"href":"https:\/\/www.manabi.gob.ec\/index.php\/wp-json\/wp\/v2\/media?parent=31712"}],"wp:term":[{"taxonomy":"category","embeddable":true,"href":"https:\/\/www.manabi.gob.ec\/index.php\/wp-json\/wp\/v2\/categories?post=31712"},{"taxonomy":"post_tag","embeddable":true,"href":"https:\/\/www.manabi.gob.ec\/index.php\/wp-json\/wp\/v2\/tags?post=31712"}],"curies":[{"name":"wp","href":"https:\/\/api.w.org\/{rel}","templated":true}]}}