{"id":31730,"date":"2025-08-18T18:04:04","date_gmt":"2025-08-18T18:04:04","guid":{"rendered":"https:\/\/www.manabi.gob.ec\/?p=31730"},"modified":"2025-08-18T18:04:09","modified_gmt":"2025-08-18T18:04:09","slug":"el-puente-127-ya-es-una-realidad-en-pedernales","status":"publish","type":"post","link":"https:\/\/www.manabi.gob.ec\/index.php\/el-puente-127-ya-es-una-realidad-en-pedernales\/","title":{"rendered":"El puente 127 ya es una realidad en Pedernales"},"content":{"rendered":"\n<p>La v\u00eda Ca\u00f1averal del Naranjo \u2013 La Pimienta ya cuenta con un nuevo puente sobre el r\u00edo Coaque<\/p>\n\n\n\n<p>Pedernales sigue avanzando hacia una conectividad digna y segura. Gracias a la firme decisi\u00f3n pol\u00edtica de fortalecer la infraestructura vial rural, la Prefectura de Manab\u00ed liderada por Leonardo Orlando, entreg\u00f3 un nuevo puente, sobre el r\u00edo Coaque, en la v\u00eda Ca\u00f1averal del Naranjo &#8211; La Pimienta, una obra anhelada por muchos a\u00f1os para fortalecer la movilidad en una de las zonas agr\u00edcolas m\u00e1s productivas del norte manabita.<\/p>\n\n\n\n<p>Este puente hormig\u00f3n armado de 25 metros de longitud, es el n\u00famero 127 construido por la actual administraci\u00f3n y el d\u00e9cimo en el cant\u00f3n Pedernales, tuvo una inversi\u00f3n de USD 771,324,35, financiada a trav\u00e9s de un cr\u00e9dito del Banco de Desarrollo del Ecuador (BDE).<\/p>\n\n\n\n<p>A trav\u00e9s de esta intervenci\u00f3n se benefician directamente m\u00e1s de seis mil habitantes, de m\u00e1s de 50 comunidades, no solo por el puente, sino tambi\u00e9n por el mantenimiento vial de tramos vitales como Manga de Paja &#8211; Ca\u00f1averal del Naranjo (16,5 km), Ca\u00f1averal del Naranjo &#8211; La Pimienta (9,8 km), Ingreso a Venado &#8211; Venado (3 km).<\/p>\n\n\n\n<p>\u201cCada puente, cada v\u00eda que entregamos es un paso m\u00e1s hacia la justicia territorial, para construir una provincia m\u00e1s humana, productiva y conectada\u201d, expres\u00f3 el prefecto Leonardo Orlando.<\/p>\n\n\n\n<p>Katia Soledispa observ\u00f3 c\u00f3mo un anhelo de d\u00e9cadas se materializaba en su comunidad de Ca\u00f1averal del Naranjo. \u201cEsta obra une m\u00e1s que orillas, une vidas y comunidades, hoy solo nos queda agradecer porque nuestros ni\u00f1os pueden llegar a sus colegios sin el temor de pasar el r\u00edo, y los agricultores ya podr\u00e1n pasar sus productos en la \u00e9poca inval \u201d, expres\u00f3 Soledispa.<\/p>\n","protected":false},"excerpt":{"rendered":"<p>La v\u00eda Ca\u00f1averal del Naranjo \u2013 La Pimienta ya cuenta con un nuevo puente sobre el r\u00edo Coaque Pedernales sigue avanzando hacia una conectividad digna y segura. Gracias a la firme decisi\u00f3n pol\u00edtica de fortalecer la infraestructura vial rural, la Prefectura de Manab\u00ed liderada por Leonardo Orlando, entreg\u00f3 un nuevo puente, sobre el r\u00edo Coaque, [&hellip;]<\/p>\n","protected":false},"author":10,"featured_media":31731,"comment_status":"closed","ping_status":"closed","sticky":false,"template":"","format":"standard","meta":{"_joinchat":[],"footnotes":""},"categories":[150,142,123,92,91],"tags":[],"class_list":["post-31730","post","type-post","status-publish","format-standard","has-post-thumbnail","hentry","category-ambiente","category-desarrollo-social","category-jipijapa","category-noticias-manabi","category-todas"],"yoast_head":"<!-- This site is optimized with the Yoast SEO plugin v27.4 - https:\/\/yoast.com\/product\/yoast-seo-wordpress\/ -->\n<title>El puente 127 ya es una realidad en Pedernales - Prefectura de Manab\u00ed<\/title>\n<meta name=\"robots\" content=\"index, follow, max-snippet:-1, max-image-preview:large, max-video-preview:-1\" \/>\n<link rel=\"canonical\" href=\"https:\/\/www.manabi.gob.ec\/index.php\/el-puente-127-ya-es-una-realidad-en-pedernales\/\" \/>\n<meta property=\"og:locale\" content=\"es_ES\" \/>\n<meta property=\"og:type\" content=\"article\" \/>\n<meta property=\"og:title\" content=\"El puente 127 ya es una realidad en Pedernales - Prefectura de Manab\u00ed\" \/>\n<meta property=\"og:description\" content=\"La v\u00eda Ca\u00f1averal del Naranjo \u2013 La Pimienta ya cuenta con un nuevo puente sobre el r\u00edo Coaque Pedernales sigue avanzando hacia una conectividad digna y segura. Gracias a la firme decisi\u00f3n pol\u00edtica de fortalecer la infraestructura vial rural, la Prefectura de Manab\u00ed liderada por Leonardo Orlando, entreg\u00f3 un nuevo puente, sobre el r\u00edo Coaque, [&hellip;]\" \/>\n<meta property=\"og:url\" content=\"https:\/\/www.manabi.gob.ec\/index.php\/el-puente-127-ya-es-una-realidad-en-pedernales\/\" \/>\n<meta property=\"og:site_name\" content=\"Prefectura de Manab\u00ed\" \/>\n<meta property=\"article:published_time\" content=\"2025-08-18T18:04:04+00:00\" \/>\n<meta property=\"article:modified_time\" content=\"2025-08-18T18:04:09+00:00\" \/>\n<meta property=\"og:image\" content=\"https:\/\/www.manabi.gob.ec\/wp-content\/uploads\/2025\/08\/WhatsApp-Image-2025-08-16-at-6.30.54-PM-1-scaled.jpeg\" \/>\n\t<meta property=\"og:image:width\" content=\"2560\" \/>\n\t<meta property=\"og:image:height\" content=\"1706\" \/>\n\t<meta property=\"og:image:type\" content=\"image\/jpeg\" \/>\n<meta name=\"author\" content=\"Lui Ochoa\" \/>\n<meta name=\"twitter:card\" content=\"summary_large_image\" \/>\n<meta name=\"twitter:label1\" content=\"Escrito por\" \/>\n\t<meta name=\"twitter:data1\" content=\"Lui Ochoa\" \/>\n\t<meta name=\"twitter:label2\" content=\"Tiempo de lectura\" \/>\n\t<meta name=\"twitter:data2\" content=\"2 minutos\" \/>\n<script type=\"application\/ld+json\" class=\"yoast-schema-graph\">{\"@context\":\"https:\\\/\\\/schema.org\",\"@graph\":[{\"@type\":\"Article\",\"@id\":\"https:\\\/\\\/www.manabi.gob.ec\\\/index.php\\\/el-puente-127-ya-es-una-realidad-en-pedernales\\\/#article\",\"isPartOf\":{\"@id\":\"https:\\\/\\\/www.manabi.gob.ec\\\/index.php\\\/el-puente-127-ya-es-una-realidad-en-pedernales\\\/\"},\"author\":{\"name\":\"Lui Ochoa\",\"@id\":\"https:\\\/\\\/www.manabi.gob.ec\\\/#\\\/schema\\\/person\\\/c4f117989332ad723a6ced5994aa7d7a\"},\"headline\":\"El puente 127 ya es una realidad en Pedernales\",\"datePublished\":\"2025-08-18T18:04:04+00:00\",\"dateModified\":\"2025-08-18T18:04:09+00:00\",\"mainEntityOfPage\":{\"@id\":\"https:\\\/\\\/www.manabi.gob.ec\\\/index.php\\\/el-puente-127-ya-es-una-realidad-en-pedernales\\\/\"},\"wordCount\":311,\"image\":{\"@id\":\"https:\\\/\\\/www.manabi.gob.ec\\\/index.php\\\/el-puente-127-ya-es-una-realidad-en-pedernales\\\/#primaryimage\"},\"thumbnailUrl\":\"https:\\\/\\\/www.manabi.gob.ec\\\/wp-content\\\/uploads\\\/2025\\\/08\\\/WhatsApp-Image-2025-08-16-at-6.30.54-PM-1-scaled.jpeg\",\"articleSection\":[\"Ambiente\",\"Desarrollo Social\",\"Jipijapa\",\"Noticias\",\"Todas\"],\"inLanguage\":\"es\"},{\"@type\":\"WebPage\",\"@id\":\"https:\\\/\\\/www.manabi.gob.ec\\\/index.php\\\/el-puente-127-ya-es-una-realidad-en-pedernales\\\/\",\"url\":\"https:\\\/\\\/www.manabi.gob.ec\\\/index.php\\\/el-puente-127-ya-es-una-realidad-en-pedernales\\\/\",\"name\":\"El puente 127 ya es una realidad en Pedernales - Prefectura de Manab\u00ed\",\"isPartOf\":{\"@id\":\"https:\\\/\\\/www.manabi.gob.ec\\\/#website\"},\"primaryImageOfPage\":{\"@id\":\"https:\\\/\\\/www.manabi.gob.ec\\\/index.php\\\/el-puente-127-ya-es-una-realidad-en-pedernales\\\/#primaryimage\"},\"image\":{\"@id\":\"https:\\\/\\\/www.manabi.gob.ec\\\/index.php\\\/el-puente-127-ya-es-una-realidad-en-pedernales\\\/#primaryimage\"},\"thumbnailUrl\":\"https:\\\/\\\/www.manabi.gob.ec\\\/wp-content\\\/uploads\\\/2025\\\/08\\\/WhatsApp-Image-2025-08-16-at-6.30.54-PM-1-scaled.jpeg\",\"datePublished\":\"2025-08-18T18:04:04+00:00\",\"dateModified\":\"2025-08-18T18:04:09+00:00\",\"author\":{\"@id\":\"https:\\\/\\\/www.manabi.gob.ec\\\/#\\\/schema\\\/person\\\/c4f117989332ad723a6ced5994aa7d7a\"},\"breadcrumb\":{\"@id\":\"https:\\\/\\\/www.manabi.gob.ec\\\/index.php\\\/el-puente-127-ya-es-una-realidad-en-pedernales\\\/#breadcrumb\"},\"inLanguage\":\"es\",\"potentialAction\":[{\"@type\":\"ReadAction\",\"target\":[\"https:\\\/\\\/www.manabi.gob.ec\\\/index.php\\\/el-puente-127-ya-es-una-realidad-en-pedernales\\\/\"]}]},{\"@type\":\"ImageObject\",\"inLanguage\":\"es\",\"@id\":\"https:\\\/\\\/www.manabi.gob.ec\\\/index.php\\\/el-puente-127-ya-es-una-realidad-en-pedernales\\\/#primaryimage\",\"url\":\"https:\\\/\\\/www.manabi.gob.ec\\\/wp-content\\\/uploads\\\/2025\\\/08\\\/WhatsApp-Image-2025-08-16-at-6.30.54-PM-1-scaled.jpeg\",\"contentUrl\":\"https:\\\/\\\/www.manabi.gob.ec\\\/wp-content\\\/uploads\\\/2025\\\/08\\\/WhatsApp-Image-2025-08-16-at-6.30.54-PM-1-scaled.jpeg\",\"width\":2560,\"height\":1706},{\"@type\":\"BreadcrumbList\",\"@id\":\"https:\\\/\\\/www.manabi.gob.ec\\\/index.php\\\/el-puente-127-ya-es-una-realidad-en-pedernales\\\/#breadcrumb\",\"itemListElement\":[{\"@type\":\"ListItem\",\"position\":1,\"name\":\"Portada\",\"item\":\"https:\\\/\\\/www.manabi.gob.ec\\\/\"},{\"@type\":\"ListItem\",\"position\":2,\"name\":\"El puente 127 ya es una realidad en Pedernales\"}]},{\"@type\":\"WebSite\",\"@id\":\"https:\\\/\\\/www.manabi.gob.ec\\\/#website\",\"url\":\"https:\\\/\\\/www.manabi.gob.ec\\\/\",\"name\":\"Prefectura de Manab\u00ed\",\"description\":\"P\u00e1gina web de la prefectura\",\"potentialAction\":[{\"@type\":\"SearchAction\",\"target\":{\"@type\":\"EntryPoint\",\"urlTemplate\":\"https:\\\/\\\/www.manabi.gob.ec\\\/?s={search_term_string}\"},\"query-input\":{\"@type\":\"PropertyValueSpecification\",\"valueRequired\":true,\"valueName\":\"search_term_string\"}}],\"inLanguage\":\"es\"},{\"@type\":\"Person\",\"@id\":\"https:\\\/\\\/www.manabi.gob.ec\\\/#\\\/schema\\\/person\\\/c4f117989332ad723a6ced5994aa7d7a\",\"name\":\"Lui Ochoa\",\"image\":{\"@type\":\"ImageObject\",\"inLanguage\":\"es\",\"@id\":\"https:\\\/\\\/secure.gravatar.com\\\/avatar\\\/6e8017d0fe69dead8a95864d2eb6e1e1d8bf8e01194ba49cf7b897ff038126ba?s=96&d=mm&r=g\",\"url\":\"https:\\\/\\\/secure.gravatar.com\\\/avatar\\\/6e8017d0fe69dead8a95864d2eb6e1e1d8bf8e01194ba49cf7b897ff038126ba?s=96&d=mm&r=g\",\"contentUrl\":\"https:\\\/\\\/secure.gravatar.com\\\/avatar\\\/6e8017d0fe69dead8a95864d2eb6e1e1d8bf8e01194ba49cf7b897ff038126ba?s=96&d=mm&r=g\",\"caption\":\"Lui Ochoa\"},\"url\":\"https:\\\/\\\/www.manabi.gob.ec\\\/index.php\\\/author\\\/lochoa\\\/\"}]}<\/script>\n<!-- \/ Yoast SEO plugin. -->","yoast_head_json":{"title":"El puente 127 ya es una realidad en Pedernales - Prefectura de Manab\u00ed","robots":{"index":"index","follow":"follow","max-snippet":"max-snippet:-1","max-image-preview":"max-image-preview:large","max-video-preview":"max-video-preview:-1"},"canonical":"https:\/\/www.manabi.gob.ec\/index.php\/el-puente-127-ya-es-una-realidad-en-pedernales\/","og_locale":"es_ES","og_type":"article","og_title":"El puente 127 ya es una realidad en Pedernales - Prefectura de Manab\u00ed","og_description":"La v\u00eda Ca\u00f1averal del Naranjo \u2013 La Pimienta ya cuenta con un nuevo puente sobre el r\u00edo Coaque Pedernales sigue avanzando hacia una conectividad digna y segura. Gracias a la firme decisi\u00f3n pol\u00edtica de fortalecer la infraestructura vial rural, la Prefectura de Manab\u00ed liderada por Leonardo Orlando, entreg\u00f3 un nuevo puente, sobre el r\u00edo Coaque, [&hellip;]","og_url":"https:\/\/www.manabi.gob.ec\/index.php\/el-puente-127-ya-es-una-realidad-en-pedernales\/","og_site_name":"Prefectura de Manab\u00ed","article_published_time":"2025-08-18T18:04:04+00:00","article_modified_time":"2025-08-18T18:04:09+00:00","og_image":[{"width":2560,"height":1706,"url":"https:\/\/www.manabi.gob.ec\/wp-content\/uploads\/2025\/08\/WhatsApp-Image-2025-08-16-at-6.30.54-PM-1-scaled.jpeg","type":"image\/jpeg"}],"author":"Lui Ochoa","twitter_card":"summary_large_image","twitter_misc":{"Escrito por":"Lui Ochoa","Tiempo de lectura":"2 minutos"},"schema":{"@context":"https:\/\/schema.org","@graph":[{"@type":"Article","@id":"https:\/\/www.manabi.gob.ec\/index.php\/el-puente-127-ya-es-una-realidad-en-pedernales\/#article","isPartOf":{"@id":"https:\/\/www.manabi.gob.ec\/index.php\/el-puente-127-ya-es-una-realidad-en-pedernales\/"},"author":{"name":"Lui Ochoa","@id":"https:\/\/www.manabi.gob.ec\/#\/schema\/person\/c4f117989332ad723a6ced5994aa7d7a"},"headline":"El puente 127 ya es una realidad en Pedernales","datePublished":"2025-08-18T18:04:04+00:00","dateModified":"2025-08-18T18:04:09+00:00","mainEntityOfPage":{"@id":"https:\/\/www.manabi.gob.ec\/index.php\/el-puente-127-ya-es-una-realidad-en-pedernales\/"},"wordCount":311,"image":{"@id":"https:\/\/www.manabi.gob.ec\/index.php\/el-puente-127-ya-es-una-realidad-en-pedernales\/#primaryimage"},"thumbnailUrl":"https:\/\/www.manabi.gob.ec\/wp-content\/uploads\/2025\/08\/WhatsApp-Image-2025-08-16-at-6.30.54-PM-1-scaled.jpeg","articleSection":["Ambiente","Desarrollo Social","Jipijapa","Noticias","Todas"],"inLanguage":"es"},{"@type":"WebPage","@id":"https:\/\/www.manabi.gob.ec\/index.php\/el-puente-127-ya-es-una-realidad-en-pedernales\/","url":"https:\/\/www.manabi.gob.ec\/index.php\/el-puente-127-ya-es-una-realidad-en-pedernales\/","name":"El puente 127 ya es una realidad en Pedernales - Prefectura de Manab\u00ed","isPartOf":{"@id":"https:\/\/www.manabi.gob.ec\/#website"},"primaryImageOfPage":{"@id":"https:\/\/www.manabi.gob.ec\/index.php\/el-puente-127-ya-es-una-realidad-en-pedernales\/#primaryimage"},"image":{"@id":"https:\/\/www.manabi.gob.ec\/index.php\/el-puente-127-ya-es-una-realidad-en-pedernales\/#primaryimage"},"thumbnailUrl":"https:\/\/www.manabi.gob.ec\/wp-content\/uploads\/2025\/08\/WhatsApp-Image-2025-08-16-at-6.30.54-PM-1-scaled.jpeg","datePublished":"2025-08-18T18:04:04+00:00","dateModified":"2025-08-18T18:04:09+00:00","author":{"@id":"https:\/\/www.manabi.gob.ec\/#\/schema\/person\/c4f117989332ad723a6ced5994aa7d7a"},"breadcrumb":{"@id":"https:\/\/www.manabi.gob.ec\/index.php\/el-puente-127-ya-es-una-realidad-en-pedernales\/#breadcrumb"},"inLanguage":"es","potentialAction":[{"@type":"ReadAction","target":["https:\/\/www.manabi.gob.ec\/index.php\/el-puente-127-ya-es-una-realidad-en-pedernales\/"]}]},{"@type":"ImageObject","inLanguage":"es","@id":"https:\/\/www.manabi.gob.ec\/index.php\/el-puente-127-ya-es-una-realidad-en-pedernales\/#primaryimage","url":"https:\/\/www.manabi.gob.ec\/wp-content\/uploads\/2025\/08\/WhatsApp-Image-2025-08-16-at-6.30.54-PM-1-scaled.jpeg","contentUrl":"https:\/\/www.manabi.gob.ec\/wp-content\/uploads\/2025\/08\/WhatsApp-Image-2025-08-16-at-6.30.54-PM-1-scaled.jpeg","width":2560,"height":1706},{"@type":"BreadcrumbList","@id":"https:\/\/www.manabi.gob.ec\/index.php\/el-puente-127-ya-es-una-realidad-en-pedernales\/#breadcrumb","itemListElement":[{"@type":"ListItem","position":1,"name":"Portada","item":"https:\/\/www.manabi.gob.ec\/"},{"@type":"ListItem","position":2,"name":"El puente 127 ya es una realidad en Pedernales"}]},{"@type":"WebSite","@id":"https:\/\/www.manabi.gob.ec\/#website","url":"https:\/\/www.manabi.gob.ec\/","name":"Prefectura de Manab\u00ed","description":"P\u00e1gina web de la prefectura","potentialAction":[{"@type":"SearchAction","target":{"@type":"EntryPoint","urlTemplate":"https:\/\/www.manabi.gob.ec\/?s={search_term_string}"},"query-input":{"@type":"PropertyValueSpecification","valueRequired":true,"valueName":"search_term_string"}}],"inLanguage":"es"},{"@type":"Person","@id":"https:\/\/www.manabi.gob.ec\/#\/schema\/person\/c4f117989332ad723a6ced5994aa7d7a","name":"Lui Ochoa","image":{"@type":"ImageObject","inLanguage":"es","@id":"https:\/\/secure.gravatar.com\/avatar\/6e8017d0fe69dead8a95864d2eb6e1e1d8bf8e01194ba49cf7b897ff038126ba?s=96&d=mm&r=g","url":"https:\/\/secure.gravatar.com\/avatar\/6e8017d0fe69dead8a95864d2eb6e1e1d8bf8e01194ba49cf7b897ff038126ba?s=96&d=mm&r=g","contentUrl":"https:\/\/secure.gravatar.com\/avatar\/6e8017d0fe69dead8a95864d2eb6e1e1d8bf8e01194ba49cf7b897ff038126ba?s=96&d=mm&r=g","caption":"Lui Ochoa"},"url":"https:\/\/www.manabi.gob.ec\/index.php\/author\/lochoa\/"}]}},"jetpack_featured_media_url":"https:\/\/www.manabi.gob.ec\/wp-content\/uploads\/2025\/08\/WhatsApp-Image-2025-08-16-at-6.30.54-PM-1-scaled.jpeg","_links":{"self":[{"href":"https:\/\/www.manabi.gob.ec\/index.php\/wp-json\/wp\/v2\/posts\/31730","targetHints":{"allow":["GET"]}}],"collection":[{"href":"https:\/\/www.manabi.gob.ec\/index.php\/wp-json\/wp\/v2\/posts"}],"about":[{"href":"https:\/\/www.manabi.gob.ec\/index.php\/wp-json\/wp\/v2\/types\/post"}],"author":[{"embeddable":true,"href":"https:\/\/www.manabi.gob.ec\/index.php\/wp-json\/wp\/v2\/users\/10"}],"replies":[{"embeddable":true,"href":"https:\/\/www.manabi.gob.ec\/index.php\/wp-json\/wp\/v2\/comments?post=31730"}],"version-history":[{"count":1,"href":"https:\/\/www.manabi.gob.ec\/index.php\/wp-json\/wp\/v2\/posts\/31730\/revisions"}],"predecessor-version":[{"id":31732,"href":"https:\/\/www.manabi.gob.ec\/index.php\/wp-json\/wp\/v2\/posts\/31730\/revisions\/31732"}],"wp:featuredmedia":[{"embeddable":true,"href":"https:\/\/www.manabi.gob.ec\/index.php\/wp-json\/wp\/v2\/media\/31731"}],"wp:attachment":[{"href":"https:\/\/www.manabi.gob.ec\/index.php\/wp-json\/wp\/v2\/media?parent=31730"}],"wp:term":[{"taxonomy":"category","embeddable":true,"href":"https:\/\/www.manabi.gob.ec\/index.php\/wp-json\/wp\/v2\/categories?post=31730"},{"taxonomy":"post_tag","embeddable":true,"href":"https:\/\/www.manabi.gob.ec\/index.php\/wp-json\/wp\/v2\/tags?post=31730"}],"curies":[{"name":"wp","href":"https:\/\/api.w.org\/{rel}","templated":true}]}}