{"id":31761,"date":"2025-08-25T13:25:50","date_gmt":"2025-08-25T13:25:50","guid":{"rendered":"https:\/\/www.manabi.gob.ec\/?p=31761"},"modified":"2025-08-25T13:25:52","modified_gmt":"2025-08-25T13:25:52","slug":"prefecto-supervisa-sistema-de-riego-san-agustin","status":"publish","type":"post","link":"https:\/\/www.manabi.gob.ec\/index.php\/prefecto-supervisa-sistema-de-riego-san-agustin\/","title":{"rendered":"PREFECTO SUPERVISA SISTEMA DE RIEGO SAN AGUST\u00cdN"},"content":{"rendered":"\n<p>El Prefecto de Manab\u00ed, Leonardo Orlando, supervis\u00f3 los avances de la obra \u00abSistema de Riego San Agust\u00edn\u00bb, un proyecto emblem\u00e1tico que beneficiar\u00e1 a cientos de productores locales en los cantones Tosagua y Sucre.<\/p>\n\n\n\n<p>Durante la inspecci\u00f3n, estuvo acompa\u00f1ado por representantes de la empresa contratista RANICOR S.A. y la firma fiscalizadora FABREZ-ECUADOR S.A., as\u00ed como por el Administrador de Contrato y el equipo t\u00e9cnico de la Prefectura.<\/p>\n\n\n\n<p>La jornada inici\u00f3 en Tosagua, en el sector Larrea, donde se verificaron los trabajos en la captaci\u00f3n de agua y en la estaci\u00f3n de bombeo #1. Posteriormente, la inspecci\u00f3n continu\u00f3 en la comunidad La Chipornia, donde se encuentra instalada la tuber\u00eda de conducci\u00f3n de PRFV de 800 mm. Finalmente, el recorrido concluy\u00f3 en el cant\u00f3n Sucre, con la revisi\u00f3n de la estaci\u00f3n de bombeo 2 y del reservorio ubicado en el kil\u00f3metro 21.<\/p>\n\n\n\n<p>Durante la visita, el Prefecto mantuvo un di\u00e1logo directo con dirigentes comunitarios y representantes de las juntas de riego, quienes expresaron sus inquietudes y expectativas.<\/p>\n\n\n\n<p>El Prefecto Orlando destac\u00f3 la trascendencia de este proyecto h\u00eddrico, que permitir\u00e1 fortalecer la productividad agr\u00edcola, garantizar el acceso al riego en zonas rurales y potenciar el desarrollo econ\u00f3mico de la provincia, que se complementar\u00e1 con las Escuelas del Productor y Escuelas de Liderazgo que impulsa la Prefectura de Manab\u00ed.<\/p>\n\n\n\n<p>Detalles del Proyecto<\/p>\n\n\n\n<ul class=\"wp-block-list\">\n<li>Inversi\u00f3n ejecutada: 13,5 millones de d\u00f3lares<\/li>\n\n\n\n<li>Avance: superior al 90%<\/li>\n\n\n\n<li>\u00c1rea potencial de cobertura: 2.027 hect\u00e1reas en los cantones Tosagua y Sucre<\/li>\n<\/ul>\n","protected":false},"excerpt":{"rendered":"<p>El Prefecto de Manab\u00ed, Leonardo Orlando, supervis\u00f3 los avances de la obra \u00abSistema de Riego San Agust\u00edn\u00bb, un proyecto emblem\u00e1tico que beneficiar\u00e1 a cientos de productores locales en los cantones Tosagua y Sucre. Durante la inspecci\u00f3n, estuvo acompa\u00f1ado por representantes de la empresa contratista RANICOR S.A. y la firma fiscalizadora FABREZ-ECUADOR S.A., as\u00ed como por [&hellip;]<\/p>\n","protected":false},"author":10,"featured_media":31762,"comment_status":"closed","ping_status":"closed","sticky":false,"template":"","format":"standard","meta":{"_joinchat":[],"footnotes":""},"categories":[150,142,92,339,340,160,91,130],"tags":[],"class_list":["post-31761","post","type-post","status-publish","format-standard","has-post-thumbnail","hentry","category-ambiente","category-desarrollo-social","category-noticias-manabi","category-plan-invernal","category-plan-invernal-plan-invernal","category-sucre","category-todas","category-tosagua"],"yoast_head":"<!-- This site is optimized with the Yoast SEO plugin v27.4 - https:\/\/yoast.com\/product\/yoast-seo-wordpress\/ -->\n<title>PREFECTO SUPERVISA SISTEMA DE RIEGO SAN AGUST\u00cdN - Prefectura de Manab\u00ed<\/title>\n<meta name=\"robots\" content=\"index, follow, max-snippet:-1, max-image-preview:large, max-video-preview:-1\" \/>\n<link rel=\"canonical\" href=\"https:\/\/www.manabi.gob.ec\/index.php\/prefecto-supervisa-sistema-de-riego-san-agustin\/\" \/>\n<meta property=\"og:locale\" content=\"es_ES\" \/>\n<meta property=\"og:type\" content=\"article\" \/>\n<meta property=\"og:title\" content=\"PREFECTO SUPERVISA SISTEMA DE RIEGO SAN AGUST\u00cdN - Prefectura de Manab\u00ed\" \/>\n<meta property=\"og:description\" content=\"El Prefecto de Manab\u00ed, Leonardo Orlando, supervis\u00f3 los avances de la obra \u00abSistema de Riego San Agust\u00edn\u00bb, un proyecto emblem\u00e1tico que beneficiar\u00e1 a cientos de productores locales en los cantones Tosagua y Sucre. Durante la inspecci\u00f3n, estuvo acompa\u00f1ado por representantes de la empresa contratista RANICOR S.A. y la firma fiscalizadora FABREZ-ECUADOR S.A., as\u00ed como por [&hellip;]\" \/>\n<meta property=\"og:url\" content=\"https:\/\/www.manabi.gob.ec\/index.php\/prefecto-supervisa-sistema-de-riego-san-agustin\/\" \/>\n<meta property=\"og:site_name\" content=\"Prefectura de Manab\u00ed\" \/>\n<meta property=\"article:published_time\" content=\"2025-08-25T13:25:50+00:00\" \/>\n<meta property=\"article:modified_time\" content=\"2025-08-25T13:25:52+00:00\" \/>\n<meta property=\"og:image\" content=\"https:\/\/www.manabi.gob.ec\/wp-content\/uploads\/2025\/08\/WhatsApp-Image-2025-08-22-at-10.03.42-AM.jpeg\" \/>\n\t<meta property=\"og:image:width\" content=\"1280\" \/>\n\t<meta property=\"og:image:height\" content=\"853\" \/>\n\t<meta property=\"og:image:type\" content=\"image\/jpeg\" \/>\n<meta name=\"author\" content=\"Lui Ochoa\" \/>\n<meta name=\"twitter:card\" content=\"summary_large_image\" \/>\n<meta name=\"twitter:label1\" content=\"Escrito por\" \/>\n\t<meta name=\"twitter:data1\" content=\"Lui Ochoa\" \/>\n\t<meta name=\"twitter:label2\" content=\"Tiempo de lectura\" \/>\n\t<meta name=\"twitter:data2\" content=\"2 minutos\" \/>\n<script type=\"application\/ld+json\" class=\"yoast-schema-graph\">{\"@context\":\"https:\\\/\\\/schema.org\",\"@graph\":[{\"@type\":\"Article\",\"@id\":\"https:\\\/\\\/www.manabi.gob.ec\\\/index.php\\\/prefecto-supervisa-sistema-de-riego-san-agustin\\\/#article\",\"isPartOf\":{\"@id\":\"https:\\\/\\\/www.manabi.gob.ec\\\/index.php\\\/prefecto-supervisa-sistema-de-riego-san-agustin\\\/\"},\"author\":{\"name\":\"Lui Ochoa\",\"@id\":\"https:\\\/\\\/www.manabi.gob.ec\\\/#\\\/schema\\\/person\\\/c4f117989332ad723a6ced5994aa7d7a\"},\"headline\":\"PREFECTO SUPERVISA SISTEMA DE RIEGO SAN AGUST\u00cdN\",\"datePublished\":\"2025-08-25T13:25:50+00:00\",\"dateModified\":\"2025-08-25T13:25:52+00:00\",\"mainEntityOfPage\":{\"@id\":\"https:\\\/\\\/www.manabi.gob.ec\\\/index.php\\\/prefecto-supervisa-sistema-de-riego-san-agustin\\\/\"},\"wordCount\":263,\"image\":{\"@id\":\"https:\\\/\\\/www.manabi.gob.ec\\\/index.php\\\/prefecto-supervisa-sistema-de-riego-san-agustin\\\/#primaryimage\"},\"thumbnailUrl\":\"https:\\\/\\\/www.manabi.gob.ec\\\/wp-content\\\/uploads\\\/2025\\\/08\\\/WhatsApp-Image-2025-08-22-at-10.03.42-AM.jpeg\",\"articleSection\":[\"Ambiente\",\"Desarrollo Social\",\"Noticias\",\"Plan Invernal\",\"PLAN INVERNAL\",\"Sucre\",\"Todas\",\"Tosagua\"],\"inLanguage\":\"es\"},{\"@type\":\"WebPage\",\"@id\":\"https:\\\/\\\/www.manabi.gob.ec\\\/index.php\\\/prefecto-supervisa-sistema-de-riego-san-agustin\\\/\",\"url\":\"https:\\\/\\\/www.manabi.gob.ec\\\/index.php\\\/prefecto-supervisa-sistema-de-riego-san-agustin\\\/\",\"name\":\"PREFECTO SUPERVISA SISTEMA DE RIEGO SAN AGUST\u00cdN - Prefectura de Manab\u00ed\",\"isPartOf\":{\"@id\":\"https:\\\/\\\/www.manabi.gob.ec\\\/#website\"},\"primaryImageOfPage\":{\"@id\":\"https:\\\/\\\/www.manabi.gob.ec\\\/index.php\\\/prefecto-supervisa-sistema-de-riego-san-agustin\\\/#primaryimage\"},\"image\":{\"@id\":\"https:\\\/\\\/www.manabi.gob.ec\\\/index.php\\\/prefecto-supervisa-sistema-de-riego-san-agustin\\\/#primaryimage\"},\"thumbnailUrl\":\"https:\\\/\\\/www.manabi.gob.ec\\\/wp-content\\\/uploads\\\/2025\\\/08\\\/WhatsApp-Image-2025-08-22-at-10.03.42-AM.jpeg\",\"datePublished\":\"2025-08-25T13:25:50+00:00\",\"dateModified\":\"2025-08-25T13:25:52+00:00\",\"author\":{\"@id\":\"https:\\\/\\\/www.manabi.gob.ec\\\/#\\\/schema\\\/person\\\/c4f117989332ad723a6ced5994aa7d7a\"},\"breadcrumb\":{\"@id\":\"https:\\\/\\\/www.manabi.gob.ec\\\/index.php\\\/prefecto-supervisa-sistema-de-riego-san-agustin\\\/#breadcrumb\"},\"inLanguage\":\"es\",\"potentialAction\":[{\"@type\":\"ReadAction\",\"target\":[\"https:\\\/\\\/www.manabi.gob.ec\\\/index.php\\\/prefecto-supervisa-sistema-de-riego-san-agustin\\\/\"]}]},{\"@type\":\"ImageObject\",\"inLanguage\":\"es\",\"@id\":\"https:\\\/\\\/www.manabi.gob.ec\\\/index.php\\\/prefecto-supervisa-sistema-de-riego-san-agustin\\\/#primaryimage\",\"url\":\"https:\\\/\\\/www.manabi.gob.ec\\\/wp-content\\\/uploads\\\/2025\\\/08\\\/WhatsApp-Image-2025-08-22-at-10.03.42-AM.jpeg\",\"contentUrl\":\"https:\\\/\\\/www.manabi.gob.ec\\\/wp-content\\\/uploads\\\/2025\\\/08\\\/WhatsApp-Image-2025-08-22-at-10.03.42-AM.jpeg\",\"width\":1280,\"height\":853},{\"@type\":\"BreadcrumbList\",\"@id\":\"https:\\\/\\\/www.manabi.gob.ec\\\/index.php\\\/prefecto-supervisa-sistema-de-riego-san-agustin\\\/#breadcrumb\",\"itemListElement\":[{\"@type\":\"ListItem\",\"position\":1,\"name\":\"Portada\",\"item\":\"https:\\\/\\\/www.manabi.gob.ec\\\/\"},{\"@type\":\"ListItem\",\"position\":2,\"name\":\"PREFECTO SUPERVISA SISTEMA DE RIEGO SAN AGUST\u00cdN\"}]},{\"@type\":\"WebSite\",\"@id\":\"https:\\\/\\\/www.manabi.gob.ec\\\/#website\",\"url\":\"https:\\\/\\\/www.manabi.gob.ec\\\/\",\"name\":\"Prefectura de Manab\u00ed\",\"description\":\"P\u00e1gina web de la prefectura\",\"potentialAction\":[{\"@type\":\"SearchAction\",\"target\":{\"@type\":\"EntryPoint\",\"urlTemplate\":\"https:\\\/\\\/www.manabi.gob.ec\\\/?s={search_term_string}\"},\"query-input\":{\"@type\":\"PropertyValueSpecification\",\"valueRequired\":true,\"valueName\":\"search_term_string\"}}],\"inLanguage\":\"es\"},{\"@type\":\"Person\",\"@id\":\"https:\\\/\\\/www.manabi.gob.ec\\\/#\\\/schema\\\/person\\\/c4f117989332ad723a6ced5994aa7d7a\",\"name\":\"Lui Ochoa\",\"image\":{\"@type\":\"ImageObject\",\"inLanguage\":\"es\",\"@id\":\"https:\\\/\\\/secure.gravatar.com\\\/avatar\\\/6e8017d0fe69dead8a95864d2eb6e1e1d8bf8e01194ba49cf7b897ff038126ba?s=96&d=mm&r=g\",\"url\":\"https:\\\/\\\/secure.gravatar.com\\\/avatar\\\/6e8017d0fe69dead8a95864d2eb6e1e1d8bf8e01194ba49cf7b897ff038126ba?s=96&d=mm&r=g\",\"contentUrl\":\"https:\\\/\\\/secure.gravatar.com\\\/avatar\\\/6e8017d0fe69dead8a95864d2eb6e1e1d8bf8e01194ba49cf7b897ff038126ba?s=96&d=mm&r=g\",\"caption\":\"Lui Ochoa\"},\"url\":\"https:\\\/\\\/www.manabi.gob.ec\\\/index.php\\\/author\\\/lochoa\\\/\"}]}<\/script>\n<!-- \/ Yoast SEO plugin. -->","yoast_head_json":{"title":"PREFECTO SUPERVISA SISTEMA DE RIEGO SAN AGUST\u00cdN - Prefectura de Manab\u00ed","robots":{"index":"index","follow":"follow","max-snippet":"max-snippet:-1","max-image-preview":"max-image-preview:large","max-video-preview":"max-video-preview:-1"},"canonical":"https:\/\/www.manabi.gob.ec\/index.php\/prefecto-supervisa-sistema-de-riego-san-agustin\/","og_locale":"es_ES","og_type":"article","og_title":"PREFECTO SUPERVISA SISTEMA DE RIEGO SAN AGUST\u00cdN - Prefectura de Manab\u00ed","og_description":"El Prefecto de Manab\u00ed, Leonardo Orlando, supervis\u00f3 los avances de la obra \u00abSistema de Riego San Agust\u00edn\u00bb, un proyecto emblem\u00e1tico que beneficiar\u00e1 a cientos de productores locales en los cantones Tosagua y Sucre. Durante la inspecci\u00f3n, estuvo acompa\u00f1ado por representantes de la empresa contratista RANICOR S.A. y la firma fiscalizadora FABREZ-ECUADOR S.A., as\u00ed como por [&hellip;]","og_url":"https:\/\/www.manabi.gob.ec\/index.php\/prefecto-supervisa-sistema-de-riego-san-agustin\/","og_site_name":"Prefectura de Manab\u00ed","article_published_time":"2025-08-25T13:25:50+00:00","article_modified_time":"2025-08-25T13:25:52+00:00","og_image":[{"width":1280,"height":853,"url":"https:\/\/www.manabi.gob.ec\/wp-content\/uploads\/2025\/08\/WhatsApp-Image-2025-08-22-at-10.03.42-AM.jpeg","type":"image\/jpeg"}],"author":"Lui Ochoa","twitter_card":"summary_large_image","twitter_misc":{"Escrito por":"Lui Ochoa","Tiempo de lectura":"2 minutos"},"schema":{"@context":"https:\/\/schema.org","@graph":[{"@type":"Article","@id":"https:\/\/www.manabi.gob.ec\/index.php\/prefecto-supervisa-sistema-de-riego-san-agustin\/#article","isPartOf":{"@id":"https:\/\/www.manabi.gob.ec\/index.php\/prefecto-supervisa-sistema-de-riego-san-agustin\/"},"author":{"name":"Lui Ochoa","@id":"https:\/\/www.manabi.gob.ec\/#\/schema\/person\/c4f117989332ad723a6ced5994aa7d7a"},"headline":"PREFECTO SUPERVISA SISTEMA DE RIEGO SAN AGUST\u00cdN","datePublished":"2025-08-25T13:25:50+00:00","dateModified":"2025-08-25T13:25:52+00:00","mainEntityOfPage":{"@id":"https:\/\/www.manabi.gob.ec\/index.php\/prefecto-supervisa-sistema-de-riego-san-agustin\/"},"wordCount":263,"image":{"@id":"https:\/\/www.manabi.gob.ec\/index.php\/prefecto-supervisa-sistema-de-riego-san-agustin\/#primaryimage"},"thumbnailUrl":"https:\/\/www.manabi.gob.ec\/wp-content\/uploads\/2025\/08\/WhatsApp-Image-2025-08-22-at-10.03.42-AM.jpeg","articleSection":["Ambiente","Desarrollo Social","Noticias","Plan Invernal","PLAN INVERNAL","Sucre","Todas","Tosagua"],"inLanguage":"es"},{"@type":"WebPage","@id":"https:\/\/www.manabi.gob.ec\/index.php\/prefecto-supervisa-sistema-de-riego-san-agustin\/","url":"https:\/\/www.manabi.gob.ec\/index.php\/prefecto-supervisa-sistema-de-riego-san-agustin\/","name":"PREFECTO SUPERVISA SISTEMA DE RIEGO SAN AGUST\u00cdN - Prefectura de Manab\u00ed","isPartOf":{"@id":"https:\/\/www.manabi.gob.ec\/#website"},"primaryImageOfPage":{"@id":"https:\/\/www.manabi.gob.ec\/index.php\/prefecto-supervisa-sistema-de-riego-san-agustin\/#primaryimage"},"image":{"@id":"https:\/\/www.manabi.gob.ec\/index.php\/prefecto-supervisa-sistema-de-riego-san-agustin\/#primaryimage"},"thumbnailUrl":"https:\/\/www.manabi.gob.ec\/wp-content\/uploads\/2025\/08\/WhatsApp-Image-2025-08-22-at-10.03.42-AM.jpeg","datePublished":"2025-08-25T13:25:50+00:00","dateModified":"2025-08-25T13:25:52+00:00","author":{"@id":"https:\/\/www.manabi.gob.ec\/#\/schema\/person\/c4f117989332ad723a6ced5994aa7d7a"},"breadcrumb":{"@id":"https:\/\/www.manabi.gob.ec\/index.php\/prefecto-supervisa-sistema-de-riego-san-agustin\/#breadcrumb"},"inLanguage":"es","potentialAction":[{"@type":"ReadAction","target":["https:\/\/www.manabi.gob.ec\/index.php\/prefecto-supervisa-sistema-de-riego-san-agustin\/"]}]},{"@type":"ImageObject","inLanguage":"es","@id":"https:\/\/www.manabi.gob.ec\/index.php\/prefecto-supervisa-sistema-de-riego-san-agustin\/#primaryimage","url":"https:\/\/www.manabi.gob.ec\/wp-content\/uploads\/2025\/08\/WhatsApp-Image-2025-08-22-at-10.03.42-AM.jpeg","contentUrl":"https:\/\/www.manabi.gob.ec\/wp-content\/uploads\/2025\/08\/WhatsApp-Image-2025-08-22-at-10.03.42-AM.jpeg","width":1280,"height":853},{"@type":"BreadcrumbList","@id":"https:\/\/www.manabi.gob.ec\/index.php\/prefecto-supervisa-sistema-de-riego-san-agustin\/#breadcrumb","itemListElement":[{"@type":"ListItem","position":1,"name":"Portada","item":"https:\/\/www.manabi.gob.ec\/"},{"@type":"ListItem","position":2,"name":"PREFECTO SUPERVISA SISTEMA DE RIEGO SAN AGUST\u00cdN"}]},{"@type":"WebSite","@id":"https:\/\/www.manabi.gob.ec\/#website","url":"https:\/\/www.manabi.gob.ec\/","name":"Prefectura de Manab\u00ed","description":"P\u00e1gina web de la prefectura","potentialAction":[{"@type":"SearchAction","target":{"@type":"EntryPoint","urlTemplate":"https:\/\/www.manabi.gob.ec\/?s={search_term_string}"},"query-input":{"@type":"PropertyValueSpecification","valueRequired":true,"valueName":"search_term_string"}}],"inLanguage":"es"},{"@type":"Person","@id":"https:\/\/www.manabi.gob.ec\/#\/schema\/person\/c4f117989332ad723a6ced5994aa7d7a","name":"Lui Ochoa","image":{"@type":"ImageObject","inLanguage":"es","@id":"https:\/\/secure.gravatar.com\/avatar\/6e8017d0fe69dead8a95864d2eb6e1e1d8bf8e01194ba49cf7b897ff038126ba?s=96&d=mm&r=g","url":"https:\/\/secure.gravatar.com\/avatar\/6e8017d0fe69dead8a95864d2eb6e1e1d8bf8e01194ba49cf7b897ff038126ba?s=96&d=mm&r=g","contentUrl":"https:\/\/secure.gravatar.com\/avatar\/6e8017d0fe69dead8a95864d2eb6e1e1d8bf8e01194ba49cf7b897ff038126ba?s=96&d=mm&r=g","caption":"Lui Ochoa"},"url":"https:\/\/www.manabi.gob.ec\/index.php\/author\/lochoa\/"}]}},"jetpack_featured_media_url":"https:\/\/www.manabi.gob.ec\/wp-content\/uploads\/2025\/08\/WhatsApp-Image-2025-08-22-at-10.03.42-AM.jpeg","_links":{"self":[{"href":"https:\/\/www.manabi.gob.ec\/index.php\/wp-json\/wp\/v2\/posts\/31761","targetHints":{"allow":["GET"]}}],"collection":[{"href":"https:\/\/www.manabi.gob.ec\/index.php\/wp-json\/wp\/v2\/posts"}],"about":[{"href":"https:\/\/www.manabi.gob.ec\/index.php\/wp-json\/wp\/v2\/types\/post"}],"author":[{"embeddable":true,"href":"https:\/\/www.manabi.gob.ec\/index.php\/wp-json\/wp\/v2\/users\/10"}],"replies":[{"embeddable":true,"href":"https:\/\/www.manabi.gob.ec\/index.php\/wp-json\/wp\/v2\/comments?post=31761"}],"version-history":[{"count":1,"href":"https:\/\/www.manabi.gob.ec\/index.php\/wp-json\/wp\/v2\/posts\/31761\/revisions"}],"predecessor-version":[{"id":31763,"href":"https:\/\/www.manabi.gob.ec\/index.php\/wp-json\/wp\/v2\/posts\/31761\/revisions\/31763"}],"wp:featuredmedia":[{"embeddable":true,"href":"https:\/\/www.manabi.gob.ec\/index.php\/wp-json\/wp\/v2\/media\/31762"}],"wp:attachment":[{"href":"https:\/\/www.manabi.gob.ec\/index.php\/wp-json\/wp\/v2\/media?parent=31761"}],"wp:term":[{"taxonomy":"category","embeddable":true,"href":"https:\/\/www.manabi.gob.ec\/index.php\/wp-json\/wp\/v2\/categories?post=31761"},{"taxonomy":"post_tag","embeddable":true,"href":"https:\/\/www.manabi.gob.ec\/index.php\/wp-json\/wp\/v2\/tags?post=31761"}],"curies":[{"name":"wp","href":"https:\/\/api.w.org\/{rel}","templated":true}]}}